{"id":104,"date":"2010-08-17T13:17:02","date_gmt":"2010-08-17T11:17:02","guid":{"rendered":"http:\/\/vitrubio03.soy.es\/?p=104"},"modified":"2020-10-05T10:40:54","modified_gmt":"2020-10-05T08:40:54","slug":"regresion-historica","status":"publish","type":"post","link":"https:\/\/www.vitrubio03.es\/?p=104","title":{"rendered":"Regresi\u00f3n Hist\u00f3rica"},"content":{"rendered":"<p class=\"MsoNormal\" style=\"text-align: justify;\"><strong><br \/>\n<\/strong>Los trabajadores en el<strong> s. XIX<\/strong> durante la revoluci\u00f3n industrial espa\u00f1ola y sobre todo en Catalu\u00f1a (textil) o Pa\u00eds Vasco (siderurgia), aparecen como una nueva clase social el\u00a0<strong>Proletariado\u00a0<\/strong>(su\u00a0 nombre proviene del flujo migratorio del campo a las ciudades de las familias con toda su prole &#8211; hijos -), este proletariado soportaba unas condiciones laborales muy precarias (jornadas de hasta 15 h. diarias, ruidos, temperaturas <a href=\"http:\/\/vitrubio03.es\/wp-content\/uploads\/2010\/08\/Proletarios.jpg\"><img loading=\"lazy\" decoding=\"async\" class=\"alignleft size-full wp-image-702\" title=\"Proletarios\" src=\"http:\/\/vitrubio03.es\/wp-content\/uploads\/2010\/08\/Proletarios.jpg\" alt=\"\" width=\"267\" height=\"189\" \/><\/a>extremas, ambiente <!--more-->cerrados, despido libre, rebajas salariales en \u00e9poca de crisis, miserables condiciones en la vida familiar, contrataci\u00f3n de ni\u00f1os en las minas por su facilidad y peque\u00f1ez para introducirse en peque\u00f1os reductos, contrataci\u00f3n de mujeres principalmente por su car\u00e1cter sumiso).<\/p>\n<p class=\"MsoNormal\" style=\"text-align: justify;\"><strong>&#8211; La 1\u00aa Huelga General<\/strong> para paliar parte de estos problemas se inici\u00f3 en Catalu\u00f1a en Julio de 1855, y se consigui\u00f3:<\/p>\n<ul style=\"text-align: justify;\" type=\"disc\">\n<li class=\"MsoNormal\"><strong>L<\/strong>ibertad de\u00a0Asociaci\u00f3n.<\/li>\n<li class=\"MsoNormal\"><strong>H<\/strong>orario laboral estable.<\/li>\n<li class=\"MsoNormal\"><strong>L<\/strong>imitaci\u00f3n despido libre.<\/li>\n<li class=\"MsoNormal\"><strong>F<\/strong>in de la contrataci\u00f3n de ni\u00f1os hasta cierta edad.<\/li>\n<li class=\"MsoNormal\"><strong>E<\/strong>ducaci\u00f3n obligatoria hasta los 9 a\u00f1os de esta manera se evitaba el abandono de los ni\u00f1os y las madres estaban obligadas a su cuidado (de alguna forma es un inicio de cierta convivencia familiar).<\/li>\n<\/ul>\n<p class=\"MsoNormal\" style=\"text-align: justify;\"><strong>&#8211; A partir de 1900<\/strong> aparece una nueva clase social los\u00a0<strong>OBREROS\u00a0<\/strong>y con ellos los primeros partidos obreros\u00a0llamados<strong> SINDICATOS<\/strong>, en 1919 se inicia en Canad\u00e1 una Huelga General a nivel mundial, en Espa\u00f1a se logra la jornada laboral de 8 h. diarias, a partir de los a\u00f1os 20, se intensifican los movimientos obreros cre\u00e1ndose distintos sindicatos, para hacer frente a la intransigencia de los Terratenientes y la Oligarqu\u00eda, llegando incluso a estar representados en el Congreso de los Diputados.<\/p>\n<p class=\"MsoNormal\" style=\"text-align: justify;\"><strong>&#8211; El par\u00e9ntesis de nuestra incivil guerra<\/strong> provocada por la progresiva p\u00e9rdida de privilegios olig\u00e1rquicos y caciquil por los avances pol\u00edticos, como el voto femenino entre otros, tuvo un receso de varios decenios, pero la lucha obrera fue emergiendo poco a poco hasta conseguir notables mejoras a pesar de la incruenta represi\u00f3n ejercida que concienci\u00f3 a los trabajadores ya que no ten\u00edan nada que perder sino de reconquistar parte de lo perdido y mejorarlo, consiguiendo a trav\u00e9s de los a\u00f1os paulatinas mejoras hasta:<\/p>\n<ul style=\"text-align: justify;\" type=\"disc\">\n<li class=\"MsoNormal\"><strong>J<\/strong>ornada laboral de 40 h. semanales.<\/li>\n<li class=\"MsoNormal\"><strong>P<\/strong>agas Extraordinarias.<\/li>\n<li class=\"MsoNormal\"><strong>S<\/strong>eguridad Social.<\/li>\n<li class=\"MsoNormal\"><strong>S<\/strong>alud y protecci\u00f3n Laboral.<\/li>\n<li class=\"MsoNormal\"><strong>V<\/strong>acaciones retribuidas.<\/li>\n<li class=\"MsoNormal\"><strong>P<\/strong>eriodo para Lactancia.<\/li>\n<li class=\"MsoNormal\"><strong>J<\/strong>ornada reducida para las madres hasta los 8 a\u00f1os desde el nacimiento.<\/li>\n<\/ul>\n<p class=\"MsoNormal\" style=\"text-align: justify;\">En este momento las reivindicaciones obreras a trav\u00e9s de los sindicatos pretenden dar otro salto cualitativo, como:<\/p>\n<ul style=\"text-align: justify;\" type=\"disc\">\n<li class=\"MsoNormal\"><strong>J<\/strong>ornada de 35 h. semanales.<\/li>\n<li class=\"MsoNormal\"><strong>C<\/strong>onciliaci\u00f3n familiar real en horarios.<\/li>\n<li class=\"MsoNormal\"><strong>A<\/strong>yudas a guarder\u00edas o creaci\u00f3n de\u00a0<strong>G<\/strong>uarder\u00edas de empresa,<\/li>\n<li class=\"MsoNormal\"><strong>T<\/strong>ele trabajo para facilitar incorporaci\u00f3n a la reconciliaci\u00f3n familiar.<\/li>\n<li class=\"MsoNormal\"><strong>M<\/strong>ejoras en la Seguridad y Salud laboral.<\/li>\n<li class=\"MsoNormal\"><strong>S<\/strong>ubida salarial real (lograr que parte de los beneficios empresariales se repartan tambi\u00e9n entre los trabajadores, no solamente entre los accionistas).<\/li>\n<\/ul>\n<p class=\"MsoNormal\" style=\"text-align: justify;\"><strong>&#8211; Desde finales<\/strong> del <strong>s. XX<\/strong> y principio del<strong> s. XXI, <\/strong>la clase obrera ha perdido paulatinamente su identificaci\u00f3n y la memoria, olvidando las ventajas sociales y econ\u00f3micas logradas durante siglo y medio de las luchas de sus abuelos.<\/p>\n<p class=\"MsoNormal\" style=\"text-align: justify;\">En estos momentos la estrategia de la Patronal es inculpar de la recesi\u00f3n actual al Mercado y las Finanzas, como si fuese un personaje taumat\u00fargico cuya faz nadie conoce y causante del colapso en todas las econom\u00edas nacionales, a trav\u00e9s del FMI, BCE y los expertos econ\u00f3micos de los partidos pol\u00edticos, esos mismos partidos a qui\u00e9n la Banca a condonado las deudas contra\u00eddas \u00bfpor altruismo? o como\u2026\u2026.. , esa Banca que como motor financiero ha sido la causante de la especulaci\u00f3n, sobornos, bonos basura, usura en los pr\u00e9stamos\u2026., ahora recibe de los Estados ayudas para recuperar las p\u00e9rdidas causadas por su desprop\u00f3sito, demostr\u00e1ndonos donde reside el poder y a qui\u00e9n representan verdaderamente muchos de los partidos pol\u00edticos, esos expertos <em>\u201crecomiendan\u201d<\/em> a los Estados unas Reformas Laborales en bien de la Sociedad y el poder adquisitivo de los trabajadores, descargando el peso en los asalariados mediante unas propuestas que nos sit\u00faa en los albores de la 1\u00aa Revoluci\u00f3n Industrial como:<\/p>\n<p class=\"MsoNormal\" style=\"text-align: justify;\"><strong>&#8211; J<\/strong>ornada laboral de 65 h. semanales.<br \/>\n<strong>&#8211; E<\/strong>stablecer horarios reducidos a su criterio.-<br \/>\n<strong>&#8211; R<\/strong>ebaja Salarial.<br \/>\n<strong>&#8211; F<\/strong>lexibilidad de jornada laboral.<br \/>\n<strong>&#8211;<\/strong> <strong>E<\/strong>ncaso de futuras posibles p\u00e9rdidas, reducci\u00f3n de plantillas.<br \/>\n<strong>&#8211; D<\/strong>espido gratuito y libre<br \/>\n<strong>&#8211;<\/strong> <strong>T<\/strong>rabajo por horas ( actualmente las ETT incluyen en el sueldo, vacaciones, prorrateo pagas extras ).<br \/>\n<strong>&#8211; M<\/strong>odificaci\u00f3n en los contratos de trabajo.<br \/>\n<strong>&#8211; E<\/strong>n caso de necesidad, horas extras evitando nuevos contratos, el incremento salarial lo paga el trabajador a trav\u00e9s del IRPF, ahorr\u00e1ndose SS y prestaciones de desempleo.<br \/>\n<strong>&#8211; A<\/strong>nular cualquier representaci\u00f3n sindical.<\/p>\n<p>&nbsp;<\/p>\n<p class=\"MsoNormal\"><strong>Publicado: <\/strong>UGT Algeciras<\/p>\n<div class='shareinpost'><ul class=\"socialwrap row\"><li class=\"iconOnly\"><a  rel='nofollow'  target='_blank'  title='Recommend this post : Regresi\u00f3n Hist\u00f3rica on Facebook'  href='http:\/\/www.facebook.com\/sharer.php?u=https%3A%2F%2Fwww.vitrubio03.es%2F%3Fp%3D104&amp;t=Regresi%C3%B3n+Hist%C3%B3rica'  ><img  src='https:\/\/www.vitrubio03.es\/wp-content\/plugins\/share-and-follow\/images\/blank.gif'  height='32' width='32'  class='image-32' alt='facebook'  style='background: transparent url(https:\/\/www.vitrubio03.es\/wp-content\/plugins\/share-and-follow\/default\/32\/sprite-32.png) no-repeat;padding:0;margin:0;height:32px;width:32px;background-position:-363px 0px'   \/> <span class=\"head\">Recommend on Facebook<\/span><\/a><\/li><li class=\"iconOnly\"><a  rel='nofollow'  target='_blank'  title='Tweet this post : Regresi\u00f3n Hist\u00f3rica on Twitter'  href=\"http:\/\/twitter.com\/share?url=https%3A%2F%2Fwww.vitrubio03.es%2F%3Fp%3D104&amp;text=Regresi%C3%B3n+Hist%C3%B3rica+-+\"  ><img  src='https:\/\/www.vitrubio03.es\/wp-content\/plugins\/share-and-follow\/images\/blank.gif'  height='32' width='32'  class='image-32' alt='twitter'  style='background: transparent url(https:\/\/www.vitrubio03.es\/wp-content\/plugins\/share-and-follow\/default\/32\/sprite-32.png) no-repeat;padding:0;margin:0;height:32px;width:32px;background-position:-1749px 0px'   \/> <span class=\"head\">Tweet about it<\/span><\/a><\/li><li class=\"iconOnly\"><a  rel='nofollow'  target='_self'  title='Print this post : Regresi\u00f3n Hist\u00f3rica for reading later'  href='javascript:window.print();'  ><img  src='https:\/\/www.vitrubio03.es\/wp-content\/plugins\/share-and-follow\/images\/blank.gif'  height='32' width='32'  class='image-32' alt='print'  style='background: transparent url(https:\/\/www.vitrubio03.es\/wp-content\/plugins\/share-and-follow\/default\/32\/sprite-32.png) no-repeat;padding:0;margin:0;height:32px;width:32px;background-position:-1386px 0px'   \/> <span class=\"head\">Print for later<\/span><\/a><\/li><li class=\"iconOnly\"><a rel=\"_self\" href=\"mailto:?subject=Reflexiones%20propias%20:%20Regresi\u00f3n%20Hist\u00f3rica&amp;body=Te%20adjunto%20un%20enlace%20a%20un%20art\u00edculo.%20Espero%20que%20te%20guste%20%20https:\/\/www.vitrubio03.es\/?p=104\" title=\"Tell a friend about this post : Regresi\u00f3n Hist\u00f3rica \"><img loading=\"lazy\" decoding=\"async\" src=\"https:\/\/www.vitrubio03.es\/wp-content\/plugins\/share-and-follow\/images\/blank.gif\" height=\"32\"  width=\"32\" style=\"background: transparent url(https:\/\/www.vitrubio03.es\/wp-content\/plugins\/share-and-follow\/default\/32\/sprite-32.png) no-repeat;padding:0;margin:0;height:32px;width:32px;background-position:-330px 0px\" class=\"image-32\"  alt=\"email\" \/> <span class=\"head\">Tell a friend<\/span><\/a><\/li><\/ul><div class=\"clean\"><\/div> <\/div>","protected":false},"excerpt":{"rendered":"<p>Los trabajadores en el s. XIX durante la revoluci\u00f3n industrial espa\u00f1ola y sobre todo en Catalu\u00f1a (textil) o Pa\u00eds Vasco (siderurgia), aparecen como una nueva clase social el\u00a0Proletariado\u00a0(su\u00a0 nombre proviene del flujo migratorio del campo a las ciudades de las &hellip; <a href=\"https:\/\/www.vitrubio03.es\/?p=104\">Sigue leyendo <span class=\"meta-nav\">&rarr;<\/span><\/a><\/p>\n","protected":false},"author":2,"featured_media":0,"comment_status":"closed","ping_status":"closed","sticky":false,"template":"","format":"standard","meta":{"footnotes":""},"categories":[34,10,12],"tags":[32],"class_list":["post-104","post","type-post","status-publish","format-standard","hentry","category-historia","category-nacional","category-sindicalismo","tag-los-progresistas"],"_links":{"self":[{"href":"https:\/\/www.vitrubio03.es\/index.php?rest_route=\/wp\/v2\/posts\/104","targetHints":{"allow":["GET"]}}],"collection":[{"href":"https:\/\/www.vitrubio03.es\/index.php?rest_route=\/wp\/v2\/posts"}],"about":[{"href":"https:\/\/www.vitrubio03.es\/index.php?rest_route=\/wp\/v2\/types\/post"}],"author":[{"embeddable":true,"href":"https:\/\/www.vitrubio03.es\/index.php?rest_route=\/wp\/v2\/users\/2"}],"replies":[{"embeddable":true,"href":"https:\/\/www.vitrubio03.es\/index.php?rest_route=%2Fwp%2Fv2%2Fcomments&post=104"}],"version-history":[{"count":17,"href":"https:\/\/www.vitrubio03.es\/index.php?rest_route=\/wp\/v2\/posts\/104\/revisions"}],"predecessor-version":[{"id":7456,"href":"https:\/\/www.vitrubio03.es\/index.php?rest_route=\/wp\/v2\/posts\/104\/revisions\/7456"}],"wp:attachment":[{"href":"https:\/\/www.vitrubio03.es\/index.php?rest_route=%2Fwp%2Fv2%2Fmedia&parent=104"}],"wp:term":[{"taxonomy":"category","embeddable":true,"href":"https:\/\/www.vitrubio03.es\/index.php?rest_route=%2Fwp%2Fv2%2Fcategories&post=104"},{"taxonomy":"post_tag","embeddable":true,"href":"https:\/\/www.vitrubio03.es\/index.php?rest_route=%2Fwp%2Fv2%2Ftags&post=104"}],"curies":[{"name":"wp","href":"https:\/\/api.w.org\/{rel}","templated":true}]}}