{"id":116,"date":"2010-11-28T21:59:49","date_gmt":"2010-11-28T19:59:49","guid":{"rendered":"http:\/\/vitrubio03.soy.es\/?p=116"},"modified":"2012-12-01T12:06:26","modified_gmt":"2012-12-01T11:06:26","slug":"es-cataluna-de-derechas","status":"publish","type":"post","link":"https:\/\/www.vitrubio03.es\/?p=116","title":{"rendered":"\u00bf Es Catalu\u00f1a de derechas ?"},"content":{"rendered":"<p class=\"MsoNormal\"><span>La respuesta por parte de muchos catalanes ser\u00e1 que no, pero en vista <a href=\"http:\/\/vitrubio03.es\/wp-content\/uploads\/2010\/11\/Catalu\u00f1a.gif\"><img loading=\"lazy\" decoding=\"async\" class=\"alignleft size-medium wp-image-688\" title=\"Catalu\u00f1a\" src=\"http:\/\/vitrubio03.es\/wp-content\/uploads\/2010\/11\/Catalu\u00f1a-285x300.gif\" alt=\"\" width=\"285\" height=\"300\" srcset=\"https:\/\/www.vitrubio03.es\/wp-content\/uploads\/2010\/11\/Catalu\u00f1a-285x300.gif 285w, https:\/\/www.vitrubio03.es\/wp-content\/uploads\/2010\/11\/Catalu\u00f1a.gif 470w\" sizes=\"auto, (max-width: 285px) 100vw, 285px\" \/><\/a>de los resultados del 28 de Noviembre 2010 queda claro que si, o no comprenden lo que han votado, incluso con casos de corrupci\u00f3n o financiaci\u00f3n ilegal.<\/span><\/p>\n<p class=\"MsoNormal\"><span>La suma de votos entre los partidos nacionalistas y los del PP dice claramente que son de derechas, pues todos los partidos nacionalistas se nombren como se nombren es s\u00f3lo eso, t\u00edtulo, el fondo es otro.<\/span><\/p>\n<p class=\"MsoNormal\"><span>\u00bfDesde cuando la persona que se precie progresista puede<!--more--> ser nacionalista?, somos una naci\u00f3n y es Espa\u00f1a con distintas regiones, costumbres, l\u00e9xicos, idiomas\u2026.,pero tambi\u00e9n dentro de cada una de ellas hay diferencias entre los distintos pueblos y no por ello vamos a desmembrarnos en todos y cada uno de los municipios que nos diferenciamos en algo.<\/span><\/p>\n<p class=\"MsoNormal\"><span>Los nacionalismos est\u00e1n movidos por intereses de la clase Burguesa de cada lugar en defensa de una idiosincrasia particular ficticia, pero a la hora de defender algo s\u00f3lo defiende su inter\u00e9s, el idioma, folklore, costumbres es con lo que adornan y enga\u00f1an al pueblo, repartiendo migajas de lo que consiguen para s\u00f3lo aumentar el ego mal llamado nacionalista, cuando en realidad es costumbrista, se escudar\u00e1n de que Madrid les ahoga en su propio inter\u00e9s, para aumentar rencores entre las poblaciones, pero si observamos los presidentes de gobierno o Jefes de estado desde Isabel I y Fernando de Arag\u00f3n, s\u00f3lo 10 reyes y 2 Jefes de Estado (Aza\u00f1a y Calvo Sotelo) nacieron en Madrid, \u00bfque intereses pod\u00edan tener sino Espa\u00f1a?<\/span><\/p>\n<p class=\"MsoNormal\"><span>Contestar\u00e1n que es el centralismo del Estado lo que les molesta, a eso deber\u00edan de responder a : \u00bfhay centralismo catal\u00e1n?, \u00a1 Si !, desde el momento que todo pasa por Barcelona y desde all\u00ed ejercen el poder sobre Catalu\u00f1a, eso mismo podemos extrapolarlo a todas las CCAA, ah\u00ed es donde la poblaci\u00f3n debe mirar y comprender que el nacionalismo es una entelequia, s\u00f3lo beneficiosa para la burgues\u00eda y alimentada desde los inicios de la Revoluci\u00f3n Industrial cuando nacieron para defender sus intereses en las exportaciones e importaciones, antes era perfectamente asimilable las diferencias idiom\u00e1ticas y de costumbres entre las regiones, incluso en el Quijote viene reflejada con toda naturalidad y no se rasgaban las vestiduras.<\/span><\/p>\n<p class=\"MsoNormal\"><span>\u00bfPor qu\u00e9 ahora si? Mand\u00e9moslos al \u201ccarajo\u201d<\/span><\/p>\n<p class=\"MsoNormal\"><strong>Publicado:<\/strong><\/p>\n<div class='shareinpost'><ul class=\"socialwrap row\"><li class=\"iconOnly\"><a  rel='nofollow'  target='_blank'  title='Recommend this post : \u00bf Es Catalu\u00f1a de derechas ? on Facebook'  href='http:\/\/www.facebook.com\/sharer.php?u=https%3A%2F%2Fwww.vitrubio03.es%2F%3Fp%3D116&amp;t=%C2%BF+Es+Catalu%C3%B1a+de+derechas+%3F'  ><img  src='https:\/\/www.vitrubio03.es\/wp-content\/plugins\/share-and-follow\/images\/blank.gif'  height='32' width='32'  class='image-32' alt='facebook'  style='background: transparent url(https:\/\/www.vitrubio03.es\/wp-content\/plugins\/share-and-follow\/default\/32\/sprite-32.png) no-repeat;padding:0;margin:0;height:32px;width:32px;background-position:-363px 0px'   \/> <span class=\"head\">Recommend on Facebook<\/span><\/a><\/li><li class=\"iconOnly\"><a  rel='nofollow'  target='_blank'  title='Tweet this post : \u00bf Es Catalu\u00f1a de derechas ? on Twitter'  href=\"http:\/\/twitter.com\/share?url=https%3A%2F%2Fwww.vitrubio03.es%2F%3Fp%3D116&amp;text=%C2%BF+Es+Catalu%C3%B1a+de+derechas+%3F+-+\"  ><img  src='https:\/\/www.vitrubio03.es\/wp-content\/plugins\/share-and-follow\/images\/blank.gif'  height='32' width='32'  class='image-32' alt='twitter'  style='background: transparent url(https:\/\/www.vitrubio03.es\/wp-content\/plugins\/share-and-follow\/default\/32\/sprite-32.png) no-repeat;padding:0;margin:0;height:32px;width:32px;background-position:-1749px 0px'   \/> <span class=\"head\">Tweet about it<\/span><\/a><\/li><li class=\"iconOnly\"><a  rel='nofollow'  target='_self'  title='Print this post : \u00bf Es Catalu\u00f1a de derechas ? for reading later'  href='javascript:window.print();'  ><img  src='https:\/\/www.vitrubio03.es\/wp-content\/plugins\/share-and-follow\/images\/blank.gif'  height='32' width='32'  class='image-32' alt='print'  style='background: transparent url(https:\/\/www.vitrubio03.es\/wp-content\/plugins\/share-and-follow\/default\/32\/sprite-32.png) no-repeat;padding:0;margin:0;height:32px;width:32px;background-position:-1386px 0px'   \/> <span class=\"head\">Print for later<\/span><\/a><\/li><li class=\"iconOnly\"><a rel=\"_self\" href=\"mailto:?subject=Reflexiones%20propias%20:%20\u00bf%20Es%20Catalu\u00f1a%20de%20derechas%20?&amp;body=Te%20adjunto%20un%20enlace%20a%20un%20art\u00edculo.%20Espero%20que%20te%20guste%20%20https:\/\/www.vitrubio03.es\/?p=116\" title=\"Tell a friend about this post : \u00bf Es Catalu\u00f1a de derechas ? \"><img loading=\"lazy\" decoding=\"async\" src=\"https:\/\/www.vitrubio03.es\/wp-content\/plugins\/share-and-follow\/images\/blank.gif\" height=\"32\"  width=\"32\" style=\"background: transparent url(https:\/\/www.vitrubio03.es\/wp-content\/plugins\/share-and-follow\/default\/32\/sprite-32.png) no-repeat;padding:0;margin:0;height:32px;width:32px;background-position:-330px 0px\" class=\"image-32\"  alt=\"email\" \/> <span class=\"head\">Tell a friend<\/span><\/a><\/li><\/ul><div class=\"clean\"><\/div> <\/div>","protected":false},"excerpt":{"rendered":"<p>La respuesta por parte de muchos catalanes ser\u00e1 que no, pero en vista de los resultados del 28 de Noviembre 2010 queda claro que si, o no comprenden lo que han votado, incluso con casos de corrupci\u00f3n o financiaci\u00f3n ilegal. &hellip; <a href=\"https:\/\/www.vitrubio03.es\/?p=116\">Sigue leyendo <span class=\"meta-nav\">&rarr;<\/span><\/a><\/p>\n","protected":false},"author":2,"featured_media":0,"comment_status":"closed","ping_status":"closed","sticky":false,"template":"","format":"standard","meta":{"footnotes":""},"categories":[10],"tags":[15,17],"class_list":["post-116","post","type-post","status-publish","format-standard","hentry","category-nacional","tag-cataluna","tag-elecciones"],"_links":{"self":[{"href":"https:\/\/www.vitrubio03.es\/index.php?rest_route=\/wp\/v2\/posts\/116","targetHints":{"allow":["GET"]}}],"collection":[{"href":"https:\/\/www.vitrubio03.es\/index.php?rest_route=\/wp\/v2\/posts"}],"about":[{"href":"https:\/\/www.vitrubio03.es\/index.php?rest_route=\/wp\/v2\/types\/post"}],"author":[{"embeddable":true,"href":"https:\/\/www.vitrubio03.es\/index.php?rest_route=\/wp\/v2\/users\/2"}],"replies":[{"embeddable":true,"href":"https:\/\/www.vitrubio03.es\/index.php?rest_route=%2Fwp%2Fv2%2Fcomments&post=116"}],"version-history":[{"count":16,"href":"https:\/\/www.vitrubio03.es\/index.php?rest_route=\/wp\/v2\/posts\/116\/revisions"}],"predecessor-version":[{"id":4051,"href":"https:\/\/www.vitrubio03.es\/index.php?rest_route=\/wp\/v2\/posts\/116\/revisions\/4051"}],"wp:attachment":[{"href":"https:\/\/www.vitrubio03.es\/index.php?rest_route=%2Fwp%2Fv2%2Fmedia&parent=116"}],"wp:term":[{"taxonomy":"category","embeddable":true,"href":"https:\/\/www.vitrubio03.es\/index.php?rest_route=%2Fwp%2Fv2%2Fcategories&post=116"},{"taxonomy":"post_tag","embeddable":true,"href":"https:\/\/www.vitrubio03.es\/index.php?rest_route=%2Fwp%2Fv2%2Ftags&post=116"}],"curies":[{"name":"wp","href":"https:\/\/api.w.org\/{rel}","templated":true}]}}