{"id":120,"date":"2010-12-09T17:58:48","date_gmt":"2010-12-09T15:58:48","guid":{"rendered":"http:\/\/vitrubio03.soy.es\/?p=120"},"modified":"2020-10-17T20:03:56","modified_gmt":"2020-10-17T18:03:56","slug":"sobre-el-pamam","status":"publish","type":"post","link":"https:\/\/www.vitrubio03.es\/?p=120","title":{"rendered":"SOBRE EL PAMAM"},"content":{"rendered":"<p class=\"MsoNormal\" style=\"text-align: justify;\">Una vez m\u00e1s, cualquier declaraci\u00f3n sobre un hecho concreto cuya consecuencia afecta a varios miles de ciudadanos por una decisi\u00f3n <a href=\"http:\/\/vitrubio03.es\/wp-content\/uploads\/2010\/12\/Sierra-Norte.gif\"><img loading=\"lazy\" decoding=\"async\" class=\"alignleft size-medium wp-image-686\" title=\"Sierra Norte\" src=\"http:\/\/vitrubio03.es\/wp-content\/uploads\/2010\/12\/Sierra-Norte-300x292.gif\" alt=\"\" width=\"300\" height=\"292\" srcset=\"https:\/\/www.vitrubio03.es\/wp-content\/uploads\/2010\/12\/Sierra-Norte-300x292.gif 300w, https:\/\/www.vitrubio03.es\/wp-content\/uploads\/2010\/12\/Sierra-Norte.gif 463w\" sizes=\"auto, (max-width: 300px) 100vw, 300px\" \/><\/a>tomada por el PP, ciertos cargos pol\u00edticos con alguna relevancia en \u00e9l, en este caso Rafael Pastor miembro creador del PAMAM, Presidente del Consejo asesor durante dos legislaturas, vierte unas declaraciones enSenda Norte de Diciembre siguiendo la pr\u00e1ctica habitual de su partido, ante la desaparici\u00f3n del PAMAM envuelve y justifica esta medida en varias cortinas de humo arremetiendo contra el Gobierno de la Naci\u00f3n con declaraciones o\u00eddas hasta la saciedad, insertadas en el contexto para la justificar la decisi\u00f3n tomada por el gobierno de Esperanza Agu\u00edrre en esta supresi\u00f3n, las declaraciones bien puede ser la \u00abHoja de ruta del PP\u00bb en su empe\u00f1o de conseguir el poder:<\/p>\n<p class=\"MsoNormal\" style=\"text-align: justify;\"><strong><em>\u00abSoy de los que piensa que los gobiernos cada vez m\u00e1s deben de estar alejados de la vida de los ciudadanos\u00bb,<\/em> <\/strong>clarificadora postura<!--more--> en su forma de gobierno ideal, es hacerlo a espaldas de la ciudadan\u00eda, sin importarle lo m\u00e1s m\u00ednimo su opini\u00f3n, meternos en cualquier conflicto internacional como ocurri\u00f3 con la guerra de Irak, suprimir nuevamente\u00a0la Fiscal\u00eda\u00a0Anticorrupci\u00f3n\u00a0para que queden impunes y proliferen los G\u00fcrtel, sastrer\u00edas especializadas, subvenciones ficticias, tamayazos, campa\u00f1as electorales con fondos p\u00fablicos, financiaci\u00f3n indebida de los partidos pol\u00edticos\u2026\u2026., algunas muestras ejemplarizantes del buen hacer.<\/p>\n<p class=\"MsoNormal\" style=\"text-align: justify;\"><em>\u00abLos espa\u00f1oles deben tener confianza en nosotros y nuestro gobierno, somos valientes, adoptando medidas como la desaparici\u00f3n del PAMAM\u00bb<\/em>, otra muestra de estar fuera de la realidad, los distintos alcaldes de\u00a0la Sierra\u00a0Norte\u00a0han mostrado su sorpresa y disgusto por tal medida, entre ellos los de su propio partido que no quieren criticar abiertamente esta nueva situaci\u00f3n por disciplina, a ellos debo recordarles que se deben a los miembros de sus localidades que les votaron para conseguir mejoras sustanciales y el PAMAM es\/era la \u00fanica v\u00eda directa de inversi\u00f3n en\u00a0la Sierra\u00a0Norte\u00a0mejorable como todo, pero hasta ahora era la que representaba una de las comarcas m\u00e1s extensas de\u00a0la Comunidad\u00a0de Madrid con 42 municipios muy dispersos y cercana\u00a0a 40.000 habitantes, posiblemente ese es el motivo, el que seamos un pu\u00f1ado de votos electoralmente hablando a cambio de la inversi\u00f3n que necesita esta extensa\u00a0comarca y por ellonos menosprecian votos\/dinero, se ve aqu\u00ed la importancia que les merece la ciudadan\u00eda.<\/p>\n<p class=\"MsoNormal\" style=\"text-align: justify;\">Las cortinas de humo se centran en descalificaciones a las medidas adoptadas por el Gobierno de\u00a0la Naci\u00f3n, no importa la valent\u00eda de ellas ni su valor, quieren abrir varios frentes de batalla y utilizar a los ciudadanos como carne de ca\u00f1\u00f3n (siguiendo t\u00e9rminos militares) encauzando el malestar de unos pocos y de esta manera camuflar lo realmente importante como es la desaparici\u00f3n del PAMAM, algunos ejemplos son los siguientes:<\/p>\n<p class=\"MsoNormal\" style=\"text-align: justify;\">Sobre la nueva Ley del Tabaco, donde manifiesta que el Gobierno Central \u00ab<em>mediante<\/em> <em>prohibiciones<\/em> <em>nos dice<\/em> <em>d\u00f3nde, c\u00f3mo y si debes fumar\u201d\u00bb <\/em>nada m\u00e1s falso, esta Ley lo que hace es acotar lugares cerrados porque demostrado est\u00e1 que los no fumadores se convierten en fumadores pasivos en dichos lugares y estad\u00edsticamente hay muchas victimas comoconsecuencia de la inhalaci\u00f3n involuntaria de tabaco, la salud p\u00fablica tampoco le interesa a \u00e9l pues sigue las directrices de su<strong> \u00abl\u00edderesa\u00bb que ha pregonado la necesidad de la desaparici\u00f3n del M\u00ba de Sanidad<\/strong> entre otros, pretendiendo privatizar la Sanidad P\u00fablica por intereses particulares y tal vez oscuros..<\/p>\n<p class=\"MsoNormal\" style=\"text-align: justify;\">Sobre los derechos de la mujer, la Igualdad entre hombres y mujeres tampoco le debe de gustar al igual que a sus l\u00edderes, en este caso por el orden de los apellidos, manifestando que el Gobierno nos quiere obligar a \u00ab<em>que debemos de cambiarnos el apellido para que los derechos de la mujer sean iguales entre hombre y mujer\u00bb,<\/em> nada m\u00e1s lejos de la realidad, lo que esta Ley pretende es la posibilidad de hacerlo en casos concretos, seguramente lo que defiende el PP es que esto solamente sea cuesti\u00f3n de la \u00e9lite muy dada a perpetuar la estirpe, al igual que el dictador que antepuso el apellido suyo al del padre en su nieto para que su estirpe no se extinguiera, creo que es conveniente recordarle que la \u00e9poca medieval ha pasado.<\/p>\n<p class=\"MsoNormal\" style=\"text-align: justify;\">Sobre \u00ab<em>la imposici\u00f3n y al mismo tiempo orientaci\u00f3n, para que vivamos en un estado permanentemente laico y que vivas tus creencias s\u00f3lo en el \u00e1mbito privado\u00bb <\/em>supongo\u00a0que no has le\u00eddo\u00a0la Constituci\u00f3n\u00a0de 1978 Art. 16.3, donde se deduce que el Estado es ACONFESIONAL, en ning\u00fan momento se ha impuesto nada respecto a la religi\u00f3n, \u00bfacaso se han prohibido las romer\u00edas,\u00a0la Semana Santa, se han cerrado templos o iglesias?, tampoco se han suprimido festividades notoriamente religiosas como las patronales y nacionales, \u00bfdonde est\u00e1 el laicismo? que pregonas.<\/p>\n<p class=\"MsoNormal\" style=\"text-align: justify;\">Sobre la supresi\u00f3n del PAMAM,<em> \u00abya es hora que tengamos a alguien sensato y coja el toro por los cuernos, tomando decisiones por muy impopulares que puedan parecer\u00bb,<\/em> <strong>ning\u00fan comentario\u00a0sobre<\/strong> la decisi\u00f3n del Gobierno sobre la rebaja y congelaci\u00f3n de las retribuciones de los funcionarios p\u00fablicos, no la critican por impopular lo hacen por insuficiente a tenor de las declaraciones de sus l\u00edderes que van encaminadas a la <strong>supresi\u00f3ndel 50% del funcionariado de\u00a0la Administraci\u00f3n\u00a0P\u00fablica,<\/strong> siguiendo el ejemplo de Gran Breta\u00f1a muy aplaudido por el PP como una de las mejores medidas econ\u00f3micas para paliar la crisis.<\/p>\n<p class=\"MsoNormal\" style=\"text-align: justify;\">Si entramos en valoraciones propias hag\u00e1mosla tambi\u00e9n sobre algo tan reciente como la actitud el Gobierno tomando una decisi\u00f3n r\u00e1pida y contundente que ha afectado a m\u00e1s de 650.000 ciudadanos, esta no es otra que la tomada ante el paro camuflado por enfermedad de todos los controladores a\u00e9reos, precisamente en un largo puente como siempre y\u00a0donde el PP seg\u00fan propias declaraciones divulgadas en la prensa nacional, se reuni\u00f3 con los representantes de esa elite-trabajadora un d\u00eda antes de la huelga en el propio Congreso de los Diputados, encima el partido de la oposici\u00f3n pide explicaciones al Gobierno, <strong>cuando es el propio PP quien debe darlas,<\/strong> un gobierno de ellos otorg\u00f3 esas prerrogativas y sueldos astron\u00f3micos entre tres y seis veces m\u00e1s de lo que ganamos los dem\u00e1s, tambi\u00e9n debe explicar las conversaciones mantenidas el d\u00eda 3 en el Congreso, estas son las muestras del PP en defensa de los intereses de la ciudadan\u00eda, \u00fanicamente atiende los derechos de una casta, recibi\u00e9ndola, defendi\u00e9ndola y siendo su portavoz al dejar en Telemadrid que se expliquen aduciendo sus razones, en un medio que pertenece a toda\u00a0la Comunidad\u00a0pero que utilizan de forma partidista e interesada, otro ejemplo de esta manipulaci\u00f3n period\u00edstica fue en\u00a0la Huelga\u00a0General\u00a0del 29-S, minimizaron y ridiculizaron la actuaci\u00f3n de los Sindicatos mayoritarios, pero con el Sindicato de los Controladores maximizan su actitud y ningunea a los ciudadanos, asociaciones de consumidores y afectados, es su manera de paliar el \u00e9xito del Gobierno al actuar contundentemente y con prontitud, estas son las formas que ejercen y ejercer\u00e1n en el futuro el PP para proteger los intereses delas \u00e9lites o la patronal, seg\u00fan se desprende de sus actuaciones y de\u00a0la Hoja\u00a0de Ruta a la que hago alusi\u00f3n.<\/p>\n<p class=\"MsoNormal\" style=\"text-align: justify;\">Retomando el problema del PAMAM, \u00bfdespu\u00e9s qu\u00e9?, \u00bfcomo se canalizaran las inversiones para estos 42 municipios?, ser\u00e1 una procesi\u00f3n a los distintos organismos ministeriales para solicitar las necesidades de cada uno de ellos independientemente, en lugar de un portavoz com\u00fan para todos ahora pasaremos a disputarnos esas ayudas, nos han convertido en la cola del rat\u00f3n pues implicar\u00e1 mayores gastos de desplazamientos, incremento de impuestos municipales para satisfacer ciertas necesidades; y mientras tanto hablan de las ayudas a peque\u00f1os empresarios baj\u00e1ndoles impuestos, pero a los ciudadanos nos lo incrementar\u00e1n por la supresi\u00f3n del PAMAM, \u00bfque har\u00e1n con ese dinero que no gastar\u00e1n?, supongo que m\u00e1s autobombo y campa\u00f1a electoral, porque repartir ser\u00e1 poco, no creo que sea necesario recordarles que las subvenciones en gran parte son producto de los Presupuestos Generales del Estado que reparten a las distintas CCAA, fruto de la declaraci\u00f3n anual de la renta de todos los espa\u00f1oles.<\/p>\n<p class=\"MsoNormal\" style=\"text-align: justify;\">Suprimir un Organismo como el PAMAM, podr\u00eda ser una medida acertada si se hubiesen cumplido los objetivos para los que se cre\u00f3, en su Art\u00edculo 1\u00ba los plantea:<\/p>\n<p class=\"MsoNormal\" style=\"text-align: justify;\"><strong><em>&#8211; Para el equilibrio social y econ\u00f3mico.<br \/>\n<\/em><\/strong><strong><em>&#8211; La igualdad entre todos los ciudadanos de la Comunidad.<\/em><\/strong><\/p>\n<p class=\"MsoNormal\" style=\"text-align: justify;\">Queda mucho por realizar antes de lograr estos objetivos, ah\u00ed est\u00e1n las declaraciones de diversos Alcaldes de estos 42 municipios, y como no ha sido por estas causas la supresi\u00f3n, ser\u00e1 otra, bien por motivos partidistas o turbios intereses.<\/p>\n<p class=\"MsoNormal\" style=\"text-align: justify;\"><strong>Cuando el hombre <\/strong>(o partido)<strong> se mira mucho a s\u00ed mismo, llega a no saber cu\u00e1l es su cara y cu\u00e1l es su careta.\u00a0<\/strong><em>P\u00edo Baroja<\/em><\/p>\n<div><strong>Publicado: \u00a0<\/strong>Senda Norte y\u00a0en varios &#8230;..<\/div>\n<div class='shareinpost'><ul class=\"socialwrap row\"><li class=\"iconOnly\"><a  rel='nofollow'  target='_blank'  title='Recommend this post : SOBRE EL PAMAM on Facebook'  href='http:\/\/www.facebook.com\/sharer.php?u=https%3A%2F%2Fwww.vitrubio03.es%2F%3Fp%3D120&amp;t=SOBRE+EL+PAMAM'  ><img  src='https:\/\/www.vitrubio03.es\/wp-content\/plugins\/share-and-follow\/images\/blank.gif'  height='32' width='32'  class='image-32' alt='facebook'  style='background: transparent url(https:\/\/www.vitrubio03.es\/wp-content\/plugins\/share-and-follow\/default\/32\/sprite-32.png) no-repeat;padding:0;margin:0;height:32px;width:32px;background-position:-363px 0px'   \/> <span class=\"head\">Recommend on Facebook<\/span><\/a><\/li><li class=\"iconOnly\"><a  rel='nofollow'  target='_blank'  title='Tweet this post : SOBRE EL PAMAM on Twitter'  href=\"http:\/\/twitter.com\/share?url=https%3A%2F%2Fwww.vitrubio03.es%2F%3Fp%3D120&amp;text=SOBRE+EL+PAMAM+-+\"  ><img  src='https:\/\/www.vitrubio03.es\/wp-content\/plugins\/share-and-follow\/images\/blank.gif'  height='32' width='32'  class='image-32' alt='twitter'  style='background: transparent url(https:\/\/www.vitrubio03.es\/wp-content\/plugins\/share-and-follow\/default\/32\/sprite-32.png) no-repeat;padding:0;margin:0;height:32px;width:32px;background-position:-1749px 0px'   \/> <span class=\"head\">Tweet about it<\/span><\/a><\/li><li class=\"iconOnly\"><a  rel='nofollow'  target='_self'  title='Print this post : SOBRE EL PAMAM for reading later'  href='javascript:window.print();'  ><img  src='https:\/\/www.vitrubio03.es\/wp-content\/plugins\/share-and-follow\/images\/blank.gif'  height='32' width='32'  class='image-32' alt='print'  style='background: transparent url(https:\/\/www.vitrubio03.es\/wp-content\/plugins\/share-and-follow\/default\/32\/sprite-32.png) no-repeat;padding:0;margin:0;height:32px;width:32px;background-position:-1386px 0px'   \/> <span class=\"head\">Print for later<\/span><\/a><\/li><li class=\"iconOnly\"><a rel=\"_self\" href=\"mailto:?subject=Reflexiones%20propias%20:%20SOBRE%20EL%20PAMAM&amp;body=Te%20adjunto%20un%20enlace%20a%20un%20art\u00edculo.%20Espero%20que%20te%20guste%20%20https:\/\/www.vitrubio03.es\/?p=120\" title=\"Tell a friend about this post : SOBRE EL PAMAM \"><img loading=\"lazy\" decoding=\"async\" src=\"https:\/\/www.vitrubio03.es\/wp-content\/plugins\/share-and-follow\/images\/blank.gif\" height=\"32\"  width=\"32\" style=\"background: transparent url(https:\/\/www.vitrubio03.es\/wp-content\/plugins\/share-and-follow\/default\/32\/sprite-32.png) no-repeat;padding:0;margin:0;height:32px;width:32px;background-position:-330px 0px\" class=\"image-32\"  alt=\"email\" \/> <span class=\"head\">Tell a friend<\/span><\/a><\/li><\/ul><div class=\"clean\"><\/div> <\/div>","protected":false},"excerpt":{"rendered":"<p>Una vez m\u00e1s, cualquier declaraci\u00f3n sobre un hecho concreto cuya consecuencia afecta a varios miles de ciudadanos por una decisi\u00f3n tomada por el PP, ciertos cargos pol\u00edticos con alguna relevancia en \u00e9l, en este caso Rafael Pastor miembro creador del &hellip; <a href=\"https:\/\/www.vitrubio03.es\/?p=120\">Sigue leyendo <span class=\"meta-nav\">&rarr;<\/span><\/a><\/p>\n","protected":false},"author":2,"featured_media":0,"comment_status":"closed","ping_status":"closed","sticky":false,"template":"","format":"standard","meta":{"footnotes":""},"categories":[56,63],"tags":[17,22],"class_list":["post-120","post","type-post","status-publish","format-standard","hentry","category-corrupcion","category-lonasi","tag-elecciones","tag-madrid"],"_links":{"self":[{"href":"https:\/\/www.vitrubio03.es\/index.php?rest_route=\/wp\/v2\/posts\/120","targetHints":{"allow":["GET"]}}],"collection":[{"href":"https:\/\/www.vitrubio03.es\/index.php?rest_route=\/wp\/v2\/posts"}],"about":[{"href":"https:\/\/www.vitrubio03.es\/index.php?rest_route=\/wp\/v2\/types\/post"}],"author":[{"embeddable":true,"href":"https:\/\/www.vitrubio03.es\/index.php?rest_route=\/wp\/v2\/users\/2"}],"replies":[{"embeddable":true,"href":"https:\/\/www.vitrubio03.es\/index.php?rest_route=%2Fwp%2Fv2%2Fcomments&post=120"}],"version-history":[{"count":18,"href":"https:\/\/www.vitrubio03.es\/index.php?rest_route=\/wp\/v2\/posts\/120\/revisions"}],"predecessor-version":[{"id":7774,"href":"https:\/\/www.vitrubio03.es\/index.php?rest_route=\/wp\/v2\/posts\/120\/revisions\/7774"}],"wp:attachment":[{"href":"https:\/\/www.vitrubio03.es\/index.php?rest_route=%2Fwp%2Fv2%2Fmedia&parent=120"}],"wp:term":[{"taxonomy":"category","embeddable":true,"href":"https:\/\/www.vitrubio03.es\/index.php?rest_route=%2Fwp%2Fv2%2Fcategories&post=120"},{"taxonomy":"post_tag","embeddable":true,"href":"https:\/\/www.vitrubio03.es\/index.php?rest_route=%2Fwp%2Fv2%2Ftags&post=120"}],"curies":[{"name":"wp","href":"https:\/\/api.w.org\/{rel}","templated":true}]}}