{"id":122,"date":"2010-12-15T23:08:15","date_gmt":"2010-12-15T21:08:15","guid":{"rendered":"http:\/\/vitrubio03.soy.es\/?p=122"},"modified":"2020-09-15T20:18:05","modified_gmt":"2020-09-15T18:18:05","slug":"una-generacion","status":"publish","type":"post","link":"https:\/\/www.vitrubio03.es\/?p=122","title":{"rendered":"Una generaci\u00f3n"},"content":{"rendered":"<p class=\"MsoNormal\" style=\"text-align: justify;\">Es lo que ha tardado Espa\u00f1a en olvidar que fuimos emigrantes, en la \u00e9poca oscura de de <a href=\"https:\/\/www.vitrubio03.es\/wp-content\/uploads\/2010\/12\/emigrante-1.jpg\"><img loading=\"lazy\" decoding=\"async\" class=\"size-full wp-image-7235 alignleft\" src=\"https:\/\/www.vitrubio03.es\/wp-content\/uploads\/2010\/12\/emigrante-1.jpg\" alt=\"\" width=\"150\" height=\"150\" \/><\/a>dictadura miles de familias acuciadas por la necesidad hicieron las maletas y se dispersaron buscando una mejora a su situaci\u00f3n econ\u00f3mica que aqu\u00ed no les ofrec\u00edan, partieron hacia Argentina, M\u00e9xico, Per\u00fa, Chile, Brasil, Alemania, Francia, Suiza, Inglaterra, Australia\u2026., algunos se establecieron definitivamente otros retornaron al cabo del tiempo, pero todos estuvieron solos al principio, ahora nuestra generaci\u00f3n repudia a los que vienen de fuera buscando lo mismo, la subsistencia, dejan su pa\u00eds de origen, separados por miles de kil\u00f3metros de los suyos sin poder sentir su cari\u00f1o, un abrazo, un beso.<!--more--><\/p>\n<p class=\"MsoNormal\" style=\"text-align: justify;\"><strong>Nosotros hijos de emigrantes tambi\u00e9n sufrimos la ausencia de nuestros progenitores y lo hemos olvidado,<\/strong> no hemos sabido transmitir los sentimientos de esas ausencias en aquellos dif\u00edciles a\u00f1os de necesidad, sobreviviendo con lo justo, llegando las familias a lograr cierta estabilidad al cabo de mucho tiempo cuando pudieron mandar alg\u00fan dinero aquellos que partieron, crecimos, <strong>hemos tenido hijos y les hemos dado todo lo que nos falt\u00f3, menos la memoria,<\/strong> hemos creado una generaci\u00f3n en muchos casos ego\u00edsta, sin \u00e9tica, consentidos, sin valores ni referente familiar, no percibimos su cari\u00f1o, ni muestran respeto a los m\u00e1s mayores, los ven como un estorbo, esos que en muchos casos consiguieron lo que son y no tengan que emigrar como ellos. Les hemos imbuido en un consumismo brutal, creando poco a poco una especie de <strong>monstruos celosos de su intimidad, la llaman libertad cuando en realidad es individualismo,<\/strong> con la visi\u00f3n de vivir el momento, sin perspectiva de futuro, dejando estudios para conseguir dinero f\u00e1cil y mantener esa vida licenciosa, ya es tarde para nosotros y tambi\u00e9n para ellos en corregir los errores, pero no estar\u00eda de m\u00e1s un \u00faltimo intento hagamos que piensen en su futuro y no se abandonen, muy dif\u00edcil es explicarle lo que hemos pasado, algo parecido ocurr\u00eda hace 4.000 a\u00f1os, escritos hay que son vigentes al cabo de milenios, uno de ellos es <strong>\u00ab<em>la s\u00e1tira de los oficios de Ketty\u00bb<\/em><\/strong>, tal vez esa lectura haga que algunos reflexionen antes de convertirse en mano de obra barata y sin cualificaci\u00f3n cerrando el ciclo, porque sus hijos carecer\u00e1n, sus nietos emigrar\u00e1n y volveremos al inicio que es, <strong>\u00abel olvido\u00bb.<\/strong><\/p>\n<p class=\"MsoNormal\"><strong>Publicado: <\/strong>en varios&#8230;..<\/p>\n<div class='shareinpost'><ul class=\"socialwrap row\"><li class=\"iconOnly\"><a  rel='nofollow'  target='_blank'  title='Recommend this post : Una generaci\u00f3n on Facebook'  href='http:\/\/www.facebook.com\/sharer.php?u=https%3A%2F%2Fwww.vitrubio03.es%2F%3Fp%3D122&amp;t=Una+generaci%C3%B3n'  ><img  src='https:\/\/www.vitrubio03.es\/wp-content\/plugins\/share-and-follow\/images\/blank.gif'  height='32' width='32'  class='image-32' alt='facebook'  style='background: transparent url(https:\/\/www.vitrubio03.es\/wp-content\/plugins\/share-and-follow\/default\/32\/sprite-32.png) no-repeat;padding:0;margin:0;height:32px;width:32px;background-position:-363px 0px'   \/> <span class=\"head\">Recommend on Facebook<\/span><\/a><\/li><li class=\"iconOnly\"><a  rel='nofollow'  target='_blank'  title='Tweet this post : Una generaci\u00f3n on Twitter'  href=\"http:\/\/twitter.com\/share?url=https%3A%2F%2Fwww.vitrubio03.es%2F%3Fp%3D122&amp;text=Una+generaci%C3%B3n+-+\"  ><img  src='https:\/\/www.vitrubio03.es\/wp-content\/plugins\/share-and-follow\/images\/blank.gif'  height='32' width='32'  class='image-32' alt='twitter'  style='background: transparent url(https:\/\/www.vitrubio03.es\/wp-content\/plugins\/share-and-follow\/default\/32\/sprite-32.png) no-repeat;padding:0;margin:0;height:32px;width:32px;background-position:-1749px 0px'   \/> <span class=\"head\">Tweet about it<\/span><\/a><\/li><li class=\"iconOnly\"><a  rel='nofollow'  target='_self'  title='Print this post : Una generaci\u00f3n for reading later'  href='javascript:window.print();'  ><img  src='https:\/\/www.vitrubio03.es\/wp-content\/plugins\/share-and-follow\/images\/blank.gif'  height='32' width='32'  class='image-32' alt='print'  style='background: transparent url(https:\/\/www.vitrubio03.es\/wp-content\/plugins\/share-and-follow\/default\/32\/sprite-32.png) no-repeat;padding:0;margin:0;height:32px;width:32px;background-position:-1386px 0px'   \/> <span class=\"head\">Print for later<\/span><\/a><\/li><li class=\"iconOnly\"><a rel=\"_self\" href=\"mailto:?subject=Reflexiones%20propias%20:%20Una%20generaci\u00f3n&amp;body=Te%20adjunto%20un%20enlace%20a%20un%20art\u00edculo.%20Espero%20que%20te%20guste%20%20https:\/\/www.vitrubio03.es\/?p=122\" title=\"Tell a friend about this post : Una generaci\u00f3n \"><img loading=\"lazy\" decoding=\"async\" src=\"https:\/\/www.vitrubio03.es\/wp-content\/plugins\/share-and-follow\/images\/blank.gif\" height=\"32\"  width=\"32\" style=\"background: transparent url(https:\/\/www.vitrubio03.es\/wp-content\/plugins\/share-and-follow\/default\/32\/sprite-32.png) no-repeat;padding:0;margin:0;height:32px;width:32px;background-position:-330px 0px\" class=\"image-32\"  alt=\"email\" \/> <span class=\"head\">Tell a friend<\/span><\/a><\/li><\/ul><div class=\"clean\"><\/div> <\/div>","protected":false},"excerpt":{"rendered":"<p>Es lo que ha tardado Espa\u00f1a en olvidar que fuimos emigrantes, en la \u00e9poca oscura de de dictadura miles de familias acuciadas por la necesidad hicieron las maletas y se dispersaron buscando una mejora a su situaci\u00f3n econ\u00f3mica que aqu\u00ed &hellip; <a href=\"https:\/\/www.vitrubio03.es\/?p=122\">Sigue leyendo <span class=\"meta-nav\">&rarr;<\/span><\/a><\/p>\n","protected":false},"author":2,"featured_media":0,"comment_status":"closed","ping_status":"closed","sticky":false,"template":"","format":"standard","meta":{"footnotes":""},"categories":[4,34],"tags":[32],"class_list":["post-122","post","type-post","status-publish","format-standard","hentry","category-emigracion","category-historia","tag-los-progresistas"],"_links":{"self":[{"href":"https:\/\/www.vitrubio03.es\/index.php?rest_route=\/wp\/v2\/posts\/122","targetHints":{"allow":["GET"]}}],"collection":[{"href":"https:\/\/www.vitrubio03.es\/index.php?rest_route=\/wp\/v2\/posts"}],"about":[{"href":"https:\/\/www.vitrubio03.es\/index.php?rest_route=\/wp\/v2\/types\/post"}],"author":[{"embeddable":true,"href":"https:\/\/www.vitrubio03.es\/index.php?rest_route=\/wp\/v2\/users\/2"}],"replies":[{"embeddable":true,"href":"https:\/\/www.vitrubio03.es\/index.php?rest_route=%2Fwp%2Fv2%2Fcomments&post=122"}],"version-history":[{"count":18,"href":"https:\/\/www.vitrubio03.es\/index.php?rest_route=\/wp\/v2\/posts\/122\/revisions"}],"predecessor-version":[{"id":7236,"href":"https:\/\/www.vitrubio03.es\/index.php?rest_route=\/wp\/v2\/posts\/122\/revisions\/7236"}],"wp:attachment":[{"href":"https:\/\/www.vitrubio03.es\/index.php?rest_route=%2Fwp%2Fv2%2Fmedia&parent=122"}],"wp:term":[{"taxonomy":"category","embeddable":true,"href":"https:\/\/www.vitrubio03.es\/index.php?rest_route=%2Fwp%2Fv2%2Fcategories&post=122"},{"taxonomy":"post_tag","embeddable":true,"href":"https:\/\/www.vitrubio03.es\/index.php?rest_route=%2Fwp%2Fv2%2Ftags&post=122"}],"curies":[{"name":"wp","href":"https:\/\/api.w.org\/{rel}","templated":true}]}}