{"id":1301,"date":"2011-11-11T23:48:19","date_gmt":"2011-11-11T22:48:19","guid":{"rendered":"http:\/\/www.vitrubio03.es\/?p=1301"},"modified":"2020-10-03T20:49:44","modified_gmt":"2020-10-03T18:49:44","slug":"los-hebreos-y-los-antisemitas","status":"publish","type":"post","link":"https:\/\/www.vitrubio03.es\/?p=1301","title":{"rendered":"Los hebreos y los antisemitas"},"content":{"rendered":"<p style=\"text-align: justify;\">Los hebreos sionistas tratan a toda actitud contraria a sus intereses como de <a href=\"https:\/\/www.vitrubio03.es\/wp-content\/uploads\/2011\/11\/Estrella.jpg\"><img loading=\"lazy\" decoding=\"async\" class=\"alignleft size-full wp-image-1302\" title=\"Estrella\" src=\"https:\/\/www.vitrubio03.es\/wp-content\/uploads\/2011\/11\/Estrella.jpg\" alt=\"\" width=\"224\" height=\"225\" srcset=\"https:\/\/www.vitrubio03.es\/wp-content\/uploads\/2011\/11\/Estrella.jpg 224w, https:\/\/www.vitrubio03.es\/wp-content\/uploads\/2011\/11\/Estrella-150x150.jpg 150w\" sizes=\"auto, (max-width: 224px) 100vw, 224px\" \/><\/a>antisemita, cuando en realidad es el Sionismo quien muestra verdadero odio a los gentiles (no seguidores de la Tor\u00e1 y de la Halaj\u00e1), semita no es una raza, es un t\u00e9rmino, se refiere a aquellas personas cuya lengua materna es una lengua semita.<\/p>\n<p style=\"text-align: justify;\">De la familia sem\u00edtica se conservan registros escritos ininterrumpidos desde el 2500 a.n.e., son las formas antiguas y modernas del acadio, como el amh\u00e1rico, el \u00e1rabe, el arameo, el fenicio, el ge\u00b4ez, el hebreo, el malt\u00e9s, el tigray, y el tigri\u00f1a, entre otros.<!--more--><\/p>\n<p style=\"text-align: justify;\">Una tribu semita debido a una crisis econ\u00f3mica o escasez de pastos pudo impulsar a Terah, padre de Abraham a dejar la ciudad de Ur para ir a la de Harran en el Alto E\u00fafrates, de all\u00ed, algunos descendientes del patriarca Abraham emigran hacia Cana\u00e1n alrededor 1750 a.n.e., origen de la tribu hebrea, varias tablillas descubiertas en Mari certifican frecuentes migraciones por estas regiones.<\/p>\n<p style=\"text-align: justify;\">En el siglo XIV a.n.e. emigraron a Egipto parte de los hebreos establecidos en Cana\u00e1n debido a la hambruna que asol\u00f3 la regi\u00f3n, en el siglo XIII a.n.e. se rebelaron y regresaron a Cana\u00e1n, las historias b\u00edblicas de Sans\u00f3n, Samuel, Sa\u00fal y David incluyen relatos de conflictos entre los filisteos e \u00a0israelitas; fon\u00e9ticamente en \u00e1rabe palestino se pronuncia \u00abfilistin\u00bb al no tener su alfabeto la letra P.<\/p>\n<p style=\"text-align: justify;\">En 722 a.n.e., Sarg\u00f3n II invade la regi\u00f3n de Cana\u00e1n hasta sojuzgar al reino de Israel, llevando al pueblo a Asiria en el 587 a.n.e. al traicionar el reino de Jud\u00e1 un pacto con Nabucodonosor II, rey de los neo-babilonios, \u00e9ste invade el reino destruyendo el templo de Jerusal\u00e9n, fue el famoso destierro a Babilonia, esta expulsi\u00f3n de los hebreos es conocida como la Di\u00e1spora, as\u00ed se debilit\u00f3 como pueblo.<\/p>\n<p style=\"text-align: justify;\">La primera inscripci\u00f3n conocida en hebreo data del a\u00f1o 925 a.n.e., y muchos de los libros de la Biblia est\u00e1n escritos en dicha lengua, sin embargo a partir del sigloIV a.n.e. sufre la dura competencia del arameo extingui\u00e9ndose en el siglo II, pero sobrevive el hebreo como lengua lit\u00fargica, fue recuperada con esfuerzo a partir del siglo XIX por los sionistas que necesitaban una <em>\u00ablengua franca\u00bb<\/em> para los inmigrantes jud\u00edos en Palestina procedentes de todos los rincones del mundo, sobre todo desde Rusia tras el fracaso de la revoluci\u00f3n de 1905, debido a la proliferaci\u00f3n de \u00abpogroms\u00bb y la represi\u00f3n que sigui\u00f3, provocando la migraci\u00f3n de grandes cantidades de j\u00f3venes hebreos rusos a Palestina y desde 1948 es la lengua oficial del estado de Israel.<\/p>\n<p style=\"text-align: justify;\">Bajo mandato brit\u00e1nico, muchos campesinos \u00e1rabes fueron desarraigados de sus aldeas y despojados de sus tierras, cuando terratenientes ausentes vend\u00edan sus propiedades a los sionistas la poblaci\u00f3n \u00e1rabe tem\u00eda que eventualmente Palestina se convirtiera en un estado hebreo, haciendo todo lo posible para resistir a los sionistas y a la pol\u00edtica brit\u00e1nica que los apoyaba. Hubo varias revueltas \u00e1rabes, especialmente en 1929 y 1936-39, provocando que los ingleses limitaran el apoyo a los sionistas, esto caus\u00f3 una ola de atentados terroristas contra los \u00e1rabes y los ingleses.<\/p>\n<p style=\"text-align: justify;\">Al finalizarla II Guerra Mundial se agrav\u00f3 con el problema de supervivientes del holocausto en los campos de concentraci\u00f3n, miles de personas sin hogar y con un \u00fanico destino en mente, volver al Israel milenario, el \u00e9xodo europeo los llev\u00f3 a Palestina aumentando la tensi\u00f3n \u00e1rabe-sionista, los brit\u00e1nicos decidieron dejar el asunto en manos de la ONU y \u00e9sta propuso en noviembre de 1947 la divisi\u00f3n del territorio en dos naciones separadas, \u00e1rabe y hebrea, as\u00ed como la internacionalizaci\u00f3n de Jerusal\u00e9n, los hebreos lograron el reconocimiento de Israel como estado en 1948, <strong>los Palestinos a\u00fan no la tienen, la lucha contin\u00faa,<\/strong> los sionistas pretenden la extinci\u00f3n de los palestinos desde hace milenios enfrentados por unas tierras ricas y con un clima subtropical fuente de conflictos desde nuestros ancestros, siendo habitada esa zona por los primeros \u00abhomo sapiens\u00bb, lleg\u00e1ndose incluso a encontrar restos de esa \u00e9poca en Jeric\u00f3.<\/p>\n<h5 style=\"text-align: justify;\"><strong>&#8211; No utilizo el t\u00e9rmino jud\u00edo, por considerarlo perteneciente a la tribu de Jud\u00e1, hebreo, significa al otro lado del rio, as\u00ed los llamaron cuando llegaron por 1\u00aa vez a Cana\u00e1n<\/strong><\/h5>\n<p><strong>Publicado :<\/strong>\u00a0<a href=\"http:\/\/ve.globedia.com\/\">ve.globedia.com\/<\/a>,<\/p>\n<div class='shareinpost'><ul class=\"socialwrap row\"><li class=\"iconOnly\"><a  rel='nofollow'  target='_blank'  title='Recommend this post : Los hebreos y los antisemitas on Facebook'  href='http:\/\/www.facebook.com\/sharer.php?u=https%3A%2F%2Fwww.vitrubio03.es%2F%3Fp%3D1301&amp;t=Los+hebreos+y+los+antisemitas'  ><img  src='https:\/\/www.vitrubio03.es\/wp-content\/plugins\/share-and-follow\/images\/blank.gif'  height='32' width='32'  class='image-32' alt='facebook'  style='background: transparent url(https:\/\/www.vitrubio03.es\/wp-content\/plugins\/share-and-follow\/default\/32\/sprite-32.png) no-repeat;padding:0;margin:0;height:32px;width:32px;background-position:-363px 0px'   \/> <span class=\"head\">Recommend on Facebook<\/span><\/a><\/li><li class=\"iconOnly\"><a  rel='nofollow'  target='_blank'  title='Tweet this post : Los hebreos y los antisemitas on Twitter'  href=\"http:\/\/twitter.com\/share?url=https%3A%2F%2Fwww.vitrubio03.es%2F%3Fp%3D1301&amp;text=Los+hebreos+y+los+antisemitas+-+\"  ><img  src='https:\/\/www.vitrubio03.es\/wp-content\/plugins\/share-and-follow\/images\/blank.gif'  height='32' width='32'  class='image-32' alt='twitter'  style='background: transparent url(https:\/\/www.vitrubio03.es\/wp-content\/plugins\/share-and-follow\/default\/32\/sprite-32.png) no-repeat;padding:0;margin:0;height:32px;width:32px;background-position:-1749px 0px'   \/> <span class=\"head\">Tweet about it<\/span><\/a><\/li><li class=\"iconOnly\"><a  rel='nofollow'  target='_self'  title='Print this post : Los hebreos y los antisemitas for reading later'  href='javascript:window.print();'  ><img  src='https:\/\/www.vitrubio03.es\/wp-content\/plugins\/share-and-follow\/images\/blank.gif'  height='32' width='32'  class='image-32' alt='print'  style='background: transparent url(https:\/\/www.vitrubio03.es\/wp-content\/plugins\/share-and-follow\/default\/32\/sprite-32.png) no-repeat;padding:0;margin:0;height:32px;width:32px;background-position:-1386px 0px'   \/> <span class=\"head\">Print for later<\/span><\/a><\/li><li class=\"iconOnly\"><a rel=\"_self\" href=\"mailto:?subject=Reflexiones%20propias%20:%20Los%20hebreos%20y%20los%20antisemitas&amp;body=Te%20adjunto%20un%20enlace%20a%20un%20art\u00edculo.%20Espero%20que%20te%20guste%20%20https:\/\/www.vitrubio03.es\/?p=1301\" title=\"Tell a friend about this post : Los hebreos y los antisemitas \"><img loading=\"lazy\" decoding=\"async\" src=\"https:\/\/www.vitrubio03.es\/wp-content\/plugins\/share-and-follow\/images\/blank.gif\" height=\"32\"  width=\"32\" style=\"background: transparent url(https:\/\/www.vitrubio03.es\/wp-content\/plugins\/share-and-follow\/default\/32\/sprite-32.png) no-repeat;padding:0;margin:0;height:32px;width:32px;background-position:-330px 0px\" class=\"image-32\"  alt=\"email\" \/> <span class=\"head\">Tell a friend<\/span><\/a><\/li><\/ul><div class=\"clean\"><\/div> <\/div>","protected":false},"excerpt":{"rendered":"<p>Los hebreos sionistas tratan a toda actitud contraria a sus intereses como de antisemita, cuando en realidad es el Sionismo quien muestra verdadero odio a los gentiles (no seguidores de la Tor\u00e1 y de la Halaj\u00e1), semita no es una &hellip; <a href=\"https:\/\/www.vitrubio03.es\/?p=1301\">Sigue leyendo <span class=\"meta-nav\">&rarr;<\/span><\/a><\/p>\n","protected":false},"author":2,"featured_media":0,"comment_status":"closed","ping_status":"closed","sticky":false,"template":"","format":"standard","meta":{"footnotes":""},"categories":[34,8],"tags":[31],"class_list":["post-1301","post","type-post","status-publish","format-standard","hentry","category-historia","category-internacional","tag-piensa"],"_links":{"self":[{"href":"https:\/\/www.vitrubio03.es\/index.php?rest_route=\/wp\/v2\/posts\/1301","targetHints":{"allow":["GET"]}}],"collection":[{"href":"https:\/\/www.vitrubio03.es\/index.php?rest_route=\/wp\/v2\/posts"}],"about":[{"href":"https:\/\/www.vitrubio03.es\/index.php?rest_route=\/wp\/v2\/types\/post"}],"author":[{"embeddable":true,"href":"https:\/\/www.vitrubio03.es\/index.php?rest_route=\/wp\/v2\/users\/2"}],"replies":[{"embeddable":true,"href":"https:\/\/www.vitrubio03.es\/index.php?rest_route=%2Fwp%2Fv2%2Fcomments&post=1301"}],"version-history":[{"count":23,"href":"https:\/\/www.vitrubio03.es\/index.php?rest_route=\/wp\/v2\/posts\/1301\/revisions"}],"predecessor-version":[{"id":7396,"href":"https:\/\/www.vitrubio03.es\/index.php?rest_route=\/wp\/v2\/posts\/1301\/revisions\/7396"}],"wp:attachment":[{"href":"https:\/\/www.vitrubio03.es\/index.php?rest_route=%2Fwp%2Fv2%2Fmedia&parent=1301"}],"wp:term":[{"taxonomy":"category","embeddable":true,"href":"https:\/\/www.vitrubio03.es\/index.php?rest_route=%2Fwp%2Fv2%2Fcategories&post=1301"},{"taxonomy":"post_tag","embeddable":true,"href":"https:\/\/www.vitrubio03.es\/index.php?rest_route=%2Fwp%2Fv2%2Ftags&post=1301"}],"curies":[{"name":"wp","href":"https:\/\/api.w.org\/{rel}","templated":true}]}}