{"id":1362,"date":"2011-12-02T16:41:46","date_gmt":"2011-12-02T15:41:46","guid":{"rendered":"http:\/\/www.vitrubio03.es\/?p=1362"},"modified":"2020-10-17T19:08:39","modified_gmt":"2020-10-17T17:08:39","slug":"me-gustaria","status":"publish","type":"post","link":"https:\/\/www.vitrubio03.es\/?p=1362","title":{"rendered":"Me gustar\u00eda"},"content":{"rendered":"<p style=\"text-align: left;\" align=\"center\"><strong>\u00a0<\/strong><\/p>\n<p style=\"text-align: justify;\">Que la poblaci\u00f3n donde he elegido vivir hace ya bastantes a\u00f1os pasase desapercibida<strong>\u00a0<\/strong>o <a href=\"https:\/\/www.vitrubio03.es\/wp-content\/uploads\/2011\/12\/Ayuntamiento1.jpg\"><img loading=\"lazy\" decoding=\"async\" class=\"alignleft size-thumbnail wp-image-1364\" title=\"Ayuntamiento\" src=\"https:\/\/www.vitrubio03.es\/wp-content\/uploads\/2011\/12\/Ayuntamiento1-150x150.jpg\" alt=\"\" width=\"150\" height=\"150\" \/><\/a>si hubiese alguna noticia fuese de tipo l\u00fadico o mejora social relevante, yo como tantos otros vecinos de Lozoyuela \u2013 Las Navas &#8211; Sieteiglesias quiero lo mejor para nuestra poblaci\u00f3n, y como \u00abser ciudadano es tener voz adem\u00e1s de voto\u00bb y dado que la raz\u00f3n es la m\u00e1s alta expresi\u00f3n de la naturaleza humana, siendo esta raz\u00f3n el origen del derecho que aplic\u00e1ndola a la conducta es ella misma derecho, defiendo con pasi\u00f3n un derecho y animo a la ciudadan\u00eda ejercer su raz\u00f3n para conseguir un beneficio para todos.<\/p>\n<p style=\"text-align: justify;\">Debemos recordar que el contrato expedido por la ciudadan\u00eda a trav\u00e9s de los votos expira en cuatro a\u00f1os, no dando este contrato el derecho a hacer durante el tiempo de ejercicio p\u00fablico la voluntad propia del elegido, el contrato es para la atenci\u00f3n a la ciudadan\u00eda y el cumplimiento de las promesas expresadas en la campa\u00f1a electoral o en el ejercicio anterior a este nuevo contrato.<!--more--><\/p>\n<p style=\"text-align: justify;\">Me remito en primer lugar a octubre del 2009 (ver Senda Norte noviembre 2009), donde la oposici\u00f3n pidi\u00f3 la retirada del IBI por su fuerte incremento 13% respecto al 2008, el Sr. Alcalde prometi\u00f3 que en los pr\u00f3ximos cuatro a\u00f1os no se subir\u00edan, al \u00a0a\u00f1o subi\u00f3 un 5% y para este a\u00f1o un 10%, sin informar ni a la ciudadan\u00eda ni a la oposici\u00f3n,\u00a0<em>promesa incumplida,<\/em>\u00a0con la situaci\u00f3n actual de crisis general veo el poco inter\u00e9s en ayudar a sus vecinos con el aumento de este impuesto que es elaborado seg\u00fan el criterio del Ayuntamiento sin intervenci\u00f3n de ninguna otro estamento, ya sea provincial o estatal, ya dudo de la \u00faltima promesa\u00a0que hizo sobre la Casita de Ni\u00f1os\u00a0en octubre, al decir el Sr. Alcalde en pleno que ser\u00eda de Gesti\u00f3n Municipal,\u00a0<em>cuanto me gustar\u00eda equivocarme en este caso.<\/em><\/p>\n<p style=\"text-align: justify;\">En segundo lugar, el deber de la Corporaci\u00f3n Municipal es velar por la seguridad y bienestar de sus ciudadanos, quiero de nuevo recordar la situaci\u00f3n de Mazacorta, despu\u00e9s de exigirles una parcela para el Ayuntamiento, aceras, alcantarillado y alumbrado p\u00fablico, todo realizado y funcionando, \u00a0pero ni lo recepciona ni arregla el acceso a la urbanizaci\u00f3n, a pesar de que otra emergencia surgi\u00f3 y la ambulancia no \u00a0quiso entrar por lo impracticable del acceso, de nuevo se ha comunicado por escrito al Ayuntamiento y la respuesta fue <strong>\u00abque arregle el camino quien lo ha estropeado\u00bb,<\/strong> la primera vez que me lo contaron cre\u00ed que ser\u00eda una mala interpretaci\u00f3n, pero repetida otras dos veces\u00a0 m\u00e1s\u00a0 la misma respuesta da veracidad al primer comentario,<strong> la \u00faltima ha sido -que lo arregle el canal de Isabel II-,<\/strong> debo de recordarle a esta Corporaci\u00f3n, que las v\u00edas, calles o caminos de vecinos es responsabilidad del Ayuntamiento as\u00ed como su buen estado de mantenimiento y vialidad, por lo tanto suyo es el exigir dicho arreglo o realizarlo pasando las costas a la entidad que ocasion\u00f3 el deterioro teniendo la certeza de su responsabilidad porque, no debemos de esperar una desgracia que desemboque en querella contra el Alcalde por abandono de sus funciones en atenci\u00f3n a la ciudadan\u00eda, querella que pagar\u00eda la ciudadan\u00eda al ser el Ayuntamiento \u00abResponsable Civil Subsidiario\u00bb en detrimento de las arcas o debiendo de pedir un pr\u00e9stamo para su pago si las arcas como pregona el Sr. Alcalde est\u00e1n vac\u00edas, la indemnizaci\u00f3n debida a una desgracia ya sea personal o en bienes siempre ser\u00e1 superior al arreglo y cabe recordar que no hay dinero suficiente si la p\u00e9rdida es la de un ser querido.<\/p>\n<p style=\"text-align: justify;\">\n<p>&nbsp;<\/p>\n<div class='shareinpost'><ul class=\"socialwrap row\"><li class=\"iconOnly\"><a  rel='nofollow'  target='_blank'  title='Recommend this post : Me gustar\u00eda on Facebook'  href='http:\/\/www.facebook.com\/sharer.php?u=https%3A%2F%2Fwww.vitrubio03.es%2F%3Fp%3D1362&amp;t=Me+gustar%C3%ADa'  ><img  src='https:\/\/www.vitrubio03.es\/wp-content\/plugins\/share-and-follow\/images\/blank.gif'  height='32' width='32'  class='image-32' alt='facebook'  style='background: transparent url(https:\/\/www.vitrubio03.es\/wp-content\/plugins\/share-and-follow\/default\/32\/sprite-32.png) no-repeat;padding:0;margin:0;height:32px;width:32px;background-position:-363px 0px'   \/> <span class=\"head\">Recommend on Facebook<\/span><\/a><\/li><li class=\"iconOnly\"><a  rel='nofollow'  target='_blank'  title='Tweet this post : Me gustar\u00eda on Twitter'  href=\"http:\/\/twitter.com\/share?url=https%3A%2F%2Fwww.vitrubio03.es%2F%3Fp%3D1362&amp;text=Me+gustar%C3%ADa+-+\"  ><img  src='https:\/\/www.vitrubio03.es\/wp-content\/plugins\/share-and-follow\/images\/blank.gif'  height='32' width='32'  class='image-32' alt='twitter'  style='background: transparent url(https:\/\/www.vitrubio03.es\/wp-content\/plugins\/share-and-follow\/default\/32\/sprite-32.png) no-repeat;padding:0;margin:0;height:32px;width:32px;background-position:-1749px 0px'   \/> <span class=\"head\">Tweet about it<\/span><\/a><\/li><li class=\"iconOnly\"><a  rel='nofollow'  target='_self'  title='Print this post : Me gustar\u00eda for reading later'  href='javascript:window.print();'  ><img  src='https:\/\/www.vitrubio03.es\/wp-content\/plugins\/share-and-follow\/images\/blank.gif'  height='32' width='32'  class='image-32' alt='print'  style='background: transparent url(https:\/\/www.vitrubio03.es\/wp-content\/plugins\/share-and-follow\/default\/32\/sprite-32.png) no-repeat;padding:0;margin:0;height:32px;width:32px;background-position:-1386px 0px'   \/> <span class=\"head\">Print for later<\/span><\/a><\/li><li class=\"iconOnly\"><a rel=\"_self\" href=\"mailto:?subject=Reflexiones%20propias%20:%20Me%20gustar\u00eda&amp;body=Te%20adjunto%20un%20enlace%20a%20un%20art\u00edculo.%20Espero%20que%20te%20guste%20%20https:\/\/www.vitrubio03.es\/?p=1362\" title=\"Tell a friend about this post : Me gustar\u00eda \"><img loading=\"lazy\" decoding=\"async\" src=\"https:\/\/www.vitrubio03.es\/wp-content\/plugins\/share-and-follow\/images\/blank.gif\" height=\"32\"  width=\"32\" style=\"background: transparent url(https:\/\/www.vitrubio03.es\/wp-content\/plugins\/share-and-follow\/default\/32\/sprite-32.png) no-repeat;padding:0;margin:0;height:32px;width:32px;background-position:-330px 0px\" class=\"image-32\"  alt=\"email\" \/> <span class=\"head\">Tell a friend<\/span><\/a><\/li><\/ul><div class=\"clean\"><\/div> <\/div>","protected":false},"excerpt":{"rendered":"<p>\u00a0 Que la poblaci\u00f3n donde he elegido vivir hace ya bastantes a\u00f1os pasase desapercibida\u00a0o si hubiese alguna noticia fuese de tipo l\u00fadico o mejora social relevante, yo como tantos otros vecinos de Lozoyuela \u2013 Las Navas &#8211; Sieteiglesias quiero lo &hellip; <a href=\"https:\/\/www.vitrubio03.es\/?p=1362\">Sigue leyendo <span class=\"meta-nav\">&rarr;<\/span><\/a><\/p>\n","protected":false},"author":2,"featured_media":0,"comment_status":"closed","ping_status":"closed","sticky":false,"template":"","format":"standard","meta":{"footnotes":""},"categories":[57,63],"tags":[30],"class_list":["post-1362","post","type-post","status-publish","format-standard","hentry","category-las-derechas","category-lonasi","tag-ayuntamiento-de-lonasi"],"_links":{"self":[{"href":"https:\/\/www.vitrubio03.es\/index.php?rest_route=\/wp\/v2\/posts\/1362","targetHints":{"allow":["GET"]}}],"collection":[{"href":"https:\/\/www.vitrubio03.es\/index.php?rest_route=\/wp\/v2\/posts"}],"about":[{"href":"https:\/\/www.vitrubio03.es\/index.php?rest_route=\/wp\/v2\/types\/post"}],"author":[{"embeddable":true,"href":"https:\/\/www.vitrubio03.es\/index.php?rest_route=\/wp\/v2\/users\/2"}],"replies":[{"embeddable":true,"href":"https:\/\/www.vitrubio03.es\/index.php?rest_route=%2Fwp%2Fv2%2Fcomments&post=1362"}],"version-history":[{"count":28,"href":"https:\/\/www.vitrubio03.es\/index.php?rest_route=\/wp\/v2\/posts\/1362\/revisions"}],"predecessor-version":[{"id":7756,"href":"https:\/\/www.vitrubio03.es\/index.php?rest_route=\/wp\/v2\/posts\/1362\/revisions\/7756"}],"wp:attachment":[{"href":"https:\/\/www.vitrubio03.es\/index.php?rest_route=%2Fwp%2Fv2%2Fmedia&parent=1362"}],"wp:term":[{"taxonomy":"category","embeddable":true,"href":"https:\/\/www.vitrubio03.es\/index.php?rest_route=%2Fwp%2Fv2%2Fcategories&post=1362"},{"taxonomy":"post_tag","embeddable":true,"href":"https:\/\/www.vitrubio03.es\/index.php?rest_route=%2Fwp%2Fv2%2Ftags&post=1362"}],"curies":[{"name":"wp","href":"https:\/\/api.w.org\/{rel}","templated":true}]}}