{"id":1523,"date":"2012-01-27T20:29:30","date_gmt":"2012-01-27T19:29:30","guid":{"rendered":"http:\/\/www.vitrubio03.es\/?p=1523"},"modified":"2020-10-06T19:58:15","modified_gmt":"2020-10-06T17:58:15","slug":"aquel-enlace-sindical-de-1969","status":"publish","type":"post","link":"https:\/\/www.vitrubio03.es\/?p=1523","title":{"rendered":"Aquel enlace sindical de 1969"},"content":{"rendered":"<p style=\"text-align: justify;\">\u00bfQu\u00e9 fue de aquel joven de 17 a\u00f1os?, aquel a quien eligieron enlace sindical de su empresa, lo hicieron m\u00e1s que nada porque hablaba con los jefes de tu a tu, sin temor, <a href=\"https:\/\/www.vitrubio03.es\/wp-content\/uploads\/2012\/01\/Enlace-Sindical.jpg\"><img loading=\"lazy\" decoding=\"async\" class=\"alignleft size-full wp-image-1524\" title=\"Enlace Sindical\" src=\"https:\/\/www.vitrubio03.es\/wp-content\/uploads\/2012\/01\/Enlace-Sindical.jpg\" alt=\"\" width=\"120\" height=\"120\" \/><\/a>razonando, a veces exigiendo pero de tal manera que no se le notaba, acept\u00f3 porque nadie quer\u00eda y sabia que era necesario, era joven, y como todo joven un poco inconsciente del riesgo que pod\u00eda correr en aquellos a\u00f1os de la cruel dictadura.<\/p>\n<p style=\"text-align: justify;\"><!--more-->Empez\u00f3 a tomar conciencia cuando su padre fue suspendido de empleo y sueldo durante un mes por votar NO en el refer\u00e9ndum de 1966, sin paga de Navidad, sin reyes para \u00e9l y sus dos hermanos. O en 1968 cerca del ICAI, con las carreras de los universitario al grito de \u00abAbajo la dictadura\u00bb, \u00abAbajo la oligarqu\u00eda\u00bb, \u00abDemocracia popular\u00bb. Intent\u00f3 acercarse\u00a0 a la Facultad de Filosof\u00eda para oir a Raimon, no pudo lograrlo, estaba rodeada por los \u00abgrises\u00bb a caballo, y le di\u00f3 miedo (ten\u00eda 16 a\u00f1os). O quel otro d\u00eda como botones en la c\/Ferraz 35, frente a la actual sede del PSOE, cuando vio pasar a estudiantes perseguidos por los \u00abgrises\u00bb en protesta por la muerte de Enrique Ruano en Enero de 1969, los sigui\u00f3 a prudente distancia, su jefe era comisario de polic\u00eda, todo sumaba, juventud, inquietud, recuerdos, rebeld\u00eda, estaban los pasos iniciales dados.<!--more--><\/p>\n<p style=\"text-align: justify;\">Le detuvieron por primera vez en 1970 un 1 de Mayo en Callao, pidiendo Libertad, pas\u00f3 por la tristemente famosa DGS de Sol, desde ese d\u00eda ya no hubo marcha atr\u00e1s, todos los a\u00f1os alrededor del 28 de Abril deb\u00eda de refugiarse en otra casa para evitar ser detenido antes del 1 de Mayo, continu\u00f3 como enlace sindical a pesar de todo y cada vez m\u00e1s motivado.<\/p>\n<p style=\"text-align: justify;\">1972 en Tirso de Molina, fue herido en la cabeza por culata de la pistola de la polic\u00eda, al ser del grupo de protecci\u00f3n de la manifestaci\u00f3n por los sucesos de Ferrol y Vigo con las muertes de Amador Rey y Daniel Niebla, su padre le cur\u00f3 sin que la madre se diese cuenta.<\/p>\n<p style=\"text-align: justify;\">Mayo del 73, los compa\u00f1eros no le dejaron participar por estar escayolado, le utilizaron de buz\u00f3n receptor, todos los datos, reuniones, citas, contrase\u00f1as les fueron encomendadas, para evitar ser descubiertas en caso de detenciones.<\/p>\n<p style=\"text-align: justify;\">A\u00f1os de clandestinidad \u00abnoches de vietnamitas y madrugadas de reparto\u00bb, siempre en la brecha como\u00a0 miembro del grupo de apoyo a diversas manifestaciones, sala Galileo-Galilei como protecci\u00f3n en la exposici\u00f3n Pablo Picasso frente a los ataques de los guerrilleros de Cristo Rey\u2026., en la lucha conoci\u00f3 a Cristina Almeida, Patxi Andi\u00f3n, Barranco, Ramonc\u00edn, V\u00edctor Manuel\u2026.., \u00d1u, Barricada estos perseguidos por rockeros.<\/p>\n<p style=\"text-align: justify;\">Huelga General de la Construcci\u00f3nen Octubre del 73, fue detenido en Coslada por la <a href=\"https:\/\/www.vitrubio03.es\/wp-content\/uploads\/2012\/01\/C\u00e1rcel-de-Carabanchel-1974.jpg\"><img loading=\"lazy\" decoding=\"async\" class=\"alignleft size-thumbnail wp-image-1796\" title=\"C\u00e1rcel de Carabanchel 1974\" src=\"https:\/\/www.vitrubio03.es\/wp-content\/uploads\/2012\/01\/C\u00e1rcel-de-Carabanchel-1974-150x150.jpg\" alt=\"\" width=\"150\" height=\"150\" \/><\/a>113 Comandancia de la Guardia Civil, su paso por Guzm\u00e1n el Bueno, la DGS y Carabanchel 7\u00aa Galer\u00eda, libertad condicional, juicio, condena, busca y captura, amnistiado en 1976 tramitado por Paca Sauquillo, conoce a los componentes del 1001, vive en la c\u00e1rcel el atentado de Carrero Blanco, comunica al estar en la 7\u00aa galer\u00eda con el tr\u00e1nsito de muchos presos pol\u00edticos, del juicio de Burgos entre otros Mario Onaind\u00eda tras una larga huelga de hambre.<\/p>\n<p style=\"text-align: justify;\">En la clandestinidad por busca y captura,\u00a0 participa en las manifestaciones por los sucesos<em>\u00a0de Vitoria<\/em>\u00a0 el 3 de marzo de 1976 cinco muertos y decenas de herido, en enero de 1977 tras los asesinatos de Arturo Ruiz y los abogados de Atocha (un hermano de Paca entre ellos), participa en las manifestaciones e incluso est\u00e1 en el cord\u00f3n de seguridad de la Plaza de Par\u00eds, tambi\u00e9n en las manifestaciones con su mujer embarazada de 6 meses y hermano, a\u00f1os m\u00e1s tarde por el asesinato de Yolanda Gonz\u00e1lez en 1980 y las posteriores manifestaciones tambi\u00e9n en Gran V\u00eda, (seg\u00fan su hermano aparece en la pel\u00edcula \u00abEl diputado\u00bb), esa fue la \u00faltima de sus correrias y cesa sus actividades creyendo que todo ha cambiado a mejor, los sindicatos no se movilizan como antes, los 1 de Mayo le parecen rid\u00edculos, con pitos, botas de vino, charanga,\u00a0 le parece m\u00e1s un carnaval que una reivindicaci\u00f3n obrera, no asiste a ninguno m\u00e1s desde 1978, solo un acontecimiento le pone en guardia, fue aquel 23F de 1981, parte de la noche en el coche cerca de su casa, pendiente de la radio y de su emisora de 27 Mhz, seguro de que ir\u00edan a por \u00e9l y por otros muchos si triunfaba la intentona golpista, estaba preparado para todo, afortunadamente varias horas despu\u00e9s, de madrugada, regresa a su casa bes\u00f3 a su mujer (no se dio cuenta).<\/p>\n<p style=\"text-align: justify;\">2001 en la empresa privada donde trabaja ve como el abuso es continuado, la falta de garant\u00edas sin representatividad sindical, le hace volver a su origen y pretende formar una lista sindical, no hay apoyos por parte de compa\u00f1eros ni por los sindicatos, por fin hace 8 a\u00f1os consigue participar sindicalmente, ya nada es igual, abundan los profesionales, no gente de lucha, de nuevo nadie de su departamento quiere participar sindicalmente, se repite la historia, \u00a0se siente solo, desplazado, falta gente joven como anta\u00f1o al margen de los profesionales para cambiar la burocracia en que han convertido a los sindicatos y luchar sindicalmente de forma contundente, sin tanto servilismo, aquel \u00abliberarse de\u00bb &#8230;la opresi\u00f3n y conseguir mejoras sociales, se ha pasado a \u00abestar para&#8230;\u00bb negociar y rebajar las conquistas sociales conseguidas anteriormente como pretende la patronal, en lugar de exigir mejoras por los beneficios de las grandes corporaciones, antes los Sindicatos daban un pu\u00f1etazo sobre la mesa y actuaban en una direcci\u00f3n, hoy algunos solo buscan su posicionamiento, desprestigiando el movimiento sindical, no hay unidad de acci\u00f3n, necesita el\u00a0 relevo ese antiguo \u00abEnlace Sindical de 60 a\u00f1os\u00bb, es necesaria gente joven a la antigua usanza para que los profesionales no copen los sindicatos, son necesarios para cambiarlos y dar ese pu\u00f1etazo que hace falta en algunos momentos.<\/p>\n<p style=\"text-align: justify;\"><span style=\"color: #0000ff;\">Luis Pastor<\/span><br \/>\n<span style=\"color: #ff0000;\">http:\/\/www.youtube.com\/watch?<\/span><wbr \/><span style=\"color: #ff0000;\">v=Amw_LBimEew&amp;feature=youtu.be<\/span><\/p>\n<p>&nbsp;<\/p>\n<p style=\"text-align: justify;\"><strong>Publicado :\u00a0<\/strong><\/p>\n<div><a href=\"http:\/\/canariasinsurgente.typepad.com\/almacen\/\" target=\"_blank\" rel=\"noopener noreferrer\">http:\/\/canariasinsurgente.<wbr \/>typepad.com\/almacen\/<\/a><\/div>\n<div><a href=\"http:\/\/www.elfarodigital.es\/blogs\/colaboradores\/81951-tomar-conciencia-.html\" target=\"_blank\" rel=\"noopener noreferrer\"><span style=\"color: #ff0000;\">http:\/\/www.elfarodigital.es\/<wbr \/>blogs\/colaboradores\/81951-<wbr \/>tomar-conciencia-.html<\/span><\/a><\/div>\n<div><a href=\"http:\/\/es.globedia.com\/aquel-enlace-sindical-1969\" target=\"_blank\" rel=\"noopener noreferrer\">http:\/\/es.globedia.com\/aquel-<wbr \/>enlace-sindical-1969<\/a><\/div>\n<div><a href=\"http:\/\/unidadcivicaporlarepublica.es\/index.php\/opinion-actualidad\/laboral\/3534-aquel-enlace-sindical-de-1969\" target=\"_blank\" rel=\"noopener noreferrer\"><span style=\"color: #ff0000;\">http:\/\/<wbr \/>unidadcivicaporlarepublica.es\/<wbr \/>index.php\/opinion-actualidad\/<wbr \/>laboral\/3534-aquel-enlace-<wbr \/>sindical-de-1969<\/span><\/a><\/div>\n<div><a href=\"http:\/\/ww.radiovallekas.org\/spip\/spip.php?rubrique4\" target=\"_blank\" rel=\"noopener noreferrer\">http:\/\/ww.radiovallekas.org\/<wbr \/>spip\/spip.php?rubrique4<\/a><\/div>\n<div><a href=\"http:\/\/noticiasdelforex.blogspot.com\/\" target=\"_blank\" rel=\"noopener noreferrer\"><span style=\"color: #ff0000;\">http:\/\/noticiasdelforex.<wbr \/>blogspot.com\/<\/span><\/a><\/div>\n<div><a href=\"http:\/\/hn.portalmundos.com\/aquel-enlace-sindical-de-1969\/\" target=\"_blank\" rel=\"noopener noreferrer\">http:\/\/hn.portalmundos.com\/<wbr \/>aquel-enlace-sindical-de-1969\/<\/a><\/div>\n<div><a href=\"http:\/\/www.milesnoticias.com\/noticia-las-mejores-imagenes-de-la-semana\/\" target=\"_blank\" rel=\"noopener noreferrer\"><span style=\"color: #ff0000;\">http:\/\/www.milesnoticias.com\/<wbr \/>noticia-las-mejores-imagenes-<wbr \/>de-la-semana\/<\/span><\/a><\/div>\n<div><a href=\"http:\/\/www.tec-search.net\/es\/group\/118248\/1969\" target=\"_blank\" rel=\"noopener noreferrer\">http:\/\/www.tec-search.net\/es\/<wbr \/>group\/118248\/1969<\/a><\/div>\n<div>\n<p><a href=\"http:\/\/en.wasalive.com\/es\/detienen\" target=\"_blank\" rel=\"noopener noreferrer\">http:\/\/en.wasalive.com\/es\/<wbr \/>detienen<\/a><\/p>\n<div><a href=\"http:\/\/www.scoop.it\/t\/republican-revolution\/p\/1082669557\/aquel-enlace-sindical-de-1969\" target=\"_blank\" rel=\"noopener noreferrer\">http:\/\/www.scoop.it\/t\/<wbr \/>republican-revolution\/p\/<wbr \/>1082669557\/aquel-enlace-<wbr \/>sindical-de-1969<\/a><\/div>\n<div><a href=\"http:\/\/mas.lne.es\/cartasdeloslectores\/carta\/9397\/aquel-enlace-sindical-1969.html\" target=\"_blank\" rel=\"noopener noreferrer\">http:\/\/mas.lne.es\/<wbr \/>cartasdeloslectores\/carta\/<wbr \/>9397\/aquel-enlace-sindical-<wbr \/>1969.html<\/a><\/div>\n<div><a href=\"http:\/\/www.hispanidad.com\/aquel-enlace-sindical-de-1969-20120131-147820.html\" target=\"_blank\" rel=\"noopener noreferrer\"><span style=\"color: #ff0000;\">http:\/\/www.hispanidad.com\/<wbr \/>aquel-enlace-sindical-de-1969-<wbr \/>20120131-147820.html<\/span><\/a><\/div>\n<\/div>\n<div class='shareinpost'><ul class=\"socialwrap row\"><li class=\"iconOnly\"><a  rel='nofollow'  target='_blank'  title='Recommend this post : Aquel enlace sindical de 1969 on Facebook'  href='http:\/\/www.facebook.com\/sharer.php?u=https%3A%2F%2Fwww.vitrubio03.es%2F%3Fp%3D1523&amp;t=Aquel+enlace+sindical+de+1969'  ><img  src='https:\/\/www.vitrubio03.es\/wp-content\/plugins\/share-and-follow\/images\/blank.gif'  height='32' width='32'  class='image-32' alt='facebook'  style='background: transparent url(https:\/\/www.vitrubio03.es\/wp-content\/plugins\/share-and-follow\/default\/32\/sprite-32.png) no-repeat;padding:0;margin:0;height:32px;width:32px;background-position:-363px 0px'   \/> <span class=\"head\">Recommend on Facebook<\/span><\/a><\/li><li class=\"iconOnly\"><a  rel='nofollow'  target='_blank'  title='Tweet this post : Aquel enlace sindical de 1969 on Twitter'  href=\"http:\/\/twitter.com\/share?url=https%3A%2F%2Fwww.vitrubio03.es%2F%3Fp%3D1523&amp;text=Aquel+enlace+sindical+de+1969+-+\"  ><img  src='https:\/\/www.vitrubio03.es\/wp-content\/plugins\/share-and-follow\/images\/blank.gif'  height='32' width='32'  class='image-32' alt='twitter'  style='background: transparent url(https:\/\/www.vitrubio03.es\/wp-content\/plugins\/share-and-follow\/default\/32\/sprite-32.png) no-repeat;padding:0;margin:0;height:32px;width:32px;background-position:-1749px 0px'   \/> <span class=\"head\">Tweet about it<\/span><\/a><\/li><li class=\"iconOnly\"><a  rel='nofollow'  target='_self'  title='Print this post : Aquel enlace sindical de 1969 for reading later'  href='javascript:window.print();'  ><img  src='https:\/\/www.vitrubio03.es\/wp-content\/plugins\/share-and-follow\/images\/blank.gif'  height='32' width='32'  class='image-32' alt='print'  style='background: transparent url(https:\/\/www.vitrubio03.es\/wp-content\/plugins\/share-and-follow\/default\/32\/sprite-32.png) no-repeat;padding:0;margin:0;height:32px;width:32px;background-position:-1386px 0px'   \/> <span class=\"head\">Print for later<\/span><\/a><\/li><li class=\"iconOnly\"><a rel=\"_self\" href=\"mailto:?subject=Reflexiones%20propias%20:%20Aquel%20enlace%20sindical%20de%201969&amp;body=Te%20adjunto%20un%20enlace%20a%20un%20art\u00edculo.%20Espero%20que%20te%20guste%20%20https:\/\/www.vitrubio03.es\/?p=1523\" title=\"Tell a friend about this post : Aquel enlace sindical de 1969 \"><img loading=\"lazy\" decoding=\"async\" src=\"https:\/\/www.vitrubio03.es\/wp-content\/plugins\/share-and-follow\/images\/blank.gif\" height=\"32\"  width=\"32\" style=\"background: transparent url(https:\/\/www.vitrubio03.es\/wp-content\/plugins\/share-and-follow\/default\/32\/sprite-32.png) no-repeat;padding:0;margin:0;height:32px;width:32px;background-position:-330px 0px\" class=\"image-32\"  alt=\"email\" \/> <span class=\"head\">Tell a friend<\/span><\/a><\/li><\/ul><div class=\"clean\"><\/div> <\/div>","protected":false},"excerpt":{"rendered":"<p>\u00bfQu\u00e9 fue de aquel joven de 17 a\u00f1os?, aquel a quien eligieron enlace sindical de su empresa, lo hicieron m\u00e1s que nada porque hablaba con los jefes de tu a tu, sin temor, razonando, a veces exigiendo pero de tal &hellip; <a href=\"https:\/\/www.vitrubio03.es\/?p=1523\">Sigue leyendo <span class=\"meta-nav\">&rarr;<\/span><\/a><\/p>\n","protected":false},"author":2,"featured_media":0,"comment_status":"closed","ping_status":"closed","sticky":false,"template":"","format":"standard","meta":{"footnotes":""},"categories":[61],"tags":[16,32,33,31],"class_list":["post-1523","post","type-post","status-publish","format-standard","hentry","category-biografia","tag-derechos","tag-los-progresistas","tag-personal","tag-piensa"],"_links":{"self":[{"href":"https:\/\/www.vitrubio03.es\/index.php?rest_route=\/wp\/v2\/posts\/1523","targetHints":{"allow":["GET"]}}],"collection":[{"href":"https:\/\/www.vitrubio03.es\/index.php?rest_route=\/wp\/v2\/posts"}],"about":[{"href":"https:\/\/www.vitrubio03.es\/index.php?rest_route=\/wp\/v2\/types\/post"}],"author":[{"embeddable":true,"href":"https:\/\/www.vitrubio03.es\/index.php?rest_route=\/wp\/v2\/users\/2"}],"replies":[{"embeddable":true,"href":"https:\/\/www.vitrubio03.es\/index.php?rest_route=%2Fwp%2Fv2%2Fcomments&post=1523"}],"version-history":[{"count":26,"href":"https:\/\/www.vitrubio03.es\/index.php?rest_route=\/wp\/v2\/posts\/1523\/revisions"}],"predecessor-version":[{"id":7492,"href":"https:\/\/www.vitrubio03.es\/index.php?rest_route=\/wp\/v2\/posts\/1523\/revisions\/7492"}],"wp:attachment":[{"href":"https:\/\/www.vitrubio03.es\/index.php?rest_route=%2Fwp%2Fv2%2Fmedia&parent=1523"}],"wp:term":[{"taxonomy":"category","embeddable":true,"href":"https:\/\/www.vitrubio03.es\/index.php?rest_route=%2Fwp%2Fv2%2Fcategories&post=1523"},{"taxonomy":"post_tag","embeddable":true,"href":"https:\/\/www.vitrubio03.es\/index.php?rest_route=%2Fwp%2Fv2%2Ftags&post=1523"}],"curies":[{"name":"wp","href":"https:\/\/api.w.org\/{rel}","templated":true}]}}