{"id":1874,"date":"2012-04-21T23:22:23","date_gmt":"2012-04-21T21:22:23","guid":{"rendered":"http:\/\/www.vitrubio03.es\/?p=1874"},"modified":"2020-10-15T17:46:13","modified_gmt":"2020-10-15T15:46:13","slug":"ahora-la-educacion-su-educacion","status":"publish","type":"post","link":"https:\/\/www.vitrubio03.es\/?p=1874","title":{"rendered":"Ahora la Educaci\u00f3n, \u00absu\u00bb Educaci\u00f3n"},"content":{"rendered":"<p style=\"text-align: justify;\">La pol\u00edtica debe ser tributaria de la educaci\u00f3n, porque la educaci\u00f3n supone <a href=\"https:\/\/www.vitrubio03.es\/wp-content\/uploads\/2012\/04\/Educaci\u00f3n.jpg\"><img loading=\"lazy\" decoding=\"async\" class=\"alignleft size-full wp-image-1878\" title=\"Educaci\u00f3n\" src=\"https:\/\/www.vitrubio03.es\/wp-content\/uploads\/2012\/04\/Educaci\u00f3n.jpg\" alt=\"\" width=\"241\" height=\"209\" \/><\/a>independencia del poder espiritual con respecto del temporal, y la independencia de la autoridad intelectual respecto del poder pol\u00edtico,\u00a0pero este gobierno es un claro ejemplo de representaci\u00f3n pol\u00edtica feudal, ha dado un paso atr\u00e1s de m\u00e1s de doscientos a\u00f1os, imitando a Carlos IV, que para atajar los ideales y el radicalismo de la peque\u00f1a burgues\u00eda de la Ilustraci\u00f3n por el Estado del Bienestar Social, basado en la revoluci\u00f3n cient\u00edfica de la ciencia y la educaci\u00f3n, no en la <!--more-->pol\u00edtica absolutista o religiosa, y para evitar que ese esp\u00edritu penetrase en la sociedad espa\u00f1ola del siglo XVIII, sigui\u00f3 los pasos contrarios empezando por la Educaci\u00f3n, entonces fue cerrar la frontera con Francia para que no entrasen personas, ni ideas.<\/p>\n<p style=\"text-align: justify;\">Hoy pretenden volver al medievo tambi\u00e9n en la Educaci\u00f3n, refugiando el saber en lo privado, haci\u00e9ndolo\u00a0 desaparecer de entre los dem\u00e1s hombres, antes en los conventos medievales ahora en los centros concertados y privados, tambi\u00e9n el acceso a la Universidad P\u00fablica s\u00f3lo para una determinada clase social, y la Universidad privada para la \u00e9lite de la burgues\u00eda o la casta pol\u00edtica, con esas medidas puede volver la pr\u00e1ctica de dar educaci\u00f3n a un v\u00e1stago de la familia al no poder acceder todos sus miembros a una educaci\u00f3n superior, este gobierno ha seguido un m\u00e9todo, empezando con el abandono en la educaci\u00f3n p\u00fablica primaria, tanto en subvenciones como medios, y distrayendo esas aportaciones en beneficios para las escuelas privadas en manos del clero en la mayor\u00eda de los casos, ahora toca a la Universidad, m\u00e1s pronto que tarde, para hacerla m\u00e1s inaccesible, no me extra\u00f1ar\u00eda que desaparecieran algunas de las CCAA, para ejercer el centralismo en cada una de ellas y dedicadas a su \u00e9lite.<\/p>\n<p style=\"text-align: justify;\"><a href=\"https:\/\/www.vitrubio03.es\/wp-content\/uploads\/2012\/04\/Educacion_ma\u00f1ana2.jpg\"><img loading=\"lazy\" decoding=\"async\" class=\"alignleft size-full wp-image-1877\" title=\"Educacion_ma\u00f1ana\" src=\"https:\/\/www.vitrubio03.es\/wp-content\/uploads\/2012\/04\/Educacion_ma\u00f1ana2.jpg\" alt=\"\" width=\"640\" height=\"468\" \/><\/a><\/p>\n<p style=\"text-align: justify;\">No debemos de olvidar que la funci\u00f3n social de la educaci\u00f3n es preparar al individuo para el buen desempe\u00f1o de la tarea que m\u00e1s tarde le tocar\u00e1 realizar en la sociedad, es decir, moldear el car\u00e1cter de manera tal que se aproxime al car\u00e1cter social para que sus deseos coincidan con las necesidades propias de su funci\u00f3n, este gobierno pretende con sus \u00faltimos recortes coartar todo atisbo de una educaci\u00f3n universal en igualdad, creando verdaderos <strong>\u00abguetos educativos\u00bb,<\/strong> con el acceso a la Universidad cada vez m\u00e1s restringido para las clases populares,<\/p>\n<p style=\"text-align: justify;\">Est\u00e1 claro que el proceso educativo debe de estar en funci\u00f3n de las necesidades que surgen de la estructura social y econ\u00f3mica de una sociedad dada, por ello el m\u00e9todo es extremadamente importante, por cuanto representa los mecanismos que moldean al individuo seg\u00fan la forma prescrita con unos requerimientos sociales transformados en cualidades, y \u00bfcu\u00e1l es su necesidad o cualidad actual, seg\u00fan este gobierno?, las marcadas por <strong>la directriz de su amo, \u00abel capital\u00bb,<\/strong> este necesita mano de obra barata en la medida que se ajuste a su inter\u00e9s, unos asalariados que puedan manejar en las distintas facetas de la Industria, con una educaci\u00f3n espec\u00edfica para un fin concreto, el enriquecimiento de los de siempre.<\/p>\n<p style=\"text-align: justify;\"><strong>\u00abNecedades como esta son las que exaltan a esa bestia potente e inmensa que es el pueblo\u00bb\u00a0<\/strong> frase de <strong><em>Erasmo de Rotterdam, <\/em><\/strong>ya no estamos en el medievo y en cualquier momento se puede revertir el proceso.<\/p>\n<p style=\"text-align: justify;\"><strong>Publicado:<\/strong><\/p>\n<div><a href=\"http:\/\/es.globedia.com\/ahora-la-educacion-su-educacion\" target=\"_blank\" rel=\"noopener noreferrer\">http:\/\/es.globedia.com\/ahora-<wbr \/>la-educacion-su-educacion<\/a><\/div>\n<div><a href=\"http:\/\/www.periodistas-es.org\/correos-al-editor\/democracia-en-espana-ahora-la-educacion-su-educacion\" target=\"_blank\" rel=\"noopener noreferrer\">http:\/\/www.periodistas-es.org\/<wbr \/>correos-al-editor\/democracia-<wbr \/>en-espana-ahora-la-educacion-<wbr \/>su-educacion<\/a><\/div>\n<div><a href=\"http:\/\/www.alertadigital.com\/2012\/04\/01\/el-mito-de-al-andalus\/#comment-60163\" target=\"_blank\" rel=\"noopener noreferrer\">http:\/\/www.alertadigital.com\/<wbr \/>2012\/04\/01\/el-mito-de-al-<wbr \/>andalus\/#comment-60163<\/a><\/div>\n<div><a href=\"http:\/\/www.eldigitalcastillalamancha.es\/articulo_opinion.asp?idarticulo=108010&amp;idfirma=&amp;lugar=&amp;ant=\" target=\"_blank\" rel=\"noopener noreferrer\">http:\/\/www.<wbr \/>eldigitalcastillalamancha.es\/<wbr \/>articulo_opinion.asp?<wbr \/>idarticulo=108010&amp;idfirma=&amp;<wbr \/>lugar=&amp;ant=<\/a><\/div>\n<div><a href=\"http:\/\/www.hispanidad.com\/Cartas-director\/ahora-la-educacion-su-educacion-20120423-149482.html\" target=\"_blank\" rel=\"noopener noreferrer\">http:\/\/www.hispanidad.com\/<wbr \/>Cartas-director\/ahora-la-<wbr \/>educacion-su-educacion-<wbr \/>20120423-149482.html<\/a><\/div>\n<div><a href=\"http:\/\/www.leonoticias.com\/frontend\/leonoticias\/Ahora-La-Educacion-Su-Educacion-vn96720-vst232\" target=\"_blank\" rel=\"noopener noreferrer\">http:\/\/www.leonoticias.com\/<wbr \/>frontend\/leonoticias\/Ahora-La-<wbr \/>Educacion-Su-Educacion-<wbr \/>vn96720-vst232<\/a>\u00a0<span style=\"color: #3333ff;\"><strong><br \/>\n<\/strong><\/span><\/p>\n<div><a href=\"http:\/\/canariasinsurgente.typepad.com\/almacen\/2012\/04\/ahora-la-educaci%C3%B3n-su-educaci%C3%B3n.html#more\" target=\"_blank\" rel=\"noopener noreferrer\">http:\/\/canariasinsurgente.<wbr \/>typepad.com\/almacen\/2012\/04\/<wbr \/>ahora-la-educaci%C3%B3n-su-<wbr \/>educaci%C3%B3n.html#more<\/a><\/div>\n<div><a href=\"http:\/\/mas.lne.es\/cartasdeloslectores\/carta\/10167\/ahora-educacion-educacion.html\">http:\/\/mas.lne.es\/cartasdeloslectores\/carta\/10167\/ahora-educacion-educacion.html<\/a><\/div>\n<div><a href=\"http:\/\/www.deia.com\/2012\/05\/02\/opinion\/cartas-al-director\/su-educacion\">http:\/\/www.deia.com\/2012\/05\/02\/opinion\/cartas-al-director\/su-educacion<\/a><\/div>\n<\/div>\n<div><\/div>\n<div><\/div>\n<div class='shareinpost'><ul class=\"socialwrap row\"><li class=\"iconOnly\"><a  rel='nofollow'  target='_blank'  title='Recommend this post : Ahora la Educaci\u00f3n, \u00absu\u00bb Educaci\u00f3n on Facebook'  href='http:\/\/www.facebook.com\/sharer.php?u=https%3A%2F%2Fwww.vitrubio03.es%2F%3Fp%3D1874&amp;t=Ahora+la+Educaci%C3%B3n%2C+%C2%ABsu%C2%BB+Educaci%C3%B3n'  ><img  src='https:\/\/www.vitrubio03.es\/wp-content\/plugins\/share-and-follow\/images\/blank.gif'  height='32' width='32'  class='image-32' alt='facebook'  style='background: transparent url(https:\/\/www.vitrubio03.es\/wp-content\/plugins\/share-and-follow\/default\/32\/sprite-32.png) no-repeat;padding:0;margin:0;height:32px;width:32px;background-position:-363px 0px'   \/> <span class=\"head\">Recommend on Facebook<\/span><\/a><\/li><li class=\"iconOnly\"><a  rel='nofollow'  target='_blank'  title='Tweet this post : Ahora la Educaci\u00f3n, \u00absu\u00bb Educaci\u00f3n on Twitter'  href=\"http:\/\/twitter.com\/share?url=https%3A%2F%2Fwww.vitrubio03.es%2F%3Fp%3D1874&amp;text=Ahora+la+Educaci%C3%B3n%2C+%C2%ABsu%C2%BB+Educaci%C3%B3n+-+\"  ><img  src='https:\/\/www.vitrubio03.es\/wp-content\/plugins\/share-and-follow\/images\/blank.gif'  height='32' width='32'  class='image-32' alt='twitter'  style='background: transparent url(https:\/\/www.vitrubio03.es\/wp-content\/plugins\/share-and-follow\/default\/32\/sprite-32.png) no-repeat;padding:0;margin:0;height:32px;width:32px;background-position:-1749px 0px'   \/> <span class=\"head\">Tweet about it<\/span><\/a><\/li><li class=\"iconOnly\"><a  rel='nofollow'  target='_self'  title='Print this post : Ahora la Educaci\u00f3n, \u00absu\u00bb Educaci\u00f3n for reading later'  href='javascript:window.print();'  ><img  src='https:\/\/www.vitrubio03.es\/wp-content\/plugins\/share-and-follow\/images\/blank.gif'  height='32' width='32'  class='image-32' alt='print'  style='background: transparent url(https:\/\/www.vitrubio03.es\/wp-content\/plugins\/share-and-follow\/default\/32\/sprite-32.png) no-repeat;padding:0;margin:0;height:32px;width:32px;background-position:-1386px 0px'   \/> <span class=\"head\">Print for later<\/span><\/a><\/li><li class=\"iconOnly\"><a rel=\"_self\" href=\"mailto:?subject=Reflexiones%20propias%20:%20Ahora%20la%20Educaci\u00f3n,%20\u00absu\u00bb%20Educaci\u00f3n&amp;body=Te%20adjunto%20un%20enlace%20a%20un%20art\u00edculo.%20Espero%20que%20te%20guste%20%20https:\/\/www.vitrubio03.es\/?p=1874\" title=\"Tell a friend about this post : Ahora la Educaci\u00f3n, \u00absu\u00bb Educaci\u00f3n \"><img loading=\"lazy\" decoding=\"async\" src=\"https:\/\/www.vitrubio03.es\/wp-content\/plugins\/share-and-follow\/images\/blank.gif\" height=\"32\"  width=\"32\" style=\"background: transparent url(https:\/\/www.vitrubio03.es\/wp-content\/plugins\/share-and-follow\/default\/32\/sprite-32.png) no-repeat;padding:0;margin:0;height:32px;width:32px;background-position:-330px 0px\" class=\"image-32\"  alt=\"email\" \/> <span class=\"head\">Tell a friend<\/span><\/a><\/li><\/ul><div class=\"clean\"><\/div> <\/div>","protected":false},"excerpt":{"rendered":"<p>La pol\u00edtica debe ser tributaria de la educaci\u00f3n, porque la educaci\u00f3n supone independencia del poder espiritual con respecto del temporal, y la independencia de la autoridad intelectual respecto del poder pol\u00edtico,\u00a0pero este gobierno es un claro ejemplo de representaci\u00f3n pol\u00edtica &hellip; <a href=\"https:\/\/www.vitrubio03.es\/?p=1874\">Sigue leyendo <span class=\"meta-nav\">&rarr;<\/span><\/a><\/p>\n","protected":false},"author":2,"featured_media":0,"comment_status":"closed","ping_status":"closed","sticky":false,"template":"","format":"standard","meta":{"footnotes":""},"categories":[7,10],"tags":[42,16,19],"class_list":["post-1874","post","type-post","status-publish","format-standard","hentry","category-igualdad","category-nacional","tag-constitucion","tag-derechos","tag-globalizacion"],"_links":{"self":[{"href":"https:\/\/www.vitrubio03.es\/index.php?rest_route=\/wp\/v2\/posts\/1874","targetHints":{"allow":["GET"]}}],"collection":[{"href":"https:\/\/www.vitrubio03.es\/index.php?rest_route=\/wp\/v2\/posts"}],"about":[{"href":"https:\/\/www.vitrubio03.es\/index.php?rest_route=\/wp\/v2\/types\/post"}],"author":[{"embeddable":true,"href":"https:\/\/www.vitrubio03.es\/index.php?rest_route=\/wp\/v2\/users\/2"}],"replies":[{"embeddable":true,"href":"https:\/\/www.vitrubio03.es\/index.php?rest_route=%2Fwp%2Fv2%2Fcomments&post=1874"}],"version-history":[{"count":26,"href":"https:\/\/www.vitrubio03.es\/index.php?rest_route=\/wp\/v2\/posts\/1874\/revisions"}],"predecessor-version":[{"id":7635,"href":"https:\/\/www.vitrubio03.es\/index.php?rest_route=\/wp\/v2\/posts\/1874\/revisions\/7635"}],"wp:attachment":[{"href":"https:\/\/www.vitrubio03.es\/index.php?rest_route=%2Fwp%2Fv2%2Fmedia&parent=1874"}],"wp:term":[{"taxonomy":"category","embeddable":true,"href":"https:\/\/www.vitrubio03.es\/index.php?rest_route=%2Fwp%2Fv2%2Fcategories&post=1874"},{"taxonomy":"post_tag","embeddable":true,"href":"https:\/\/www.vitrubio03.es\/index.php?rest_route=%2Fwp%2Fv2%2Ftags&post=1874"}],"curies":[{"name":"wp","href":"https:\/\/api.w.org\/{rel}","templated":true}]}}