{"id":3399,"date":"2012-09-28T08:20:20","date_gmt":"2012-09-28T06:20:20","guid":{"rendered":"http:\/\/www.vitrubio03.es\/?p=3399"},"modified":"2020-09-15T19:54:42","modified_gmt":"2020-09-15T17:54:42","slug":"pleno-empleo-seguro","status":"publish","type":"post","link":"https:\/\/www.vitrubio03.es\/?p=3399","title":{"rendered":"Pleno empleo seguro"},"content":{"rendered":"<p style=\"text-align: justify;\" align=\"center\"><span style=\"text-align: justify;\">Al igual que la dictadura lo consigui\u00f3, Rajoy tambi\u00e9n lo conseguir\u00e1, con aqu\u00e9l fueron dos <a href=\"https:\/\/www.vitrubio03.es\/wp-content\/uploads\/2012\/09\/Despido.jpg\"><img loading=\"lazy\" decoding=\"async\" class=\"alignleft size-full wp-image-3400\" title=\"Despido\" src=\"https:\/\/www.vitrubio03.es\/wp-content\/uploads\/2012\/09\/Despido.jpg\" alt=\"\" width=\"209\" height=\"166\" \/><\/a>millones de emigrantes repartidos en todo el mundo, cerca del 17% de la poblaci\u00f3n activa, Rajoy superar\u00e1 a su maestro, por ahora hay ofertas para 100.000 enfermer@s que quiere contratar Arabia Saud\u00ed, Alemania reclama t\u00e9cnicos, EEUU quiere cient\u00edficos, \u00c1frica necesita cuadros intermedios, Latinoam\u00e9rica mano de obra cualificada, y con la expulsi\u00f3n de maestros, m\u00e9dicos, universitarios con final de carrera, sumar\u00e1n m\u00e1s de 6.000.000 que emigrar\u00e1n y, fin del paro.<!--more--><\/span><\/p>\n<p style=\"text-align: justify;\">Durante d\u00e9cadas Espa\u00f1a ha formado a todos, ahora Rajoy los desprecia, nuestra naci\u00f3n los necesita, pero a \u00e9l, qu\u00e9 m\u00e1s le da, repudia a nuestras mentes m\u00e1s claras, abandona la investigaci\u00f3n, prefiere pagar royalties a sus amos para que dependamos del exterior, en lugar de crear riqueza propia y exportable. prefiere \u00a0la mano de obra \u00a0abaratada con las reformas laborales para que la \u00a0empresa aqu\u00ed establecida tenga mayores beneficios. Es lo que deseaba el Capital, por eso apostaron por \u00e9l como dirigente, poniendo a trabajar su maquinaria propagand\u00edstica a todos los niveles.<\/p>\n<p style=\"text-align: justify;\">El Capital desde 1837, nos llevan acostumbrando a los p\u00e1nicos monetarios y crisis comerciales procedentes de la Bolsa de Nueva York, ocurri\u00f3 en 1891, 1929, 1973, 1987 , 2008 y la actual, desaparecen cientos de bancos absorbidos por las grades corporaciones bancarias. La Globalizaci\u00f3n es el \u00faltimo medio para que el engranaje de esta crisis empezase a funcionar con aranceles y prohibiciones casi suprimidos, los bienes extranjeros entran r\u00e1pidamente en el mercado local, afectando al empleo y los medios de subsistencia de miles de personas, estrategia para \u00aborientalizar\u00bb la mano de obra en precios y jornada de trabajo en cada pa\u00eds.<\/p>\n<p style=\"text-align: justify;\">Sin olvidarnos de la tremenda devastaci\u00f3n que las guerras por las materias primas ha causado, estas han reforzado y llevado al extremo lo que antes se hizo en menor escala. Si a todo ello a\u00f1adimos la inveros\u00edmil perdida de cultura y el atraso moral frente al siglo XIX con el abandono de la Ense\u00f1anza p\u00fablica, Sanidad y el Bienestar social, con la \u00fanica intenci\u00f3n privatizar todo por parte del Capital, con financiamiento a dirigentes id\u00f3neos para la consecuci\u00f3n final de sus intenciones comerciales. Logrando esa manifestaci\u00f3n secular, condicionada en primera instancia con el ascenso al poder del hombre-masa pol\u00edtico, fiel siervo que lleva acabo las pol\u00edticas econ\u00f3micas dictadas por el Mercado.<\/p>\n<p style=\"text-align: justify;\">Actualmente en los pa\u00edses donde m\u00e1s se est\u00e1 cebando estos ajustes econ\u00f3micos surgen manifestaciones en contra de sus gobiernos, mejor dicho \u00ab los lacayos de los financieros\u00bb, y en el momento de manifestarse en contra de este totalitarismo pseudo-fascista, pasan a ser calificados inmediatamente como antisistema, comunista, radical de izquierdas&#8230;, intentando confundir a la poblaci\u00f3n ocultando la realidad, esta no es otra que la demostrada por las acciones de los gobiernos, solo miran en una direcci\u00f3n y no precisamente a la ciudadan\u00eda, los pol\u00edticos actuales no nos representan, reclamamos otra forma de gobernanza, es necesario \u201cEl Estado participativo\u201d, donde la decisi\u00f3n ciudadana haga valer el inter\u00e9s general y no particular de los partidos pol\u00edticos, por supuesto \u00abno somos antisistema\u00bb, <strong>somos contrario a este sistema de representaci\u00f3n parlamentaria,<\/strong> que no es lo mismo, <strong>queremos una representaci\u00f3n real de la ciudadan\u00eda en el parlamento.<\/strong><\/p>\n<p><strong>Bibliograf\u00eda:<\/strong><\/p>\n<p>\u201cEl sistema de trabajo asalariado\u201d,\u00a0\u00a0<em>Engels<\/em><\/p>\n<p>\u201cHermano Hitler y otros escritos sobre la cuesti\u00f3n jud\u00eda\u201d,<em>\u00a0Thomas Mann<\/em><\/p>\n<p>\u201cLa riqueza de las Naciones\u201d,\u00a0\u00a0<em>Adam Smith\u00a0\u00a0<\/em><\/p>\n<p>\u201cLa rebeli\u00f3n de la masas\u201d,\u00a0<em>Ortega y Gasset<\/em><\/p>\n<p style=\"text-align: justify;\"><strong>Publicado en:<\/strong><\/p>\n<div><a href=\"http:\/\/es.globedia.com\/pleno-empleo-seguro\" target=\"_blank\" rel=\"noopener noreferrer\">http:\/\/es.globedia.com\/pleno-<wbr \/>empleo-seguro<\/a><\/div>\n<div><a href=\"http:\/\/fotos.hispavista.com\/albumdefotos\/album\/atuneros\" target=\"_blank\" rel=\"noopener noreferrer\">fotos.hispavista.com\/<wbr \/>albumdefotos\/album\/atuneros<\/a><\/div>\n<div><a href=\"http:\/\/www.periodistas-es.org\/correos-al-editor\/pleno-empleo-seguro\" target=\"_blank\" rel=\"noopener noreferrer\">http:\/\/www.periodistas-es.org\/<wbr \/>correos-al-editor\/pleno-<wbr \/>empleo-seguro<\/a><\/div>\n<div>\n<p><a href=\"http:\/\/www.canariassocial.com\/opinion\/item\/16297-pleno-empleo-seguro\" target=\"_blank\" rel=\"noopener noreferrer\">http:\/\/www.canariassocial.com\/<wbr \/>opinion\/item\/16297-pleno-<wbr \/>empleo-seguro<\/a><\/p>\n<p><a href=\"http:\/\/en.wasalive.com\/es\/jornada\" target=\"_blank\" rel=\"noopener noreferrer\">http:\/\/en.wasalive.com\/es\/<wbr \/>jornada<\/a>\/<a href=\"http:\/\/www.cronicapopular.es\/2012\/10\/con-rajoy-pleno-empleo-seguro\/\" target=\"_blank\" rel=\"noopener noreferrer\">Con Rajoy, pleno empleo seguro<\/a><\/p>\n<p><a href=\"http:\/\/www.infonortedigital.com\/portada\/component\/content\/article\/16879-pleno-empleo-seguro\" target=\"_blank\" rel=\"noopener noreferrer\">http:\/\/www.infonortedigital.<wbr \/>com\/portada\/component\/content\/<wbr \/>article\/16879-pleno-empleo-<wbr \/>seguro<\/a><\/p>\n<p><a href=\"http:\/\/mas.lne.es\/cartasdeloslectores\/carta\/11450\/pleno-empleo-seguro.html\" target=\"_blank\" rel=\"noopener noreferrer\">http:\/\/mas.lne.es\/<wbr \/>cartasdeloslectores\/carta\/<wbr \/>11450\/pleno-empleo-seguro.html<\/a><\/p>\n<p><a href=\"http:\/\/canariasinsurgente.typepad.com\/almacen\/2012\/10\/pleno-empleo-seguro.html#more\" target=\"_blank\" rel=\"noopener noreferrer\">http:\/\/canariasinsurgente.<wbr \/>typepad.com\/almacen\/2012\/10\/<wbr \/>pleno-empleo-seguro.html#more<\/a><\/p>\n<p><a href=\"http:\/\/www.elfarodigital.es\/blogs\/colaboradores\/107782-tambien-lo-conseguira.html\" target=\"_blank\" rel=\"noopener noreferrer\">http:\/\/www.elfarodigital.es\/<wbr \/>blogs\/colaboradores\/107782-<wbr \/>tambien-lo-conseguira.html<\/a><\/p>\n<p><a href=\"http:\/\/www.cronicapopular.es\/2012\/10\/con-rajoy-pleno-empleo-seguro\/\" target=\"_blank\" rel=\"noopener noreferrer\">http:\/\/www.cronicapopular.es\/<wbr \/>2012\/10\/con-rajoy-pleno-<wbr \/>empleo-seguro\/<\/a><\/p>\n<p><a href=\"http:\/\/www.tercerainformacion.es\/spip.php?article42100\" target=\"_blank\" rel=\"noopener noreferrer\">http:\/\/www.tercerainformacion.<wbr \/>es\/spip.php?article42100<\/a><\/p>\n<\/div>\n<div><a href=\"http:\/\/bitacoras.com\/anotaciones\/pleno-empleo-seguro\/30019438\" target=\"_blank\" rel=\"noopener noreferrer\">http:\/\/bitacoras.com\/<wbr \/>anotaciones\/pleno-empleo-<wbr \/>seguro\/30019438<\/a><\/div>\n<div><a href=\"http:\/\/plumaroja-plumaroja.blogspot.com.es\/2012\/10\/rajoy-condena-la-emigracion-los.html\" target=\"_blank\" rel=\"noopener noreferrer\">http:\/\/plumaroja-plumaroja.<wbr \/>blogspot.com.es\/2012\/10\/rajoy-<wbr \/>condena-la-emigracion-los.html<\/a><\/div>\n<div>Peri\u00f3dico Semanal esHora, 5 de Octubre del 2012<\/div>\n<div><a href=\"http:\/\/www.republica.com\/2012\/10\/08\/seis-de-cada-diez-autonomos-no-apoyaria-una-nueva-huelga-general-segun-ata_559343\/\">http:\/\/www.republica.com\/2012\/10\/08\/seis-de-cada-diez-autonomos-no-apoyaria-una-nueva-huelga-general-segun-ata_559343\/<\/a><\/div>\n<p style=\"text-align: justify;\">\n<div class='shareinpost'><ul class=\"socialwrap row\"><li class=\"iconOnly\"><a  rel='nofollow'  target='_blank'  title='Recommend this post : Pleno empleo seguro on Facebook'  href='http:\/\/www.facebook.com\/sharer.php?u=https%3A%2F%2Fwww.vitrubio03.es%2F%3Fp%3D3399&amp;t=Pleno+empleo+seguro'  ><img  src='https:\/\/www.vitrubio03.es\/wp-content\/plugins\/share-and-follow\/images\/blank.gif'  height='32' width='32'  class='image-32' alt='facebook'  style='background: transparent url(https:\/\/www.vitrubio03.es\/wp-content\/plugins\/share-and-follow\/default\/32\/sprite-32.png) no-repeat;padding:0;margin:0;height:32px;width:32px;background-position:-363px 0px'   \/> <span class=\"head\">Recommend on Facebook<\/span><\/a><\/li><li class=\"iconOnly\"><a  rel='nofollow'  target='_blank'  title='Tweet this post : Pleno empleo seguro on Twitter'  href=\"http:\/\/twitter.com\/share?url=https%3A%2F%2Fwww.vitrubio03.es%2F%3Fp%3D3399&amp;text=Pleno+empleo+seguro+-+\"  ><img  src='https:\/\/www.vitrubio03.es\/wp-content\/plugins\/share-and-follow\/images\/blank.gif'  height='32' width='32'  class='image-32' alt='twitter'  style='background: transparent url(https:\/\/www.vitrubio03.es\/wp-content\/plugins\/share-and-follow\/default\/32\/sprite-32.png) no-repeat;padding:0;margin:0;height:32px;width:32px;background-position:-1749px 0px'   \/> <span class=\"head\">Tweet about it<\/span><\/a><\/li><li class=\"iconOnly\"><a  rel='nofollow'  target='_self'  title='Print this post : Pleno empleo seguro for reading later'  href='javascript:window.print();'  ><img  src='https:\/\/www.vitrubio03.es\/wp-content\/plugins\/share-and-follow\/images\/blank.gif'  height='32' width='32'  class='image-32' alt='print'  style='background: transparent url(https:\/\/www.vitrubio03.es\/wp-content\/plugins\/share-and-follow\/default\/32\/sprite-32.png) no-repeat;padding:0;margin:0;height:32px;width:32px;background-position:-1386px 0px'   \/> <span class=\"head\">Print for later<\/span><\/a><\/li><li class=\"iconOnly\"><a rel=\"_self\" href=\"mailto:?subject=Reflexiones%20propias%20:%20Pleno%20empleo%20seguro&amp;body=Te%20adjunto%20un%20enlace%20a%20un%20art\u00edculo.%20Espero%20que%20te%20guste%20%20https:\/\/www.vitrubio03.es\/?p=3399\" title=\"Tell a friend about this post : Pleno empleo seguro \"><img loading=\"lazy\" decoding=\"async\" src=\"https:\/\/www.vitrubio03.es\/wp-content\/plugins\/share-and-follow\/images\/blank.gif\" height=\"32\"  width=\"32\" style=\"background: transparent url(https:\/\/www.vitrubio03.es\/wp-content\/plugins\/share-and-follow\/default\/32\/sprite-32.png) no-repeat;padding:0;margin:0;height:32px;width:32px;background-position:-330px 0px\" class=\"image-32\"  alt=\"email\" \/> <span class=\"head\">Tell a friend<\/span><\/a><\/li><\/ul><div class=\"clean\"><\/div> <\/div>","protected":false},"excerpt":{"rendered":"<p>Al igual que la dictadura lo consigui\u00f3, Rajoy tambi\u00e9n lo conseguir\u00e1, con aqu\u00e9l fueron dos millones de emigrantes repartidos en todo el mundo, cerca del 17% de la poblaci\u00f3n activa, Rajoy superar\u00e1 a su maestro, por ahora hay ofertas para &hellip; <a href=\"https:\/\/www.vitrubio03.es\/?p=3399\">Sigue leyendo <span class=\"meta-nav\">&rarr;<\/span><\/a><\/p>\n","protected":false},"author":2,"featured_media":0,"comment_status":"closed","ping_status":"closed","sticky":false,"template":"","format":"standard","meta":{"footnotes":""},"categories":[58,4,10],"tags":[42,16,19,32,31],"class_list":["post-3399","post","type-post","status-publish","format-standard","hentry","category-15-m","category-emigracion","category-nacional","tag-constitucion","tag-derechos","tag-globalizacion","tag-los-progresistas","tag-piensa"],"_links":{"self":[{"href":"https:\/\/www.vitrubio03.es\/index.php?rest_route=\/wp\/v2\/posts\/3399","targetHints":{"allow":["GET"]}}],"collection":[{"href":"https:\/\/www.vitrubio03.es\/index.php?rest_route=\/wp\/v2\/posts"}],"about":[{"href":"https:\/\/www.vitrubio03.es\/index.php?rest_route=\/wp\/v2\/types\/post"}],"author":[{"embeddable":true,"href":"https:\/\/www.vitrubio03.es\/index.php?rest_route=\/wp\/v2\/users\/2"}],"replies":[{"embeddable":true,"href":"https:\/\/www.vitrubio03.es\/index.php?rest_route=%2Fwp%2Fv2%2Fcomments&post=3399"}],"version-history":[{"count":16,"href":"https:\/\/www.vitrubio03.es\/index.php?rest_route=\/wp\/v2\/posts\/3399\/revisions"}],"predecessor-version":[{"id":7230,"href":"https:\/\/www.vitrubio03.es\/index.php?rest_route=\/wp\/v2\/posts\/3399\/revisions\/7230"}],"wp:attachment":[{"href":"https:\/\/www.vitrubio03.es\/index.php?rest_route=%2Fwp%2Fv2%2Fmedia&parent=3399"}],"wp:term":[{"taxonomy":"category","embeddable":true,"href":"https:\/\/www.vitrubio03.es\/index.php?rest_route=%2Fwp%2Fv2%2Fcategories&post=3399"},{"taxonomy":"post_tag","embeddable":true,"href":"https:\/\/www.vitrubio03.es\/index.php?rest_route=%2Fwp%2Fv2%2Ftags&post=3399"}],"curies":[{"name":"wp","href":"https:\/\/api.w.org\/{rel}","templated":true}]}}