{"id":3418,"date":"2012-10-02T20:43:15","date_gmt":"2012-10-02T18:43:15","guid":{"rendered":"http:\/\/www.vitrubio03.es\/?p=3418"},"modified":"2020-10-08T12:14:48","modified_gmt":"2020-10-08T10:14:48","slug":"gracias-dolores","status":"publish","type":"post","link":"https:\/\/www.vitrubio03.es\/?p=3418","title":{"rendered":"Gracias Dolores"},"content":{"rendered":"<p style=\"text-align: justify;\">Espa\u00f1a fue la naci\u00f3n que inici\u00f3 el parlamentarismo en Europa. Se discute si en 1160 <a href=\"https:\/\/www.vitrubio03.es\/wp-content\/uploads\/2012\/10\/descarga.jpg\"><img loading=\"lazy\" decoding=\"async\" class=\"alignleft size-full wp-image-3419\" title=\"descarga\" src=\"https:\/\/www.vitrubio03.es\/wp-content\/uploads\/2012\/10\/descarga.jpg\" alt=\"\" width=\"278\" height=\"181\" \/><\/a>ya hubo Cortes en Castilla, pero es indiscutible que hubo representaci\u00f3n parlamentaria en las llamadas Cortes de Le\u00f3n del a\u00f1o 1188. Posteriormente seguir\u00edan las Cortes de Arag\u00f3n, y la de Inglaterra con la Carta Magna en 1215. <!--more--><\/p>\n<p style=\"text-align: justify;\"><strong>Competencias de las Cortes:<\/strong><\/p>\n<p style=\"text-align: justify;\"><strong><em>&#8211; Petici\u00f3n de leyes<\/em> <\/strong>(aprobaci\u00f3n de las leyes para ser firmadas y promulgadas por el rey).<br \/>\n<strong><em>&#8211; Concesi\u00f3n del<\/em>\u00a0<em>donativo<\/em>\u00a0o\u00a0<em>servicio<\/em><\/strong> (aprobaci\u00f3n de los impuestos, que era para lo que las convocaba el rey).<br \/>\n<strong><em>&#8211; Reparo de agravios<\/em>,<\/strong> previa a todo lo anterior (reclamaci\u00f3n contra las transgresiones de las leyes: contrafueros).<\/p>\n<p style=\"text-align: justify;\"><strong>Las cortes estaban constituidas por tres estamentos:<\/strong><\/p>\n<p style=\"text-align: justify;\"><strong><em>&#8211; El Rey. y los Privilegiados: <\/em><\/strong>clero y la nobleza.\u00a0<em>No privilegiados:\u00a0<\/em>representantes de las ciudades.<\/p>\n<p style=\"text-align: justify;\">Los privilegiados aparecen como un di\u00e1logo entre el rey y la curia, por un lado, y los representantes de las ciudades y villas por otro, sin oposici\u00f3n a que cada estamento se consolide por separado. La incorporaci\u00f3n de elementos populares o ciudadanos responde s\u00f3lo a necesidades econ\u00f3micas. Los se\u00f1ores de las ciudades eran los que pose\u00edancaballo y manutenci\u00f3n propia.<\/p>\n<p style=\"text-align: justify;\"><strong>Has vuelto a tus or\u00edgenes Dolores (de Cospedal),<\/strong> eres madrile\u00f1a, tus ancestros de Albacete, espero que los anteriores de tus ancestros provengan de Castilla, ya que Albacete, seg\u00fan se estudiaba en 1960 formaba provincia con Murcia.<\/p>\n<p style=\"text-align: justify;\">Todo lo dem\u00e1s muy bien Dolores, t\u00fa como reina, los capitalistas, como nobleza y los elegidos mediante votaci\u00f3n, que tengan caballo y manutenci\u00f3n propia. Simil a tu pretensi\u00f3n, que los representantes de las cortes sean personas pudientes y prebendas.<\/p>\n<p style=\"text-align: justify;\">Digna representaci\u00f3n medieval; s\u00f3lo iban a las cortes quien ten\u00eda posibles y arreglaban sus cosas, hoy como ayer, s\u00ed se\u00f1or, el PP se ha quitado la careta. No nos has querido privar, y demostrar a las Espa\u00f1as, como dec\u00eda El Quijote, la pretensi\u00f3n del partido de la cual eres secretaria general, volver atr\u00e1s, pero \u00a1co\u00f1o! mod\u00e9rate, el salto ha sido brutal, tal vez los vasallos actuales no podamos digerir tantos a\u00f1os de golpe.<\/p>\n<p style=\"text-align: justify;\"><strong>Publicado en:<\/strong><\/p>\n<p><a href=\"http:\/\/es.globedia.com\/gracias-dolores\" target=\"_blank\" rel=\"noopener noreferrer\">http:\/\/es.globedia.com\/<wbr \/>gracias-dolores<\/a><\/p>\n<p><a href=\"http:\/\/www.financierodigital.es\/cartas\/Dolores-JOSE-ENRIQUE-CENTEN-MARTIN_0_1261074047.html\" target=\"_blank\" rel=\"noopener noreferrer\">http:\/\/www.financierodigital.<wbr \/>es\/cartas\/Dolores-JOSE-<wbr \/>ENRIQUE-CENTEN-MARTIN_0_<wbr \/>1261074047.html<\/a><\/p>\n<p><a href=\"http:\/\/mas.lne.es\/cartasdeloslectores\/carta\/11482\/gracias-dolores.html\" target=\"_blank\" rel=\"noopener noreferrer\">http:\/\/mas.lne.es\/<wbr \/>cartasdeloslectores\/carta\/<wbr \/>11482\/gracias-dolores.html<\/a><\/p>\n<p><a href=\"http:\/\/www.infonortedigital.com\/portada\/component\/content\/article\/16966-gracias-dolores\" target=\"_blank\" rel=\"noopener noreferrer\">http:\/\/www.infonortedigital.<wbr \/>com\/portada\/component\/content\/<wbr \/>article\/16966-gracias-dolores<\/a><\/p>\n<p><a href=\"http:\/\/www.canariassocial.com\/opinion\/item\/16322-gracias-dolores\" target=\"_blank\" rel=\"noopener noreferrer\">http:\/\/www.canariassocial.com\/<wbr \/>opinion\/item\/16322-gracias-<wbr \/>dolores<\/a><\/p>\n<p><a href=\"http:\/\/www.estrelladigital.es\/cartas\/Dolores-JOSE-ENRIQUE-CENTEN-MARTIN_0_1261074047.html\" target=\"_blank\" rel=\"noopener noreferrer\">http:\/\/www.estrelladigital.es\/<wbr \/>cartas\/Dolores-JOSE-ENRIQUE-<wbr \/>CENTEN-MARTIN_0_1261074047.<wbr \/>html<\/a><\/p>\n<p><a href=\"http:\/\/www.diariocordoba.com\/noticias\/opinion\/cartas-director_750425.html\" target=\"_blank\" rel=\"noopener noreferrer\">http:\/\/www.diariocordoba.com\/<wbr \/>noticias\/opinion\/cartas-<wbr \/>director_750425.html<\/a><\/p>\n<p><a href=\"http:\/\/www.periodistas-es.org\/correos-al-editor\/castilla-la-mancha-gracias-dolores\" target=\"_blank\" rel=\"noopener noreferrer\">http:\/\/www.periodistas-es.org\/<wbr \/>correos-al-editor\/castilla-la-<wbr \/>mancha-gracias-dolores<\/a><\/p>\n<p><a href=\"http:\/\/laquiniela.com\/noticias\/16\/\" target=\"_blank\" rel=\"noopener noreferrer\">http:\/\/laquiniela.com\/<wbr \/>noticias\/16\/<\/a><\/p>\n<p><a href=\"http:\/\/www.tercerainformacion.es\/spip.php?article42340\">http:\/\/www.tercerainformacion.es\/spip.php?article42340<\/a><\/p>\n<div class='shareinpost'><ul class=\"socialwrap row\"><li class=\"iconOnly\"><a  rel='nofollow'  target='_blank'  title='Recommend this post : Gracias Dolores on Facebook'  href='http:\/\/www.facebook.com\/sharer.php?u=https%3A%2F%2Fwww.vitrubio03.es%2F%3Fp%3D3418&amp;t=Gracias+Dolores'  ><img  src='https:\/\/www.vitrubio03.es\/wp-content\/plugins\/share-and-follow\/images\/blank.gif'  height='32' width='32'  class='image-32' alt='facebook'  style='background: transparent url(https:\/\/www.vitrubio03.es\/wp-content\/plugins\/share-and-follow\/default\/32\/sprite-32.png) no-repeat;padding:0;margin:0;height:32px;width:32px;background-position:-363px 0px'   \/> <span class=\"head\">Recommend on Facebook<\/span><\/a><\/li><li class=\"iconOnly\"><a  rel='nofollow'  target='_blank'  title='Tweet this post : Gracias Dolores on Twitter'  href=\"http:\/\/twitter.com\/share?url=https%3A%2F%2Fwww.vitrubio03.es%2F%3Fp%3D3418&amp;text=Gracias+Dolores+-+\"  ><img  src='https:\/\/www.vitrubio03.es\/wp-content\/plugins\/share-and-follow\/images\/blank.gif'  height='32' width='32'  class='image-32' alt='twitter'  style='background: transparent url(https:\/\/www.vitrubio03.es\/wp-content\/plugins\/share-and-follow\/default\/32\/sprite-32.png) no-repeat;padding:0;margin:0;height:32px;width:32px;background-position:-1749px 0px'   \/> <span class=\"head\">Tweet about it<\/span><\/a><\/li><li class=\"iconOnly\"><a  rel='nofollow'  target='_self'  title='Print this post : Gracias Dolores for reading later'  href='javascript:window.print();'  ><img  src='https:\/\/www.vitrubio03.es\/wp-content\/plugins\/share-and-follow\/images\/blank.gif'  height='32' width='32'  class='image-32' alt='print'  style='background: transparent url(https:\/\/www.vitrubio03.es\/wp-content\/plugins\/share-and-follow\/default\/32\/sprite-32.png) no-repeat;padding:0;margin:0;height:32px;width:32px;background-position:-1386px 0px'   \/> <span class=\"head\">Print for later<\/span><\/a><\/li><li class=\"iconOnly\"><a rel=\"_self\" href=\"mailto:?subject=Reflexiones%20propias%20:%20Gracias%20Dolores&amp;body=Te%20adjunto%20un%20enlace%20a%20un%20art\u00edculo.%20Espero%20que%20te%20guste%20%20https:\/\/www.vitrubio03.es\/?p=3418\" title=\"Tell a friend about this post : Gracias Dolores \"><img loading=\"lazy\" decoding=\"async\" src=\"https:\/\/www.vitrubio03.es\/wp-content\/plugins\/share-and-follow\/images\/blank.gif\" height=\"32\"  width=\"32\" style=\"background: transparent url(https:\/\/www.vitrubio03.es\/wp-content\/plugins\/share-and-follow\/default\/32\/sprite-32.png) no-repeat;padding:0;margin:0;height:32px;width:32px;background-position:-330px 0px\" class=\"image-32\"  alt=\"email\" \/> <span class=\"head\">Tell a friend<\/span><\/a><\/li><\/ul><div class=\"clean\"><\/div> <\/div>","protected":false},"excerpt":{"rendered":"<p>Espa\u00f1a fue la naci\u00f3n que inici\u00f3 el parlamentarismo en Europa. Se discute si en 1160 ya hubo Cortes en Castilla, pero es indiscutible que hubo representaci\u00f3n parlamentaria en las llamadas Cortes de Le\u00f3n del a\u00f1o 1188. Posteriormente seguir\u00edan las Cortes &hellip; <a href=\"https:\/\/www.vitrubio03.es\/?p=3418\">Sigue leyendo <span class=\"meta-nav\">&rarr;<\/span><\/a><\/p>\n","protected":false},"author":2,"featured_media":0,"comment_status":"closed","ping_status":"closed","sticky":false,"template":"","format":"standard","meta":{"footnotes":""},"categories":[34,57],"tags":[42,17,31],"class_list":["post-3418","post","type-post","status-publish","format-standard","hentry","category-historia","category-las-derechas","tag-constitucion","tag-elecciones","tag-piensa"],"_links":{"self":[{"href":"https:\/\/www.vitrubio03.es\/index.php?rest_route=\/wp\/v2\/posts\/3418","targetHints":{"allow":["GET"]}}],"collection":[{"href":"https:\/\/www.vitrubio03.es\/index.php?rest_route=\/wp\/v2\/posts"}],"about":[{"href":"https:\/\/www.vitrubio03.es\/index.php?rest_route=\/wp\/v2\/types\/post"}],"author":[{"embeddable":true,"href":"https:\/\/www.vitrubio03.es\/index.php?rest_route=\/wp\/v2\/users\/2"}],"replies":[{"embeddable":true,"href":"https:\/\/www.vitrubio03.es\/index.php?rest_route=%2Fwp%2Fv2%2Fcomments&post=3418"}],"version-history":[{"count":15,"href":"https:\/\/www.vitrubio03.es\/index.php?rest_route=\/wp\/v2\/posts\/3418\/revisions"}],"predecessor-version":[{"id":7514,"href":"https:\/\/www.vitrubio03.es\/index.php?rest_route=\/wp\/v2\/posts\/3418\/revisions\/7514"}],"wp:attachment":[{"href":"https:\/\/www.vitrubio03.es\/index.php?rest_route=%2Fwp%2Fv2%2Fmedia&parent=3418"}],"wp:term":[{"taxonomy":"category","embeddable":true,"href":"https:\/\/www.vitrubio03.es\/index.php?rest_route=%2Fwp%2Fv2%2Fcategories&post=3418"},{"taxonomy":"post_tag","embeddable":true,"href":"https:\/\/www.vitrubio03.es\/index.php?rest_route=%2Fwp%2Fv2%2Ftags&post=3418"}],"curies":[{"name":"wp","href":"https:\/\/api.w.org\/{rel}","templated":true}]}}