{"id":3437,"date":"2012-10-06T14:12:24","date_gmt":"2012-10-06T12:12:24","guid":{"rendered":"http:\/\/www.vitrubio03.es\/?p=3437"},"modified":"2020-08-22T19:10:45","modified_gmt":"2020-08-22T17:10:45","slug":"criminalizan-las-protestas","status":"publish","type":"post","link":"https:\/\/www.vitrubio03.es\/?p=3437","title":{"rendered":"Criminalizan las protestas"},"content":{"rendered":"<p style=\"text-align: justify;\">La multitud asalariada se levanta contra el gobernante y los parlamentarios, no <a href=\"https:\/\/www.vitrubio03.es\/wp-content\/uploads\/2012\/10\/delito.jpg\"><img loading=\"lazy\" decoding=\"async\" class=\" wp-image-7061 alignleft\" src=\"https:\/\/www.vitrubio03.es\/wp-content\/uploads\/2012\/10\/delito.jpg\" alt=\"\" width=\"152\" height=\"197\" \/><\/a>siempre por\u00a0sus excesos tir\u00e1nicos al uso, sino por una causa inconsciente pero totalmente real: la escasez y la penuria, donde los han llevado con su pol\u00edtica econ\u00f3mica provocada por la presi\u00f3n de la indigencia sobre los parados y asalariados, atribuyendo sus causas al gobernante como guardi\u00e1n del despotismo. Donde el Gobierno tend\u00eda a ponerse una venda en los ojos o mirar en otra direcci\u00f3n, en lugar de representar a la ciudadan\u00eda.<\/p>\n<p style=\"text-align: justify;\"><!--more--><\/p>\n<p style=\"text-align: justify;\">Estos gobiernos y muchos de los parlamentarios, se encuentran enteramente a merced del Capital, poder an\u00f3nimo e inhumano como fuerza ciega que crea trabajo o lo niega en tiempo de crisis, a merced de \u00e9l tambi\u00e9n al poseer indirectamente la vida del trabajador a trav\u00e9s del empleo que puede darle o quitarle. Cuando la obligaci\u00f3n de los gobernantes y parlamentarios elegidos democr\u00e1ticamente es ser garantes del bienestar social de toda la naci\u00f3n, no solo de una minor\u00eda, entre los que se encuentran ellos.<\/p>\n<p style=\"text-align: justify;\">Por la actitud de estos gobernantes traidores a la confianza depositada en ellos, los parados y asalariados est\u00e1n en su derecho en eliminar esta enajenaci\u00f3n a la que est\u00e1n sometidos. Pretenden que\u00a0los ciudadanos\u00a0seamos vasallos del patr\u00f3n con sus propuestas laborales, al igual que los siervos del medievo, ellos estaban atados al terreno en que viv\u00edan y deb\u00edan trabajar varios d\u00edas a la semana para su se\u00f1or, de quien recib\u00edan una protecci\u00f3n a veces hipot\u00e9tica, y al que estaban sometidos en t\u00e9rminos absolutos, ya que su propio amo era el que administraba justicia.\u00a0Actualmente pretenden lo mismo con todo acto o manifestaci\u00f3n, donde la ciudadan\u00eda muestra su disconformidad reclamando a sus gobernantes que miren en inter\u00e9s general y no en el de las grandes corporaciones.<\/p>\n<p style=\"text-align: justify;\">Pretenden incluso reformar la constituci\u00f3n en su art\u00edculo 21, para criminalizar las protestas\u00a0y manifestaciones pac\u00edficas,\u00a0cuando los criminales son el gobierno y los parlamentarios que les secundan, al dejar en el paro y en la indigencia a millones de personas, permitiendo a los bancos el desahucio de viviendas y seguir pagando la deuda, por los intereses de usura que aplican, negando la asistencia m\u00e9dica si llevas m\u00e1s de dos a\u00f1os\u00a0en paro. Criminal es el gobierno y partidos pol\u00edticos actuales, por dejaci\u00f3n, al permitir la expulsi\u00f3n de funcionarios, maestros, m\u00e9dicos, enfermeros, agentes sociales, para engrosar el paro y acabar con el bienestar social. Pero nombran a infinidad de asesores y altos cargos con sueldos que representan m\u00e1s de cinco veces al sueldo de los cada uno de los maestros, funcionarios y los partidos pol\u00edticos que\u00a0presuntamente\u00a0est\u00e1n en contra de estas medidas, callan, no secundan, ni est\u00e1n en estas protestas, o son capaces de banalizar las justas reivindicaciones manifestando que ellos ocupan o acosan el Congreso desde dentro, por esta y otras declaraciones parlamentarias, se desconf\u00eda de ellos.<\/p>\n<p style=\"text-align: justify;\">La forma de actuar de nuestros pol\u00edticos, hace vigente el discurso de Charles Chaplin en el \u00abEl gran dictador\u00bb<em>,<\/em>\u00a0<em>la avaricia\u00a0ha envenenado las almas de los hombres, ha levantado en el mundo barricadas de odio, nos ha llevado al paso de la oca, a la miseria y a la matanza. Hemos aumentado la velocidad. Pero nos hemos encerrado nosotros mismos dentro de ella. La maquinaria, que proporciona abundancia, nos ha dejado en la indigencia. Nuestra ciencia nos ha hecho c\u00ednicos; nuestra inteligencia, duros y faltos de sentimientos.\u00a0<\/em><\/p>\n<p style=\"text-align: justify;\">Estos gobiernos juntos a los parlamentarios que act\u00faan a espaldas de sus votantes, es el objetivo de las protestas y manifestaciones. Exigimos una nueva representaci\u00f3n real de la ciudadan\u00eda, un <strong>Estado participativo<\/strong>, donde tengamos voz adem\u00e1s de voto.<\/p>\n<p>&nbsp;<\/p>\n<h5><strong>Publicado en:<\/strong><\/h5>\n<div><span style=\"color: #ff0000;\">Peri\u00f3dico Semanal esHora, 5 de Octubre del 2012<\/span><\/div>\n<div><a href=\"http:\/\/www.infonortedigital.com\/portada\/component\/content\/article\/17044-criminalizan-las-protestas\" target=\"_blank\" rel=\"noopener noreferrer\">http:\/\/www.infonortedigital.<wbr \/>com\/portada\/component\/content\/<wbr \/>article\/17044-criminalizan-<wbr \/>las-protestas<\/a><\/div>\n<div><a href=\"http:\/\/www.eldigitalcastillalamancha.es\/cartasaldirector.html\" target=\"_blank\" rel=\"noopener noreferrer\">http:\/\/www.<wbr \/>eldigitalcastillalamancha.es\/<wbr \/>cartasaldirector.html<\/a><\/div>\n<div><a href=\"http:\/\/www.periodistas-es.org\/correos-al-editor\/democracia-en-espana-criminalizan-las-protestas\" target=\"_blank\" rel=\"noopener noreferrer\">http:\/\/www.periodistas-es.org\/<wbr \/>correos-al-editor\/democracia-<wbr \/>en-espana-criminalizan-las-<wbr \/>protestas<\/a><\/div>\n<div><a href=\"http:\/\/es.globedia.com\/criminalizan-las-protestas\" target=\"_blank\" rel=\"noopener noreferrer\">http:\/\/es.globedia.com\/<wbr \/>criminalizan-las-protestas<\/a><\/div>\n<div>\n<p><span style=\"font-family: Arial;\"><a href=\"http:\/\/www.publico.es\/espana\/443540\/la-junta-electoral-gallega-prohibe-las-marchas-de-orense-y-pontevedra%20comentario%2087\" target=\"_blank\" rel=\"noopener noreferrer\">http:\/\/www.publico.es\/espana\/<wbr \/>443540\/la-junta-electoral-<wbr \/>gallega-prohibe-las-marchas-<wbr \/>de-orense-y-pontevedra comentario 87<\/a><\/span><\/p>\n<p><a href=\"http:\/\/www.tercerainformacion.es\/spip.php?article42411\" target=\"_blank\" rel=\"noopener noreferrer\">http:\/\/www.tercerainformacion.<wbr \/>es\/spip.php?article42411<\/a><\/p>\n<p><a href=\"http:\/\/vocesdel99.wordpress.com\/...\/hombres-de-negocios-y-paises-extranje\" target=\"_blank\" rel=\"noopener noreferrer\">vocesdel99.wordpress.com\/&#8230;\/<wbr \/>hombres-de-negocios-y-paises-<wbr \/>extranje<\/a>..<\/p>\n<p><a href=\"http:\/\/mas.lne.es\/cartasdeloslectores\/carta\/11516\/criminalizan-protestas.html\" target=\"_blank\" rel=\"noopener noreferrer\">http:\/\/mas.lne.es\/<wbr \/>cartasdeloslectores\/carta\/<wbr \/>11516\/criminalizan-protestas.<wbr \/>html<\/a><\/p>\n<p><a href=\"http:\/\/www.leonoticias.com\/frontend\/leonoticias\/Criminalizan-Las-Protestas-vn106348-vst232\" target=\"_blank\" rel=\"noopener noreferrer\">http:\/\/www.leonoticias.com\/<wbr \/>frontend\/leonoticias\/<wbr \/>Criminalizan-Las-Protestas-<wbr \/>vn106348-vst232<\/a><\/p>\n<p><a href=\"http:\/\/www.cronicapopular.es\/2012\/10\/criminalizan-las-protestas\/\" target=\"_blank\" rel=\"noopener noreferrer\">http:\/\/www.cronicapopular.es\/<wbr \/>2012\/10\/criminalizan-las-<wbr \/>protestas\/<\/a><\/p>\n<p><a href=\"http:\/\/www.loquesomos.org\/index.php?option=com_content&amp;view=article&amp;id=5427%3Acriminalizan-las-protestas&amp;catid=35%3Aagora-del-pueblo&amp;Itemid=68&amp;lang=es\" target=\"_blank\" rel=\"noopener noreferrer\">http:\/\/www.loquesomos.org\/<wbr \/>index.php?option=com_content&amp;<wbr \/>view=article&amp;id=5427%<wbr \/>3Acriminalizan-las-protestas&amp;<wbr \/>catid=35%3Aagora-del-pueblo&amp;<wbr \/>Itemid=68&amp;lang=es<\/a><\/p>\n<p><a href=\"http:\/\/www.elfarodigital.es\/blogs\/colaboradores\/108546-criminalizan-las-protestas.html\" target=\"_blank\" rel=\"noopener noreferrer\">http:\/\/www.elfarodigital.es\/<wbr \/>blogs\/colaboradores\/108546-<wbr \/>criminalizan-las-protestas.<wbr \/>html<\/a><\/p>\n<\/div>\n<div><\/div>\n<p><strong>\u00a0<\/strong><\/p>\n<p><strong>\u00a0<\/strong><\/p>\n<p><strong>\u00a0<\/strong><\/p>\n<div class='shareinpost'><ul class=\"socialwrap row\"><li class=\"iconOnly\"><a  rel='nofollow'  target='_blank'  title='Recommend this post : Criminalizan las protestas on Facebook'  href='http:\/\/www.facebook.com\/sharer.php?u=https%3A%2F%2Fwww.vitrubio03.es%2F%3Fp%3D3437&amp;t=Criminalizan+las+protestas'  ><img  src='https:\/\/www.vitrubio03.es\/wp-content\/plugins\/share-and-follow\/images\/blank.gif'  height='32' width='32'  class='image-32' alt='facebook'  style='background: transparent url(https:\/\/www.vitrubio03.es\/wp-content\/plugins\/share-and-follow\/default\/32\/sprite-32.png) no-repeat;padding:0;margin:0;height:32px;width:32px;background-position:-363px 0px'   \/> <span class=\"head\">Recommend on Facebook<\/span><\/a><\/li><li class=\"iconOnly\"><a  rel='nofollow'  target='_blank'  title='Tweet this post : Criminalizan las protestas on Twitter'  href=\"http:\/\/twitter.com\/share?url=https%3A%2F%2Fwww.vitrubio03.es%2F%3Fp%3D3437&amp;text=Criminalizan+las+protestas+-+\"  ><img  src='https:\/\/www.vitrubio03.es\/wp-content\/plugins\/share-and-follow\/images\/blank.gif'  height='32' width='32'  class='image-32' alt='twitter'  style='background: transparent url(https:\/\/www.vitrubio03.es\/wp-content\/plugins\/share-and-follow\/default\/32\/sprite-32.png) no-repeat;padding:0;margin:0;height:32px;width:32px;background-position:-1749px 0px'   \/> <span class=\"head\">Tweet about it<\/span><\/a><\/li><li class=\"iconOnly\"><a  rel='nofollow'  target='_self'  title='Print this post : Criminalizan las protestas for reading later'  href='javascript:window.print();'  ><img  src='https:\/\/www.vitrubio03.es\/wp-content\/plugins\/share-and-follow\/images\/blank.gif'  height='32' width='32'  class='image-32' alt='print'  style='background: transparent url(https:\/\/www.vitrubio03.es\/wp-content\/plugins\/share-and-follow\/default\/32\/sprite-32.png) no-repeat;padding:0;margin:0;height:32px;width:32px;background-position:-1386px 0px'   \/> <span class=\"head\">Print for later<\/span><\/a><\/li><li class=\"iconOnly\"><a rel=\"_self\" href=\"mailto:?subject=Reflexiones%20propias%20:%20Criminalizan%20las%20protestas&amp;body=Te%20adjunto%20un%20enlace%20a%20un%20art\u00edculo.%20Espero%20que%20te%20guste%20%20https:\/\/www.vitrubio03.es\/?p=3437\" title=\"Tell a friend about this post : Criminalizan las protestas \"><img loading=\"lazy\" decoding=\"async\" src=\"https:\/\/www.vitrubio03.es\/wp-content\/plugins\/share-and-follow\/images\/blank.gif\" height=\"32\"  width=\"32\" style=\"background: transparent url(https:\/\/www.vitrubio03.es\/wp-content\/plugins\/share-and-follow\/default\/32\/sprite-32.png) no-repeat;padding:0;margin:0;height:32px;width:32px;background-position:-330px 0px\" class=\"image-32\"  alt=\"email\" \/> <span class=\"head\">Tell a friend<\/span><\/a><\/li><\/ul><div class=\"clean\"><\/div> <\/div>","protected":false},"excerpt":{"rendered":"<p>La multitud asalariada se levanta contra el gobernante y los parlamentarios, no siempre por\u00a0sus excesos tir\u00e1nicos al uso, sino por una causa inconsciente pero totalmente real: la escasez y la penuria, donde los han llevado con su pol\u00edtica econ\u00f3mica provocada &hellip; <a href=\"https:\/\/www.vitrubio03.es\/?p=3437\">Sigue leyendo <span class=\"meta-nav\">&rarr;<\/span><\/a><\/p>\n","protected":false},"author":2,"featured_media":0,"comment_status":"closed","ping_status":"closed","sticky":false,"template":"","format":"standard","meta":{"footnotes":""},"categories":[58,10],"tags":[16,32],"class_list":["post-3437","post","type-post","status-publish","format-standard","hentry","category-15-m","category-nacional","tag-derechos","tag-los-progresistas"],"_links":{"self":[{"href":"https:\/\/www.vitrubio03.es\/index.php?rest_route=\/wp\/v2\/posts\/3437","targetHints":{"allow":["GET"]}}],"collection":[{"href":"https:\/\/www.vitrubio03.es\/index.php?rest_route=\/wp\/v2\/posts"}],"about":[{"href":"https:\/\/www.vitrubio03.es\/index.php?rest_route=\/wp\/v2\/types\/post"}],"author":[{"embeddable":true,"href":"https:\/\/www.vitrubio03.es\/index.php?rest_route=\/wp\/v2\/users\/2"}],"replies":[{"embeddable":true,"href":"https:\/\/www.vitrubio03.es\/index.php?rest_route=%2Fwp%2Fv2%2Fcomments&post=3437"}],"version-history":[{"count":12,"href":"https:\/\/www.vitrubio03.es\/index.php?rest_route=\/wp\/v2\/posts\/3437\/revisions"}],"predecessor-version":[{"id":7063,"href":"https:\/\/www.vitrubio03.es\/index.php?rest_route=\/wp\/v2\/posts\/3437\/revisions\/7063"}],"wp:attachment":[{"href":"https:\/\/www.vitrubio03.es\/index.php?rest_route=%2Fwp%2Fv2%2Fmedia&parent=3437"}],"wp:term":[{"taxonomy":"category","embeddable":true,"href":"https:\/\/www.vitrubio03.es\/index.php?rest_route=%2Fwp%2Fv2%2Fcategories&post=3437"},{"taxonomy":"post_tag","embeddable":true,"href":"https:\/\/www.vitrubio03.es\/index.php?rest_route=%2Fwp%2Fv2%2Ftags&post=3437"}],"curies":[{"name":"wp","href":"https:\/\/api.w.org\/{rel}","templated":true}]}}