{"id":3454,"date":"2012-10-12T19:14:36","date_gmt":"2012-10-12T17:14:36","guid":{"rendered":"http:\/\/www.vitrubio03.es\/?p=3454"},"modified":"2020-10-06T19:06:39","modified_gmt":"2020-10-06T17:06:39","slug":"a-vueltas-con-el-idioma","status":"publish","type":"post","link":"https:\/\/www.vitrubio03.es\/?p=3454","title":{"rendered":"A vueltas con nuestro idioma"},"content":{"rendered":"<p style=\"text-align: justify;\" align=\"center\">El espa\u00f1ol, idioma materno de 400 millones de personas en el mundo. Adem\u00e1s de Espa\u00f1a, <a href=\"https:\/\/www.vitrubio03.es\/wp-content\/uploads\/2012\/10\/Crisol.jpg\"><img loading=\"lazy\" decoding=\"async\" class=\"alignleft size-full wp-image-3455\" title=\"Crisol\" src=\"https:\/\/www.vitrubio03.es\/wp-content\/uploads\/2012\/10\/Crisol.jpg\" alt=\"\" width=\"205\" height=\"246\" \/><\/a>es el idioma oficial de Argentina, Bolivia, Chile, Colombia Costa Rica, Cuba, Rep\u00fablica Dominicana, Ecuador, El Salvador, Guinea Ecuatorial, Guatemala, Honduras, M\u00e9xico, Nicaragua, Panam\u00e1, Paraguay, Per\u00fa, Uruguay y Venezuela. Segundo idioma en Brasil. Se habla ampliamente en otras naciones incluyendo Canad\u00e1, Marruecos, Filipinas y los Estados Unidos. Con creciente auge en China y Jap\u00f3n<\/p>\n<p style=\"text-align: justify;\">En Espa\u00f1a, a muchos les molesta decir que habla espa\u00f1ol, por supuesta connotaci\u00f3n derechista, pero mucho m\u00e1s rid\u00edculo es decir que es el castellano, para establecer una separaci\u00f3n ideol\u00f3gica, yo tambi\u00e9n lo hice, craso error que intentar\u00e9 explicar.<!--more--><\/p>\n<p style=\"text-align: justify;\">Desde que la pen\u00ednsula m\u00e1s occidental de Europa se llamaba, Span o Spania, por fenicios y cartagineses (significaba pa\u00eds escondido y remoto) extremo de la cultura mediterr\u00e1nea de entonces.\u00a0Tambi\u00e9n llamada Shphanimo por los fenicios, (cuyo significado era tierra de conejos, por su abundancia). O\u00a0Iberia por los griegos. Hispania por los romanos.<\/p>\n<p style=\"text-align: justify;\">En alg\u00fan momento a finales del siglo VI a.n.e., los primeros habitantes de la regi\u00f3n, los ib\u00e9ricos, comenzaron a mezclarse con los celtas, pueblos n\u00f3madas de Europa central. Los dos grupos formaron un pueblo denominado Celtib\u00e9ricos, hablantes de una forma de celta. Ya entonces hubo aportaci\u00f3n de palabras de las diferentes tribus, del celt\u00edbero (camino o cerveza), del ligur (sufijos como \u00abasco\u00bb para nombres propios como \u00abviascon\u00bb, \u00abusco\u00bb para \u00aborusco\u00bb ), del lusitano (abolengo y realengo), el ibero (arroyo, bacalao y boina) y el tartesio (garabato).<\/p>\n<p style=\"text-align: justify;\">Bajo el gobierno del imperio romano, en el a\u00f1o 19, la regi\u00f3n se hizo conocida como Hispania, y sus habitantes aprendieron el primer idioma como tal, el lat\u00edn de\u00a0 los comerciantes, colonizadores, administradores y soldados romanos. Cuando el lat\u00edn cl\u00e1sico de las clases educadas de Roma se mezcl\u00f3 con las lenguas pre-romanas de los ib\u00e9ricos, celtas y cartagineses, apareci\u00f3 una lengua llamada lat\u00edn vulgar. Sigui\u00f3 los modelos b\u00e1sicos del lat\u00edn pero tom\u00f3 y a\u00f1adi\u00f3 palabras de otras lenguas. Es el origen de los dialectos y de la evoluci\u00f3n ling\u00fc\u00edstica del lat\u00edn vulgar. Los dialectos surgieron en la pen\u00ednsula ib\u00e9rica (Hispania) durante la edad media. El castellano es una de las lenguas romance en la subfamilia it\u00e1lica de la familia de idiomas indoeuropeos.<\/p>\n<p style=\"text-align: justify;\">Penetraron por el norte los V\u00e1ndalos en el 409, procedente de centro Europa asent\u00e1ndose en lo que es ahora el Pa\u00eds Vasco, y \u00a0ante el empuje Visigodo pasaron a \u00c1frica en el 430, los Visigodos lo hicieron por el acoso de las tribus germ\u00e1nicas de Europa oriental y de lo Hunnos. \u00a0Al asentarse los Visigodos en la Hispania romana en el siglo V, el lat\u00edn continu\u00f3 siendo el idioma oficial del gobierno y la cultura, hasta aproximadamente el a\u00f1o 719.\u00a0 Las aportaciones germ\u00e1nicas al idioma fueron: guerra, tregua, yelmo, estribo, espuela, brida, guarnir, robar, marca \u00abterreno fronterizo\u00bb (por ej. la Marca Hisp\u00e1nica), rapar, guardar, guisa, triscar, ropa, rico, arpa, bando, bar\u00f3n, blanco, blandir, dardo, esgrimir, esmalte, esquila cencerro, falda, fieltro, flecha (que sustituy\u00f3 al aut\u00f3ctono, derivado de SAGITTA, saeta), gerifalte, guante, orgullo, agasajar, arenga, esp\u00eda, espiar, broza, estaca, guada\u00f1a, hato, moho, rapar, rueca, sacar&#8230;<\/p>\n<p style=\"text-align: justify;\">Cuando grupos isl\u00e1micos del norte de \u00c1frica, llamados por los reinos godos en su ayuda en el a\u00f1o 711, penetraron y finalmente completaron su conquista de toda Hispania. Introdujeron el \u00e1rabe y un dialecto af\u00edn llamado Moz\u00e1rabe, ambos se hablaron ampliamente en la Espa\u00f1a isl\u00e1mica, excepto en unos cuantos reinos cristianos lejanos que se encontraban en el norte, como Asturias, en donde el lat\u00edn vulgar sobrevivi\u00f3. En las invasiones \u00e1rabes tambi\u00e9n vinieron los bereberes, tribus que en su idioma contienen m\u00e1s de 3.000 fonemas parecidos al euskera, posiblemente por la influencia de los V\u00e1ndalos, que fueron empujados por los Visigodos hacia el norte de \u00c1frica hasta T\u00fanez a partir del a\u00f1o 430, ocupando la costa norteafricana.<\/p>\n<p style=\"text-align: justify;\">Durante la ocupaci\u00f3n \u00e1rabe, el intercambio cultural fue muy fruct\u00edfero y enriquecedor en todos los sentidos. Fue una \u00e9poca de convivencia entre jud\u00edos, musulmanes y cristianos, lo que dio esplendor a la cultura peninsular. La lengua incorpor\u00f3 una gran cantidad de arabismos que seguimos usando hasta la actualidad. Unos cuantos ejemplos son:\u00a0azul,\u00a0alfombra, atalaya, aceite, aceituna, acequia, alba\u00f1il, alcalde, alcantarilla, alcoba, alcohol, alfalfa, algod\u00f3n, alhel\u00ed, almohada, alquimia, azahar, azogue, azotea, az\u00facar, taza, azucena, azufre, azulejo, cifra, edil, haza\u00f1a, \u00e1lgebra, jarabe, jinete, la\u00fad, jarra, lim\u00f3n, naranja, sand\u00eda, tabique, tambor, zanahoria,\u00a0 albahaca, berenjena \u00a0y muchas m\u00e1s<\/p>\n<p style=\"text-align: justify;\">El catal\u00e1n y el castellano son lenguas hermanas: las dos han salido de la misma madre, el lat\u00edn, y se han criado en la misma casa, la Pen\u00ednsula Ib\u00e9rica. Han crecido juntas, y como buenas hermanas que son, se han prestado muchas cosas a lo largo de los a\u00f1os. Por eso en espa\u00f1ol encontramos hoy un n\u00famero nada desde\u00f1able de l\u00e9xicos de minor\u00edas ling\u00fc\u00edsticas.<\/p>\n<p style=\"text-align: justify;\"><strong>&#8211; La aportaci\u00f3n l\u00e9xica del <\/strong><strong>catal\u00e1n y valenciano:<br \/>\n<\/strong>Desde el nombre de nuestra moneda hasta la llegada del euro la PESETA. La primera pieza que se acu\u00f1\u00f3 con la inscripci\u00f3n\u00a0<em>pesetas<\/em>\u00a0fue una pieza acu\u00f1ada en Barcelona\u00a0de\u00a0<em>2 1\/2 pesetas<\/em>, en 1808, durante la dominaci\u00f3n napole\u00f3nica.<\/p>\n<p style=\"text-align: justify;\">La palabra\u00a0<em>peseta<\/em>\u00a0procede de la catalana\u00a0<em>peceta<\/em> \u00abpiececita\u00bb, diminutivo de <em>pe\u00e7a<\/em> \u00abpieza\u00bb, nombre con que se conoc\u00eda desde el siglo XV a algunas monedas de plata y que m\u00e1s tarde design\u00f3 al real de a dos. Tambi\u00e9n aport\u00f3 al castellano: paella, alioli, d\u00e1til, turr\u00f3n, ensaimada, perol, seo, nao, anguila, an\u00eds, armatoste, bandolero, barraca, butifarra, capic\u00faa, cartel, clavel, cortapisa, cuartel, entrem\u00e9s, faena, forastero, gr\u00faa, ferreter\u00eda, vinagre, cordel, cantimplora, granel, papel, retal, esquirol, bajel, guante, p\u00f3lvora, pincel,<em>\u00a0<\/em>sastre, orate, charnego, forastero, retrete, picaporte, tr\u00e9bol, a\u00f1oranza, salvaje, y otras muchas sin sospechar que en su d\u00eda fueron pr\u00e9stamos.<\/p>\n<p style=\"text-align: justify;\"><strong>&#8211; La aportaci\u00f3n l\u00e9xica del euskera:<br \/>\n<\/strong>Ciertos rasgos del vasco est\u00e1n en los cimientos del castellano, este contiene cinco vocales, y son precisamente las mismas con las que cuenta el euskera.\u00a0La p\u00e9rdida de la F inicial latina, producida en los dos idiomas, en las mismas \u00e9pocas.\u00a0La indistinci\u00f3n entre B y V, as\u00ed como la aparici\u00f3n de A ante un complemento directo.<\/p>\n<p style=\"text-align: justify;\">Por supuesto, el ecastellano incorpor\u00f3 tambi\u00e9n vocablos del vasco, tales como \u00a0pizarra, ascua, boina, angula, chabola, aquelarre, chabola, m\u00fas, chirimbolo, chirimiri, chatarra, por su parecido fon\u00e9tico, por ejemplo: Bizarro: <em>bizar,\u00a0<\/em>barba, cencerro:\u00a0<em>zinzerri<\/em>, chaparro:\u00a0<em>txapar<\/em>, charro:\u00a0<em>txar<\/em>, malo, chistera: txistera, gabarra: kabarra, gamarra: gamar, ganz\u00faa: ganzu, \u00f3rdago: hor dago (ah\u00ed est\u00e1), socarrar: sugartu, zamarra: zamar, zurr\u00f3n: zorro, izquierda: ezquerra,\u00a0sin olvidar que los bereberes tambi\u00e9n introdujeron algo del vasco, ya que existen alrededor 3000 fonemas iguales.<\/p>\n<p style=\"text-align: justify;\"><strong>&#8211; La aportaci\u00f3n l\u00e9xica del gallego:<br \/>\n<\/strong>Ledo, alguien, morri\u00f1a, macho, sarao, chubasco, chopo, achantarse, vig\u00eda, arisco, payo y, c\u00f3mo no, Galicia.<\/p>\n<p style=\"text-align: justify;\"><strong>&#8211; La aportaci\u00f3n l\u00e9xica de Am\u00e9rica:<br \/>\n<\/strong>Tra\u00eddo por los conquistadores, pertenecientes a lenguas vern\u00e1culas (taino, n\u00e1huatl, quechua):\u00a0ma\u00edz, man\u00ed, papaya, tabaco, tomate, chocolate, mandioca, coco, c\u00f3ndor, pimiento, tibur\u00f3n, mapache, guanaco, puma, tuc\u00e1n, chinchilla, canoa, piragua, carpa, cayo, hurac\u00e1n, cigarro,\u00a0aj\u00ed, chile, porotos, verdes, ejotes, choclo, elote, palta , aguacate, cacahuete\u2026<\/p>\n<p style=\"text-align: justify;\">Todos ellos se han influenciado entre s\u00ed, y a aquel primitivo castellano lo han convertido en el espa\u00f1ol actual. Los mestizajes de los pueblos desde la antig\u00fcedad ha sido parte de la variedad ling\u00fc\u00edstica, algunos intentan amoldar vocablos al suyo como si fuesen propios. Ninguna de las lenguas del pueblo espa\u00f1ol es pura, todas est\u00e1n influenciadas por todas, y cuando llaman algunos de ellos al idioma de la naci\u00f3n, <strong>espa\u00f1ol<\/strong>\u00a0<strong>de forma peyorativa,<\/strong> insulta al suyo propio, su lengua est\u00e1 \u00edntimamente ligada a \u00e9l.\u00a0Desde Span, Spania, Iberia, Hispania, Al-\u00c1ndalus, Sefarad, el crisol de lenguas aportadas por todos los pueblos fuesen invasores o peninsulares, como los iberos, tartesos, occitanos, celtas, ligures, lusitanos, romanos, germanos, \u00e1rabes, castellanos, gallegos, euskaldunes, catalanes, valencianos, el art\u00edculo balear, el bable astur, el aran\u00e9s\u2026, o los importados como el\u00a0taino, n\u00e1huatl, quechua, todos han conformado el idioma espa\u00f1ol. Actualmente incluso la influencia del anglicanismo tambi\u00e9n se est\u00e1 contemplando en nuestro diccionario.<\/p>\n<p style=\"text-align: justify;\"><strong>&#8211; Por ese motivo no me averg\u00fcenzo al decir que hablo, espa\u00f1ol.<br \/>\n<\/strong>Todos los pa\u00edses tienen una lengua oficial, muchos de ellos con minor\u00edas ling\u00fc\u00edsticas, a veces ignoradas, aun siendo importante para los distintos pueblos el conservar su lengua y no perder sus ra\u00edces. No es nuestro caso, como tampoco debe ser el imponer la lengua propia como lengua para su comunidad en detrimento de la oficial del Estado. La cooficialidad significa segunda lengua, tras la del Estado. Pero determinados dirigentes, de una comunidad de Espa\u00f1a, se expresan siempre ante los medios nacionales en su lengua vern\u00e1cula, exasperando por la falta de respeto al resto del Estado y de las comunidades aut\u00f3nomas, esa actitud los convierte en lo mismo a aquellos a quienes critican por condenar toda diversidad ling\u00fc\u00edstica.<\/p>\n<h5 style=\"text-align: justify;\"><em>Rodr\u00edguez Adrados, \u00a0(fil\u00f3logo, helenista y acad\u00e9mico de la Lengua y de la Historia reactiva con el Premio Nacional de las Letras, concedido ayer por el Ministerio de Educaci\u00f3n, Cultura y Deporte),\u00a0analiza los acontecimientos de los \u00faltimos a\u00f1os, donde ha visto con preocupaci\u00f3n la deriva del uso de la lengua como un arma incendiaria en el \u00e1mbito social y por parte de algunos pol\u00edticos. \u201cLas lenguas\u201d, insiste en varias ocasiones, \u201cest\u00e1n hechas para entenderse y no para dividir: con el espa\u00f1ol nos entendemos todos. Es respetable la presencia de otras lenguas que se puedan heredar en diferentes regiones, pero no se deben imponer. Una cosa es la libertad y otra la imposici\u00f3n, a veces, violenta y arbitraria\u201d.<\/em><\/h5>\n<p style=\"text-align: justify;\"><strong>Publicado en:<\/strong><\/p>\n<div><a href=\"http:\/\/www.tercerainformacion.es\/spip.php?article42618\" target=\"_blank\" rel=\"noopener noreferrer\">http:\/\/www.tercerainformacion.<wbr \/>es\/spip.php?article42618<\/a><\/div>\n<div><a href=\"http:\/\/mas.lne.es\/cartasdeloslectores\/carta\/11575\/vueltas-nuestro-idioma.html\" target=\"_blank\" rel=\"noopener noreferrer\">http:\/\/mas.lne.es\/<wbr \/>cartasdeloslectores\/carta\/<wbr \/>11575\/vueltas-nuestro-idioma.<wbr \/>html<\/a><\/div>\n<div><a href=\"http:\/\/salvadorallende1908presentesiempre.bligoo.com\/content\/view\/4987941\/A-vueltas-con-el-idioma.html\" target=\"_blank\" rel=\"noopener noreferrer\">http:\/\/<wbr \/>salvadorallende1908presentesie<wbr \/>mpre.bligoo.com\/content\/view\/<wbr \/>4987941\/A-vueltas-con-el-<wbr \/>idioma.html<\/a><\/div>\n<div><a href=\"http:\/\/losjovenes.bligoo.com.ar\/\" target=\"_blank\" rel=\"noopener noreferrer\">http:\/\/losjovenes.bligoo.com.<wbr \/>ar\/<\/a><\/div>\n<div><a href=\"http:\/\/bitacoras.com\/anotaciones\/a-vueltas-con-el-idioma\/30186869\" target=\"_blank\" rel=\"noopener noreferrer\">http:\/\/bitacoras.com\/<wbr \/>anotaciones\/a-vueltas-con-el-<wbr \/>idioma\/30186869<\/a><\/div>\n<div><a href=\"http:\/\/elclubdelapluma.bligoo.com.ar\/a-vueltas-con-el-idioma\" target=\"_blank\" rel=\"noopener noreferrer\">http:\/\/elclubdelapluma.bligoo.<wbr \/>com.ar\/a-vueltas-con-el-idioma<\/a><\/div>\n<div><a href=\"http:\/\/www.abastodenoticias.com\/noticia.asp?id=41942811\" target=\"_blank\" rel=\"noopener noreferrer\">http:\/\/www.abastodenoticias.<wbr \/>com\/noticia.asp?id=41942811<\/a><\/div>\n<div>\n<p><a href=\"http:\/\/fmlastacion.bligoo.com.ar\/content\/view\/4987947\/A-vueltas-con-el-idioma.html#.UHsV1W8xoXE\" target=\"_blank\" rel=\"noopener noreferrer\">http:\/\/fmlastacion.bligoo.com.<wbr \/>ar\/content\/view\/4987947\/A-<wbr \/>vueltas-con-el-idioma.html#.<wbr \/>UHsV1W8xoXE<\/a><\/p>\n<div><a href=\"http:\/\/en.wasalive.com\/es\/marruecos\" target=\"_blank\" rel=\"noopener noreferrer\">http:\/\/en.wasalive.com\/es\/<span style=\"color: #663366;\">a<\/span><\/a><span style=\"color: #663366;\">vue<wbr \/>ltascone idioma<\/span><\/div>\n<div><a href=\"http:\/\/vocesdel99.wordpress.com\/2012\/10\/12\/\" target=\"_blank\" rel=\"noopener noreferrer\">http:\/\/vocesdel99.wordpress.<wbr \/>com\/2012\/10\/12\/<\/a><\/div>\n<div><a href=\"http:\/\/es.globedia.com\/a-vueltas-con-nuestro-idioma\" target=\"_blank\" rel=\"noopener noreferrer\">http:\/\/es.globedia.com\/a-<wbr \/>vueltas-con-nuestro-idioma<\/a><\/div>\n<div><a href=\"http:\/\/celulacomunicacionalcomunitaria.bligoo.com.ve\/content\/view\/4987948\/A-vueltas-con-el-idioma.html\" target=\"_blank\" rel=\"noopener noreferrer\">http:\/\/<wbr \/>celulacomunicacionalcomunitari<wbr \/>a.bligoo.com.ve\/content\/view\/<wbr \/>4987948\/A-vueltas-con-el-<wbr \/>idioma.html<\/a><\/div>\n<div><a href=\"http:\/\/consejomovimientossocialesdelalba.bligoo.com.ve\/content\/view\/4987946\/A-vueltas-con-el-idioma.html\" target=\"_blank\" rel=\"noopener noreferrer\">http:\/\/<wbr \/>consejomovimientossocialesdela<wbr \/>lba.bligoo.com.ve\/content\/<wbr \/>view\/4987946\/A-vueltas-con-el-<wbr \/>idioma.html<\/a><\/div>\n<div><a href=\"http:\/\/www.scoop.it\/t\/todoele-ele-espanol-en-la-prensa\" target=\"_blank\" rel=\"noopener noreferrer\">http:\/\/www.scoop.it\/t\/todoele-<wbr \/>ele-espanol-en-la-prensa<\/a><\/div>\n<div><a href=\"http:\/\/www.info-bolivia.com\/a-vueltas-con-el-idioma_noticias-bolivia_a-121031.html\" target=\"_blank\" rel=\"noopener noreferrer\">http:\/\/www.info-bolivia.com\/a-<wbr \/>vueltas-con-el-idioma_<wbr \/>noticias-bolivia_a-121031.html<\/a><\/div>\n<div><a href=\"http:\/\/latadelgofio.blogspot.com.es\/2012_10_01_archive.html\" target=\"_blank\" rel=\"noopener noreferrer\">http:\/\/latadelgofio.blogspot.<wbr \/>com.es\/2012_10_01_archive.html<\/a><\/div>\n<div><a href=\"http:\/\/www.iulasolana.es\/index.php\/noticias\/512-iu-insiste-en-la-dacion-en-pago.html\" target=\"_blank\" rel=\"noopener noreferrer\">http:\/\/www.iulasolana.es\/<wbr \/>index.php\/noticias\/512-iu-<wbr \/>insiste-en-la-dacion-en-pago.<wbr \/>html<\/a><\/div>\n<div>\n<div><a href=\"http:\/\/canariasinsurgente.typepad.com\/almacen\/2012\/10\/a-vueltas-con-nuestro-idioma.html\">http:\/\/canariasinsurgente.typepad.com\/almacen\/2012\/10\/a-vueltas-con-nuestro-idioma.html<\/a><\/div>\n<div>Peri\u00f3dico semanal esHORA 19\/10\/12<\/div>\n<div>http:\/\/www.loquesomos.org\/index.php\/autores\/jose-enrique-centen-martin\/a-vueltas-con-nuestro-idioma.html<\/div>\n<\/div>\n<\/div>\n<div><\/div>\n<div class='shareinpost'><ul class=\"socialwrap row\"><li class=\"iconOnly\"><a  rel='nofollow'  target='_blank'  title='Recommend this post : A vueltas con nuestro idioma on Facebook'  href='http:\/\/www.facebook.com\/sharer.php?u=https%3A%2F%2Fwww.vitrubio03.es%2F%3Fp%3D3454&amp;t=A+vueltas+con+nuestro+idioma'  ><img  src='https:\/\/www.vitrubio03.es\/wp-content\/plugins\/share-and-follow\/images\/blank.gif'  height='32' width='32'  class='image-32' alt='facebook'  style='background: transparent url(https:\/\/www.vitrubio03.es\/wp-content\/plugins\/share-and-follow\/default\/32\/sprite-32.png) no-repeat;padding:0;margin:0;height:32px;width:32px;background-position:-363px 0px'   \/> <span class=\"head\">Recommend on Facebook<\/span><\/a><\/li><li class=\"iconOnly\"><a  rel='nofollow'  target='_blank'  title='Tweet this post : A vueltas con nuestro idioma on Twitter'  href=\"http:\/\/twitter.com\/share?url=https%3A%2F%2Fwww.vitrubio03.es%2F%3Fp%3D3454&amp;text=A+vueltas+con+nuestro+idioma+-+\"  ><img  src='https:\/\/www.vitrubio03.es\/wp-content\/plugins\/share-and-follow\/images\/blank.gif'  height='32' width='32'  class='image-32' alt='twitter'  style='background: transparent url(https:\/\/www.vitrubio03.es\/wp-content\/plugins\/share-and-follow\/default\/32\/sprite-32.png) no-repeat;padding:0;margin:0;height:32px;width:32px;background-position:-1749px 0px'   \/> <span class=\"head\">Tweet about it<\/span><\/a><\/li><li class=\"iconOnly\"><a  rel='nofollow'  target='_self'  title='Print this post : A vueltas con nuestro idioma for reading later'  href='javascript:window.print();'  ><img  src='https:\/\/www.vitrubio03.es\/wp-content\/plugins\/share-and-follow\/images\/blank.gif'  height='32' width='32'  class='image-32' alt='print'  style='background: transparent url(https:\/\/www.vitrubio03.es\/wp-content\/plugins\/share-and-follow\/default\/32\/sprite-32.png) no-repeat;padding:0;margin:0;height:32px;width:32px;background-position:-1386px 0px'   \/> <span class=\"head\">Print for later<\/span><\/a><\/li><li class=\"iconOnly\"><a rel=\"_self\" href=\"mailto:?subject=Reflexiones%20propias%20:%20A%20vueltas%20con%20nuestro%20idioma&amp;body=Te%20adjunto%20un%20enlace%20a%20un%20art\u00edculo.%20Espero%20que%20te%20guste%20%20https:\/\/www.vitrubio03.es\/?p=3454\" title=\"Tell a friend about this post : A vueltas con nuestro idioma \"><img loading=\"lazy\" decoding=\"async\" src=\"https:\/\/www.vitrubio03.es\/wp-content\/plugins\/share-and-follow\/images\/blank.gif\" height=\"32\"  width=\"32\" style=\"background: transparent url(https:\/\/www.vitrubio03.es\/wp-content\/plugins\/share-and-follow\/default\/32\/sprite-32.png) no-repeat;padding:0;margin:0;height:32px;width:32px;background-position:-330px 0px\" class=\"image-32\"  alt=\"email\" \/> <span class=\"head\">Tell a friend<\/span><\/a><\/li><\/ul><div class=\"clean\"><\/div> <\/div>","protected":false},"excerpt":{"rendered":"<p>El espa\u00f1ol, idioma materno de 400 millones de personas en el mundo. Adem\u00e1s de Espa\u00f1a, es el idioma oficial de Argentina, Bolivia, Chile, Colombia Costa Rica, Cuba, Rep\u00fablica Dominicana, Ecuador, El Salvador, Guinea Ecuatorial, Guatemala, Honduras, M\u00e9xico, Nicaragua, Panam\u00e1, Paraguay, &hellip; <a href=\"https:\/\/www.vitrubio03.es\/?p=3454\">Sigue leyendo <span class=\"meta-nav\">&rarr;<\/span><\/a><\/p>\n","protected":false},"author":2,"featured_media":0,"comment_status":"closed","ping_status":"closed","sticky":false,"template":"","format":"standard","meta":{"footnotes":""},"categories":[34,62,10],"tags":[32,31],"class_list":["post-3454","post","type-post","status-publish","format-standard","hentry","category-historia","category-idioma","category-nacional","tag-los-progresistas","tag-piensa"],"_links":{"self":[{"href":"https:\/\/www.vitrubio03.es\/index.php?rest_route=\/wp\/v2\/posts\/3454","targetHints":{"allow":["GET"]}}],"collection":[{"href":"https:\/\/www.vitrubio03.es\/index.php?rest_route=\/wp\/v2\/posts"}],"about":[{"href":"https:\/\/www.vitrubio03.es\/index.php?rest_route=\/wp\/v2\/types\/post"}],"author":[{"embeddable":true,"href":"https:\/\/www.vitrubio03.es\/index.php?rest_route=\/wp\/v2\/users\/2"}],"replies":[{"embeddable":true,"href":"https:\/\/www.vitrubio03.es\/index.php?rest_route=%2Fwp%2Fv2%2Fcomments&post=3454"}],"version-history":[{"count":23,"href":"https:\/\/www.vitrubio03.es\/index.php?rest_route=\/wp\/v2\/posts\/3454\/revisions"}],"predecessor-version":[{"id":7359,"href":"https:\/\/www.vitrubio03.es\/index.php?rest_route=\/wp\/v2\/posts\/3454\/revisions\/7359"}],"wp:attachment":[{"href":"https:\/\/www.vitrubio03.es\/index.php?rest_route=%2Fwp%2Fv2%2Fmedia&parent=3454"}],"wp:term":[{"taxonomy":"category","embeddable":true,"href":"https:\/\/www.vitrubio03.es\/index.php?rest_route=%2Fwp%2Fv2%2Fcategories&post=3454"},{"taxonomy":"post_tag","embeddable":true,"href":"https:\/\/www.vitrubio03.es\/index.php?rest_route=%2Fwp%2Fv2%2Ftags&post=3454"}],"curies":[{"name":"wp","href":"https:\/\/api.w.org\/{rel}","templated":true}]}}