{"id":3550,"date":"2012-11-11T08:05:13","date_gmt":"2012-11-11T07:05:13","guid":{"rendered":"http:\/\/www.vitrubio03.es\/?p=3550"},"modified":"2020-10-15T19:16:04","modified_gmt":"2020-10-15T17:16:04","slug":"miercoles-de-terremoto","status":"publish","type":"post","link":"https:\/\/www.vitrubio03.es\/?p=3550","title":{"rendered":"Mi\u00e9rcoles de terremoto"},"content":{"rendered":"<p style=\"text-align: justify;\">La madrugada del 4 de Febrero de 1976 en San Andr\u00e9s, departamento de Zacapa,<\/p>\n<div id=\"attachment_3561\" style=\"width: 289px\" class=\"wp-caption alignleft\"><a href=\"https:\/\/www.vitrubio03.es\/wp-content\/uploads\/2012\/11\/guatemala3.jpg\"><img loading=\"lazy\" decoding=\"async\" aria-describedby=\"caption-attachment-3561\" class=\"size-medium wp-image-3561\" title=\"guatemala\" src=\"https:\/\/www.vitrubio03.es\/wp-content\/uploads\/2012\/11\/guatemala3-279x300.jpg\" alt=\"\" width=\"279\" height=\"300\" \/><\/a><p id=\"caption-attachment-3561\" class=\"wp-caption-text\">Guatemala<\/p><\/div>\n<p style=\"text-align: justify;\">lindando con Honduras, un se\u00edsmo con magnitud 7,6 en la escala de Richter dej\u00f3 23 mil muertos, 76 mil heridos y 3,65 millones de personas afectadas.<\/p>\n<p style=\"text-align: justify;\">Se repite la historia, el 7 de Noviembre del 2012 en San Marcos, tambi\u00e9n mi\u00e9rcoles, \u00e9sta vez en el otro extremo del pa\u00eds, fronterizo con M\u00e9xico, un nuevo se\u00edsmo,\u00a0 este de magnitud 7,2 en la escala de Richter, deja por ahora 74 fallecidos, 200 heridos y 1,2 millones afectados de alguna manera, con el riesgo a\u00f1adido, si se repitiera otro se\u00edsmo, implicar\u00eda al 45 % de la poblaci\u00f3n total del pa\u00eds de 13,5 millones de habitantes.<\/p>\n<p style=\"text-align: justify;\"><!--more-->Guatemala generaci\u00f3n tras generaci\u00f3n est\u00e1 condenada a no olvidar, lloran a sus muertos y buscan desaparecidos, por entonces la ayuda se difumin\u00f3. \u00a0En la ma\u00f1ana del 4 de Febrero de 1976, la vida sigui\u00f3 su curso se vaciaron las casas y se acondicionaron caba\u00f1as de hojas, de ca\u00f1as de ma\u00edz y lona. Las im\u00e1genes de los santos, los objetos de madera o de plata, las campanas ca\u00eddas de los campanarios de la gran iglesia colonial fueron cuidadosamente protegidas, pero la limpieza del pueblo comenz\u00f3 el d\u00eda 8. Pero aun as\u00ed , desde el d\u00eda 5, los aviones iban y ven\u00edan cada media hora, no transportaban m\u00e1s que familiares procedentes de Ciudad de Guatemala en busca de noticias y, muy de vez en cuando, a un herido bajado en una camilla de una casa aislada en la sierra, \u00a0era una \u00e9poca con madrugadas fr\u00edas, causantes cada a\u00f1o de gripes y tos, m\u00e1s a\u00fan en los debilitados cuerpos desnutridos de entonces, el terremoto quiz\u00e1s agrav\u00f3 esas afecciones pulmonares al tener que dormir al raso, haciendo mayor la tragedia.<\/p>\n<p style=\"text-align: justify;\">Las f\u00e1bricas textiles, farmac\u00e9uticas y otras filiales de compa\u00f1\u00edas norteamericanas o europeas reanudaron sus actividades despu\u00e9s de una semana de limpieza. En el plano Internacional esta tragedia fue un asunto bien explotado, con misiones para la evaluaci\u00f3n de los da\u00f1os y de las necesidades con sus diversos organismos especializados: UNESCO, UNICEF, OMS, FAO, junto a representantes de agencias privadas internacionales, como C\u00e1ritas, el Consejo Ecum\u00e9nico de las Iglesias.<\/p>\n<p style=\"text-align: justify;\">Peri\u00f3dicos de entonces explicaron detalladamente los problemas de la sobreproducci\u00f3n y almacenamiento de alimentos de pa\u00edses que ofrecieron su ayuda, considerando que esas ayudas en realidad eran posibilidades de nuevos mercados para dichos pa\u00edses, apareci\u00f3 el mercado negro\u00a0con la venta de \u00abmuestras gratuitas\u00bb de medicamentos. Por toda Guatemala la calamina era distribuida por organizaciones laicas o religiosas o por sociedades privadas, utilizada sobre todo para la cubierta de las\u00a0 viviendas principalmente, en sustituci\u00f3n de la teja fabricada localmente y mejor adaptada al clima, al ser reemplazada esta, viniendo del exterior, se impon\u00eda como s\u00edmbolo de aculturizaci\u00f3n.<\/p>\n<p style=\"text-align: justify;\">Un pa\u00eds \u00abque ayudaba\u00bb no tard\u00f3 ni un mes, despu\u00e9s del terremoto, en obtener la firma de un convenio comercial pendiente desde hac\u00eda a\u00f1os y el 1\u00ba de marzo los peri\u00f3dicos informaban que se vender\u00edan a Guatemala tablas de madera para casas prefabricadas. A principios de abril ya escaseaba en el mercado tablas y calamina. En mayo, se present\u00f3 ante el Congreso guatemalteco un proyecto de decreto para exoneraci\u00f3n de aranceles sobre el material de construcci\u00f3n, para compensar este decreto se emiti\u00f3 un pr\u00e9stamo en forma de bonos de reconstrucci\u00f3n, nueva forma de enriquecimiento de terceros y endeudamiento tanto del pa\u00eds como de la poblaci\u00f3n.<\/p>\n<p style=\"text-align: justify;\">Estos \u00aberrores\u00bb se repiten en cada cat\u00e1strofe ocurrida en Am\u00e9rica Latina y en los pa\u00edses llamados \u00absubdesarrollados\u00bb, no deben ser considerados como errores, sino una pol\u00edtica sistem\u00e1tica de enriquecimiento camuflada de ayuda. En efecto, la ayuda en caso de cat\u00e1strofe se convierte muy r\u00e1pidamente en ayuda habitual, que extra\u00f1amente se parece, y se confunde, con la explotaci\u00f3n de los pa\u00edses del \u00abTercer Mundo\u00bb. Tras los unos meses de reconstrucci\u00f3n gracias a esas \u00abayudas\u00bb, unas reales pero muchas interesadas, la tristeza invade a los pueblos, con la llegada del invierno, las lluvias o la falta de sol, haciendo realmente triste la vida de las personas afectadas, por falta de recursos o endeudamiento.<\/p>\n<p style=\"text-align: justify;\">El presidente guatemalteco, Otto P\u00e9rez Molina, ha declarado el \u00abEstado de Calamidad\u00bb, a fin de atender de\u00a0 forma m\u00e1s r\u00e1pida la emergencia causada por el terremoto. P\u00e9rez Molina dijo el jueves d\u00eda 8 de Noviembre, que los damnificados por el terremoto \u00abno est\u00e1n solos\u00bb, y asegur\u00f3 que su Gobierno colaborar\u00e1 en la reconstrucci\u00f3n de las comunidades afectadas.<\/p>\n<p style=\"text-align: justify;\">Pero se oyen voces por experiencias anteriores, que aunque la ayuda humanitaria enviada por el Gobierno a los afectados \u00abha sido efectiva\u00bb, y que la misma se ha \u00abcomplementado con el apoyo de los vecinos\u00bb, expresan su temor en quedar en el olvido al pasar la emergencia diciendo, <strong>\u00abcuando esto deje de ser noticia nadie se acordar\u00e1 de nosotros\u00bb,<\/strong> no s\u00e9 c\u00f3mo, ni con qu\u00e9 vamos a levantarnos de nuevo, se\u00f1al\u00f3 una afectada y madre de tres hijos, sin marido, fallecido a causa del se\u00edsmo y en la calle despu\u00e9s del desplome de la humilde morada en la que habitaba. <strong>O la no menos sobrecogedora l\u00e1grimas de una anciana gritando desesperada \u00bfQu\u00e9 voy a hacer ahora, qu\u00e9 voy a hacer sola?, adem\u00e1s de su marido, la anciana tambi\u00e9n perdi\u00f3 a sus dos hijos, de 22 y 28 a\u00f1os, por el terremoto. O el desconsuelo de un joven de 17 a\u00f1os, quien perdi\u00f3 el mi\u00e9rcoles a los diez miembros de su familia.<\/strong><\/p>\n<p style=\"text-align: justify;\">De hecho poco se habla ya de este asunto, la atenci\u00f3n mundial se desvi\u00f3 a Norteam\u00e9rica, con los proleg\u00f3menos y los posteriores da\u00f1os causados por el hurac\u00e1n Sandy, o la atenci\u00f3n de Obama a \u00e9l, o el efecto que ello produjo sobre las elecciones en el imperio. Sus muertos y sus da\u00f1os son poco relevantes en comparaci\u00f3n, es un pa\u00eds rico, saldr\u00e1n adelante los damnificados en poco tiempo, no as\u00ed los guatemaltecos o los ciudadanos de cualquier otro pa\u00eds bajo su manto de protecci\u00f3n, ya sea de esta o de cualquier otra potencia, a esos les quedar\u00e1 la miseria y el endeudamiento por largo tiempo.<\/p>\n<p style=\"text-align: justify;\"><strong>La ayuda internacional deber\u00eda ser realmente eso, AYUDA,<\/strong> no un negocio a corto o medio plazo, reciente tenemos el ejemplo de Hait\u00ed, tras el terremoto en Enero del 2010, a\u00fan hay cerca de 400.000 personas viviendo en campos de refugiados, un 4% de su poblaci\u00f3n. Al principio el mundo se volc\u00f3 en su ayuda, hoy la situaci\u00f3n del pa\u00eds es peor que en el primer momento del terremoto. Actualmente las personas de esos campamentos siguen dependiendo de instituciones que les donan lonas para sus tiendas, el c\u00f3lera sigue latente, la sanidad bajo m\u00ednimos, algunas supuestas iglesias s\u00f3lo se han preocupado en la adopci\u00f3n de ni\u00f1os para su pa\u00eds de origen, pero no de forma altruista, sino comercial, como se public\u00f3 en la prensa en su momento. El sistema educativo, universidades y escuelas siguen en estado precario, se est\u00e1n dando clases al aire libre, bajo lonas y en el mejor de los casos en casas prefabricadas. Es necesaria la educaci\u00f3n porque un pueblo sin educaci\u00f3n no se desarrolla, no sale adelante. Hoy nadie se acuerda de Hait\u00ed, mejor dicho casi nadie, solo F\u00f3rges, en sus vi\u00f1etas sigue colocando \u00abacu\u00e9rdate de Hait\u00ed\u00bb.<\/p>\n<p style=\"text-align: justify;\">Desde esta plataforma informativa, pido al presidente de Guatemala, que no caiga en los mismos errores que otros, que ayude de forma tal que no hipoteque a su pueblo ni a su naci\u00f3n, con un control exhaustivo de las supuestas ONGs y, a todo aquellos que desean de alguna manera colaborar, que lo hagan a trav\u00e9s de organismos realmente altruistas, un ejemplo puede ser M\u00e9dicos sin Fronteras, habr\u00e1 otros, pero desconozco ese campo de ONGs.<\/p>\n<p style=\"text-align: justify;\"><strong>Publicado en:<\/strong><\/p>\n<div><a href=\"http:\/\/es.globedia.com\/miercoles-de-terremoto\" target=\"_blank\" rel=\"noopener noreferrer\">http:\/\/es.globedia.com\/<wbr \/>miercoles-de-terremoto<\/a><\/div>\n<div><a href=\"http:\/\/www.loquesomos.org\/index.php\/es\/la-calle\/34-la-polis-globlal\/5854-guatemala-miercoles-de-terremoto\" target=\"_blank\" rel=\"noopener noreferrer\">http:\/\/www.loquesomos.org\/<wbr \/>index.php\/es\/la-calle\/34-la-<wbr \/>polis-globlal\/5854-guatemala-<wbr \/>miercoles-de-terremoto<\/a><\/div>\n<p style=\"text-align: justify;\"><a href=\"http:\/\/www.desastresyaccidentes.com\/miercoles-terremoto-g517956679?language=es\" target=\"_blank\" rel=\"noopener noreferrer\">http:\/\/www.<wbr \/>desastresyaccidentes.com\/<wbr \/>miercoles-terremoto-<wbr \/>g517956679?language=es<\/a><\/p>\n<div><a href=\"http:\/\/www.periodistas-es.org\/correos-al-editor\/miercoles-de-terremoto-en-guatemala\" target=\"_blank\" rel=\"noopener noreferrer\">http:\/\/www.periodistas-es.org\/<wbr \/>correos-al-editor\/miercoles-<wbr \/>de-terremoto-en-guatemala<\/a><\/div>\n<div><a href=\"http:\/\/mas.lne.es\/cartasdeloslectores\/carta\/11806\/miercoles-terremoto.html\" target=\"_blank\" rel=\"noopener noreferrer\">http:\/\/mas.lne.es\/<wbr \/>cartasdeloslectores\/carta\/<wbr \/>11806\/miercoles-terremoto.html<\/a><\/div>\n<div>Diario Semanal esHora, 16\/11\/12<\/div>\n<div>http:\/\/canariasinsurgente.typepad.com\/almacen\/2012\/11\/mi%C3%A9rcoles-de-terremoto.html#more<\/div>\n<div class='shareinpost'><ul class=\"socialwrap row\"><li class=\"iconOnly\"><a  rel='nofollow'  target='_blank'  title='Recommend this post : Mi\u00e9rcoles de terremoto on Facebook'  href='http:\/\/www.facebook.com\/sharer.php?u=https%3A%2F%2Fwww.vitrubio03.es%2F%3Fp%3D3550&amp;t=Mi%C3%A9rcoles+de+terremoto'  ><img  src='https:\/\/www.vitrubio03.es\/wp-content\/plugins\/share-and-follow\/images\/blank.gif'  height='32' width='32'  class='image-32' alt='facebook'  style='background: transparent url(https:\/\/www.vitrubio03.es\/wp-content\/plugins\/share-and-follow\/default\/32\/sprite-32.png) no-repeat;padding:0;margin:0;height:32px;width:32px;background-position:-363px 0px'   \/> <span class=\"head\">Recommend on Facebook<\/span><\/a><\/li><li class=\"iconOnly\"><a  rel='nofollow'  target='_blank'  title='Tweet this post : Mi\u00e9rcoles de terremoto on Twitter'  href=\"http:\/\/twitter.com\/share?url=https%3A%2F%2Fwww.vitrubio03.es%2F%3Fp%3D3550&amp;text=Mi%C3%A9rcoles+de+terremoto+-+\"  ><img  src='https:\/\/www.vitrubio03.es\/wp-content\/plugins\/share-and-follow\/images\/blank.gif'  height='32' width='32'  class='image-32' alt='twitter'  style='background: transparent url(https:\/\/www.vitrubio03.es\/wp-content\/plugins\/share-and-follow\/default\/32\/sprite-32.png) no-repeat;padding:0;margin:0;height:32px;width:32px;background-position:-1749px 0px'   \/> <span class=\"head\">Tweet about it<\/span><\/a><\/li><li class=\"iconOnly\"><a  rel='nofollow'  target='_self'  title='Print this post : Mi\u00e9rcoles de terremoto for reading later'  href='javascript:window.print();'  ><img  src='https:\/\/www.vitrubio03.es\/wp-content\/plugins\/share-and-follow\/images\/blank.gif'  height='32' width='32'  class='image-32' alt='print'  style='background: transparent url(https:\/\/www.vitrubio03.es\/wp-content\/plugins\/share-and-follow\/default\/32\/sprite-32.png) no-repeat;padding:0;margin:0;height:32px;width:32px;background-position:-1386px 0px'   \/> <span class=\"head\">Print for later<\/span><\/a><\/li><li class=\"iconOnly\"><a rel=\"_self\" href=\"mailto:?subject=Reflexiones%20propias%20:%20Mi\u00e9rcoles%20de%20terremoto&amp;body=Te%20adjunto%20un%20enlace%20a%20un%20art\u00edculo.%20Espero%20que%20te%20guste%20%20https:\/\/www.vitrubio03.es\/?p=3550\" title=\"Tell a friend about this post : Mi\u00e9rcoles de terremoto \"><img loading=\"lazy\" decoding=\"async\" src=\"https:\/\/www.vitrubio03.es\/wp-content\/plugins\/share-and-follow\/images\/blank.gif\" height=\"32\"  width=\"32\" style=\"background: transparent url(https:\/\/www.vitrubio03.es\/wp-content\/plugins\/share-and-follow\/default\/32\/sprite-32.png) no-repeat;padding:0;margin:0;height:32px;width:32px;background-position:-330px 0px\" class=\"image-32\"  alt=\"email\" \/> <span class=\"head\">Tell a friend<\/span><\/a><\/li><\/ul><div class=\"clean\"><\/div> <\/div>","protected":false},"excerpt":{"rendered":"<p>La madrugada del 4 de Febrero de 1976 en San Andr\u00e9s, departamento de Zacapa, lindando con Honduras, un se\u00edsmo con magnitud 7,6 en la escala de Richter dej\u00f3 23 mil muertos, 76 mil heridos y 3,65 millones de personas afectadas. &hellip; <a href=\"https:\/\/www.vitrubio03.es\/?p=3550\">Sigue leyendo <span class=\"meta-nav\">&rarr;<\/span><\/a><\/p>\n","protected":false},"author":2,"featured_media":0,"comment_status":"closed","ping_status":"closed","sticky":false,"template":"","format":"standard","meta":{"footnotes":""},"categories":[34,8],"tags":[33,31],"class_list":["post-3550","post","type-post","status-publish","format-standard","hentry","category-historia","category-internacional","tag-personal","tag-piensa"],"_links":{"self":[{"href":"https:\/\/www.vitrubio03.es\/index.php?rest_route=\/wp\/v2\/posts\/3550","targetHints":{"allow":["GET"]}}],"collection":[{"href":"https:\/\/www.vitrubio03.es\/index.php?rest_route=\/wp\/v2\/posts"}],"about":[{"href":"https:\/\/www.vitrubio03.es\/index.php?rest_route=\/wp\/v2\/types\/post"}],"author":[{"embeddable":true,"href":"https:\/\/www.vitrubio03.es\/index.php?rest_route=\/wp\/v2\/users\/2"}],"replies":[{"embeddable":true,"href":"https:\/\/www.vitrubio03.es\/index.php?rest_route=%2Fwp%2Fv2%2Fcomments&post=3550"}],"version-history":[{"count":20,"href":"https:\/\/www.vitrubio03.es\/index.php?rest_route=\/wp\/v2\/posts\/3550\/revisions"}],"predecessor-version":[{"id":7553,"href":"https:\/\/www.vitrubio03.es\/index.php?rest_route=\/wp\/v2\/posts\/3550\/revisions\/7553"}],"wp:attachment":[{"href":"https:\/\/www.vitrubio03.es\/index.php?rest_route=%2Fwp%2Fv2%2Fmedia&parent=3550"}],"wp:term":[{"taxonomy":"category","embeddable":true,"href":"https:\/\/www.vitrubio03.es\/index.php?rest_route=%2Fwp%2Fv2%2Fcategories&post=3550"},{"taxonomy":"post_tag","embeddable":true,"href":"https:\/\/www.vitrubio03.es\/index.php?rest_route=%2Fwp%2Fv2%2Ftags&post=3550"}],"curies":[{"name":"wp","href":"https:\/\/api.w.org\/{rel}","templated":true}]}}