{"id":3576,"date":"2012-11-13T16:26:17","date_gmt":"2012-11-13T15:26:17","guid":{"rendered":"http:\/\/www.vitrubio03.es\/?p=3576"},"modified":"2020-10-02T18:28:22","modified_gmt":"2020-10-02T16:28:22","slug":"cuanto-cinismo-junto-en-un-premio-a-indra","status":"publish","type":"post","link":"https:\/\/www.vitrubio03.es\/?p=3576","title":{"rendered":"Cuanto cinismo junto, en un premio a Indra"},"content":{"rendered":"<div>\n<p style=\"text-align: justify;\" align=\"center\">Acabo de enterarme del premio concedido a Indra de manos de S. M. Sof\u00eda y recogido por su presidente Javier Monz\u00f3n,\u00a0\u00a0premio otorgado por Telef\u00f3nica con el pomposo nombre de Ability Awards\/Premio a la Capacidad, \u00a1que costumbre de menospreciar nuestro idioma en favor del ingl\u00e9s!<\/p>\n<p style=\"text-align: justify;\"><span style=\"color: #222222;\">El desconocimiento de la actitud de Indra, empresa que cotiza en el IBEX35, que se re\u00fane y a veces viaja con Juan Carlos y los Presidentes de Gobiernos en viajes oficiales, a ese hombre le han otorgado un premio porque tal vez desconozcan la catadura moral de esa empresa, los asistentes a dicho premio fueron: <!--more-->el presidente de Telef\u00f3nica, C\u00e9sar Alierta; la ministra de Sanidad y Pol\u00edtica Social e Igualdad, Ana Mato; el presidente de la Comunidad de Madrid, Ignacio Gonz\u00e1lez; el secretario de Estado de Telecomunicaciones, V\u00edctor Calvo-Sotelo; Luis Abril, secretario general t\u00e9cnico de la Presidencia de Telef\u00f3nica y secretario del Jurado de los premios y la fundadora de Caroline Casey.<\/span><\/p>\n<\/div>\n<p style=\"text-align: justify;\"><span style=\"color: #222222;\">Es un premio que no merece Indra por distintas razones, una de ellas es que mi amigo y compa\u00f1ero Carlos G\u00f3mez Molinero, con <\/span>43 a\u00f1os<span style=\"color: #222222;\">\u00a0y antiguo empleado de Indra,\u00a0<\/span>hace 2<strong>\u00a0<\/strong>a\u00f1os y 8 meses<span style=\"color: #222222;\"> el infortunio de un accidente dom\u00e9stico, que le dej\u00f3 una minusval\u00eda del 50 % y un baremo de movilidad positivo (+ 7) existiendo dificultad que me impide andar r\u00e1pido, correr o subir a una escalera, pero puede desarrollar cualquier otro tipo de trabajo perfectamente, Indra se inhibi\u00f3 y seg\u00fan Ley le pod\u00eda despedir, como as\u00ed hizo, despu\u00e9s de 12 a\u00f1os<span style=\"color: #222222;\"> trabajando para ella, lo hizo sin ofrecerle un puesto de trabajo alternativo al que desarrollaba,\u00a0 una empresa con 35.000 empleados con m\u00faltiples campos y actividades, en alg\u00fan sitio podr\u00eda encajar perfectamente, pero no quisieron que fuese as\u00ed, incluso por escrito le comunicaron que revisar\u00edan mi caso a los dos a\u00f1os, no pudo contactar con nadie, ni le han llamado.<\/span><\/span><\/p>\n<div>\n<p style=\"text-align: justify;\"><span style=\"color: #222222;\">El jurado ha valorado a Indra por un t\u00edtulo y por el proyecto llamado <\/span><span style=\"color: #000000;\"><a href=\"http:\/\/xn--tecnologasaccesibles-w4b.com\/\" target=\"_blank\" rel=\"noopener noreferrer\">tecnolog\u00edasaccesibles.<wbr \/>com<\/a>,<\/span><span style=\"color: #222222;\">\u00a0no la realidad, porque la Unidad de Discapacidad que se encarga de todos los temas relacionados con la inclusi\u00f3n de personas con discapacidad en Indra, y el programa de becas Sumando Capacidades, son falsos, incluso Indra no cumple con el m\u00ednimo exigido por el Estado en discapacitados en su empresa, s\u00f3lo es una pantalla para obtener subvenciones y tecnolog\u00eda exportable, sabiendo la realidad deber\u00edan de retir\u00e1rselo al igual que a Armstrong le retiraron los triunfos en el Tour de Francia por falso.<\/span><\/p>\n<p><strong>Publicado en:<\/strong><\/p>\n<div><span style=\"color: #222222;\">http:\/\/www.leonoticias.com\/frontend\/leonoticias\/Cuanto-Cinismo-Junto-En-Un-Premio-A-Indra-vn108607-vst232<\/span><\/div>\n<div><span style=\"color: #222222;\">esHora Prensa \u00a0Semanal \u00a030\/11\/12<\/span><\/div>\n<div>http:\/\/www.cronicapopular.es\/2012\/11\/cuanto-cinismo-junto-en-un-premio-a-indra\/<\/div>\n<div>http:\/\/es.globedia.com\/cuanto-cinismo-junto-premio-indra<\/div>\n<div>http:\/\/canariasinsurgente.typepad.com\/almacen\/2012\/11\/mi%C3%A9rcoles-de-terremoto.html#more<\/div>\n<\/div>\n<div class='shareinpost'><ul class=\"socialwrap row\"><li class=\"iconOnly\"><a  rel='nofollow'  target='_blank'  title='Recommend this post : Cuanto cinismo junto, en un premio a Indra on Facebook'  href='http:\/\/www.facebook.com\/sharer.php?u=https%3A%2F%2Fwww.vitrubio03.es%2F%3Fp%3D3576&amp;t=Cuanto+cinismo+junto%2C+en+un+premio+a+Indra'  ><img  src='https:\/\/www.vitrubio03.es\/wp-content\/plugins\/share-and-follow\/images\/blank.gif'  height='32' width='32'  class='image-32' alt='facebook'  style='background: transparent url(https:\/\/www.vitrubio03.es\/wp-content\/plugins\/share-and-follow\/default\/32\/sprite-32.png) no-repeat;padding:0;margin:0;height:32px;width:32px;background-position:-363px 0px'   \/> <span class=\"head\">Recommend on Facebook<\/span><\/a><\/li><li class=\"iconOnly\"><a  rel='nofollow'  target='_blank'  title='Tweet this post : Cuanto cinismo junto, en un premio a Indra on Twitter'  href=\"http:\/\/twitter.com\/share?url=https%3A%2F%2Fwww.vitrubio03.es%2F%3Fp%3D3576&amp;text=Cuanto+cinismo+junto%2C+en+un+premio+a+Indra+-+\"  ><img  src='https:\/\/www.vitrubio03.es\/wp-content\/plugins\/share-and-follow\/images\/blank.gif'  height='32' width='32'  class='image-32' alt='twitter'  style='background: transparent url(https:\/\/www.vitrubio03.es\/wp-content\/plugins\/share-and-follow\/default\/32\/sprite-32.png) no-repeat;padding:0;margin:0;height:32px;width:32px;background-position:-1749px 0px'   \/> <span class=\"head\">Tweet about it<\/span><\/a><\/li><li class=\"iconOnly\"><a  rel='nofollow'  target='_self'  title='Print this post : Cuanto cinismo junto, en un premio a Indra for reading later'  href='javascript:window.print();'  ><img  src='https:\/\/www.vitrubio03.es\/wp-content\/plugins\/share-and-follow\/images\/blank.gif'  height='32' width='32'  class='image-32' alt='print'  style='background: transparent url(https:\/\/www.vitrubio03.es\/wp-content\/plugins\/share-and-follow\/default\/32\/sprite-32.png) no-repeat;padding:0;margin:0;height:32px;width:32px;background-position:-1386px 0px'   \/> <span class=\"head\">Print for later<\/span><\/a><\/li><li class=\"iconOnly\"><a rel=\"_self\" href=\"mailto:?subject=Reflexiones%20propias%20:%20Cuanto%20cinismo%20junto,%20en%20un%20premio%20a%20Indra&amp;body=Te%20adjunto%20un%20enlace%20a%20un%20art\u00edculo.%20Espero%20que%20te%20guste%20%20https:\/\/www.vitrubio03.es\/?p=3576\" title=\"Tell a friend about this post : Cuanto cinismo junto, en un premio a Indra \"><img loading=\"lazy\" decoding=\"async\" src=\"https:\/\/www.vitrubio03.es\/wp-content\/plugins\/share-and-follow\/images\/blank.gif\" height=\"32\"  width=\"32\" style=\"background: transparent url(https:\/\/www.vitrubio03.es\/wp-content\/plugins\/share-and-follow\/default\/32\/sprite-32.png) no-repeat;padding:0;margin:0;height:32px;width:32px;background-position:-330px 0px\" class=\"image-32\"  alt=\"email\" \/> <span class=\"head\">Tell a friend<\/span><\/a><\/li><\/ul><div class=\"clean\"><\/div> <\/div>","protected":false},"excerpt":{"rendered":"<p>Acabo de enterarme del premio concedido a Indra de manos de S. M. Sof\u00eda y recogido por su presidente Javier Monz\u00f3n,\u00a0\u00a0premio otorgado por Telef\u00f3nica con el pomposo nombre de Ability Awards\/Premio a la Capacidad, \u00a1que costumbre de menospreciar nuestro idioma &hellip; <a href=\"https:\/\/www.vitrubio03.es\/?p=3576\">Sigue leyendo <span class=\"meta-nav\">&rarr;<\/span><\/a><\/p>\n","protected":false},"author":2,"featured_media":0,"comment_status":"closed","ping_status":"closed","sticky":false,"template":"","format":"standard","meta":{"footnotes":""},"categories":[61,10,12],"tags":[19],"class_list":["post-3576","post","type-post","status-publish","format-standard","hentry","category-biografia","category-nacional","category-sindicalismo","tag-globalizacion"],"_links":{"self":[{"href":"https:\/\/www.vitrubio03.es\/index.php?rest_route=\/wp\/v2\/posts\/3576","targetHints":{"allow":["GET"]}}],"collection":[{"href":"https:\/\/www.vitrubio03.es\/index.php?rest_route=\/wp\/v2\/posts"}],"about":[{"href":"https:\/\/www.vitrubio03.es\/index.php?rest_route=\/wp\/v2\/types\/post"}],"author":[{"embeddable":true,"href":"https:\/\/www.vitrubio03.es\/index.php?rest_route=\/wp\/v2\/users\/2"}],"replies":[{"embeddable":true,"href":"https:\/\/www.vitrubio03.es\/index.php?rest_route=%2Fwp%2Fv2%2Fcomments&post=3576"}],"version-history":[{"count":13,"href":"https:\/\/www.vitrubio03.es\/index.php?rest_route=\/wp\/v2\/posts\/3576\/revisions"}],"predecessor-version":[{"id":7354,"href":"https:\/\/www.vitrubio03.es\/index.php?rest_route=\/wp\/v2\/posts\/3576\/revisions\/7354"}],"wp:attachment":[{"href":"https:\/\/www.vitrubio03.es\/index.php?rest_route=%2Fwp%2Fv2%2Fmedia&parent=3576"}],"wp:term":[{"taxonomy":"category","embeddable":true,"href":"https:\/\/www.vitrubio03.es\/index.php?rest_route=%2Fwp%2Fv2%2Fcategories&post=3576"},{"taxonomy":"post_tag","embeddable":true,"href":"https:\/\/www.vitrubio03.es\/index.php?rest_route=%2Fwp%2Fv2%2Ftags&post=3576"}],"curies":[{"name":"wp","href":"https:\/\/api.w.org\/{rel}","templated":true}]}}