{"id":3865,"date":"2012-11-30T21:06:29","date_gmt":"2012-11-30T20:06:29","guid":{"rendered":"http:\/\/www.vitrubio03.es\/?p=3865"},"modified":"2020-10-15T12:56:41","modified_gmt":"2020-10-15T10:56:41","slug":"el-emperador-esta-libre","status":"publish","type":"post","link":"https:\/\/www.vitrubio03.es\/?p=3865","title":{"rendered":"El Emperador est\u00e1 libre"},"content":{"rendered":"<p style=\"text-align: justify;\" align=\"center\">No era para menos, siendo el Emperador un estamento superior a los reyes, y siguiendo la <a href=\"https:\/\/www.vitrubio03.es\/wp-content\/uploads\/2012\/11\/Emperador.jpg\"><img loading=\"lazy\" decoding=\"async\" class=\"alignleft size-full wp-image-3866\" title=\"Emperador\" src=\"https:\/\/www.vitrubio03.es\/wp-content\/uploads\/2012\/11\/Emperador.jpg\" alt=\"\" width=\"204\" height=\"247\" \/><\/a>tradici\u00f3n de todas las Constituciones mon\u00e1rquicas, tanto espa\u00f1olas como europeas (con alguna lev\u00edsima excepci\u00f3n en la Constituci\u00f3n noruega), que establecen en unos u otros t\u00e9rminos la regla de la absoluta\u00a0 irresponsabilidad regia, fiel reflejo del viejo aforismo brit\u00e1nico \u00abthe king can do not wrong\u00bb (el Rey no puede hacer mal).<\/p>\n<p style=\"text-align: justify;\">En nuestra Constituci\u00f3n queda claro al reflejarse en los art\u00edculos 56.1, 56.3, 64.2, 65.2, pero el CGPJ ha abierto una diligencia de investigaci\u00f3n y ser\u00e1 con este mecanismo \u00abcuando podamos decidir si ha sido un error o no\u00bb, seg\u00fan<!--more--> declaraciones del presidente del Tribunal Supremo, Gonzalo Moliner, que cuestion\u00f3 la denominaci\u00f3n de error judicial para la instrucci\u00f3n de la Operaci\u00f3n Emperador, entonces, \u00bfpor qu\u00e9 motivo se investiga al juez Fernando Andreu? \u00bfPor mantener en prisi\u00f3n 72 horas m\u00e1s, en lugar de soltar al Emperador?, detenido a\u00a0ra\u00edz\u00a0de las investigaciones del 18 de octubre por una trama de corrupci\u00f3n y blanqueo de capital , pero el magistrado ponente y presidente de la sala, Alfonso Guevara aun en contra, resolvi\u00f3 la excarcelaci\u00f3n, \u00bfqui\u00e9n es \u00e9l para juzgar a un compa\u00f1ero, si ha cometido un error?, \u00a0que lo hagan otros.<\/p>\n<p style=\"text-align: justify;\">Pero el Emperador ya est\u00e1 libre y con posibilidad de viajar al extranjero.<\/p>\n<p style=\"text-align: justify;\">Seg\u00fan el art\u00edculo 64.2 de la Constituci\u00f3n, los responsables son quienes refrendaron sus actos, es decir un concejal, un empleado de banca, dos agentes, un actor, en definitiva cualquiera de los detenidos, menos el Emperador, no faltaba m\u00e1s, y si quienes lo refrendaron lo hicieron en beneficio de estamentos superiores u ordenados por \u00e9l, tambi\u00e9n deben ser exonerados de toda responsabilidad penal.<\/p>\n<p style=\"text-align: justify;\">La Justicia est\u00e1 para otras cosas, debe actuar contundentemente por participar en asambleas pac\u00edficas relacionadas con la convocatoria \u00abOcupa en Congreso\u00bb, o contra los manifestantes delante del Congreso de los Diputados, o por colocar carteles contra los recortes en Ambulatorios y Hospitales, o por fotografiar a las fuerzas antidisturbios, tambi\u00e9n debe de actuar contra los manifestantes heridos el 14N en Madrid y Barcelona, algunos graves, o contra los miles espectadores por encima del aforo en el Madrid Arena, por su culpa ocurri\u00f3 la tragedia, para eso est\u00e1 la Justicia, no para actuar contra el Emperador, o contra cualquier estamento p\u00fablico y sus responsables.<\/p>\n<p style=\"text-align: justify;\"><strong>Publicado en:<\/strong><\/p>\n<div><strong><span style=\"color: #3333ff;\"><a href=\"http:\/\/es.globedia.com\/el-emperador-esta-libre\" target=\"_blank\" rel=\"noopener noreferrer\">http:\/\/es.globedia.com\/el-<wbr \/>emperador-esta-libre<\/a><\/span><\/strong><\/div>\n<div><strong><span style=\"color: #3333ff;\"><a href=\"http:\/\/canariasinsurgente.typepad.com\/almacen\/2012\/12\/el-emperador-est%C3%A1-libre.html#more\" target=\"_blank\" rel=\"noopener noreferrer\">http:\/\/canariasinsurgente.<wbr \/>typepad.com\/almacen\/2012\/12\/<wbr \/>el-emperador-est%C3%A1-libre.<wbr \/>html#more<\/a><\/span><\/strong><\/div>\n<div><strong><span style=\"color: #3333ff;\"><a href=\"http:\/\/www.loquesomos.org\/index.php\/es\/la-calle\/idemocracia-\/6246-el-emperador-esta-libre\" target=\"_blank\" rel=\"noopener noreferrer\">http:\/\/www.loquesomos.org\/<wbr \/>index.php\/es\/la-calle\/<wbr \/>idemocracia-\/6246-el-<wbr \/>emperador-esta-libre<\/a><\/span><\/strong><\/div>\n<div><span style=\"color: #0000ee; font-family: arial, sans-serif;\"><strong><span style=\"text-decoration: underline;\"><a href=\"http:\/\/www.tercerainformacion.es\/spip.php?article44875\" target=\"_blank\" rel=\"noopener noreferrer\">http:\/\/www.tercerainformacion.<wbr \/>es\/spip.php?article44875<\/a><\/span><\/strong><\/span><\/div>\n<div><span style=\"color: #0000ee; font-family: arial, sans-serif;\"><strong><a href=\"http:\/\/mas.lne.es\/cartasdeloslectores\/carta\/12013\/emperador-esta-libre.html\" target=\"_blank\" rel=\"noopener noreferrer\">http:\/\/mas.lne.es\/<wbr \/>cartasdeloslectores\/carta\/<wbr \/>12013\/emperador-esta-libre.<wbr \/>html<\/a><\/strong><\/span><\/div>\n<div><span style=\"color: #0000ee; font-family: arial, sans-serif;\"><strong><a href=\"http:\/\/bitacoras.com\/anotaciones\/el-emperador-esta-libre\/31241888\" target=\"_blank\" rel=\"noopener noreferrer\">http:\/\/bitacoras.com\/<wbr \/>anotaciones\/el-emperador-esta-<wbr \/>libre\/31241888<\/a><\/strong><\/span><\/div>\n<div>esHora Semanario Nacional 7\/11\/12<\/div>\n<div class='shareinpost'><ul class=\"socialwrap row\"><li class=\"iconOnly\"><a  rel='nofollow'  target='_blank'  title='Recommend this post : El Emperador est\u00e1 libre on Facebook'  href='http:\/\/www.facebook.com\/sharer.php?u=https%3A%2F%2Fwww.vitrubio03.es%2F%3Fp%3D3865&amp;t=El+Emperador+est%C3%A1+libre'  ><img  src='https:\/\/www.vitrubio03.es\/wp-content\/plugins\/share-and-follow\/images\/blank.gif'  height='32' width='32'  class='image-32' alt='facebook'  style='background: transparent url(https:\/\/www.vitrubio03.es\/wp-content\/plugins\/share-and-follow\/default\/32\/sprite-32.png) no-repeat;padding:0;margin:0;height:32px;width:32px;background-position:-363px 0px'   \/> <span class=\"head\">Recommend on Facebook<\/span><\/a><\/li><li class=\"iconOnly\"><a  rel='nofollow'  target='_blank'  title='Tweet this post : El Emperador est\u00e1 libre on Twitter'  href=\"http:\/\/twitter.com\/share?url=https%3A%2F%2Fwww.vitrubio03.es%2F%3Fp%3D3865&amp;text=El+Emperador+est%C3%A1+libre+-+\"  ><img  src='https:\/\/www.vitrubio03.es\/wp-content\/plugins\/share-and-follow\/images\/blank.gif'  height='32' width='32'  class='image-32' alt='twitter'  style='background: transparent url(https:\/\/www.vitrubio03.es\/wp-content\/plugins\/share-and-follow\/default\/32\/sprite-32.png) no-repeat;padding:0;margin:0;height:32px;width:32px;background-position:-1749px 0px'   \/> <span class=\"head\">Tweet about it<\/span><\/a><\/li><li class=\"iconOnly\"><a  rel='nofollow'  target='_self'  title='Print this post : El Emperador est\u00e1 libre for reading later'  href='javascript:window.print();'  ><img  src='https:\/\/www.vitrubio03.es\/wp-content\/plugins\/share-and-follow\/images\/blank.gif'  height='32' width='32'  class='image-32' alt='print'  style='background: transparent url(https:\/\/www.vitrubio03.es\/wp-content\/plugins\/share-and-follow\/default\/32\/sprite-32.png) no-repeat;padding:0;margin:0;height:32px;width:32px;background-position:-1386px 0px'   \/> <span class=\"head\">Print for later<\/span><\/a><\/li><li class=\"iconOnly\"><a rel=\"_self\" href=\"mailto:?subject=Reflexiones%20propias%20:%20El%20Emperador%20est\u00e1%20libre&amp;body=Te%20adjunto%20un%20enlace%20a%20un%20art\u00edculo.%20Espero%20que%20te%20guste%20%20https:\/\/www.vitrubio03.es\/?p=3865\" title=\"Tell a friend about this post : El Emperador est\u00e1 libre \"><img loading=\"lazy\" decoding=\"async\" src=\"https:\/\/www.vitrubio03.es\/wp-content\/plugins\/share-and-follow\/images\/blank.gif\" height=\"32\"  width=\"32\" style=\"background: transparent url(https:\/\/www.vitrubio03.es\/wp-content\/plugins\/share-and-follow\/default\/32\/sprite-32.png) no-repeat;padding:0;margin:0;height:32px;width:32px;background-position:-330px 0px\" class=\"image-32\"  alt=\"email\" \/> <span class=\"head\">Tell a friend<\/span><\/a><\/li><\/ul><div class=\"clean\"><\/div> <\/div>","protected":false},"excerpt":{"rendered":"<p>No era para menos, siendo el Emperador un estamento superior a los reyes, y siguiendo la tradici\u00f3n de todas las Constituciones mon\u00e1rquicas, tanto espa\u00f1olas como europeas (con alguna lev\u00edsima excepci\u00f3n en la Constituci\u00f3n noruega), que establecen en unos u otros &hellip; <a href=\"https:\/\/www.vitrubio03.es\/?p=3865\">Sigue leyendo <span class=\"meta-nav\">&rarr;<\/span><\/a><\/p>\n","protected":false},"author":2,"featured_media":0,"comment_status":"closed","ping_status":"closed","sticky":false,"template":"","format":"standard","meta":{"footnotes":""},"categories":[58,56],"tags":[42,16],"class_list":["post-3865","post","type-post","status-publish","format-standard","hentry","category-15-m","category-corrupcion","tag-constitucion","tag-derechos"],"_links":{"self":[{"href":"https:\/\/www.vitrubio03.es\/index.php?rest_route=\/wp\/v2\/posts\/3865","targetHints":{"allow":["GET"]}}],"collection":[{"href":"https:\/\/www.vitrubio03.es\/index.php?rest_route=\/wp\/v2\/posts"}],"about":[{"href":"https:\/\/www.vitrubio03.es\/index.php?rest_route=\/wp\/v2\/types\/post"}],"author":[{"embeddable":true,"href":"https:\/\/www.vitrubio03.es\/index.php?rest_route=\/wp\/v2\/users\/2"}],"replies":[{"embeddable":true,"href":"https:\/\/www.vitrubio03.es\/index.php?rest_route=%2Fwp%2Fv2%2Fcomments&post=3865"}],"version-history":[{"count":10,"href":"https:\/\/www.vitrubio03.es\/index.php?rest_route=\/wp\/v2\/posts\/3865\/revisions"}],"predecessor-version":[{"id":7628,"href":"https:\/\/www.vitrubio03.es\/index.php?rest_route=\/wp\/v2\/posts\/3865\/revisions\/7628"}],"wp:attachment":[{"href":"https:\/\/www.vitrubio03.es\/index.php?rest_route=%2Fwp%2Fv2%2Fmedia&parent=3865"}],"wp:term":[{"taxonomy":"category","embeddable":true,"href":"https:\/\/www.vitrubio03.es\/index.php?rest_route=%2Fwp%2Fv2%2Fcategories&post=3865"},{"taxonomy":"post_tag","embeddable":true,"href":"https:\/\/www.vitrubio03.es\/index.php?rest_route=%2Fwp%2Fv2%2Ftags&post=3865"}],"curies":[{"name":"wp","href":"https:\/\/api.w.org\/{rel}","templated":true}]}}