{"id":4446,"date":"2013-05-16T23:19:52","date_gmt":"2013-05-16T21:19:52","guid":{"rendered":"http:\/\/www.vitrubio03.es\/?p=4446"},"modified":"2020-09-28T20:40:32","modified_gmt":"2020-09-28T18:40:32","slug":"otra-promesa-de-rajoy-el-breve","status":"publish","type":"post","link":"https:\/\/www.vitrubio03.es\/?p=4446","title":{"rendered":"Otra promesa de Rajoy  \u00abel breve\u00bb"},"content":{"rendered":"<p style=\"text-align: justify;\" align=\"center\">Rajoy junto a su ministra de Trabajo B\u00e1\u00f1ez, se ha reunido por primera vez con todos los <a href=\"https:\/\/www.vitrubio03.es\/wp-content\/uploads\/2013\/05\/L\u00e1pida.jpg\"><img loading=\"lazy\" decoding=\"async\" class=\"alignleft size-medium wp-image-4447\" src=\"https:\/\/www.vitrubio03.es\/wp-content\/uploads\/2013\/05\/L\u00e1pida-204x300.jpg\" alt=\"L\u00e1pida\" width=\"204\" height=\"300\" srcset=\"https:\/\/www.vitrubio03.es\/wp-content\/uploads\/2013\/05\/L\u00e1pida-204x300.jpg 204w, https:\/\/www.vitrubio03.es\/wp-content\/uploads\/2013\/05\/L\u00e1pida.jpg 345w\" sizes=\"auto, (max-width: 204px) 100vw, 204px\" \/><\/a>agentes sociales, CEOE, CEPYME y Sindicatos, abierto a escuchar propuestas aunque que no tiene intenci\u00f3n de variar su reforma laboral y cualquier cambio en esa norma \u00abni en una ni en otra direcci\u00f3n\u00bb. \u00bfQu\u00e9 es lo que quiere escuchar?, \u00bfse ha reunido para rezar? como explicaron los periodistas y presentadores del Telediario 2 de TVE, Marcos L\u00f3pez y Marta Jaumandreu, o para encomendarse a la Virgen de Roc\u00edo como pregon\u00f3 la Sra. B\u00e1\u00f1ez, emocionada por el capote de la Virgen del Roc\u00edo en la salida de la crisis y en la b\u00fasqueda del bienestar de los ciudadanos\u201d. De nuevo la\u00a0 religi\u00f3n, \u00bfqu\u00e9 podemos esperar de un gobierno pro OPUS?, este gobierno sigue la doctrina religiosa, <strong>los padres de la iglesia occidental nunca negaron la esclavitud<\/strong>. Algunos, como<strong> san Ambrosio, la hab\u00edan justificado sin ambages;<\/strong> otros como <strong>san Agust\u00edn, hab\u00edan distinguido que esclavo lo es s\u00f3lo el cuerpo, y que el amo no puede dominar su esp\u00edritu. El esclavo ten\u00eda, pues, mala suerte, pero \u00abobedeciendo y sirviendo con paciencia, alcanzar\u00eda el cielo\u00bb.<\/strong><!--more--><\/p>\n<p style=\"text-align: justify;\">Portavoces gubernamentales se han declarado en contra del \u201cContrato \u00fanico\u201d (realmente despido gratuito, contiene 2 d\u00edas de indemnizaci\u00f3n al a\u00f1o, con un m\u00e1ximo de 30 d\u00edas), apuntado por un \u00absegunda fila\u00bb de Bruselas, son sondeos previos a uno definitivo, ya hay estudiosos economistas y un partido que lo aplaude. Todos sabemos c\u00f3mo las gasta este gobierno con sus promesas, \u00abdonde dije digo, digo Diego\u00bb, el despido gratuito es una de las metas de la patronal largamente perseguida. Es la reforma laboral que los empresarios piden, apareciendo contertulios y dem\u00e1s parafernalia hablando de unificaci\u00f3n de contratos, dada la cantidad de modalidades existentes en la actualidad. Otra petici\u00f3n de la CEOE, \u00abhay que seguir con reformas para simplificaci\u00f3n administrativa\u00bb, especialmente en la reforma imprescindible de las Administraciones p\u00fablicas. Poniendo el dedo en la llaga: \u00abEl Estado tiene tres millones de empleados y esto no funciona, por lo que hay que plantearse primero si son necesarios y, preguntarse para qu\u00e9 sirven las diputaciones\u00bb. A ellos les da lo mismo que el paro aumente. Como dec\u00eda Engels: \u00ablos patronos se hallan en condiciones de esperar, por lo menos bastante tiempo, pero los obreros deben de sufrir, porque para ellos esto significa la miseria cr\u00f3nica y la constante perspectiva de la clase de trabajo\u00bb. La finalidad de la CEOE es, el despido gratuito y trabajos precarios o mini Job, parecido a la pel\u00edcula espa\u00f1ola, \u00abMi t\u00edo Jacinto\u00bb, estrenada el 31 de marzo de 1956, donde el protagonista tiene un sinf\u00edn de peque\u00f1os trabajos para triunfar en su profesi\u00f3n &#8211; torero -, a esa degradaci\u00f3n nos quieren llevar.<\/p>\n<p style=\"text-align: justify;\">Juan L\u00f3pez Gand\u00eda, catedr\u00e1tico de Derecho del Trabajo de la Universidad Polit\u00e9cnica de Valencia,\u00a0advierte que en Espa\u00f1a el problema es que la tasa de actividad y empleo de los mayores de 60 a\u00f1os es de 37,3% y el 31%\u00a0respectivamente, despedirlos es su objetivo, son profesionales con una larga experiencia y sueldos m\u00e1s altos, desean sustituirlos por j\u00f3venes con contratos de esclavitud.<\/p>\n<p style=\"text-align: justify;\">Otras de las medidas que este gobierno tiene en la chistera son las pensiones y edad de jubilaci\u00f3n. En junio, el Gobierno tendr\u00e1 lista una ley de desindexaci\u00f3n de la econom\u00eda, para c\u00e1lculo de las pensiones que permitir\u00e1 al Gobierno ahorrar en esta partida, tanto en las futuras como en las existentes, rebaj\u00e1ndolas.<\/p>\n<p style=\"text-align: justify;\">Nadie levanta la voz ante el atropello de la posible de la rebaja de las pensiones existentes, pretenden acabar con la vida de miles de ancianos, muchos pensionistas que a su vez mantienen en la actualidad incluso a dos generaciones de familiares parados.<\/p>\n<p style=\"text-align: justify;\">Hay que recordar que la pensi\u00f3n es la aportaci\u00f3n que durante toda la vida laboral una persona ha confiado al Estado, el \u00a05,35% del sueldo a modo de inversi\u00f3n a plazo fijo para asegurar su vejez, aparte el IRPF correspondiente. Pero el Estado pretende actuar igual que las cajas de ahorros en el caso de las preferentes, timando. Este gobierno est\u00e1 cayendo en una postura de exterminio calcada a los nazis del III Reich, aquellos pidieron dinero a los jud\u00edos y luego los masacraron para no devolver lo entregado y encima robarles. Este gobierno el dinero para asegurar la vejez lo entrega a la banca, pretendiendo exterminar a la mayor\u00eda de los jubilados y dependientes.<\/p>\n<p style=\"text-align: justify;\">\u00abRajoy el breve\u00bb, porque no conseguir\u00e1 otra legislatura debido al latrocinio demostrado, \u00a0tendr\u00e1 su epitafio por los cr\u00edmenes sociales cometidos que no debieran quedar impunes, el epitafio ser\u00eda: \u00abAqu\u00ed yace el \u00fanico presunto Criminal de Lesa Humanidad, a quien el Tribunal de la Haya no ha podido juzgar al estar amparado en los votos, traicionando a sus votantes incumpliendo todas las promesas electorales\u00bb. \u00a0 \u00a0<b>No descanses en Paz<\/b><\/p>\n<h5>\u00a0<b>Bibliograf\u00eda:<\/b><\/h5>\n<h5><b><\/b>\u201cH\u00aa del pensamiento social\u201d, <i>Salvador Giner. <\/i>12\u00aa edici\u00f3n: septiembre de 2008,<i> Editorial Ariel, p\u00e1g. 164<\/i><\/h5>\n<p>&nbsp;<\/p>\n<h4><b>Publicado en:<\/b><\/h4>\n<div><a href=\"http:\/\/www.diariodelasierra.es\/2013\/05\/17\/cartas-al-director-otra-promesa-de-rajoy-el-breve\/\" target=\"_blank\" rel=\"noopener noreferrer\">http:\/\/www.diariodelasierra.<wbr \/>es\/2013\/05\/17\/cartas-al-<wbr \/>director-otra-promesa-de-<wbr \/>rajoy-el-breve\/<\/a><\/div>\n<div><a href=\"http:\/\/en.wasalive.com\/es\/pensi%C3%B3n\" target=\"_blank\" rel=\"noopener noreferrer\">http:\/\/en.wasalive.com\/es\/<wbr \/>pensi%C3%B3n<\/a><a href=\"http:\/\/www.diariodelasierra.es\/2013\/05\/17\/cartas-al-director-otra-promesa-de-rajoy-el-breve\/\" target=\"_blank\" rel=\"noopener noreferrer\">\/2013\/05\/17\/<wbr \/>cartas-al-director-otra-<wbr \/>promesa-de-rajoy-el-breve\/<\/a><\/div>\n<div><a href=\"http:\/\/www.elportaluco.com\/index.php\/temas-de-interes-y-curiosidades\/opinion\/jose-enrique-centen\/7277-otra-promesa-de-rajoy-el-breve\" target=\"_blank\" rel=\"noopener noreferrer\">http:\/\/www.elportaluco.com\/<wbr \/>index.php\/temas-de-interes-y-<wbr \/>curiosidades\/opinion\/jose-<wbr \/>enrique-centen\/7277-otra-<wbr \/>promesa-de-rajoy-el-breve<\/a><\/div>\n<div><a href=\"http:\/\/www.infonortedigital.com\/portada\/component\/content\/article\/15-opiniones\/22498-otra-promesa-de-rajoy-el-breve\" target=\"_blank\" rel=\"noopener noreferrer\">http:\/\/www.infonortedigital.<wbr \/>com\/portada\/component\/content\/<wbr \/>article\/15-opiniones\/22498-<wbr \/>otra-promesa-de-rajoy-el-breve<\/a><\/div>\n<div>\n<p><a href=\"http:\/\/informacionalhamaindependiente.blogspot.com.es\/\" target=\"_blank\" rel=\"noopener noreferrer\">http:\/\/<wbr \/>informacionalhamaindependiente<wbr \/>.blogspot.com.es\/<\/a><a href=\"http:\/\/www.infonortedigital.com\/portada\/component\/content\/article\/15-opiniones\/22498-otra-promesa-de-rajoy-el-breve\" target=\"_blank\" rel=\"noopener noreferrer\">otra-promesa-<wbr \/>de-rajoy-el-breve<\/a><\/p>\n<div><a href=\"http:\/\/en.wasalive.com\/es\/jubilaci%C3%B3n\" target=\"_blank\" rel=\"noopener noreferrer\">http:\/\/en.wasalive.com\/es\/<wbr \/>jubilaci%C3%B3n<\/a><a href=\"http:\/\/www.diariodelasierra.es\/2013\/05\/17\/cartas-al-director-otra-promesa-de-rajoy-el-breve\/\" target=\"_blank\" rel=\"noopener noreferrer\">\/2013\/05\/17\/<wbr \/>cartas-al-director-otra-<wbr \/>promesa-de-rajoy-el-breve\/<\/a><\/div>\n<div><a href=\"http:\/\/www.eldigitalcastillalamancha.es\/articulo_opinion.asp?idarticulo=133429&amp;idfirma=&amp;lugar=&amp;ant=\" target=\"_blank\" rel=\"noopener noreferrer\">http:\/\/www.<wbr \/>eldigitalcastillalamancha.es\/<wbr \/>articulo_opinion.asp?<wbr \/>idarticulo=133429&amp;idfirma=&amp;<wbr \/>lugar=&amp;ant=<\/a><\/div>\n<div><a href=\"http:\/\/www.elperiodic.com\/voxpopuli\/1164_otra-promesa-rajoy-breve.html\" target=\"_blank\" rel=\"noopener noreferrer\">http:\/\/www.elperiodic.com\/<wbr \/>voxpopuli\/1164_otra-promesa-<wbr \/>rajoy-breve.html<\/a><\/div>\n<div><a href=\"http:\/\/periodistas-es.com\/otra-promesa-de-rajoy-el-breve-5683#comments\" target=\"_blank\" rel=\"noopener noreferrer\">http:\/\/periodistas-es.com\/<wbr \/>otra-promesa-de-rajoy-el-<wbr \/>breve-5683#comments<\/a><\/div>\n<div><a href=\"http:\/\/noticiasvillalba.com\/2013\/05\/17\/cartas-al-director-otra-promesa-de-rajoy-el-breve.html\" target=\"_blank\" rel=\"noopener noreferrer\">http:\/\/noticiasvillalba.com\/<wbr \/>2013\/05\/17\/cartas-al-director-<wbr \/>otra-promesa-de-rajoy-el-<wbr \/>breve.html<\/a><\/div>\n<div><a href=\"http:\/\/canariasinsurgente.typepad.com\/almacen\/2013\/05\/otra-promesa-de-rajoy-el-breve.html#more\" target=\"_blank\" rel=\"noopener noreferrer\">http:\/\/canariasinsurgente.<wbr \/>typepad.com\/almacen\/2013\/05\/<wbr \/>otra-promesa-de-rajoy-el-<wbr \/>breve.html#more<\/a><\/div>\n<div><a href=\"http:\/\/www.elblogoferoz.com\/2013\/05\/19\/otra-promesa-de-rajoy-el-breve-por-jose-enrique-centen-martin\/\" target=\"_blank\" rel=\"noopener noreferrer\">http:\/\/www.elblogoferoz.com\/<wbr \/>2013\/05\/19\/otra-promesa-de-<wbr \/>rajoy-el-breve-por-jose-<wbr \/>enrique-centen-martin\/<\/a><\/div>\n<div><a href=\"http:\/\/es.globedia.com\/promesa-rajoy-breve\" target=\"_blank\" rel=\"noopener noreferrer\">http:\/\/es.globedia.com\/<wbr \/>promesa-rajoy-breve<\/a><\/div>\n<div><a href=\"http:\/\/sierranortedigital.com\/portada\/category\/opinion\/\" target=\"_blank\" rel=\"noopener noreferrer\">http:\/\/sierranortedigital.com\/<wbr \/>portada\/category\/opinion\/<\/a><a href=\"http:\/\/www.elperiodic.com\/voxpopuli\/1164_otra-promesa-rajoy-breve.html\" target=\"_blank\" rel=\"noopener noreferrer\">otra-<wbr \/>promesa-rajoy-breve.html<\/a><\/div>\n<div><a href=\"http:\/\/www.tercerainformacion.es\/spip.php?article52017\" target=\"_blank\" rel=\"noopener noreferrer\">http:\/\/www.tercerainformacion.<wbr \/>es\/spip.php?article52017<\/a><\/div>\n<div><a href=\"http:\/\/www.diariosigloxxi.com\/texto-diario\/mostrar\/153996\/otra-promesa-de-rajoy-el-breve\" target=\"_blank\" rel=\"noopener noreferrer\">http:\/\/www.diariosigloxxi.com\/<wbr \/>texto-diario\/mostrar\/153996\/<wbr \/>otra-promesa-de-rajoy-el-breve<\/a><\/div>\n<div><a href=\"http:\/\/bitacoras.com\/anotaciones\/otra-promesa-de-rajoy-el-breve\/33493166\" target=\"_blank\" rel=\"noopener noreferrer\">http:\/\/bitacoras.com\/<wbr \/>anotaciones\/otra-promesa-de-<wbr \/>rajoy-el-breve\/33493166<\/a><\/div>\n<div><a href=\"http:\/\/www.diariodelasierra.es\/2013\/05\/17\/cartas-al-director-otra-promesa-de-rajoy-el-breve\/\" target=\"_blank\" rel=\"noopener noreferrer\">http:\/\/www.diariodelasierra.<wbr \/>es\/2013\/05\/17\/cartas-al-<wbr \/>director-otra-promesa-de-<wbr \/>rajoy-el-breve\/<\/a><\/div>\n<div><a href=\"http:\/\/octavioislas.wordpress.com\/2013\/05\/20\/10997-periodistas-es-noticias-periodismo-18-y-19-de-mayo-de-2013\/\" target=\"_blank\" rel=\"noopener noreferrer\">http:\/\/octavioislas.wordpress.<wbr \/>com\/2013\/05\/20\/10997-<wbr \/>periodistas-es-noticias-<wbr \/>periodismo-18-y-19-de-mayo-de-<wbr \/>2013\/<\/a><a href=\"http:\/\/periodistas-es.com\/otra-promesa-de-rajoy-el-breve-5683\" target=\"_blank\" rel=\"noopener noreferrer\"><span style=\"color: #0b5394;\">Otra promesa de Rajoy \u201cel breve\u201d<\/span><\/a><\/div>\n<div><a href=\"http:\/\/www.todo-titulares.es\/politica.php\" target=\"_blank\" rel=\"noopener noreferrer\">http:\/\/www.todo-titulares.es\/<wbr \/>politica.php<\/a>\/<span style=\"color: #0b5394;\"><a href=\"http:\/\/periodistas-es.com\/otra-promesa-de-rajoy-el-breve-5683\" target=\"_blank\" rel=\"noopener noreferrer\">Otra promesa de Rajoy \u201cel breve\u201d<\/a><\/span><\/div>\n<div><a href=\"http:\/\/masseriagrande.com\/index.php?start=300\" target=\"_blank\" rel=\"noopener noreferrer\">http:\/\/masseriagrande.com\/<wbr \/>index.php?start=300<\/a><\/div>\n<div>\n<p><a href=\"http:\/\/loquesomos.org\/index.php\/es\/la-calle\/agora-del-pueblo\/8674-otra-promesa-de-rajoy-el-breve\" target=\"_blank\" rel=\"noopener noreferrer\">http:\/\/loquesomos.org\/index.<wbr \/>php\/es\/la-calle\/agora-del-<wbr \/>pueblo\/8674-otra-promesa-de-<wbr \/>rajoy-el-breve<\/a><\/p>\n<div>\n<div><a href=\"http:\/\/mas.lne.es\/cartasdeloslectores\/carta\/13473\/otra-promesa-rajoy-breve.html\" target=\"_blank\" rel=\"noopener noreferrer\">http:\/\/mas.lne.es\/<wbr \/>cartasdeloslectores\/carta\/<wbr \/>13473\/otra-promesa-rajoy-<wbr \/>breve.html<\/a><\/div>\n<div>esHora Diario Semanal Nacional 24\/05\/2013<\/div>\n<\/div>\n<\/div>\n<\/div>\n<div class='shareinpost'><ul class=\"socialwrap row\"><li class=\"iconOnly\"><a  rel='nofollow'  target='_blank'  title='Recommend this post : Otra promesa de Rajoy  \u00abel breve\u00bb on Facebook'  href='http:\/\/www.facebook.com\/sharer.php?u=https%3A%2F%2Fwww.vitrubio03.es%2F%3Fp%3D4446&amp;t=Otra+promesa+de+Rajoy++%C2%ABel+breve%C2%BB'  ><img  src='https:\/\/www.vitrubio03.es\/wp-content\/plugins\/share-and-follow\/images\/blank.gif'  height='32' width='32'  class='image-32' alt='facebook'  style='background: transparent url(https:\/\/www.vitrubio03.es\/wp-content\/plugins\/share-and-follow\/default\/32\/sprite-32.png) no-repeat;padding:0;margin:0;height:32px;width:32px;background-position:-363px 0px'   \/> <span class=\"head\">Recommend on Facebook<\/span><\/a><\/li><li class=\"iconOnly\"><a  rel='nofollow'  target='_blank'  title='Tweet this post : Otra promesa de Rajoy  \u00abel breve\u00bb on Twitter'  href=\"http:\/\/twitter.com\/share?url=https%3A%2F%2Fwww.vitrubio03.es%2F%3Fp%3D4446&amp;text=Otra+promesa+de+Rajoy++%C2%ABel+breve%C2%BB+-+\"  ><img  src='https:\/\/www.vitrubio03.es\/wp-content\/plugins\/share-and-follow\/images\/blank.gif'  height='32' width='32'  class='image-32' alt='twitter'  style='background: transparent url(https:\/\/www.vitrubio03.es\/wp-content\/plugins\/share-and-follow\/default\/32\/sprite-32.png) no-repeat;padding:0;margin:0;height:32px;width:32px;background-position:-1749px 0px'   \/> <span class=\"head\">Tweet about it<\/span><\/a><\/li><li class=\"iconOnly\"><a  rel='nofollow'  target='_self'  title='Print this post : Otra promesa de Rajoy  \u00abel breve\u00bb for reading later'  href='javascript:window.print();'  ><img  src='https:\/\/www.vitrubio03.es\/wp-content\/plugins\/share-and-follow\/images\/blank.gif'  height='32' width='32'  class='image-32' alt='print'  style='background: transparent url(https:\/\/www.vitrubio03.es\/wp-content\/plugins\/share-and-follow\/default\/32\/sprite-32.png) no-repeat;padding:0;margin:0;height:32px;width:32px;background-position:-1386px 0px'   \/> <span class=\"head\">Print for later<\/span><\/a><\/li><li class=\"iconOnly\"><a rel=\"_self\" href=\"mailto:?subject=Reflexiones%20propias%20:%20Otra%20promesa%20de%20Rajoy%20%20\u00abel%20breve\u00bb&amp;body=Te%20adjunto%20un%20enlace%20a%20un%20art\u00edculo.%20Espero%20que%20te%20guste%20%20https:\/\/www.vitrubio03.es\/?p=4446\" title=\"Tell a friend about this post : Otra promesa de Rajoy  \u00abel breve\u00bb \"><img loading=\"lazy\" decoding=\"async\" src=\"https:\/\/www.vitrubio03.es\/wp-content\/plugins\/share-and-follow\/images\/blank.gif\" height=\"32\"  width=\"32\" style=\"background: transparent url(https:\/\/www.vitrubio03.es\/wp-content\/plugins\/share-and-follow\/default\/32\/sprite-32.png) no-repeat;padding:0;margin:0;height:32px;width:32px;background-position:-330px 0px\" class=\"image-32\"  alt=\"email\" \/> <span class=\"head\">Tell a friend<\/span><\/a><\/li><\/ul><div class=\"clean\"><\/div> <\/div>","protected":false},"excerpt":{"rendered":"<p>Rajoy junto a su ministra de Trabajo B\u00e1\u00f1ez, se ha reunido por primera vez con todos los agentes sociales, CEOE, CEPYME y Sindicatos, abierto a escuchar propuestas aunque que no tiene intenci\u00f3n de variar su reforma laboral y cualquier cambio &hellip; <a href=\"https:\/\/www.vitrubio03.es\/?p=4446\">Sigue leyendo <span class=\"meta-nav\">&rarr;<\/span><\/a><\/p>\n","protected":false},"author":2,"featured_media":0,"comment_status":"closed","ping_status":"closed","sticky":false,"template":"","format":"standard","meta":{"footnotes":""},"categories":[10,12],"tags":[16,32],"class_list":["post-4446","post","type-post","status-publish","format-standard","hentry","category-nacional","category-sindicalismo","tag-derechos","tag-los-progresistas"],"_links":{"self":[{"href":"https:\/\/www.vitrubio03.es\/index.php?rest_route=\/wp\/v2\/posts\/4446","targetHints":{"allow":["GET"]}}],"collection":[{"href":"https:\/\/www.vitrubio03.es\/index.php?rest_route=\/wp\/v2\/posts"}],"about":[{"href":"https:\/\/www.vitrubio03.es\/index.php?rest_route=\/wp\/v2\/types\/post"}],"author":[{"embeddable":true,"href":"https:\/\/www.vitrubio03.es\/index.php?rest_route=\/wp\/v2\/users\/2"}],"replies":[{"embeddable":true,"href":"https:\/\/www.vitrubio03.es\/index.php?rest_route=%2Fwp%2Fv2%2Fcomments&post=4446"}],"version-history":[{"count":11,"href":"https:\/\/www.vitrubio03.es\/index.php?rest_route=\/wp\/v2\/posts\/4446\/revisions"}],"predecessor-version":[{"id":7341,"href":"https:\/\/www.vitrubio03.es\/index.php?rest_route=\/wp\/v2\/posts\/4446\/revisions\/7341"}],"wp:attachment":[{"href":"https:\/\/www.vitrubio03.es\/index.php?rest_route=%2Fwp%2Fv2%2Fmedia&parent=4446"}],"wp:term":[{"taxonomy":"category","embeddable":true,"href":"https:\/\/www.vitrubio03.es\/index.php?rest_route=%2Fwp%2Fv2%2Fcategories&post=4446"},{"taxonomy":"post_tag","embeddable":true,"href":"https:\/\/www.vitrubio03.es\/index.php?rest_route=%2Fwp%2Fv2%2Ftags&post=4446"}],"curies":[{"name":"wp","href":"https:\/\/api.w.org\/{rel}","templated":true}]}}