{"id":4579,"date":"2013-08-23T22:19:01","date_gmt":"2013-08-23T20:19:01","guid":{"rendered":"http:\/\/www.vitrubio03.es\/?p=4579"},"modified":"2020-10-16T20:48:27","modified_gmt":"2020-10-16T18:48:27","slug":"rosell-el-bocas","status":"publish","type":"post","link":"https:\/\/www.vitrubio03.es\/?p=4579","title":{"rendered":"Rosell \u00abel bocas\u00bb"},"content":{"rendered":"<p style=\"text-align: justify;\"><em>Cada vez que habla alg\u00fan dirigente de la patronal el hedor de putrefacci\u00f3n que expele es <a href=\"https:\/\/www.vitrubio03.es\/wp-content\/uploads\/2013\/08\/images-1.jpg\"><img loading=\"lazy\" decoding=\"async\" class=\"alignleft size-full wp-image-4580\" src=\"https:\/\/www.vitrubio03.es\/wp-content\/uploads\/2013\/08\/images-1.jpg\" alt=\"images (1)\" width=\"271\" height=\"186\" \/><\/a>igual a la gangrena en un cuerpo, en este caso el cuerpo son los derechos adquiridos por los trabajadores, derechos logrados durante m\u00e1s de un siglo de lucha reivindicativa para mejoras sociales y econ\u00f3micas desde la semiesclavitud a finales del siglo XIX. <\/em><\/p>\n<p style=\"text-align: justify;\"><strong>Gerardo D\u00edaz Ferr\u00e1n<\/strong> ex presidente de la CEOE dijo: <strong>\u00abhay que trabajar m\u00e1s y cobrar menos\u00bb,<\/strong> hoy detenido por presuntos delitos de blanqueo de capitales, alzamiento y ocultaci\u00f3n de bienes<b>, <\/b>seg\u00fan fuentes policiales. Digno representante de la patronal espa\u00f1ola.<!--more--><\/p>\n<p style=\"text-align: justify;\">Joan Rosell Lastortras, actual presidente de la CEOE y art\u00edfice en la sombra de la reforma <em>laboral de este gobierno siguiendo los postulados de FMI y las grandes empresas nacionales e internacionales no conformes con las restricciones hasta ahora, Rosell <\/em><em>solt\u00f3 una reflexi\u00f3n muy profunda,<\/em><strong><em> \u00abse deben eliminar algunos privilegios a los contratos indefinidos\u00bb. <\/em><\/strong><em>Convirtiendo los contratos de tiempo completo en parcial y m\u00e1s flexibilidad en la jornada de trabajo, duplicar las horas complementarias y sueldos variables seg\u00fan los resultados econ\u00f3micos. Declaraciones <\/em>aplaudidas hasta con las orejas por la patronal, ocurrencia defendida por <strong>Arturo Fern\u00e1ndez<\/strong> vicepresidente de la CEOE y presidente de<b>\u00a0<\/b>CEIM, el que dijo <strong>\u00ab<i>la gente no quiere una huelga, sino un trabajo\u00bb<\/i><\/strong><b><i>,<\/i><\/b><b> <\/b>cuando se aprob\u00f3 la rebaja de indemnizaciones por despido a 20 d\u00edas por a\u00f1o. \u00c9l que paga parte del sueldo de sus trabajadores en negro o dinero B, correspondiente fundamentalmente a las horas extras realizadas o complementos por responsabilidad, evitando cotizar las distintas remuneraciones a sus empleados, lo que supone un delito de fraude a la Seguridad Social y a Hacienda y un delito contra los derechos de los trabajadores.\u00a0Otro digno representante de la patronal espa\u00f1ola.<\/p>\n<p style=\"text-align: justify;\">En realidad lo que pretende la CEOE lo llevan soltando a cuentagotas segundas\u00a0o terceras filas de la patronal, banca, grandes empresas o del gobierno. Que el gobierno est\u00e1 ensayando, como es la supresi\u00f3n de la paga extra llevada a cabo a los funcionarios, una de las reivindicaciones de la CEOE es eliminarlas, al igual que las vacaciones remuneradas, ya las ETT contratan con vacaciones y pagas extras en 12 pagos anuales. Tambi\u00e9n se escudan en el absentismo para intentar descontar el sueldo por cualquier ausencia laboral, puesto en pr\u00e1ctica por el gobierno en la Administraci\u00f3n p\u00fablica disminuyendo al 50% el sueldo esos d\u00edas, tambi\u00e9n apuntan a los d\u00edas de permiso remunerados por matrimonio, nacimiento o fallecimiento de un familiar.<\/p>\n<p style=\"text-align: justify;\">\u00a0Otro ejemplo de sumisi\u00f3n a la patronal lo tenemos en el gobierno, donde la ministra que no ha trabajado nunca, <strong>F\u00e1tima B\u00e1\u00f1ez llam\u00f3 movilidad exterior a la emigraci\u00f3n de j\u00f3venes,<\/strong> o la <strong>Gonz\u00e1lez Pons<\/strong> dirigente del PP al manifestar <strong>\u00abquienes buscan trabajo en Europa, en realidad est\u00e1n en su pa\u00eds\u00bb,<\/strong> pauta para eliminar las dietas nacionales e internacionales. Ya han aparecido los contratos por desplazamiento o extradici\u00f3n, otro fraude a la Seguridad Social que el gobierno silencia y consiente, esa no cotizaci\u00f3n de los trabajadores espa\u00f1oles contratados para el extranjero representar\u00e1 menos a\u00f1os para la jubilaci\u00f3n, el gran objetivo de este gobierno, bajar ese coste social, fomentando uno de los grandes intereses de la Banca y Aseguradores, los planes de pensiones, los mismos que en otros pa\u00edses se ha demostrado como un timo.<\/p>\n<p style=\"text-align: justify;\">Nos espera septiembre, alguna perla de Bruselas, FMI o Alemania se est\u00e1 fraguando y <strong>\u00ablos bocas nacionales\u00bb<\/strong> dar\u00e1n una cumplida versi\u00f3n propia, mejor\u00e1ndola.<\/p>\n<div><span style=\"color: #666666; font-family: Georgia, 'Bitstream Charter', serif;\"><b>Publicado en :<\/b><\/span><\/div>\n<div><a href=\"http:\/\/www.sanborondon.info\/content\/view\/55272\/126\/\" target=\"_blank\" rel=\"noopener noreferrer\">http:\/\/www.sanborondon.info\/<wbr \/>content\/view\/55272\/126\/<\/a><\/div>\n<div><a href=\"http:\/\/www.elblogoferoz.com\/2013\/08\/24\/rosell-el-bocas-por-jose-enrique-centen-martin\/\" target=\"_blank\" rel=\"noopener noreferrer\">http:\/\/www.elblogoferoz.com\/<wbr \/>2013\/08\/24\/rosell-el-bocas-<wbr \/>por-jose-enrique-centen-<wbr \/>martin\/<\/a><\/div>\n<div><a href=\"http:\/\/www.grancanariaactualidad.com\/index.php\/las-palmas-gran-canaria-canarias\/noticias-actualidad\/366163-rosell-el-bocas.html\" target=\"_blank\" rel=\"noopener noreferrer\">http:\/\/www.<wbr \/>grancanariaactualidad.com\/<wbr \/>index.php\/las-palmas-gran-<wbr \/>canaria-canarias\/noticias-<wbr \/>actualidad\/366163-rosell-el-<wbr \/>bocas.html<\/a><\/div>\n<div><a href=\"http:\/\/periodistas-es.com\/rosell-el-bocas-15735#more-15735\" target=\"_blank\" rel=\"noopener noreferrer\">http:\/\/periodistas-es.com\/<wbr \/>rosell-el-bocas-15735#more-<wbr \/>15735<\/a><\/div>\n<div>\n<div><a href=\"http:\/\/informacionalhamaindependiente.blogspot.com.es\/2013\/08\/rosell-el-bocas.html\" target=\"_blank\" rel=\"noopener noreferrer\">http:\/\/<wbr \/>informacionalhamaindependiente<wbr \/>.blogspot.com.es\/2013\/08\/<wbr \/>rosell-el-bocas.html<\/a><\/div>\n<div><a href=\"http:\/\/www.tercerainformacion.es\/spip.php?article56782\" target=\"_blank\" rel=\"noopener noreferrer\">http:\/\/www.tercerainformacion.<wbr \/>es\/spip.php?article56782<\/a><\/div>\n<div><a href=\"http:\/\/www.diariodelasierra.es\/2013\/08\/24\/rosell-el-bocas\/\" target=\"_blank\" rel=\"noopener noreferrer\">http:\/\/www.diariodelasierra.<wbr \/>es\/2013\/08\/24\/rosell-el-bocas\/<\/a><\/div>\n<div><a href=\"http:\/\/en.wasalive.com\/es\/%22reforma+laboral%22\" target=\"_blank\" rel=\"noopener noreferrer\">http:\/\/en.wasalive.com\/es\/%<wbr \/>22reforma+laboral%22<\/a><a href=\"http:\/\/www.diariodelasierra.es\/2013\/08\/24\/rosell-el-bocas\/\" target=\"_blank\" rel=\"noopener noreferrer\">\/rosell-<wbr \/>el-bocas\/<\/a><\/div>\n<div><a href=\"http:\/\/la-segunda-fundacion.blogspot.com.es\/2013\/02\/tmls.html\" target=\"_blank\" rel=\"noopener noreferrer\">http:\/\/la-segunda-fundacion.<wbr \/>blogspot.com.es\/2013\/02\/tmls.<wbr \/>html<\/a><a href=\"http:\/\/www.diariodelasierra.es\/2013\/08\/24\/rosell-el-bocas\/\" target=\"_blank\" rel=\"noopener noreferrer\">\/rosell-el-bocas\/<\/a><\/div>\n<div><a href=\"http:\/\/noticiasvillalba.com\/2013\/08\/24\/rosell-el-bocas.html\" target=\"_blank\" rel=\"noopener noreferrer\">http:\/\/noticiasvillalba.com\/<wbr \/>2013\/08\/24\/rosell-el-bocas.<wbr \/>html<\/a><a href=\"http:\/\/www.diariodelasierra.es\/2013\/08\/24\/rosell-el-bocas\/\" target=\"_blank\" rel=\"noopener noreferrer\">\/rosell-el-bocas\/<\/a><\/div>\n<div><a href=\"http:\/\/www.noticiasgalicia.com\/tribuna\/centen\/cen3.html\" target=\"_blank\" rel=\"noopener noreferrer\">http:\/\/www.noticiasgalicia.<wbr \/>com\/tribuna\/centen\/cen3.html<\/a><\/div>\n<div><a href=\"http:\/\/www.infomelilla.com\/noticias\/index.php?accion=3&amp;id=38562\" target=\"_blank\" rel=\"noopener noreferrer\">http:\/\/www.infomelilla.com\/<wbr \/>noticias\/index.php?accion=3&amp;<wbr \/>id=38562<\/a><\/div>\n<div><a href=\"http:\/\/elotrokiosko.net\/jose-enrique-centen-rosell-el-bocas\/\" target=\"_blank\" rel=\"noopener noreferrer\">http:\/\/elotrokiosko.net\/jose-<wbr \/>enrique-centen-rosell-el-<wbr \/>bocas\/<\/a><\/div>\n<div><a href=\"http:\/\/www.elportaluco.com\/index.php\/temas-de-interes-y-curiosidades\/opinion\/jose-enrique-centen\/9418-rosell-el-bocas\" target=\"_blank\" rel=\"noopener noreferrer\">http:\/\/www.elportaluco.com\/<wbr \/>index.php\/temas-de-interes-y-<wbr \/>curiosidades\/opinion\/jose-<wbr \/>enrique-centen\/9418-rosell-el-<wbr \/>bocas<\/a><\/div>\n<div><a href=\"http:\/\/www.galapagar-info.net\/noticias-de-la-sierra.php\" target=\"_blank\" rel=\"noopener noreferrer\">http:\/\/www.galapagar-info.net\/<wbr \/>noticias-de-la-sierra.php<\/a><a href=\"http:\/\/www.diariodelasierra.es\/2013\/08\/24\/rosell-el-bocas\/\" target=\"_blank\" rel=\"noopener noreferrer\">\/<wbr \/>rosell-el-bocas\/<\/a><\/div>\n<div><a href=\"http:\/\/www.soynadie.com\/de\/2013\/08\/rosell-el-bocas\/\" target=\"_blank\" rel=\"noopener noreferrer\">http:\/\/www.soynadie.com\/de\/<wbr \/>2013\/08\/rosell-el-bocas\/<\/a><\/div>\n<div><a href=\"http:\/\/es.globedia.com\/rosell-el-bocas-\" target=\"_blank\" rel=\"noopener noreferrer\">http:\/\/es.globedia.com\/rosell-<wbr \/>el-bocas-<\/a><\/div>\n<div><a href=\"http:\/\/www.diariosigloxxi.com\/texto-diario\/mostrar\/159254\/rosell-el-bocas\" target=\"_blank\" rel=\"noopener noreferrer\">http:\/\/www.diariosigloxxi.com\/<wbr \/>texto-diario\/mostrar\/159254\/<wbr \/>rosell-el-bocas<\/a><\/div>\n<div><a href=\"http:\/\/sierranortedigital.com\/portada\/2013\/08\/26\/rosell-el-bocas\/\" target=\"_blank\" rel=\"noopener noreferrer\">http:\/\/sierranortedigital.com\/<wbr \/>portada\/2013\/08\/26\/rosell-el-<wbr \/>bocas\/<\/a><\/div>\n<div><a href=\"http:\/\/canariasinsurgente.typepad.com\/almacen\/2013\/08\/rosell-el-bocas.html\" target=\"_blank\" rel=\"noopener noreferrer\">http:\/\/canariasinsurgente.<wbr \/>typepad.com\/almacen\/2013\/08\/<wbr \/>rosell-el-bocas.html<\/a><\/div>\n<div><a href=\"http:\/\/www.cronicapopular.es\/2013\/08\/jose-enrique-centen-rosell-el-bocas\/\" target=\"_blank\" rel=\"noopener noreferrer\">http:\/\/www.cronicapopular.es\/<wbr \/>2013\/08\/jose-enrique-centen-<wbr \/>rosell-el-bocas\/<\/a><\/div>\n<div><a href=\"http:\/\/actualidades.es\/noticias\/rosell-el-%E2%80%9Cbocas%E2%80%9D\" target=\"_blank\" rel=\"noopener noreferrer\">http:\/\/actualidades.es\/<wbr \/>noticias\/rosell-el-%E2%80%<wbr \/>9Cbocas%E2%80%9D<\/a><\/div>\n<div><a href=\"http:\/\/en.wasalive.com\/es\/ceoe\">http:\/\/en.wasalive.com\/es\/ceoe<\/a><a href=\"http:\/\/www.cronicapopular.es\/2013\/08\/jose-enrique-centen-rosell-el-bocas\/\" target=\"_blank\" rel=\"noopener noreferrer\">\/jose-enrique-centen-<wbr \/>rosell-el-bocas\/<\/a><\/div>\n<div><a href=\"http:\/\/www.lookfordiagnosis.com\/news.php?lang=2&amp;term=gangrena\">http:\/\/www.lookfordiagnosis.com\/news.php?lang=2&amp;term=gangrena<\/a><\/div>\n<div><a href=\"http:\/\/bitacoras.com\/bitacora\/diariodelasierra.es\">http:\/\/bitacoras.com\/bitacora\/diariodelasierra.es<\/a><a href=\"http:\/\/www.cronicapopular.es\/2013\/08\/jose-enrique-centen-rosell-el-bocas\/\" target=\"_blank\" rel=\"noopener noreferrer\">\/jose-enrique-centen-<wbr \/>rosell-el-bocas\/<\/a><\/div>\n<div><a href=\"http:\/\/mas.lne.es\/cartasdeloslectores\/carta\/14196\/rosell-bocas.html\">http:\/\/mas.lne.es\/cartasdeloslectores\/carta\/14196\/rosell-bocas.html<\/a><\/div>\n<div><\/div>\n<\/div>\n<div class='shareinpost'><ul class=\"socialwrap row\"><li class=\"iconOnly\"><a  rel='nofollow'  target='_blank'  title='Recommend this post : Rosell \u00abel bocas\u00bb on Facebook'  href='http:\/\/www.facebook.com\/sharer.php?u=https%3A%2F%2Fwww.vitrubio03.es%2F%3Fp%3D4579&amp;t=Rosell+%C2%ABel+bocas%C2%BB'  ><img  src='https:\/\/www.vitrubio03.es\/wp-content\/plugins\/share-and-follow\/images\/blank.gif'  height='32' width='32'  class='image-32' alt='facebook'  style='background: transparent url(https:\/\/www.vitrubio03.es\/wp-content\/plugins\/share-and-follow\/default\/32\/sprite-32.png) no-repeat;padding:0;margin:0;height:32px;width:32px;background-position:-363px 0px'   \/> <span class=\"head\">Recommend on Facebook<\/span><\/a><\/li><li class=\"iconOnly\"><a  rel='nofollow'  target='_blank'  title='Tweet this post : Rosell \u00abel bocas\u00bb on Twitter'  href=\"http:\/\/twitter.com\/share?url=https%3A%2F%2Fwww.vitrubio03.es%2F%3Fp%3D4579&amp;text=Rosell+%C2%ABel+bocas%C2%BB+-+\"  ><img  src='https:\/\/www.vitrubio03.es\/wp-content\/plugins\/share-and-follow\/images\/blank.gif'  height='32' width='32'  class='image-32' alt='twitter'  style='background: transparent url(https:\/\/www.vitrubio03.es\/wp-content\/plugins\/share-and-follow\/default\/32\/sprite-32.png) no-repeat;padding:0;margin:0;height:32px;width:32px;background-position:-1749px 0px'   \/> <span class=\"head\">Tweet about it<\/span><\/a><\/li><li class=\"iconOnly\"><a  rel='nofollow'  target='_self'  title='Print this post : Rosell \u00abel bocas\u00bb for reading later'  href='javascript:window.print();'  ><img  src='https:\/\/www.vitrubio03.es\/wp-content\/plugins\/share-and-follow\/images\/blank.gif'  height='32' width='32'  class='image-32' alt='print'  style='background: transparent url(https:\/\/www.vitrubio03.es\/wp-content\/plugins\/share-and-follow\/default\/32\/sprite-32.png) no-repeat;padding:0;margin:0;height:32px;width:32px;background-position:-1386px 0px'   \/> <span class=\"head\">Print for later<\/span><\/a><\/li><li class=\"iconOnly\"><a rel=\"_self\" href=\"mailto:?subject=Reflexiones%20propias%20:%20Rosell%20\u00abel%20bocas\u00bb&amp;body=Te%20adjunto%20un%20enlace%20a%20un%20art\u00edculo.%20Espero%20que%20te%20guste%20%20https:\/\/www.vitrubio03.es\/?p=4579\" title=\"Tell a friend about this post : Rosell \u00abel bocas\u00bb \"><img loading=\"lazy\" decoding=\"async\" src=\"https:\/\/www.vitrubio03.es\/wp-content\/plugins\/share-and-follow\/images\/blank.gif\" height=\"32\"  width=\"32\" style=\"background: transparent url(https:\/\/www.vitrubio03.es\/wp-content\/plugins\/share-and-follow\/default\/32\/sprite-32.png) no-repeat;padding:0;margin:0;height:32px;width:32px;background-position:-330px 0px\" class=\"image-32\"  alt=\"email\" \/> <span class=\"head\">Tell a friend<\/span><\/a><\/li><\/ul><div class=\"clean\"><\/div> <\/div>","protected":false},"excerpt":{"rendered":"<p>Cada vez que habla alg\u00fan dirigente de la patronal el hedor de putrefacci\u00f3n que expele es igual a la gangrena en un cuerpo, en este caso el cuerpo son los derechos adquiridos por los trabajadores, derechos logrados durante m\u00e1s de &hellip; <a href=\"https:\/\/www.vitrubio03.es\/?p=4579\">Sigue leyendo <span class=\"meta-nav\">&rarr;<\/span><\/a><\/p>\n","protected":false},"author":2,"featured_media":0,"comment_status":"closed","ping_status":"closed","sticky":false,"template":"","format":"standard","meta":{"footnotes":""},"categories":[57,10,12],"tags":[16,32],"class_list":["post-4579","post","type-post","status-publish","format-standard","hentry","category-las-derechas","category-nacional","category-sindicalismo","tag-derechos","tag-los-progresistas"],"_links":{"self":[{"href":"https:\/\/www.vitrubio03.es\/index.php?rest_route=\/wp\/v2\/posts\/4579","targetHints":{"allow":["GET"]}}],"collection":[{"href":"https:\/\/www.vitrubio03.es\/index.php?rest_route=\/wp\/v2\/posts"}],"about":[{"href":"https:\/\/www.vitrubio03.es\/index.php?rest_route=\/wp\/v2\/types\/post"}],"author":[{"embeddable":true,"href":"https:\/\/www.vitrubio03.es\/index.php?rest_route=\/wp\/v2\/users\/2"}],"replies":[{"embeddable":true,"href":"https:\/\/www.vitrubio03.es\/index.php?rest_route=%2Fwp%2Fv2%2Fcomments&post=4579"}],"version-history":[{"count":7,"href":"https:\/\/www.vitrubio03.es\/index.php?rest_route=\/wp\/v2\/posts\/4579\/revisions"}],"predecessor-version":[{"id":7730,"href":"https:\/\/www.vitrubio03.es\/index.php?rest_route=\/wp\/v2\/posts\/4579\/revisions\/7730"}],"wp:attachment":[{"href":"https:\/\/www.vitrubio03.es\/index.php?rest_route=%2Fwp%2Fv2%2Fmedia&parent=4579"}],"wp:term":[{"taxonomy":"category","embeddable":true,"href":"https:\/\/www.vitrubio03.es\/index.php?rest_route=%2Fwp%2Fv2%2Fcategories&post=4579"},{"taxonomy":"post_tag","embeddable":true,"href":"https:\/\/www.vitrubio03.es\/index.php?rest_route=%2Fwp%2Fv2%2Ftags&post=4579"}],"curies":[{"name":"wp","href":"https:\/\/api.w.org\/{rel}","templated":true}]}}