{"id":4583,"date":"2013-08-30T12:50:20","date_gmt":"2013-08-30T10:50:20","guid":{"rendered":"http:\/\/www.vitrubio03.es\/?p=4583"},"modified":"2020-09-09T19:43:29","modified_gmt":"2020-09-09T17:43:29","slug":"600-anos-de-privilegios","status":"publish","type":"post","link":"https:\/\/www.vitrubio03.es\/?p=4583","title":{"rendered":"600 a\u00f1os de privilegios"},"content":{"rendered":"<p style=\"text-align: justify;\" align=\"center\">El mejor \u201c<\/p>\n<p style=\"text-align: justify;\" align=\"center\">El mejor \u00ablobby\u00bb de la historia sin dudarlo es la Iglesia Cat\u00f3lica, se inicia en la desaparici\u00f3n del Imperio Romano con Teodosio I (casualidad de la vida, naci\u00f3 en Hispania) cuando el\u00a027 <a href=\"https:\/\/www.vitrubio03.es\/wp-content\/uploads\/2013\/08\/Concordato1.jpg\"><img loading=\"lazy\" decoding=\"async\" class=\"alignleft size-full wp-image-4586\" src=\"https:\/\/www.vitrubio03.es\/wp-content\/uploads\/2013\/08\/Concordato1.jpg\" alt=\"Concordato\" width=\"284\" height=\"177\" \/><\/a>de febrero del a\u00f1o 380 declar\u00f3 el cristianismo \u00fanica religi\u00f3n imperial leg\u00edtima. Proh\u00edbe los Juegos Ol\u00edmpicos por paganos en el 393 influenciado por el obispo de Mil\u00e1n, Ambrosio (340-395), primer cristiano en conseguir que se reconociera el poder de la Iglesia por encima del Estado demostrando as\u00ed su autoridad frente al emperador, y poco a poco la Iglesia influenci\u00f3 en todos los reinos que surgieron tras la ca\u00edda del Imperio debido a su \u00fanica virtud, la paciencia.<!--more--><\/p>\n<p style=\"text-align: justify;\">Espa\u00f1a no qued\u00f3 al margen, desde el Concilio\u00a0de Constanza siendo rey Juan II se firma el primer Concordato entre el rey y la Iglesia Cat\u00f3lica en 1418, siendo varias veces renovado y mejorado a su favor a lo largo del tiempo, en 1737 con Felipe V, 1753 con Fernando VI, mejorado con Carlos III y Carlos IV, en 1814 con Fernando VII y con Isabel II en 1851. Se aboli\u00f3 entre 1931 y 1939 por la laicidad de la II Rep\u00fablica, nuevamente renovado con la dictadura franquista en 1939 debido al apoyo recibido por la jerarqu\u00eda eclesi\u00e1stica, siendo revisado continuamente para mejorarlo en 1941, 1946, 1950, 1953, 1976 y en 1979 con la nueva Constituci\u00f3n de 1978, un insulto a la aconfesionalidad del Estado<i> <\/i>a su art\u00edculo 16.3 donde dice:<\/p>\n<p style=\"text-align: justify;\"><i>\u00abNinguna confesi\u00f3n tendr\u00e1 car\u00e1cter estatal. Los poderes p\u00fablicos tendr\u00e1n en cuenta las creencias religiosas de la sociedad espa\u00f1ola y mantendr\u00e1n las consiguientes relaciones de cooperaci\u00f3n con la Iglesia Cat\u00f3lica y las dem\u00e1s confesiones\u00bb.<\/i><\/p>\n<p style=\"text-align: justify;\">Este \u00ablobby\u00bb introducido en todos los estamentos pol\u00edticos desde la antig\u00fcedad, con miembros en la mayor\u00eda de los partidos pol\u00edticos a los que recuerda en algunas ocasiones la pena de excomuni\u00f3n por la aprobaci\u00f3n de determinadas leyes escud\u00e1ndose en su dogma, pero en realidad es evitar la merma de sus bienes econ\u00f3micos y privilegios.<\/p>\n<p style=\"text-align: justify;\">Seg\u00fan la Constituci\u00f3n, el Estado no puede intervenir en el \u00e1mbito de las confesiones y las confesiones no pueden interferir en el \u00e1mbito estatal. El Espa\u00f1a el Estado es fiel cumplidor en su no intervenci\u00f3n en el \u00e1mbito religiosa, pero la confesi\u00f3n cat\u00f3lica est\u00e1 continuamente presionando para abolir o penalizar pr\u00e1cticas por el mero hecho de considerarlas herejes (dogmas u opini\u00f3n diferente a la ortodoxia de su religi\u00f3n), entrometi\u00e9ndose en \u00e1reas que deber\u00eda de competir \u00fanicamente al Estado. Incluso abortando la revisi\u00f3n de los enormes privilegios sociales, fiscales, pol\u00edticos y administrativos que esta iglesia posee desde 1418, con su legi\u00f3n de ac\u00f3litos en todos los estamentos de la naci\u00f3n chantajea al Estado aconfesional para anular Leyes en contra al inter\u00e9s de la Iglesia, incluso contraviniendo dogmas eclesi\u00e1sticos como son los pecados capitales y sociales:<\/p>\n<p style=\"text-align: justify;\">Sin tapujos reclaman al Gobierno del presidente Rajoy medidas en el \u00e1mbito social y cultural. \u00ab<i>Acuerdos contrarios a la l\u00f3gica democr\u00e1tica, ya que consolidan la casi omnipresencia de la Iglesia Cat\u00f3lica en instituciones y espacios que no son los suyos: hospitales, ej\u00e9rcitos, ceremonias civiles, etc., sin olvidar su constante intento de injerencia en las pol\u00edticas sociales as\u00ed como en el desarrollo legislativo regulador de los derechos civiles, la moral p\u00fablica, la investigaci\u00f3n, etc. Un poder de coacci\u00f3n moral incompatible con el pluralismo \u00e9tico y cultural de la sociedad espa\u00f1ola y con el ejercicio de las libertades que consagra nuestra Constituci\u00f3n\u00bb<\/i>.<\/p>\n<p style=\"text-align: justify;\">&#8211; Se oponen a la separaci\u00f3n y el divorcio, pero tiene el Tribunal de Rota donde \u00fanicamente acceden personas por un m\u00f3dico precio superior a seis cifras.<br \/>\n&#8211; Exige la penalizaci\u00f3n del aborto, aun en peligro de la madre o malformaci\u00f3n del feto, entrometi\u00e9ndose en la libertad personal e individual de la mujer\u00a0 por un organismo regido exclusivamente de hombres, mientras calla en los recortes para ayudas a las familias en guarder\u00edas sociales y la dependencia en general.<br \/>\n&#8211; Est\u00e1n contra investigaci\u00f3n con c\u00e9lulas madre embrionarias. Aunque represente un avance para salvar vidas.<br \/>\n&#8211; Impone la asignatura de religi\u00f3n (cat\u00f3lica) en la ense\u00f1anza y la elecci\u00f3n o destituci\u00f3n de los maestros de religi\u00f3n (sin tener t\u00edtulo oficial de maestros), pagados por el Estado.<br \/>\n&#8211; Callan por las restricciones en la ense\u00f1anza p\u00fablica, porque controlan la mayor\u00eda de las escuelas privadas y subvencionadas.<br \/>\n&#8211; Imponen 10 de los 14 d\u00edas festivos del calendario espa\u00f1ol.<\/p>\n<p style=\"text-align: justify;\">Y en los \u00faltimos 10 a\u00f1os ha conseguido apropiarse, por el sistema de inmatriculaciones, m\u00e1s de 4.500 propiedades p\u00fablicas, entre ellas la Mezquita de C\u00f3rdoba, con la complicidad de los poderes p\u00fablicos de este soterrado \u00ablobby\u00bb en la mayor\u00eda de los partidos pol\u00edticos, propiedades que ha engrosado los m\u00e1s de 100.000 inmuebles que poseen en Espa\u00f1a exentos del IBI al igual que los edificios p\u00fablicos dedicados a seguridad ciudadana (comisar\u00edas), servicios educativos p\u00fablicos (colegios) y penitenciarios (c\u00e1rceles), o a la defensa nacional (cuarteles), los inmuebles de la Cruz Roja, las sedes diplom\u00e1ticas de otros pa\u00edses y las estaciones de ferrocarril. Sin contar las exenciones de impuestos de que goza la jerarqu\u00eda cat\u00f3lica en sus miles de propiedades r\u00fasticas y urbanas, al margen de los incontrolados ingresos por la venta de entradas en visitas a sus catedrales y centros religiosos restaurados con dinero p\u00fablico.<\/p>\n<p style=\"text-align: justify;\">La hipocres\u00eda de la Iglesia Cat\u00f3lica se demuestra desde hace seis siglos con solo incumplir uno de los 7 pecados capitales recopilados y clasificados por Gregorio Magno (540-604).<\/p>\n<p style=\"text-align: justify;\">&#8211; La avaricia: \u00ab<i>el af\u00e1n o deseo desordenado y excesivo de poseer riquezas para atesorarlas\u00bb.<br \/>\n<\/i>&#8211; Y en uno de los cinco pecados sociales promulgados por Benedicto XVI el 17 de marzo del 2008,\u00a0 \u00ab<i>no te enriquecer\u00e1s hasta l\u00edmites obscenos a expensas del bien com\u00fan\u00bb.<\/i><\/p>\n<p style=\"text-align: justify;\">Es necesario proclamar la laicidad del Estado como si fuese una nueva Reconquista, en este caso para la abolici\u00f3n de los privilegios de la Iglesia Cat\u00f3lica desde hace 600 a\u00f1os. Eliminar la influencia religiosa donde los laicos dise\u00f1en, ordenen y apliquen las leyes, usos y costumbres de una sociedad, dejando a los cl\u00e9rigos solo el \u00e1mbito de sus organizaciones religiosas y cumplan con su ortodoxia, para que no caigan en otro de los pecados sociales proclamados por Benedicto XVI, \u00ab<i>no provocar\u00e1s la injusticia social\u00bb. <\/i><\/p>\n<p style=\"text-align: justify;\">&#8211; Es muy significativo que personas del vulgo, con o sin connotaciones religiosas, seamos capaces de enmendar a estos facinerosos jerarcas cat\u00f3licos espa\u00f1oles, como interpretar los mensajes de sus jefes a pesar de lo que dicen \u00abLa iglesias solo debe obediencia a, al santo padre<\/p>\n<div><b>\u00a0<\/b><\/div>\n<div>\n<div><b>Publicado en:<\/b><\/div>\n<div><a href=\"http:\/\/periodistas-es.com\/600-anos-de-privilegios-de-la-iglesia-catolica-16258#more-16258\" target=\"_blank\" rel=\"noopener noreferrer\">http:\/\/periodistas-es.com\/600-<wbr \/>anos-de-privilegios-de-la-<wbr \/>iglesia-catolica-16258#more-<wbr \/>16258<\/a><b><br \/>\n<\/b><\/div>\n<div><a href=\"http:\/\/noticiasvillalba.com\/2013\/08\/31\/600-anos-de-privilegios.html\" target=\"_blank\" rel=\"noopener noreferrer\">http:\/\/noticiasvillalba.com\/<wbr \/>2013\/08\/31\/600-anos-de-<wbr \/>privilegios.html<\/a><\/div>\n<div><a href=\"http:\/\/es.globedia.com\/600-anos-privilegios\" target=\"_blank\" rel=\"noopener noreferrer\">http:\/\/es.globedia.com\/600-<wbr \/>anos-privilegios<\/a><\/div>\n<p><a href=\"http:\/\/www.diariodelasierra.es\/2013\/08\/31\/600-anos-de-privilegios\/#more-55629\" target=\"_blank\" rel=\"noopener noreferrer\">http:\/\/www.diariodelasierra.<wbr \/>es\/2013\/08\/31\/600-anos-de-<wbr \/>privilegios\/#more-55629<\/a><\/p>\n<div>\n<div><a href=\"http:\/\/www.elblogoferoz.com\/2013\/08\/31\/600-anos-de-privilegios-por-jose-enrique-centen-martin\/\" target=\"_blank\" rel=\"noopener noreferrer\">http:\/\/www.elblogoferoz.com\/<wbr \/>2013\/08\/31\/600-anos-de-<wbr \/>privilegios-por-jose-enrique-<wbr \/>centen-martin\/<\/a><\/div>\n<div><a href=\"http:\/\/informacionalhamaindependiente.blogspot.com.es\/2013\/08\/600-anos-de-privilegios.html\" target=\"_blank\" rel=\"noopener noreferrer\">http:\/\/<wbr \/>informacionalhamaindependiente<wbr \/>.blogspot.com.es\/2013\/08\/600-<wbr \/>anos-de-privilegios.html<\/a><\/div>\n<div><a href=\"http:\/\/www.tercerainformacion.es\/spip.php?article57087\" target=\"_blank\" rel=\"noopener noreferrer\">http:\/\/www.tercerainformacion.<wbr \/>es\/spip.php?article57087<\/a><\/div>\n<div><a href=\"http:\/\/nuevosrepublicanos1905.blogspot.com.es\/2013\/08\/600-anos-de-privilegios.html\" target=\"_blank\" rel=\"noopener noreferrer\">http:\/\/nuevosrepublicanos1905.<wbr \/>blogspot.com.es\/2013\/08\/600-<wbr \/>anos-de-privilegios.html<\/a><\/div>\n<div><a href=\"http:\/\/elotrokiosko.net\/600-anos-de-privilegios\/\" target=\"_blank\" rel=\"noopener noreferrer\">http:\/\/elotrokiosko.net\/600-<wbr \/>anos-de-privilegios\/<\/a><\/div>\n<div><a href=\"http:\/\/www.laicismo.org\/detalle.php?pk=26163\" target=\"_blank\" rel=\"noopener noreferrer\">http:\/\/www.laicismo.org\/<wbr \/>detalle.php?pk=26163<\/a><\/div>\n<div><a href=\"http:\/\/sierranortedigital.com\/portada\/2013\/09\/01\/600-anos-de-privilegios\/\" target=\"_blank\" rel=\"noopener noreferrer\">http:\/\/sierranortedigital.com\/<wbr \/>portada\/2013\/09\/01\/600-anos-<wbr \/>de-privilegios\/<\/a><\/div>\n<div><a href=\"http:\/\/canariasinsurgente.typepad.com\/almacen\/2013\/09\/600-a%C3%B1os-de-privilegios.html\" target=\"_blank\" rel=\"noopener noreferrer\">http:\/\/canariasinsurgente.<wbr \/>typepad.com\/almacen\/2013\/09\/<wbr \/>600-a%C3%B1os-de-privilegios.<wbr \/>html<\/a><\/div>\n<div><a href=\"http:\/\/www.cronicapopular.es\/2013\/09\/jose-enrique-centen-concordato-600-anos-de-privilegios\/\" target=\"_blank\" rel=\"noopener noreferrer\">http:\/\/www.cronicapopular.es\/<wbr \/>2013\/09\/jose-enrique-centen-<wbr \/>concordato-600-anos-de-<wbr \/>privilegios\/<\/a><\/div>\n<div><a href=\"http:\/\/www.elportaluco.com\/index.php\/temas-de-interes-y-curiosidades\/opinion\/jose-enrique-centen\/9505-600-anos-de-privilegios\" target=\"_blank\" rel=\"noopener noreferrer\">http:\/\/www.elportaluco.com\/<wbr \/>index.php\/temas-de-interes-y-<wbr \/>curiosidades\/opinion\/jose-<wbr \/>enrique-centen\/9505-600-anos-<wbr \/>de-privilegios<\/a><\/div>\n<div><a href=\"http:\/\/mas.lne.es\/cartasdeloslectores\/carta\/14240\/anos-privilegios.html\" target=\"_blank\" rel=\"noopener noreferrer\">http:\/\/mas.lne.es\/<wbr \/>cartasdeloslectores\/carta\/<wbr \/>14240\/anos-privilegios.html<\/a><\/div>\n<div><a href=\"http:\/\/sintesisdeldia.blogspot.com.es\/2013\/08\/sintesis-del-31-de-agosto-de-2013.html\">http:\/\/sintesisdeldia.blogspot.com.es\/2013\/08\/sintesis-del-31-de-agosto-de-2013.html<\/a><a href=\"http:\/\/www.elportaluco.com\/index.php\/temas-de-interes-y-curiosidades\/opinion\/jose-enrique-centen\/9505-600-anos-de-privilegios\" target=\"_blank\" rel=\"noopener noreferrer\">-600-anos-<wbr \/>de-privilegios<\/a><\/div>\n<div><a href=\"http:\/\/www.democraciadirecta.cl\/s\/index.php?option=com_myrssreader&amp;view=rss&amp;category=69&amp;Itemid=131\">http:\/\/www.democraciadirecta.cl\/s\/index.php?option=com_myrssreader&amp;view=rss&amp;category=69&amp;Itemid=131<\/a><a href=\"http:\/\/www.elportaluco.com\/index.php\/temas-de-interes-y-curiosidades\/opinion\/jose-enrique-centen\/9505-600-anos-de-privilegios\" target=\"_blank\" rel=\"noopener noreferrer\">-600-anos-<wbr \/>de-privilegios<\/a><\/div>\n<\/div>\n<\/div>\n<div><\/div>\n<div class='shareinpost'><ul class=\"socialwrap row\"><li class=\"iconOnly\"><a  rel='nofollow'  target='_blank'  title='Recommend this post : 600 a\u00f1os de privilegios on Facebook'  href='http:\/\/www.facebook.com\/sharer.php?u=https%3A%2F%2Fwww.vitrubio03.es%2F%3Fp%3D4583&amp;t=600+a%C3%B1os+de+privilegios'  ><img  src='https:\/\/www.vitrubio03.es\/wp-content\/plugins\/share-and-follow\/images\/blank.gif'  height='32' width='32'  class='image-32' alt='facebook'  style='background: transparent url(https:\/\/www.vitrubio03.es\/wp-content\/plugins\/share-and-follow\/default\/32\/sprite-32.png) no-repeat;padding:0;margin:0;height:32px;width:32px;background-position:-363px 0px'   \/> <span class=\"head\">Recommend on Facebook<\/span><\/a><\/li><li class=\"iconOnly\"><a  rel='nofollow'  target='_blank'  title='Tweet this post : 600 a\u00f1os de privilegios on Twitter'  href=\"http:\/\/twitter.com\/share?url=https%3A%2F%2Fwww.vitrubio03.es%2F%3Fp%3D4583&amp;text=600+a%C3%B1os+de+privilegios+-+\"  ><img  src='https:\/\/www.vitrubio03.es\/wp-content\/plugins\/share-and-follow\/images\/blank.gif'  height='32' width='32'  class='image-32' alt='twitter'  style='background: transparent url(https:\/\/www.vitrubio03.es\/wp-content\/plugins\/share-and-follow\/default\/32\/sprite-32.png) no-repeat;padding:0;margin:0;height:32px;width:32px;background-position:-1749px 0px'   \/> <span class=\"head\">Tweet about it<\/span><\/a><\/li><li class=\"iconOnly\"><a  rel='nofollow'  target='_self'  title='Print this post : 600 a\u00f1os de privilegios for reading later'  href='javascript:window.print();'  ><img  src='https:\/\/www.vitrubio03.es\/wp-content\/plugins\/share-and-follow\/images\/blank.gif'  height='32' width='32'  class='image-32' alt='print'  style='background: transparent url(https:\/\/www.vitrubio03.es\/wp-content\/plugins\/share-and-follow\/default\/32\/sprite-32.png) no-repeat;padding:0;margin:0;height:32px;width:32px;background-position:-1386px 0px'   \/> <span class=\"head\">Print for later<\/span><\/a><\/li><li class=\"iconOnly\"><a rel=\"_self\" href=\"mailto:?subject=Reflexiones%20propias%20:%20600%20a\u00f1os%20de%20privilegios&amp;body=Te%20adjunto%20un%20enlace%20a%20un%20art\u00edculo.%20Espero%20que%20te%20guste%20%20https:\/\/www.vitrubio03.es\/?p=4583\" title=\"Tell a friend about this post : 600 a\u00f1os de privilegios \"><img loading=\"lazy\" decoding=\"async\" src=\"https:\/\/www.vitrubio03.es\/wp-content\/plugins\/share-and-follow\/images\/blank.gif\" height=\"32\"  width=\"32\" style=\"background: transparent url(https:\/\/www.vitrubio03.es\/wp-content\/plugins\/share-and-follow\/default\/32\/sprite-32.png) no-repeat;padding:0;margin:0;height:32px;width:32px;background-position:-330px 0px\" class=\"image-32\"  alt=\"email\" \/> <span class=\"head\">Tell a friend<\/span><\/a><\/li><\/ul><div class=\"clean\"><\/div> <\/div>","protected":false},"excerpt":{"rendered":"<p>El mejor \u201c El mejor \u00ablobby\u00bb de la historia sin dudarlo es la Iglesia Cat\u00f3lica, se inicia en la desaparici\u00f3n del Imperio Romano con Teodosio I (casualidad de la vida, naci\u00f3 en Hispania) cuando el\u00a027 de febrero del a\u00f1o 380 &hellip; <a href=\"https:\/\/www.vitrubio03.es\/?p=4583\">Sigue leyendo <span class=\"meta-nav\">&rarr;<\/span><\/a><\/p>\n","protected":false},"author":2,"featured_media":0,"comment_status":"closed","ping_status":"closed","sticky":false,"template":"","format":"standard","meta":{"footnotes":""},"categories":[34,6],"tags":[42,31],"class_list":["post-4583","post","type-post","status-publish","format-standard","hentry","category-historia","category-iglesia","tag-constitucion","tag-piensa"],"_links":{"self":[{"href":"https:\/\/www.vitrubio03.es\/index.php?rest_route=\/wp\/v2\/posts\/4583","targetHints":{"allow":["GET"]}}],"collection":[{"href":"https:\/\/www.vitrubio03.es\/index.php?rest_route=\/wp\/v2\/posts"}],"about":[{"href":"https:\/\/www.vitrubio03.es\/index.php?rest_route=\/wp\/v2\/types\/post"}],"author":[{"embeddable":true,"href":"https:\/\/www.vitrubio03.es\/index.php?rest_route=\/wp\/v2\/users\/2"}],"replies":[{"embeddable":true,"href":"https:\/\/www.vitrubio03.es\/index.php?rest_route=%2Fwp%2Fv2%2Fcomments&post=4583"}],"version-history":[{"count":9,"href":"https:\/\/www.vitrubio03.es\/index.php?rest_route=\/wp\/v2\/posts\/4583\/revisions"}],"predecessor-version":[{"id":7166,"href":"https:\/\/www.vitrubio03.es\/index.php?rest_route=\/wp\/v2\/posts\/4583\/revisions\/7166"}],"wp:attachment":[{"href":"https:\/\/www.vitrubio03.es\/index.php?rest_route=%2Fwp%2Fv2%2Fmedia&parent=4583"}],"wp:term":[{"taxonomy":"category","embeddable":true,"href":"https:\/\/www.vitrubio03.es\/index.php?rest_route=%2Fwp%2Fv2%2Fcategories&post=4583"},{"taxonomy":"post_tag","embeddable":true,"href":"https:\/\/www.vitrubio03.es\/index.php?rest_route=%2Fwp%2Fv2%2Ftags&post=4583"}],"curies":[{"name":"wp","href":"https:\/\/api.w.org\/{rel}","templated":true}]}}