{"id":4601,"date":"2013-09-06T10:24:01","date_gmt":"2013-09-06T08:24:01","guid":{"rendered":"http:\/\/www.vitrubio03.es\/?p=4601"},"modified":"2020-10-16T12:29:09","modified_gmt":"2020-10-16T10:29:09","slug":"nosotros-en-menos-tiempo","status":"publish","type":"post","link":"https:\/\/www.vitrubio03.es\/?p=4601","title":{"rendered":"Nosotros en menos tiempo"},"content":{"rendered":"<p style=\"text-align: justify;\">Konstant\u00edn Cheresimov el 8 de agosto del 2011, en su art\u00edculo<b> <\/b>\u00bfqu\u00e9 hemos logrado y adonde hemos llegado?<b> <\/b>expon\u00eda, \u00aben el pa\u00eds se inculcan unos valores morales anormales, <a href=\"https:\/\/www.vitrubio03.es\/wp-content\/uploads\/2013\/09\/Nosotros-en-menos-tiempo.jpg\"><img loading=\"lazy\" decoding=\"async\" class=\"alignleft size-medium wp-image-4602\" src=\"https:\/\/www.vitrubio03.es\/wp-content\/uploads\/2013\/09\/Nosotros-en-menos-tiempo-300x300.jpg\" alt=\"Nosotros en menos tiempo\" width=\"300\" height=\"300\" srcset=\"https:\/\/www.vitrubio03.es\/wp-content\/uploads\/2013\/09\/Nosotros-en-menos-tiempo-300x300.jpg 300w, https:\/\/www.vitrubio03.es\/wp-content\/uploads\/2013\/09\/Nosotros-en-menos-tiempo-150x150.jpg 150w, https:\/\/www.vitrubio03.es\/wp-content\/uploads\/2013\/09\/Nosotros-en-menos-tiempo.jpg 403w\" sizes=\"auto, (max-width: 300px) 100vw, 300px\" \/><\/a>que son los que crean el caldo ideal para que surja gente sin principios. El sistema creado, es un sistema que ha arrebatado a la gente el derecho al trabajo y a un sueldo digno. Un sistema que nos ha privado del derecho a una educaci\u00f3n y salud de calidad y gratuita. Un sistema que ha dejado sin un futuro digno a nuestra juventud y ha dejado sin protecci\u00f3n social a nuestros mayores. Un sistema, donde se presuponen la corrupci\u00f3n y el latrocinio. Un sistema que ha destruido la seguridad del estado y ha originado una escandalosa incapacidad de mando y una estructura de organizaci\u00f3n enfermiza. Crear un para\u00edso en la tierra es algo imposible. Y la justicia es un concepto intr\u00ednsecamente subjetivo, por eso siempre habr\u00e1 descontentos. Pero lo criterios que deben guiar el funcionamiento eficaz de las estructuras de gobierno, deben ser en primer lugar la seguridad y un nivel de vida digno para la mayor\u00eda de la poblaci\u00f3n\u00bb.<!--more--><\/p>\n<p style=\"text-align: justify;\">Se refer\u00eda a los 20 a\u00f1os transcurridos desde la desaparici\u00f3n de la URSS, igualmente muchos otros ciudadanos de los antiguos pa\u00edses del llamado tel\u00f3n de acero, personas an\u00f3nimas sin\u00a0 el peso pol\u00edtico de Cheresimov, personas afincadas en Espa\u00f1a desde a\u00f1os por motivo de trabajo (polacos, rumanos, b\u00falgaros, ucranianos) piensan igual, lo he podido constatar, echan de menos en su pa\u00eds todo lo expuesto anteriormente, por eso emigraron, y aqu\u00ed ya est\u00e1n en la misma situaci\u00f3n, pero muchos est\u00e1n retornando a sus pa\u00edses de origen porque al menos est\u00e1n con la familia.<\/p>\n<p style=\"text-align: justify;\">Esos otros \u00abtuercebotas\u00bb de los que est\u00e1n leyendo estas l\u00edneas me \u00a0tachar\u00e1n de comunista como poco. No, me defino social republicano, defensor de lo social y en contra la sucesi\u00f3n mon\u00e1rquica de la jefatura del Estado espa\u00f1ol, m\u00e1s cuando esta monarqu\u00eda fue abolida por la fuerza de los votos en 1931 por su corrupci\u00f3n generalizada, impuesta nuevamente tras cuarenta a\u00f1os de ruido de sables y represi\u00f3n generalizada.<\/p>\n<p style=\"text-align: justify;\">Volviendo al origen del art\u00edculo y al repasar los dos \u00faltimos a\u00f1os del actual gobierno, llego a la conclusi\u00f3n que tiene como divisa la corrupci\u00f3n y el latrocinio pre-estableci\u00e9ndolo desde hace 20 a\u00f1os como parecen demostrar \u00ablos papeles\u00bb; la libertad que dicen que poseemos la han convertido en individualismo a ultranza; el derecho al trabajo y sueldo digno lo han transformado en precariedad laboral y de subsistencia; la educaci\u00f3n y salud de calidad, privatizada; el fondo de la dependencia social para mayores, enfermos cr\u00f3nicos, parados de larga duraci\u00f3n, abolida; igualmente algunas vacunas para reci\u00e9n nacidos por ejemplo, la antineumoc\u00f3cica contra la meningitis, neumon\u00eda (3 vacunas a 79 \u20ac c\/u); la justicia se administra sin vendas ni balanza, condenan a c\u00e1rcel por robar pan y a los pol\u00edticos defraudadores les dilatan el proceso para la prescripci\u00f3n del delito en el peor de los casos, porque la financiaci\u00f3n ilegal de los partidos pol\u00edticos no es delito.<\/p>\n<p style=\"text-align: justify;\">Responder\u00e1n que en la URSS no hab\u00eda libertad ni democracia, \u00bfpero y aqu\u00ed?, te dejan protestar moli\u00e9ndote a palos, toda la poblaci\u00f3n est\u00e1 contra de las privatizaciones y siguen adelante con ellas, los medios de comunicaci\u00f3n est\u00e1n en manos de los poderes financieros que apoyan y financian sobre todo a este gobierno, solo tenemos los medios digitales libres, por supuesto que los hay de todo tipo y color pero al menos hay pluralidad; las TV y radio est\u00e1n copadas por la Iglesia o elementos del mismo color que el gobierno, si hay alguna que tiene un atisbo de libre al tener alg\u00fan programa realmente independiente y cr\u00edtico, les llaman la atenci\u00f3n como ha hecho Jos\u00e9 Manuel\u00a0Lara pidiendo respeto con la derecha a sus medios, pero \u00bfpor qu\u00e9 no respetan los otros medios a los que defienden los derechos de los ciudadanos, criticando los tejemanejes de los corruptos? Si a la trayectoria del actual gobierno y su partido se le a\u00f1ade la ambig\u00fcedad del\u00a0mayor partido de la oposici\u00f3n, de los nacionalistas y de algunos minoritarios, no es de extra\u00f1ar que cada vez m\u00e1s personas abracen el social republicanismo.<\/p>\n<div><b>Publicado en: \u00a0 \u00a0<\/b><\/div>\n<div><a href=\"http:\/\/www.diariodelasierra.es\/2013\/09\/06\/nosotros-en-menos-tiempo\/\" target=\"_blank\" rel=\"noopener noreferrer\">http:\/\/www.diariodelasierra.<wbr \/>es\/2013\/09\/06\/nosotros-en-<wbr \/>menos-tiempo\/<\/a><b><br \/>\n<\/b><\/div>\n<div><a href=\"http:\/\/www.tercerainformacion.es\/spip.php?article57396\" target=\"_blank\" rel=\"noopener noreferrer\">http:\/\/www.tercerainformacion.<wbr \/>es\/spip.php?article57396<\/a><\/div>\n<div><a href=\"http:\/\/noticiasvillalba.com\/2013\/09\/06\/nosotros-en-menos-tiempo.html\" target=\"_blank\" rel=\"noopener noreferrer\">http:\/\/noticiasvillalba.com\/<wbr \/>2013\/09\/06\/nosotros-en-menos-<wbr \/>tiempo.html<\/a><\/div>\n<div><a href=\"http:\/\/blobic.com\/entry\/nosotros-en-menos-tiempo-konstantin-cheresimov-el-8-de-agosto-del-2011-en-su-articulo-que-via-terc3ra-info\" target=\"_blank\" rel=\"noopener noreferrer\">http:\/\/blobic.com\/entry\/<wbr \/>nosotros-en-menos-tiempo-<wbr \/>konstantin-cheresimov-el-8-de-<wbr \/>agosto-del-2011-en-su-<wbr \/>articulo-que-via-terc3ra-info<\/a><\/div>\n<div><a href=\"http:\/\/elotrokiosko.net\/nosotros-en-menos-tiempo\/\" target=\"_blank\" rel=\"noopener noreferrer\">http:\/\/elotrokiosko.net\/<wbr \/>nosotros-en-menos-tiempo\/<\/a><\/div>\n<div><a href=\"http:\/\/www.todoscrimenes.com\/crimenes-p7?language=es\" target=\"_blank\" rel=\"noopener noreferrer\">http:\/\/www.todoscrimenes.com\/<wbr \/>crimenes-p7?language=es<\/a><a href=\"http:\/\/elotrokiosko.net\/nosotros-en-menos-tiempo\/\" target=\"_blank\" rel=\"noopener noreferrer\">\/<wbr \/>nosotros-en-menos-tiempo\/<\/a><\/div>\n<div><a href=\"http:\/\/mas.lne.es\/cartasdeloslectores\/carta\/14284\/nosotros-menos-tiempo.html\" target=\"_blank\" rel=\"noopener noreferrer\">http:\/\/mas.lne.es\/<wbr \/>cartasdeloslectores\/carta\/<wbr \/>14284\/nosotros-menos-tiempo.<wbr \/>html<\/a><\/div>\n<div><a href=\"http:\/\/www.flickr.com\/photos\/elportaluco\/9689915824\/\" target=\"_blank\" rel=\"noopener noreferrer\">http:\/\/www.flickr.com\/photos\/<wbr \/>elportaluco\/9689915824\/<\/a><\/div>\n<div><a href=\"http:\/\/mail.bilbao24horas.com\/index.php\/temas-de-interes-y-curiosidades\/opinion\/jose-enrique-centen\/9581-nosotros-en-menos-tiempo\" target=\"_blank\" rel=\"noopener noreferrer\">http:\/\/mail.bilbao24horas.com\/<wbr \/>index.php\/temas-de-interes-y-<wbr \/>curiosidades\/opinion\/jose-<wbr \/>enrique-centen\/9581-nosotros-<wbr \/>en-menos-tiempo<\/a><\/div>\n<div><a href=\"http:\/\/www.iulasolana.es\/index.php?option=com_content&amp;view=article&amp;id=689:cayo-lara-pide-la-comparecencia-de-rajoy&amp;catid=1:general&amp;Itemid=61\" target=\"_blank\" rel=\"noopener noreferrer\">http:\/\/www.iulasolana.es\/<wbr \/>index.php?option=com_content&amp;<wbr \/>view=article&amp;id=689<\/a><a href=\"http:\/\/mail.bilbao24horas.com\/index.php\/temas-de-interes-y-curiosidades\/opinion\/jose-enrique-centen\/9581-nosotros-en-menos-tiempo\" target=\"_blank\" rel=\"noopener noreferrer\">-nosotros-<wbr \/>en-menos-tiempo<\/a><\/div>\n<div><a href=\"http:\/\/es.globedia.com\/nosotros-menos-tiempo\" target=\"_blank\" rel=\"noopener noreferrer\">http:\/\/es.globedia.com\/<wbr \/>nosotros-menos-tiempo<\/a><\/div>\n<div><a href=\"http:\/\/laotrachilanga.blogspot.com.es\/2013\/01\/ellos-y-nosotros-v-la-sexta-ejercito.html\" target=\"_blank\" rel=\"noopener noreferrer\">http:\/\/laotrachilanga.<wbr \/>blogspot.com.es\/2013\/01<\/a><a href=\"http:\/\/es.globedia.com\/nosotros-menos-tiempo\" target=\"_blank\" rel=\"noopener noreferrer\">\/<wbr \/>nosotros-menos-tiempo<\/a><\/div>\n<div><a href=\"http:\/\/nuevosrepublicanos1905.blogspot.com.es\/2013\/09\/nosotros-en-menos-tiempo.html\" target=\"_blank\" rel=\"noopener noreferrer\">http:\/\/nuevosrepublicanos1905.<wbr \/>blogspot.com.es\/2013\/09\/<wbr \/>nosotros-en-menos-tiempo.html<\/a><\/div>\n<div><a href=\"http:\/\/www.elblogoferoz.com\/2013\/09\/08\/nosotros-en-menos-tiempo-por-jose-enrique-centen-martin\/\" target=\"_blank\" rel=\"noopener noreferrer\">http:\/\/www.elblogoferoz.com\/<wbr \/>2013\/09\/08\/nosotros-en-menos-<wbr \/>tiempo-por-jose-enrique-<wbr \/>centen-martin\/<\/a><\/div>\n<div><a href=\"http:\/\/www.noticiasgalicia.com\/tribuna\/centen\/cen4.html\" target=\"_blank\" rel=\"noopener noreferrer\">http:\/\/www.noticiasgalicia.<wbr \/>com\/tribuna\/centen\/cen4.html<\/a><\/div>\n<div><a href=\"http:\/\/sierranortedigital.com\/portada\/2013\/09\/08\/nosotros-en-menos-tiempo\/\" target=\"_blank\" rel=\"noopener noreferrer\">http:\/\/sierranortedigital.com\/<wbr \/>portada\/2013\/09\/08\/nosotros-<wbr \/>en-menos-tiempo\/<\/a><\/div>\n<div><a href=\"http:\/\/www.soynadie.com\/2013\/09\/nosotros-en-menos-tiempo-2\/\" target=\"_blank\" rel=\"noopener noreferrer\">http:\/\/www.soynadie.com\/2013\/<wbr \/>09\/nosotros-en-menos-tiempo-2\/<\/a><\/div>\n<div><a href=\"http:\/\/canariasinsurgente.typepad.com\/almacen\/2013\/09\/nosotros-en-menos-tiempo.html\" target=\"_blank\" rel=\"noopener noreferrer\">http:\/\/canariasinsurgente.<wbr \/>typepad.com\/almacen\/2013\/09\/<wbr \/>nosotros-en-menos-tiempo.html<\/a><\/div>\n<div><a href=\"http:\/\/informacionalhamaindependiente.blogspot.com.es\/2013\/09\/nosotros-en-menos-tiempo.html\" target=\"_blank\" rel=\"noopener noreferrer\">http:\/\/<wbr \/>informacionalhamaindependiente<wbr \/>.blogspot.com.es\/2013\/09\/<wbr \/>nosotros-en-menos-tiempo.html<\/a><\/div>\n<div><a href=\"http:\/\/www.loquesomos.org\/index.php\/es\/la-calle\/idemocracia-\/10020-nosotros-en-menos-tiempo\" target=\"_blank\" rel=\"noopener noreferrer\">http:\/\/www.loquesomos.org\/<wbr \/>index.php\/es\/la-calle\/<wbr \/>idemocracia-\/10020-nosotros-<wbr \/>en-menos-tiempo<\/a><\/div>\n<div><\/div>\n<div class='shareinpost'><ul class=\"socialwrap row\"><li class=\"iconOnly\"><a  rel='nofollow'  target='_blank'  title='Recommend this post : Nosotros en menos tiempo on Facebook'  href='http:\/\/www.facebook.com\/sharer.php?u=https%3A%2F%2Fwww.vitrubio03.es%2F%3Fp%3D4601&amp;t=Nosotros+en+menos+tiempo'  ><img  src='https:\/\/www.vitrubio03.es\/wp-content\/plugins\/share-and-follow\/images\/blank.gif'  height='32' width='32'  class='image-32' alt='facebook'  style='background: transparent url(https:\/\/www.vitrubio03.es\/wp-content\/plugins\/share-and-follow\/default\/32\/sprite-32.png) no-repeat;padding:0;margin:0;height:32px;width:32px;background-position:-363px 0px'   \/> <span class=\"head\">Recommend on Facebook<\/span><\/a><\/li><li class=\"iconOnly\"><a  rel='nofollow'  target='_blank'  title='Tweet this post : Nosotros en menos tiempo on Twitter'  href=\"http:\/\/twitter.com\/share?url=https%3A%2F%2Fwww.vitrubio03.es%2F%3Fp%3D4601&amp;text=Nosotros+en+menos+tiempo+-+\"  ><img  src='https:\/\/www.vitrubio03.es\/wp-content\/plugins\/share-and-follow\/images\/blank.gif'  height='32' width='32'  class='image-32' alt='twitter'  style='background: transparent url(https:\/\/www.vitrubio03.es\/wp-content\/plugins\/share-and-follow\/default\/32\/sprite-32.png) no-repeat;padding:0;margin:0;height:32px;width:32px;background-position:-1749px 0px'   \/> <span class=\"head\">Tweet about it<\/span><\/a><\/li><li class=\"iconOnly\"><a  rel='nofollow'  target='_self'  title='Print this post : Nosotros en menos tiempo for reading later'  href='javascript:window.print();'  ><img  src='https:\/\/www.vitrubio03.es\/wp-content\/plugins\/share-and-follow\/images\/blank.gif'  height='32' width='32'  class='image-32' alt='print'  style='background: transparent url(https:\/\/www.vitrubio03.es\/wp-content\/plugins\/share-and-follow\/default\/32\/sprite-32.png) no-repeat;padding:0;margin:0;height:32px;width:32px;background-position:-1386px 0px'   \/> <span class=\"head\">Print for later<\/span><\/a><\/li><li class=\"iconOnly\"><a rel=\"_self\" href=\"mailto:?subject=Reflexiones%20propias%20:%20Nosotros%20en%20menos%20tiempo&amp;body=Te%20adjunto%20un%20enlace%20a%20un%20art\u00edculo.%20Espero%20que%20te%20guste%20%20https:\/\/www.vitrubio03.es\/?p=4601\" title=\"Tell a friend about this post : Nosotros en menos tiempo \"><img loading=\"lazy\" decoding=\"async\" src=\"https:\/\/www.vitrubio03.es\/wp-content\/plugins\/share-and-follow\/images\/blank.gif\" height=\"32\"  width=\"32\" style=\"background: transparent url(https:\/\/www.vitrubio03.es\/wp-content\/plugins\/share-and-follow\/default\/32\/sprite-32.png) no-repeat;padding:0;margin:0;height:32px;width:32px;background-position:-330px 0px\" class=\"image-32\"  alt=\"email\" \/> <span class=\"head\">Tell a friend<\/span><\/a><\/li><\/ul><div class=\"clean\"><\/div> <\/div>","protected":false},"excerpt":{"rendered":"<p>Konstant\u00edn Cheresimov el 8 de agosto del 2011, en su art\u00edculo \u00bfqu\u00e9 hemos logrado y adonde hemos llegado? expon\u00eda, \u00aben el pa\u00eds se inculcan unos valores morales anormales, que son los que crean el caldo ideal para que surja gente &hellip; <a href=\"https:\/\/www.vitrubio03.es\/?p=4601\">Sigue leyendo <span class=\"meta-nav\">&rarr;<\/span><\/a><\/p>\n","protected":false},"author":2,"featured_media":0,"comment_status":"closed","ping_status":"closed","sticky":false,"template":"","format":"standard","meta":{"footnotes":""},"categories":[57,11],"tags":[42,32,35],"class_list":["post-4601","post","type-post","status-publish","format-standard","hentry","category-las-derechas","category-republica","tag-constitucion","tag-los-progresistas","tag-republicanos"],"_links":{"self":[{"href":"https:\/\/www.vitrubio03.es\/index.php?rest_route=\/wp\/v2\/posts\/4601","targetHints":{"allow":["GET"]}}],"collection":[{"href":"https:\/\/www.vitrubio03.es\/index.php?rest_route=\/wp\/v2\/posts"}],"about":[{"href":"https:\/\/www.vitrubio03.es\/index.php?rest_route=\/wp\/v2\/types\/post"}],"author":[{"embeddable":true,"href":"https:\/\/www.vitrubio03.es\/index.php?rest_route=\/wp\/v2\/users\/2"}],"replies":[{"embeddable":true,"href":"https:\/\/www.vitrubio03.es\/index.php?rest_route=%2Fwp%2Fv2%2Fcomments&post=4601"}],"version-history":[{"count":9,"href":"https:\/\/www.vitrubio03.es\/index.php?rest_route=\/wp\/v2\/posts\/4601\/revisions"}],"predecessor-version":[{"id":7679,"href":"https:\/\/www.vitrubio03.es\/index.php?rest_route=\/wp\/v2\/posts\/4601\/revisions\/7679"}],"wp:attachment":[{"href":"https:\/\/www.vitrubio03.es\/index.php?rest_route=%2Fwp%2Fv2%2Fmedia&parent=4601"}],"wp:term":[{"taxonomy":"category","embeddable":true,"href":"https:\/\/www.vitrubio03.es\/index.php?rest_route=%2Fwp%2Fv2%2Fcategories&post=4601"},{"taxonomy":"post_tag","embeddable":true,"href":"https:\/\/www.vitrubio03.es\/index.php?rest_route=%2Fwp%2Fv2%2Ftags&post=4601"}],"curies":[{"name":"wp","href":"https:\/\/api.w.org\/{rel}","templated":true}]}}