{"id":4617,"date":"2013-09-11T12:44:35","date_gmt":"2013-09-11T10:44:35","guid":{"rendered":"http:\/\/www.vitrubio03.es\/?p=4617"},"modified":"2020-09-11T20:29:20","modified_gmt":"2020-09-11T18:29:20","slug":"nuestras-nacionalidades-y-autonomias","status":"publish","type":"post","link":"https:\/\/www.vitrubio03.es\/?p=4617","title":{"rendered":"Nuestras nacionalidades y autonom\u00edas"},"content":{"rendered":"<h4 style=\"text-align: justify;\" align=\"center\">Desde 1978 se ha retocado y ampliado el sistema auton\u00f3mico para la integraci\u00f3n de <a href=\"https:\/\/www.vitrubio03.es\/wp-content\/uploads\/2013\/09\/Nacionalidades.jpg\"><img loading=\"lazy\" decoding=\"async\" class=\"alignleft size-full wp-image-4615\" src=\"https:\/\/www.vitrubio03.es\/wp-content\/uploads\/2013\/09\/Nacionalidades.jpg\" alt=\"Nacionalidades\" width=\"240\" height=\"172\" \/><\/a>los nacionalistas, todos los retoques ha terminado por desfigurar aquellas primigenias propuestas logrando el desmembramiento del sistema creando diferencias entre unas y otras, como algunos pol\u00edticos de ciertas comunidades no dejan de proclamar de vez en cuando.<\/h4>\n<h4 style=\"text-align: justify;\">Las nacionalidades no es exclusivo de Espa\u00f1a, es un problema que ha suscitado controversias y planteamientos largamente criticados, y solo defendido por aquellos con intereses perversos que confunden idiosincrasia con el af\u00e1n de lucro, son unas pocas familias afectas al poder a las que solo les interesa obtener m\u00e1s beneficios, pero que h\u00e1bilmente manipulan los sentimientos y diferencias de grupos supuestamente \u00e9tnicos, posturas contestadas por economistas, pol\u00edticos, catedr\u00e1ticos o periodistas de todo tipo de tendencias e ideolog\u00edas a lo largo del tiempo:<!--more--><\/h4>\n<h4 style=\"text-align: justify;\">&#8211; Adam Smith (1723-1790), \u00abel prejuicio y la rivalidad nacionales, siempre agitados por el inter\u00e9s privado de los hombres de negocios, son en general, los principios que orientan nuestras opiniones en todos estos asuntos.\u00bb<br \/>\n&#8211; Stalin (1878-1953), \u00abel territorio es una caracter\u00edstica inseparable de la naci\u00f3n, pero junto con otras y no de manera destacada sobre ellas, no existe ning\u00fan rasgo distintivo \u00fanico de la naci\u00f3n, sino que \u00e9sta es un conjunto de rasgos, y que en unas naciones destacan unos y en otras otros\u00bb.<br \/>\n&#8211; Trotsky (1879-1941), \u00abel derecho de las nacionalidades a disponer de s\u00ed mismas, separadas de otras consignas que la concreten, las propias de la democracia pol\u00edtica, se convierte en una f\u00f3rmula vac\u00eda, sin contenido, o lo que es peor, es un modo de enga\u00f1ar a la ciudadan\u00eda, cuando est\u00e1 sometida a los intereses particulares econ\u00f3micos de los dirigentes auton\u00f3micos, que intentan decidir la suerte de ellos por medio de elecciones antidemocr\u00e1ticas, aliment\u00e1ndolas con cortinas de humo como la peculiaridad y el idioma propio\u00bb.<br \/>\n&#8211; Salvador Giner (1934-2019), \u00abes una corriente ideol\u00f3gica, que tiene de reacci\u00f3n neotribal contra el universalismo y el racionalismo de la Ilustraci\u00f3n. Y elemento crucial de todo fascismo, al afirmar la superioridad natural del pueblo sobre el que se asienta frente a todos los dem\u00e1s y promueven con agresividad sus supuestos derechos de dominio y avasallamiento de los otros pueblos o pa\u00edses. A su vez es un sentimiento fan\u00e1tico y destructor de dominio sobre sus propias minor\u00edas nacionales\u00bb.<br \/>\n&#8211; Ruiz Soroa, \u00abla anunciada secesi\u00f3n de Catalu\u00f1a por un supuesto maltrato del conjunto este nacionalismo, contiene en su n\u00facleo dogm\u00e1tico un germen profundamente incompatible con la democracia. Que no por ser pac\u00edfico el nacionalismo es congruente con la teor\u00eda y la pr\u00e1ctica democr\u00e1tica. El de integraci\u00f3n consiste en la existencia de fuerzas pol\u00edticas relevantes en ciertas regiones que no quieren formar parte de ese Estado en ning\u00fan caso, porque quieren uno propio. Son dos problemas distintos y distantes\u00bb.<\/h4>\n<h4 style=\"text-align: justify;\">Espa\u00f1a es un Estado plural y respetuoso de sus minor\u00edas de manera que respeta la diferencia de todas sus nacionalidades, sin renunciar a la igualdad de derechos ciudadanos de todos sus habitantes como Estado democr\u00e1tico. Pero hay nacionalidades que desean una independencia por motivos puramente econ\u00f3micos de la oligarqu\u00eda financiera de cada una de ellas<\/h4>\n<h4 style=\"text-align: justify;\">&#8211; Patxi L\u00f3pez del PSOE expres\u00f3 \u00abno queremos la independencia porque es un mal negocio para los vascos\u00bb, para el PNV si lo es, se desmarca del discurso de CiU pero reclama m\u00e1s soberanismo, ambas autonom\u00edas no ocultan sus ansias de expansi\u00f3n, lo justifican con supuestas identidades tras nuestra frontera, pero lo que realmente desean es como vulgarmente se dice -pillar cacho nacional-, el PNV no oculta anexionarse Navarra o parte de comunidades lim\u00edtrofes en Santander, Burgos o la Rioja. En el caso catal\u00e1n es a\u00fan m\u00e1s parad\u00f3jico por dos razones, la primera son las claras intenciones de la oligarqu\u00eda catalana cuyos representantes de CiU quiere ampliar sus tent\u00e1culos en otras comunidades, como son Arag\u00f3n, Valencia y Baleares. Pero de nuevo el subconsciente juega malas pasadas, en este caso revela la verdadera intencionalidad de esas 400 familias que dominan todo el espectro pol\u00edtico y econ\u00f3mico de Catalu\u00f1a, la muestra es su llamada V\u00eda Catalana, pretenciosa rememoraci\u00f3n de la v\u00edas en la Roma Imperial, su verdadera intenci\u00f3n no es la naci\u00f3n catalana sino el Imperio catal\u00e1n, recrean una v\u00eda con Barcelona como centro (el centralismo que dicen combatir si no es el de ellos) uniendo sus puntos m\u00e1s lejanos, hasta entrar en Castell\u00f3n en la Comunidad Valenciana; pero a la zona pirenaica francesa del Rosell\u00f3n o algo de Occitania no se han atrevido. La segunda es la ceguera de la ciudadan\u00eda catalana que se presta a su manipulaci\u00f3n sin pensar en esos dirigentes inmersos en una corrupci\u00f3n generalizada, fueron los precursores del repago farmac\u00e9utico, del cierre de ambulatorios y de las urgencias nocturnas, callan por los recortes a la Dependencia, niegan la malnutrici\u00f3n de ni\u00f1os en su comunidad, silencian los recortes en la escuela p\u00fablica tanto en comedores como en material escolar, s\u00f3lo hablan en lo referente a la lengua, y callan por la imposici\u00f3n de la religi\u00f3n cat\u00f3lica como asignatura, pero apoyan al gobierno en la Reforma laboral para el despido barato, sin crear empleo, a la reformas de las pensiones en detrimento de sus mayores entre otras muchas cosas, la ceguera les llevar\u00e1 renegar incluso de sus or\u00edgenes, porque \u00bfcu\u00e1ntos son catalanes de generaci\u00f3n?, y emulando a K. Marx, \u00aben Catalu\u00f1a la independencia es el opio del pueblo\u00bb.<\/h4>\n<h4 style=\"text-align: justify;\">El apoyo generalizado a esta tendencia soberanista y manipulada por sus actuales dirigentes est\u00e1n peligrosamente acerc\u00e1ndose al pensador alem\u00e1n Ratzel (1844-1904) que en sus obras Antropogeograf\u00eda\u00a0(1882-1891) y\u00a0Geograf\u00eda Pol\u00edtica\u00a0(1897) plasm\u00f3 las claves fundamentales de los nacionalismos donde establec\u00eda la influencia del ambiente sobre los individuos y las sociedades, y la tendencia de los pueblos a ensanchar o limitar sus fronteras seg\u00fan sus propias necesidades de espacio vital (lebensraum), tesis \u00e9sta que sirvi\u00f3 de justificaci\u00f3n seudocient\u00edfica al expansionismo del r\u00e9gimen nazi alem\u00e1n.<\/h4>\n<p>&nbsp;<\/p>\n<h6><b>Bibliograf\u00eda:<\/b><\/h6>\n<h6>\u201cLa riqueza de las Naciones\u201d,\u00a0 <i>Adam Smith, <\/i>Ciro Ediciones, 2011, p\u00e1gina 103<\/h6>\n<h6>\u00a0\u201cLa cuesti\u00f3n Nacional\u201d, <i>Stalin<\/i><\/h6>\n<h6>\u201cLa revoluci\u00f3n espa\u00f1ola\u201d,<i> Trotsky, <\/i>2011, en colaboraci\u00f3n con la Fundaci\u00f3n Federico Engels, pp. 128\/129.<\/h6>\n<h6>\u201cH\u00aa del pensamiento social\u201d, <i>Salvador Giner, <\/i>12\u00aa edici\u00f3n ampliada: septiembre de 2008,<i> Editorial Ariel, <\/i>pp. 687, 688<i><\/i><\/h6>\n<h6>Art\u00edculo sobre federalismo, <i>J. M. Ruiz Soroa<\/i>, El Correo, 30\/9\/12<\/h6>\n<h6>\u201cAnthropogeographie\u201d y \u201cPolitische Geographie\u201d,\u00a0 <i>Friedrich\u00a0<em>Ratzel<\/em><\/i><\/h6>\n<p>&nbsp;<\/p>\n<div>Publicado en:<\/div>\n<div><a href=\"http:\/\/www.diariodelasierra.es\/2013\/09\/11\/nuestras-nacionalidades-y-autonomias\/\" target=\"_blank\" rel=\"noopener noreferrer\">http:\/\/www.diariodelasierra.<wbr \/>es\/2013\/09\/11\/nuestras-<wbr \/>nacionalidades-y-autonomias\/<\/a><\/div>\n<div><a href=\"http:\/\/www.tercerainformacion.es\/spip.php?article57674\" target=\"_blank\" rel=\"noopener noreferrer\">http:\/\/www.tercerainformacion.<wbr \/>es\/spip.php?article57674<\/a><\/div>\n<div><a href=\"http:\/\/noticiasvillalba.com\/2013\/09\/11\/nuestras-nacionalidades-y-autonomias.html\" target=\"_blank\" rel=\"noopener noreferrer\">http:\/\/noticiasvillalba.com\/<wbr \/>2013\/09\/11\/nuestras-<wbr \/>nacionalidades-y-autonomias.<wbr \/>html<\/a><\/div>\n<div><a href=\"http:\/\/en.wasalive.com\/es\/pac%C3%ADfico\" target=\"_blank\" rel=\"noopener noreferrer\">http:\/\/en.wasalive.com\/es<\/a><a href=\"http:\/\/noticiasvillalba.com\/2013\/09\/11\/nuestras-nacionalidades-y-autonomias.html\" target=\"_blank\" rel=\"noopener noreferrer\">\/<wbr \/>nuestras-nacionalidades-y-<wbr \/>autonomias.html<\/a><\/div>\n<div><a href=\"http:\/\/mas.lne.es\/cartasdeloslectores\/carta\/14334\/nuestras-nacionalidades-autonomias.html\" target=\"_blank\" rel=\"noopener noreferrer\">http:\/\/mas.lne.es\/<wbr \/>cartasdeloslectores\/carta\/<wbr \/>14334\/nuestras-nacionalidades-<wbr \/>autonomias.html<\/a><\/div>\n<div><a href=\"http:\/\/elportaluco.com\/index.php\/temas-de-interes-y-curiosidades\/noticias-curiosas-y-de-interes\/destacados-2\/9679-nuestras-nacionalidades-y-autonomias\" target=\"_blank\" rel=\"noopener noreferrer\">http:\/\/elportaluco.com\/index.<wbr \/>php\/temas-de-interes-y-<wbr \/>curiosidades\/noticias-<wbr \/>curiosas-y-de-interes\/<wbr \/>destacados-2\/9679-nuestras-<wbr \/>nacionalidades-y-autonomias<\/a><\/div>\n<div><a href=\"http:\/\/periodistas-es.com\/espana-nacionalidades-y-autonomias-16854#more-16854\" target=\"_blank\" rel=\"noopener noreferrer\">http:\/\/periodistas-es.com\/<wbr \/>espana-nacionalidades-y-<wbr \/>autonomias-16854#more-16854<\/a><\/div>\n<div><a href=\"http:\/\/nuevosrepublicanos1905.blogspot.com.es\/2013\/09\/nuestras-nacionalidades-y-autonomias.html\" target=\"_blank\" rel=\"noopener noreferrer\">http:\/\/nuevosrepublicanos1905.<wbr \/>blogspot.com.es\/2013\/09\/<wbr \/>nuestras-nacionalidades-y-<wbr \/>autonomias.html<\/a><\/div>\n<div><a href=\"http:\/\/www.eldigitalcastillalamancha.es\/articulo_opinion.asp?idarticulo=141505&amp;idfirma=&amp;lugar=&amp;ant=\" target=\"_blank\" rel=\"noopener noreferrer\">http:\/\/www.<wbr \/>eldigitalcastillalamancha.es\/<wbr \/>articulo_opinion.asp?<wbr \/>idarticulo=141505&amp;idfirma=&amp;<wbr \/>lugar=&amp;ant=<\/a><\/div>\n<div><a href=\"http:\/\/www.diariosigloxxi.com\/texto-diario\/mostrar\/160178\/nuestras-nacionalidades-y-autonomias\" target=\"_blank\" rel=\"noopener noreferrer\">http:\/\/www.diariosigloxxi.com\/<wbr \/>texto-diario\/mostrar\/160178\/<wbr \/>nuestras-nacionalidades-y-<wbr \/>autonomias<\/a><\/div>\n<div><a href=\"http:\/\/informacionalhamaindependiente.blogspot.com.es\/2013\/09\/nuestras-nacionalidades-y-autonomias.html\" target=\"_blank\" rel=\"noopener noreferrer\">http:\/\/<wbr \/>informacionalhamaindependiente<wbr \/>.blogspot.com.es\/2013\/09\/<wbr \/>nuestras-nacionalidades-y-<wbr \/>autonomias.html<\/a><\/div>\n<div><a href=\"http:\/\/www.telealmerianoticias.es\/2013\/nuestras-nacionalidades-y-autonomias-124710.html\" target=\"_blank\" rel=\"noopener noreferrer\">http:\/\/www.<wbr \/>telealmerianoticias.es\/2013\/<wbr \/>nuestras-nacionalidades-y-<wbr \/>autonomias-124710.html<\/a><\/div>\n<div><a href=\"http:\/\/www.elperiodic.com\/voxpopuli\/1172_nuestras-nacionalidades-autonomias.html\" target=\"_blank\" rel=\"noopener noreferrer\">http:\/\/www.elperiodic.com\/<wbr \/>voxpopuli\/1172_nuestras-<wbr \/>nacionalidades-autonomias.html<\/a><\/div>\n<div><a href=\"http:\/\/bitacoras.com\/buscar\/desmembraban\" target=\"_blank\" rel=\"noopener noreferrer\">http:\/\/bitacoras.com\/buscar<\/a><a href=\"http:\/\/informacionalhamaindependiente.blogspot.com.es\/2013\/09\/nuestras-nacionalidades-y-autonomias.html\" target=\"_blank\" rel=\"noopener noreferrer\">\/<wbr \/>nuestras-nacionalidades-y-<wbr \/>autonomias.html<\/a><\/div>\n<div><a href=\"http:\/\/sierranortedigital.com\/portada\/2013\/09\/14\/nuestras-nacionalidades-y-autonomias\/\">http:\/\/sierranortedigital.com\/portada\/2013\/09\/14\/nuestras-nacionalidades-y-autonomias\/<\/a><\/div>\n<div><a href=\"http:\/\/canariasinsurgente.typepad.com\/almacen\/2013\/09\/nuestras-nacionalidades-y-autonom%C3%ADas.html\">http:\/\/canariasinsurgente.typepad.com\/almacen\/2013\/09\/nuestras-nacionalidades-y-autonom%C3%ADas.html<\/a><\/div>\n<div><a href=\"http:\/\/www.cronicapopular.es\/2013\/09\/jose-enrique-centen-nacionalidades-y-el-opio-del-pueblo\/\">http:\/\/www.cronicapopular.es\/2013\/09\/jose-enrique-centen-nacionalidades-y-el-opio-del-pueblo\/<\/a><\/div>\n<div class='shareinpost'><ul class=\"socialwrap row\"><li class=\"iconOnly\"><a  rel='nofollow'  target='_blank'  title='Recommend this post : Nuestras nacionalidades y autonom\u00edas on Facebook'  href='http:\/\/www.facebook.com\/sharer.php?u=https%3A%2F%2Fwww.vitrubio03.es%2F%3Fp%3D4617&amp;t=Nuestras+nacionalidades+y+autonom%C3%ADas'  ><img  src='https:\/\/www.vitrubio03.es\/wp-content\/plugins\/share-and-follow\/images\/blank.gif'  height='32' width='32'  class='image-32' alt='facebook'  style='background: transparent url(https:\/\/www.vitrubio03.es\/wp-content\/plugins\/share-and-follow\/default\/32\/sprite-32.png) no-repeat;padding:0;margin:0;height:32px;width:32px;background-position:-363px 0px'   \/> <span class=\"head\">Recommend on Facebook<\/span><\/a><\/li><li class=\"iconOnly\"><a  rel='nofollow'  target='_blank'  title='Tweet this post : Nuestras nacionalidades y autonom\u00edas on Twitter'  href=\"http:\/\/twitter.com\/share?url=https%3A%2F%2Fwww.vitrubio03.es%2F%3Fp%3D4617&amp;text=Nuestras+nacionalidades+y+autonom%C3%ADas+-+\"  ><img  src='https:\/\/www.vitrubio03.es\/wp-content\/plugins\/share-and-follow\/images\/blank.gif'  height='32' width='32'  class='image-32' alt='twitter'  style='background: transparent url(https:\/\/www.vitrubio03.es\/wp-content\/plugins\/share-and-follow\/default\/32\/sprite-32.png) no-repeat;padding:0;margin:0;height:32px;width:32px;background-position:-1749px 0px'   \/> <span class=\"head\">Tweet about it<\/span><\/a><\/li><li class=\"iconOnly\"><a  rel='nofollow'  target='_self'  title='Print this post : Nuestras nacionalidades y autonom\u00edas for reading later'  href='javascript:window.print();'  ><img  src='https:\/\/www.vitrubio03.es\/wp-content\/plugins\/share-and-follow\/images\/blank.gif'  height='32' width='32'  class='image-32' alt='print'  style='background: transparent url(https:\/\/www.vitrubio03.es\/wp-content\/plugins\/share-and-follow\/default\/32\/sprite-32.png) no-repeat;padding:0;margin:0;height:32px;width:32px;background-position:-1386px 0px'   \/> <span class=\"head\">Print for later<\/span><\/a><\/li><li class=\"iconOnly\"><a rel=\"_self\" href=\"mailto:?subject=Reflexiones%20propias%20:%20Nuestras%20nacionalidades%20y%20autonom\u00edas&amp;body=Te%20adjunto%20un%20enlace%20a%20un%20art\u00edculo.%20Espero%20que%20te%20guste%20%20https:\/\/www.vitrubio03.es\/?p=4617\" title=\"Tell a friend about this post : Nuestras nacionalidades y autonom\u00edas \"><img loading=\"lazy\" decoding=\"async\" src=\"https:\/\/www.vitrubio03.es\/wp-content\/plugins\/share-and-follow\/images\/blank.gif\" height=\"32\"  width=\"32\" style=\"background: transparent url(https:\/\/www.vitrubio03.es\/wp-content\/plugins\/share-and-follow\/default\/32\/sprite-32.png) no-repeat;padding:0;margin:0;height:32px;width:32px;background-position:-330px 0px\" class=\"image-32\"  alt=\"email\" \/> <span class=\"head\">Tell a friend<\/span><\/a><\/li><\/ul><div class=\"clean\"><\/div> <\/div>","protected":false},"excerpt":{"rendered":"<p>Desde 1978 se ha retocado y ampliado el sistema auton\u00f3mico para la integraci\u00f3n de los nacionalistas, todos los retoques ha terminado por desfigurar aquellas primigenias propuestas logrando el desmembramiento del sistema creando diferencias entre unas y otras, como algunos pol\u00edticos &hellip; <a href=\"https:\/\/www.vitrubio03.es\/?p=4617\">Sigue leyendo <span class=\"meta-nav\">&rarr;<\/span><\/a><\/p>\n","protected":false},"author":2,"featured_media":0,"comment_status":"closed","ping_status":"closed","sticky":false,"template":"","format":"standard","meta":{"footnotes":""},"categories":[10],"tags":[32,31],"class_list":["post-4617","post","type-post","status-publish","format-standard","hentry","category-nacional","tag-los-progresistas","tag-piensa"],"_links":{"self":[{"href":"https:\/\/www.vitrubio03.es\/index.php?rest_route=\/wp\/v2\/posts\/4617","targetHints":{"allow":["GET"]}}],"collection":[{"href":"https:\/\/www.vitrubio03.es\/index.php?rest_route=\/wp\/v2\/posts"}],"about":[{"href":"https:\/\/www.vitrubio03.es\/index.php?rest_route=\/wp\/v2\/types\/post"}],"author":[{"embeddable":true,"href":"https:\/\/www.vitrubio03.es\/index.php?rest_route=\/wp\/v2\/users\/2"}],"replies":[{"embeddable":true,"href":"https:\/\/www.vitrubio03.es\/index.php?rest_route=%2Fwp%2Fv2%2Fcomments&post=4617"}],"version-history":[{"count":9,"href":"https:\/\/www.vitrubio03.es\/index.php?rest_route=\/wp\/v2\/posts\/4617\/revisions"}],"predecessor-version":[{"id":7168,"href":"https:\/\/www.vitrubio03.es\/index.php?rest_route=\/wp\/v2\/posts\/4617\/revisions\/7168"}],"wp:attachment":[{"href":"https:\/\/www.vitrubio03.es\/index.php?rest_route=%2Fwp%2Fv2%2Fmedia&parent=4617"}],"wp:term":[{"taxonomy":"category","embeddable":true,"href":"https:\/\/www.vitrubio03.es\/index.php?rest_route=%2Fwp%2Fv2%2Fcategories&post=4617"},{"taxonomy":"post_tag","embeddable":true,"href":"https:\/\/www.vitrubio03.es\/index.php?rest_route=%2Fwp%2Fv2%2Ftags&post=4617"}],"curies":[{"name":"wp","href":"https:\/\/api.w.org\/{rel}","templated":true}]}}