{"id":4628,"date":"2013-09-15T10:30:16","date_gmt":"2013-09-15T08:30:16","guid":{"rendered":"http:\/\/www.vitrubio03.es\/?p=4628"},"modified":"2020-10-11T19:04:25","modified_gmt":"2020-10-11T17:04:25","slug":"los-olvidados-por-camuflados","status":"publish","type":"post","link":"https:\/\/www.vitrubio03.es\/?p=4628","title":{"rendered":"Los olvidados por camuflados"},"content":{"rendered":"<p style=\"text-align: justify;\" align=\"center\">La Transici\u00f3n fue una salida pac\u00edfica hist\u00f3rica por la actitud del pueblo espa\u00f1ol al ser capaz <a href=\"https:\/\/www.vitrubio03.es\/wp-content\/uploads\/2013\/09\/Olvidados-por-camuflados.jpg\"><img loading=\"lazy\" decoding=\"async\" class=\"alignleft size-medium wp-image-4629\" src=\"https:\/\/www.vitrubio03.es\/wp-content\/uploads\/2013\/09\/Olvidados-por-camuflados-300x77.jpg\" alt=\"Olvidados por camuflados\" width=\"300\" height=\"77\" srcset=\"https:\/\/www.vitrubio03.es\/wp-content\/uploads\/2013\/09\/Olvidados-por-camuflados-300x77.jpg 300w, https:\/\/www.vitrubio03.es\/wp-content\/uploads\/2013\/09\/Olvidados-por-camuflados.jpg 400w\" sizes=\"auto, (max-width: 300px) 100vw, 300px\" \/><\/a>de pasar p\u00e1gina a los 40 a\u00f1os de sufrimiento que nos impuso el nazi-fascismo franquista, la Memoria Hist\u00f3rica aprobada por el\u00a0Congreso de los Diputados el 31 de octubre del 2007, pod\u00eda haber sido la forma de entroncar con el pasado para que no se olvide, al ser <strong>Espa\u00f1a es el \u00fanico pa\u00eds donde el fascismo no ha sido repudiado por la Democracia en el Congreso de los Diputados,<\/strong> al igual que se hizo en Alemania o Italia, pero no ha sido as\u00ed, incluso pretenden ignorar a los miles de represaliados en fosas comunes, cunetas o tapias de cementerios, neg\u00e1ndoles un lugar de reposo definitivo a los millares de desaparecidos.<!--more--><\/p>\n<p style=\"text-align: justify;\">El cinismo del PP ya no tiene nombre, grupo que se amamant\u00f3 con leyes contra el comunismo judeo-mas\u00f3nico, ahora aprueba una ley para que los alumnos espa\u00f1oles estudien el Holocausto jud\u00edo. Pero este gobierno fue fundado por antiguos Ministros y altos cargos de la Dictadura, niega el Holocausto espa\u00f1ol, es m\u00e1s, protege a muchos de los que fueron causante de \u00e9l, una muestra de ello puede ser <strong>el indulto del pederasta condenado en Marruecos,<\/strong> colaborador del CNI, traductor de la Guardia Civil, que tambi\u00e9n trabaj\u00f3 en la Universidad de Murcia; o que ultraderechistas colaboren con las Fuerzas de Seguridad, algunos fueron condenados pero en libertad actualmente por cumplimiento de condena. Igual que la Dictadura utiliz\u00f3 a los Guerrilleros de Cristo Rey, militantes de Fuerza Nueva y en la \u00faltima etapa franquista los miembros de la Triple A, da que pensar la falta de escr\u00fapulos de algunas administraciones del Estado actual, los miembros del CNI son personas retorcidas capaces de cualquier estratagema para conseguir unos fines marcados, <strong>pero que las Fuerzas de Seguridad contraten a tipos condenados por su ultraderechismo y a miembros de organizaciones antidemocr\u00e1ticas a las que a su vez hay que combatir,<\/strong> no es propio en Democracia, m\u00e1s sabiendo quienes son, una muestra est\u00e1 en la pronta detenci\u00f3n de 12 de <strong>los causantes que reventaron el acto de la Diada en Madrid.<\/strong> \u00a0Lo habitual es que las Fuerzas del Orden utilicen individuos para combatir la delincuencia, delincuentes sin m\u00e1s, carne de c\u00e1rcel que obtienen alg\u00fan privilegio totalmente diferentes a los anteriores nombrados que obtendr\u00edan privilegios propios de las dictaduras.<\/p>\n<p style=\"text-align: justify;\">Volviendo a nuestra Memoria Hist\u00f3rica, una parte que no se ha tocado son los \u00faltimos a\u00f1os del franquismo y nadie ha investigado es, donde acabaron los colaboradores policiales <strong>\u00ab<i>esos camuflados olvidados que nunca deber\u00edan ser perdonados\u00bb. <\/i><\/strong>La Asociaci\u00f3n de Represaliados del franquismo ha tenido que recurrir a la Justicia Argentina para esclarecer parte del Holocausto espa\u00f1ol con lista de represores conocidos, pero la administraci\u00f3n podr\u00eda saber qui\u00e9nes son esa otra masa oculta con solo tirar de n\u00f3minas o plantillas de los Ministerios, Universidades, Empresas P\u00fablicas, Canal de Isabel II, INI, o el antiguo MOPU, etc., ah\u00ed observaremos una ingente cantidad de personas de puestos inferiores o medios seg\u00fan la labor policial realizada; <strong>entraron sin ninguna oposici\u00f3n oficial,<\/strong> posteriormente legalizados por el m\u00e9todo concurso\/apa\u00f1o oposici\u00f3n para <strong>los designados a dedo de la dictadura entre 1975 y 1980,<\/strong> cuando se produjo posiblemente una masiva afluencia en puestos oficiales de bedeles, auxiliares, administrativos, conductores, etc\u00e9tera, puestos copados por chivatos y colaboradores policiales a modo de finiquito por la labor realizada desde los 60. <strong>\u00bfCu\u00e1ntos funcionarios en la administraci\u00f3n tienen ese perfil?,<\/strong> intocables y protegidos desde entonces, ahora cerca de la jubilaci\u00f3n.<\/p>\n<p style=\"text-align: justify;\">Como dijo C. S\u00e1nchez Albornoz,<strong><i> \u00ab<\/i><i>la historia est\u00e1 siempre empujando el ayer hacia el ma\u00f1ana, por eso deseo fervientemente que en el ma\u00f1ana no haya p\u00e1jaros en los nidos de anta\u00f1o\u00bb.<\/i><\/strong><\/p>\n<div>Publicado en:<\/div>\n<div><a href=\"http:\/\/periodistas-es.com\/la-memoria-historica-de-espana-inconclusa-17103\" target=\"_blank\" rel=\"noopener noreferrer\">http:\/\/periodistas-es.com\/la-<wbr \/>memoria-historica-de-espana-<wbr \/>inconclusa-17103<\/a><\/div>\n<div><a href=\"http:\/\/nuevosrepublicanos1905.blogspot.com.es\/2013\/09\/los-olvidados-por-camuflados.html\" target=\"_blank\" rel=\"noopener noreferrer\">http:\/\/nuevosrepublicanos1905.<wbr \/>blogspot.com.es\/2013\/09\/los-<wbr \/>olvidados-por-camuflados.html<\/a><\/div>\n<div><a href=\"http:\/\/www.tercerainformacion.es\/spip.php?article57857\" target=\"_blank\" rel=\"noopener noreferrer\">http:\/\/www.tercerainformacion.<wbr \/>es\/spip.php?article57857<\/a><span style=\"text-decoration: underline;\"><br \/>\n<\/span><\/div>\n<div><a href=\"http:\/\/www.elportaluco.com\/index.php\/temas-de-interes-y-curiosidades\/noticias-curiosas-y-de-interes\/destacados-2\/9735-los-olvidados-por-camuflados\" target=\"_blank\" rel=\"noopener noreferrer\">http:\/\/www.elportaluco.com\/<wbr \/>index.php\/temas-de-interes-y-<wbr \/>curiosidades\/noticias-<wbr \/>curiosas-y-de-interes\/<wbr \/>destacados-2\/9735-los-<wbr \/>olvidados-por-camuflados<\/a><span style=\"text-decoration: underline;\"><br \/>\n<\/span><\/div>\n<div><a href=\"https:\/\/www.foroporlamemoria.info\/2013\/09\/la-memoria-historica-de-espana-inconclusa\/\" target=\"_blank\" rel=\"noopener noreferrer\">https:\/\/www.foroporlamemoria.<wbr \/>info\/2013\/09\/la-memoria-<wbr \/>historica-de-espana-<wbr \/>inconclusa\/<\/a><span style=\"text-decoration: underline;\"><br \/>\n<\/span><\/div>\n<div><a href=\"http:\/\/noticiasvillalba.com\/2013\/09\/18\/los-olvidados-por-camuflados%E2%80%8F.html\" target=\"_blank\" rel=\"noopener noreferrer\">http:\/\/noticiasvillalba.com\/<wbr \/>2013\/09\/18\/los-olvidados-por-<wbr \/>camuflados%E2%80%8F.html<\/a><\/div>\n<div><a href=\"http:\/\/informacionalhamaindependiente.blogspot.com.es\/2013\/09\/el-cinismo-del-pp-ya-no-tiene-nombre.html\" target=\"_blank\" rel=\"noopener noreferrer\">http:\/\/<wbr \/>informacionalhamaindependiente<wbr \/>.blogspot.com.es\/2013\/09\/el-<wbr \/>cinismo-del-pp-ya-no-tiene-<wbr \/>nombre.html<\/a><\/div>\n<div><a href=\"http:\/\/es.globedia.com\/los-olvidados-por-camuflados\" target=\"_blank\" rel=\"noopener noreferrer\">http:\/\/es.globedia.com\/los-<wbr \/>olvidados-por-camuflados<\/a><span style=\"text-decoration: underline;\"><br \/>\n<\/span><\/div>\n<div><a href=\"http:\/\/elotrokiosko.net\/los-olvidados-por-camuflados\/\" target=\"_blank\" rel=\"noopener noreferrer\">http:\/\/elotrokiosko.net\/los-<wbr \/>olvidados-por-camuflados\/<\/a><\/div>\n<div><a href=\"http:\/\/www.todo-titulares.es\/\" target=\"_blank\" rel=\"noopener noreferrer\">http:\/\/www.todo-titulares.es\/<\/a><a href=\"http:\/\/elotrokiosko.net\/los-olvidados-por-camuflados\/\" target=\"_blank\" rel=\"noopener noreferrer\">l<wbr \/>os-olvidados-por-camuflados\/<\/a><\/div>\n<div><a href=\"http:\/\/www.um.es\/web\/portal-comunicacion\/presentacion?p_p_id=umlraplicacionnoticiascomunicacion_WAR_umlraplicacionnoticiascomunicacionportlet_INSTANCE_Z8io&amp;p_p_lifecycle=0&amp;p_p_state=normal&amp;p_p_mode=view&amp;p_p_col_id=column-1&amp;p_p_col_count=2&amp;_umlraplicacionnoticiascomunicacion_WAR_umlraplicacionnoticiascomunicacionportlet_INSTANCE_Z8io_jspPage=%2Fnacional.jsp\" target=\"_blank\" rel=\"noopener noreferrer\">http:\/\/www.um.es\/web\/portal-<wbr \/>comunicacion\/<\/a><a href=\"http:\/\/elotrokiosko.net\/los-olvidados-por-camuflados\/\" target=\"_blank\" rel=\"noopener noreferrer\">los-olvidados-<wbr \/>por-camuflados\/<\/a><\/div>\n<div><a href=\"http:\/\/mas.lne.es\/cartasdeloslectores\/carta\/14354\/olvidados-camuflados.html\" target=\"_blank\" rel=\"noopener noreferrer\">http:\/\/mas.lne.es\/<wbr \/>cartasdeloslectores\/carta\/<wbr \/>14354\/olvidados-camuflados.<wbr \/>html<\/a><\/div>\n<div><a href=\"http:\/\/sierranortedigital.com\/portada\/2013\/09\/17\/los-olvidados-por-camuflados\/\" target=\"_blank\" rel=\"noopener noreferrer\">http:\/\/sierranortedigital.com\/<wbr \/>portada\/2013\/09\/17\/los-<wbr \/>olvidados-por-camuflados\/<\/a><\/div>\n<div><a href=\"http:\/\/www.elblogoferoz.com\/2013\/09\/18\/los-olvidados-por-camuflados-por-jose-enrique-centen-martin\/\" target=\"_blank\" rel=\"noopener noreferrer\">http:\/\/www.elblogoferoz.com\/<wbr \/>2013\/09\/18\/los-olvidados-por-<wbr \/>camuflados-por-jose-enrique-<wbr \/>centen-martin\/<\/a><\/div>\n<div><a href=\"http:\/\/www.diariodelasierra.es\/2013\/09\/\" target=\"_blank\" rel=\"noopener noreferrer\">http:\/\/www.diariodelasierra.<wbr \/>es\/2013\/09\/<\/a><\/div>\n<p>&nbsp;<\/p>\n<div class='shareinpost'><ul class=\"socialwrap row\"><li class=\"iconOnly\"><a  rel='nofollow'  target='_blank'  title='Recommend this post : Los olvidados por camuflados on Facebook'  href='http:\/\/www.facebook.com\/sharer.php?u=https%3A%2F%2Fwww.vitrubio03.es%2F%3Fp%3D4628&amp;t=Los+olvidados+por+camuflados'  ><img  src='https:\/\/www.vitrubio03.es\/wp-content\/plugins\/share-and-follow\/images\/blank.gif'  height='32' width='32'  class='image-32' alt='facebook'  style='background: transparent url(https:\/\/www.vitrubio03.es\/wp-content\/plugins\/share-and-follow\/default\/32\/sprite-32.png) no-repeat;padding:0;margin:0;height:32px;width:32px;background-position:-363px 0px'   \/> <span class=\"head\">Recommend on Facebook<\/span><\/a><\/li><li class=\"iconOnly\"><a  rel='nofollow'  target='_blank'  title='Tweet this post : Los olvidados por camuflados on Twitter'  href=\"http:\/\/twitter.com\/share?url=https%3A%2F%2Fwww.vitrubio03.es%2F%3Fp%3D4628&amp;text=Los+olvidados+por+camuflados+-+\"  ><img  src='https:\/\/www.vitrubio03.es\/wp-content\/plugins\/share-and-follow\/images\/blank.gif'  height='32' width='32'  class='image-32' alt='twitter'  style='background: transparent url(https:\/\/www.vitrubio03.es\/wp-content\/plugins\/share-and-follow\/default\/32\/sprite-32.png) no-repeat;padding:0;margin:0;height:32px;width:32px;background-position:-1749px 0px'   \/> <span class=\"head\">Tweet about it<\/span><\/a><\/li><li class=\"iconOnly\"><a  rel='nofollow'  target='_self'  title='Print this post : Los olvidados por camuflados for reading later'  href='javascript:window.print();'  ><img  src='https:\/\/www.vitrubio03.es\/wp-content\/plugins\/share-and-follow\/images\/blank.gif'  height='32' width='32'  class='image-32' alt='print'  style='background: transparent url(https:\/\/www.vitrubio03.es\/wp-content\/plugins\/share-and-follow\/default\/32\/sprite-32.png) no-repeat;padding:0;margin:0;height:32px;width:32px;background-position:-1386px 0px'   \/> <span class=\"head\">Print for later<\/span><\/a><\/li><li class=\"iconOnly\"><a rel=\"_self\" href=\"mailto:?subject=Reflexiones%20propias%20:%20Los%20olvidados%20por%20camuflados&amp;body=Te%20adjunto%20un%20enlace%20a%20un%20art\u00edculo.%20Espero%20que%20te%20guste%20%20https:\/\/www.vitrubio03.es\/?p=4628\" title=\"Tell a friend about this post : Los olvidados por camuflados \"><img loading=\"lazy\" decoding=\"async\" src=\"https:\/\/www.vitrubio03.es\/wp-content\/plugins\/share-and-follow\/images\/blank.gif\" height=\"32\"  width=\"32\" style=\"background: transparent url(https:\/\/www.vitrubio03.es\/wp-content\/plugins\/share-and-follow\/default\/32\/sprite-32.png) no-repeat;padding:0;margin:0;height:32px;width:32px;background-position:-330px 0px\" class=\"image-32\"  alt=\"email\" \/> <span class=\"head\">Tell a friend<\/span><\/a><\/li><\/ul><div class=\"clean\"><\/div> <\/div>","protected":false},"excerpt":{"rendered":"<p>La Transici\u00f3n fue una salida pac\u00edfica hist\u00f3rica por la actitud del pueblo espa\u00f1ol al ser capaz de pasar p\u00e1gina a los 40 a\u00f1os de sufrimiento que nos impuso el nazi-fascismo franquista, la Memoria Hist\u00f3rica aprobada por el\u00a0Congreso de los Diputados &hellip; <a href=\"https:\/\/www.vitrubio03.es\/?p=4628\">Sigue leyendo <span class=\"meta-nav\">&rarr;<\/span><\/a><\/p>\n","protected":false},"author":2,"featured_media":0,"comment_status":"closed","ping_status":"closed","sticky":false,"template":"","format":"standard","meta":{"footnotes":""},"categories":[34,10],"tags":[32,33,31],"class_list":["post-4628","post","type-post","status-publish","format-standard","hentry","category-historia","category-nacional","tag-los-progresistas","tag-personal","tag-piensa"],"_links":{"self":[{"href":"https:\/\/www.vitrubio03.es\/index.php?rest_route=\/wp\/v2\/posts\/4628","targetHints":{"allow":["GET"]}}],"collection":[{"href":"https:\/\/www.vitrubio03.es\/index.php?rest_route=\/wp\/v2\/posts"}],"about":[{"href":"https:\/\/www.vitrubio03.es\/index.php?rest_route=\/wp\/v2\/types\/post"}],"author":[{"embeddable":true,"href":"https:\/\/www.vitrubio03.es\/index.php?rest_route=\/wp\/v2\/users\/2"}],"replies":[{"embeddable":true,"href":"https:\/\/www.vitrubio03.es\/index.php?rest_route=%2Fwp%2Fv2%2Fcomments&post=4628"}],"version-history":[{"count":4,"href":"https:\/\/www.vitrubio03.es\/index.php?rest_route=\/wp\/v2\/posts\/4628\/revisions"}],"predecessor-version":[{"id":7542,"href":"https:\/\/www.vitrubio03.es\/index.php?rest_route=\/wp\/v2\/posts\/4628\/revisions\/7542"}],"wp:attachment":[{"href":"https:\/\/www.vitrubio03.es\/index.php?rest_route=%2Fwp%2Fv2%2Fmedia&parent=4628"}],"wp:term":[{"taxonomy":"category","embeddable":true,"href":"https:\/\/www.vitrubio03.es\/index.php?rest_route=%2Fwp%2Fv2%2Fcategories&post=4628"},{"taxonomy":"post_tag","embeddable":true,"href":"https:\/\/www.vitrubio03.es\/index.php?rest_route=%2Fwp%2Fv2%2Ftags&post=4628"}],"curies":[{"name":"wp","href":"https:\/\/api.w.org\/{rel}","templated":true}]}}