{"id":4633,"date":"2013-09-20T23:13:48","date_gmt":"2013-09-20T21:13:48","guid":{"rendered":"http:\/\/www.vitrubio03.es\/?p=4633"},"modified":"2020-09-09T19:17:55","modified_gmt":"2020-09-09T17:17:55","slug":"de-felipe-v-a-felipe-vi","status":"publish","type":"post","link":"https:\/\/www.vitrubio03.es\/?p=4633","title":{"rendered":"De Felipe V a Felipe VI"},"content":{"rendered":"<p style=\"text-align: justify;\" align=\"center\">Principio y fin de la dinast\u00eda borb\u00f3nica, m\u00e1s de trescientos a\u00f1os soportando iniquidades, traiciones, ventas de tierras del Nuevo Mundo, Islas\u00a0 oce\u00e1nicas o del suelo patrio para ser <a href=\"https:\/\/www.vitrubio03.es\/wp-content\/uploads\/2013\/09\/Felipe-V-al-VI.jpg\"><img loading=\"lazy\" decoding=\"async\" class=\"alignleft size-full wp-image-4634\" src=\"https:\/\/www.vitrubio03.es\/wp-content\/uploads\/2013\/09\/Felipe-V-al-VI.jpg\" alt=\"Felipe V al VI\" width=\"300\" height=\"190\" \/><\/a>reconocidos como reyes, am\u00e9n de corruptelas de toda \u00edndole, no solo de sus familiares sino de ellos mismos, ejemplos recientes hay, un yate entregado por empresarios, \u00bfa cambio de qu\u00e9?, una cacer\u00eda de elefantes, \u00bfa cambio de qu\u00e9?, ca\u00edda de bragas de una supuesta princesa, \u00bfa cambio de qu\u00e9?, una supuesta fortuna heredada en Suiza \u00bftoda heredada?, esto solo del cabeza de la dinast\u00eda. Sus hijas en empleos de alta remuneraci\u00f3n, en Banca o empresas privadas y solo con estudios b\u00e1sicos, \u00bfa cambio de qu\u00e9?, un yerno encausado por corrupci\u00f3n y mientras tanto universitarios, investigadores, m\u00e9dicos\u2026 en paro o con trabajos basura y en el mejor de los casos emigran en busca de oportunidades siendo parte de los seis millones de parados con cerca de un mill\u00f3n sin subsidio de ning\u00fan tipo y en la indigencia total.<!--more--><\/p>\n<p style=\"text-align: justify;\">Se acerca el final, en la actualidad el monarca\u00a0 est\u00e1 dando claras muestras de senilidad como ocurri\u00f3 en la apertura del \u00a0a\u00f1o judicial 2013 estando a la espera del momento propicio en su abdicaci\u00f3n, tiempo muerto para evitar mediante el olvido la relaci\u00f3n entre abdicaci\u00f3n y los esc\u00e1ndalos financieros familiares o que alg\u00fan percance acelere el proceso, dada la multitud de lesiones (esqu\u00ed, caza) en su ajetreada vida laboral, estos diferentes motivos provocar\u00e1 la abdicaci\u00f3n del borb\u00f3n impuesto por el dictador despu\u00e9s de 40 a\u00f1os de la sublevaci\u00f3n, incluso le llaman dem\u00f3crata, si as\u00ed fuese deber\u00eda de abdicar en el pueblo espa\u00f1ol \u00fanico soberano elegido por la urnas el 14 de abril de 1931 \u00abRes P\u00fablica\u00bb al ser esta monarqu\u00eda ilegal en su restablecimiento e incluso porque el supuesto de abdicaci\u00f3n no est\u00e1 regulada en la Constituci\u00f3n de 1978. Pero pretenden que se perpet\u00fae en su hijo bas\u00e1ndose en un sistema medieval, aducir\u00e1n que el supuesto futuro monarca est\u00e1 inmaculado de todo trapicheo, puede que s\u00ed, pero con el paso del tiempo ya trincar\u00e1 algo \u00e9l o su familia, por ese motivo tampoco hay que dejar ni un solo segundo en el trono al supuesto futuro Felipe VI.<\/p>\n<p style=\"text-align: justify;\">La sucesi\u00f3n es devolver lo que ha sido arrebatado con las armas, siendo la Rep\u00fablica la \u00fanica manera de cortar con el fascismo espa\u00f1ol, pues Espa\u00f1a es el \u00fanico pa\u00eds europeo que no ha abominado de su pasado fascista, ejemplo tenemos con la Memoria Hist\u00f3rica.<br \/>\n<i>\u00abLa virtud republicana mana del hombre y no de la doctrina\u00bb,<\/i>\u00a0y se\u00a0 aferra en la profunda convicci\u00f3n de que el hombre es capaz de autogobierno y merecedor moral de ejercerlo, siendo necesaria porque toda rep\u00fablica es democr\u00e1tica y m\u00e1s la nuestra, sin guillotinas ni fusilamientos, en contraste con esta monarqu\u00eda siempre que retomaron el poder en otras \u00e9pocas s\u00f3lo ense\u00f1\u00f3 dientes y armas como hizo la dictadura en su nombre, sabido es el apoyo del borb\u00f3n depuesto Alfonso XIII y la colaboraci\u00f3n de su hijo Juan con los sublevados.<br \/>\nEn estos momentos este gobierno est\u00e1 siguiendo los usos de la dictadura, ahogando y comprimiendo todas las formas de descontento e indignaci\u00f3n. Vicio incurable tambi\u00e9n de la monarqu\u00eda espa\u00f1ola: fuerte frente a cada una de las clases por separado. Pero impotente con respecto a las necesidades hist\u00f3ricas del pa\u00eds, siendo la causa de su quebrantamiento por dificultades financieras en todas las \u00e9pocas.<\/p>\n<p style=\"text-align: justify;\">La actual desconfianza de los ciudadanos ante la propia democracia cr\u00eda desencanto y escepticismo, la convicci\u00f3n republicana est\u00e1 abriendo cauces cada vez m\u00e1s amplios en todas las esferas de la poblaci\u00f3n merced a un pensamiento anclado en el realismo. Refleja fielmente el principio m\u00e1s universalmente compartido por todos los republicanos: el de la confianza aristot\u00e9lica en la capacidad de la mayor\u00eda\u00a0 de los hombres por practicar la virtud p\u00fablica y la <i>filia politk\u00e9, <\/i>la concordia civil o amor a lo p\u00fablico. En cualquier tipo de posible cultura o forma de gobierno el hombre necesita de la cooperaci\u00f3n de los dem\u00e1s si quiere sobrevivir y la rep\u00fablica es la forma m\u00e1s genuina.<br \/>\nLa filosof\u00eda republicana contempor\u00e1nea posee, por lo pronto, dos sendas que conducen a universos opuestos. La de Robespierre,\u00a0 que lleva su propia destrucci\u00f3n y a la pronta voladura de la democracia y la libertad, en nombre de ambas cosas a la vez. La otra senda, la del republicanismo c\u00edvico, compatible con algunos aspectos del liberalismo, no pocos del socialismo democr\u00e1tico y af\u00edn al igualitarismo participativo.<\/p>\n<p style=\"text-align: justify;\">L. Trosky se\u00f1al\u00f3: \u00ab<i>En muchos casos creen que con la rep\u00fablica vendr\u00e1 la riqueza, pero hay que tener en cuenta el car\u00e1cter conservador que poseen muchas rep\u00fablicas actualmente para no caer en el mismo error, al seguir el camino de los jacobinos franceses: su miedo ante las masas, m\u00e1s fuerte que su odio a la monarqu\u00eda\u00bb.<\/i><\/p>\n<p style=\"text-align: justify;\">No debemos sentirnos como una part\u00edcula de polvo y ser aplastado por la insignificancia de su individualidad. Debemos de reconstruir un Estado republicano que se fundamente en un principio determinado de la conciencia de s\u00ed del esp\u00edritu, en la manera como el esp\u00edritu se conoce en relaci\u00f3n con la libertad. En el Estado hay que distinguir la libertad del libre albedr\u00edo. La esencia del Estado es que la voluntad racional en s\u00ed y por s\u00ed, lo universal en s\u00ed y por s\u00ed, que esto universal, sustancial de la voluntad, es real. Las leyes deben ser la expresi\u00f3n de lo que respecto a la voluntad es racional.<\/p>\n<p style=\"text-align: justify;\">Verdi supo plasmar en Va Penseiro de la \u00f3pera Nabucco, el amor a aquella patria que pudo ser, para nosotros la democracia que empez\u00f3 a surgir antes de la dictadura franquista, la rep\u00fablica que debemos recuperar. \u00a0 Ver <a href=\"http:\/\/www.youtube.com\/watch?v=DzdDf9hKfJw\">http:\/\/www.youtube.com\/watch?v=DzdDf9hKfJw<\/a><\/p>\n<h5><b>Bibliograf\u00eda<br \/>\n<\/b>&#8211; \u201cH\u00aa del pensamiento social\u201d, <i>Salvador Giner, <\/i>12\u00aa edici\u00f3n ampliada: septiembre de 2008,<i> Editorial Ariel, <\/i>pp. 733, 734.<br \/>\n&#8211; \u201cIntroducci\u00f3n a la historia de la filosof\u00eda\u201d,\u00a0 <i>G.W.F. Hegel, <\/i>2010 Prisa Innova SL, pp. 187,188.<br \/>\n&#8211; \u201cEl miedo a la libertad\u201d, <i>Erich Fromm, <\/i>8\u00aa impresi\u00f3n: octubre de 2011, <i>Paid\u00f3s,<b> <\/b><\/i>pp. 56, 57, 58.<br \/>\n&#8211; \u201cLa revoluci\u00f3n espa\u00f1ola\u201d,<i> Trotsky <\/i>2011, en colaboraci\u00f3n con la Fundaci\u00f3n Federico Engels, Diario P\u00fablico,<b> <\/b>pp. 88, 97, 98.<\/h5>\n<p>&nbsp;<\/p>\n<div><b>Publicado en :<\/b><\/div>\n<div>\n<div><a href=\"http:\/\/informacionalhamaindependiente.blogspot.com.es\/2013\/09\/de-felipe-v-felipe-vi.html\" target=\"_blank\" rel=\"noopener noreferrer\">http:\/\/<wbr \/>informacionalhamaindependiente<wbr \/>.blogspot.com.es\/2013\/09\/de-<wbr \/>felipe-v-felipe-vi.html<\/a><\/div>\n<div><a href=\"http:\/\/www.elblogoferoz.com\/2013\/09\/22\/de-felipe-v-a-felipe-vi-por-jose-enrique-centen-martin\/\" target=\"_blank\" rel=\"noopener noreferrer\">http:\/\/www.elblogoferoz.com\/<wbr \/>2013\/09\/22\/de-felipe-v-a-<wbr \/>felipe-vi-por-jose-enrique-<wbr \/>centen-martin\/<\/a><\/div>\n<div><a href=\"http:\/\/es.globedia.com\/de-felipe-v-a-felipe-vi\" target=\"_blank\" rel=\"noopener noreferrer\">http:\/\/es.globedia.com\/de-<wbr \/>felipe-v-a-felipe-vi<\/a><\/div>\n<div><a href=\"http:\/\/www.diariosigloxxi.com\/texto-diario\/mostrar\/160777\/de-felipe-v-a-felipe-vi\" target=\"_blank\" rel=\"noopener noreferrer\">http:\/\/www.diariosigloxxi.com\/<wbr \/>texto-diario\/mostrar\/160777\/<wbr \/>de-felipe-v-a-felipe-vi<\/a><\/div>\n<div><a href=\"http:\/\/sierranortedigital.com\/portada\/2013\/09\/22\/de-felipe-v-a-felipe-vi\/\" target=\"_blank\" rel=\"noopener noreferrer\">http:\/\/sierranortedigital.com\/<wbr \/>portada\/2013\/09\/22\/de-felipe-<wbr \/>v-a-felipe-vi\/<\/a><\/div>\n<div><a href=\"http:\/\/en.wasalive.com\/es\/reyes\/de-felipe-v-a-felipe-vi\" target=\"_blank\" rel=\"noopener noreferrer\">http:\/\/en.wasalive.com\/es\/<wbr \/>reyes\/de-felipe-v-a-felipe-vi<\/a><\/div>\n<div><a href=\"http:\/\/nuevosrepublicanos1905.blogspot.com.es\/2013\/09\/de-felipe-v-felipe-vi.html\" target=\"_blank\" rel=\"noopener noreferrer\">http:\/\/nuevosrepublicanos1905.<wbr \/>blogspot.com.es\/2013\/09\/de-<wbr \/>felipe-v-felipe-vi.html<\/a><\/div>\n<div><a href=\"http:\/\/www.galapagar-info.net\/de-felipe-v-a-felipe-vi\/\" target=\"_blank\" rel=\"noopener noreferrer\">http:\/\/www.galapagar-info.net\/<wbr \/>de-felipe-v-a-felipe-vi\/<\/a><\/div>\n<div><a href=\"http:\/\/lapirenaicadigital.es\/SITIO\/DEFELIPEVAFELIPEVI.pdf\" target=\"_blank\" rel=\"noopener noreferrer\">http:\/\/lapirenaicadigital.es\/<wbr \/>SITIO\/DEFELIPEVAFELIPEVI.pdf<\/a><\/div>\n<div><a href=\"http:\/\/www.diariodelasierra.es\/2013\/09\/21\/de-felipe-v-a-felipe-vi\/\">http:\/\/www.diariodelasierra.es\/2013\/09\/21\/de-felipe-v-a-felipe-vi\/<\/a><\/div>\n<\/div>\n<div class='shareinpost'><ul class=\"socialwrap row\"><li class=\"iconOnly\"><a  rel='nofollow'  target='_blank'  title='Recommend this post : De Felipe V a Felipe VI on Facebook'  href='http:\/\/www.facebook.com\/sharer.php?u=https%3A%2F%2Fwww.vitrubio03.es%2F%3Fp%3D4633&amp;t=De+Felipe+V+a+Felipe+VI'  ><img  src='https:\/\/www.vitrubio03.es\/wp-content\/plugins\/share-and-follow\/images\/blank.gif'  height='32' width='32'  class='image-32' alt='facebook'  style='background: transparent url(https:\/\/www.vitrubio03.es\/wp-content\/plugins\/share-and-follow\/default\/32\/sprite-32.png) no-repeat;padding:0;margin:0;height:32px;width:32px;background-position:-363px 0px'   \/> <span class=\"head\">Recommend on Facebook<\/span><\/a><\/li><li class=\"iconOnly\"><a  rel='nofollow'  target='_blank'  title='Tweet this post : De Felipe V a Felipe VI on Twitter'  href=\"http:\/\/twitter.com\/share?url=https%3A%2F%2Fwww.vitrubio03.es%2F%3Fp%3D4633&amp;text=De+Felipe+V+a+Felipe+VI+-+\"  ><img  src='https:\/\/www.vitrubio03.es\/wp-content\/plugins\/share-and-follow\/images\/blank.gif'  height='32' width='32'  class='image-32' alt='twitter'  style='background: transparent url(https:\/\/www.vitrubio03.es\/wp-content\/plugins\/share-and-follow\/default\/32\/sprite-32.png) no-repeat;padding:0;margin:0;height:32px;width:32px;background-position:-1749px 0px'   \/> <span class=\"head\">Tweet about it<\/span><\/a><\/li><li class=\"iconOnly\"><a  rel='nofollow'  target='_self'  title='Print this post : De Felipe V a Felipe VI for reading later'  href='javascript:window.print();'  ><img  src='https:\/\/www.vitrubio03.es\/wp-content\/plugins\/share-and-follow\/images\/blank.gif'  height='32' width='32'  class='image-32' alt='print'  style='background: transparent url(https:\/\/www.vitrubio03.es\/wp-content\/plugins\/share-and-follow\/default\/32\/sprite-32.png) no-repeat;padding:0;margin:0;height:32px;width:32px;background-position:-1386px 0px'   \/> <span class=\"head\">Print for later<\/span><\/a><\/li><li class=\"iconOnly\"><a rel=\"_self\" href=\"mailto:?subject=Reflexiones%20propias%20:%20De%20Felipe%20V%20a%20Felipe%20VI&amp;body=Te%20adjunto%20un%20enlace%20a%20un%20art\u00edculo.%20Espero%20que%20te%20guste%20%20https:\/\/www.vitrubio03.es\/?p=4633\" title=\"Tell a friend about this post : De Felipe V a Felipe VI \"><img loading=\"lazy\" decoding=\"async\" src=\"https:\/\/www.vitrubio03.es\/wp-content\/plugins\/share-and-follow\/images\/blank.gif\" height=\"32\"  width=\"32\" style=\"background: transparent url(https:\/\/www.vitrubio03.es\/wp-content\/plugins\/share-and-follow\/default\/32\/sprite-32.png) no-repeat;padding:0;margin:0;height:32px;width:32px;background-position:-330px 0px\" class=\"image-32\"  alt=\"email\" \/> <span class=\"head\">Tell a friend<\/span><\/a><\/li><\/ul><div class=\"clean\"><\/div> <\/div>","protected":false},"excerpt":{"rendered":"<p>Principio y fin de la dinast\u00eda borb\u00f3nica, m\u00e1s de trescientos a\u00f1os soportando iniquidades, traiciones, ventas de tierras del Nuevo Mundo, Islas\u00a0 oce\u00e1nicas o del suelo patrio para ser reconocidos como reyes, am\u00e9n de corruptelas de toda \u00edndole, no solo de &hellip; <a href=\"https:\/\/www.vitrubio03.es\/?p=4633\">Sigue leyendo <span class=\"meta-nav\">&rarr;<\/span><\/a><\/p>\n","protected":false},"author":2,"featured_media":0,"comment_status":"closed","ping_status":"closed","sticky":false,"template":"","format":"standard","meta":{"footnotes":""},"categories":[11],"tags":[],"class_list":["post-4633","post","type-post","status-publish","format-standard","hentry","category-republica"],"_links":{"self":[{"href":"https:\/\/www.vitrubio03.es\/index.php?rest_route=\/wp\/v2\/posts\/4633","targetHints":{"allow":["GET"]}}],"collection":[{"href":"https:\/\/www.vitrubio03.es\/index.php?rest_route=\/wp\/v2\/posts"}],"about":[{"href":"https:\/\/www.vitrubio03.es\/index.php?rest_route=\/wp\/v2\/types\/post"}],"author":[{"embeddable":true,"href":"https:\/\/www.vitrubio03.es\/index.php?rest_route=\/wp\/v2\/users\/2"}],"replies":[{"embeddable":true,"href":"https:\/\/www.vitrubio03.es\/index.php?rest_route=%2Fwp%2Fv2%2Fcomments&post=4633"}],"version-history":[{"count":7,"href":"https:\/\/www.vitrubio03.es\/index.php?rest_route=\/wp\/v2\/posts\/4633\/revisions"}],"predecessor-version":[{"id":7165,"href":"https:\/\/www.vitrubio03.es\/index.php?rest_route=\/wp\/v2\/posts\/4633\/revisions\/7165"}],"wp:attachment":[{"href":"https:\/\/www.vitrubio03.es\/index.php?rest_route=%2Fwp%2Fv2%2Fmedia&parent=4633"}],"wp:term":[{"taxonomy":"category","embeddable":true,"href":"https:\/\/www.vitrubio03.es\/index.php?rest_route=%2Fwp%2Fv2%2Fcategories&post=4633"},{"taxonomy":"post_tag","embeddable":true,"href":"https:\/\/www.vitrubio03.es\/index.php?rest_route=%2Fwp%2Fv2%2Ftags&post=4633"}],"curies":[{"name":"wp","href":"https:\/\/api.w.org\/{rel}","templated":true}]}}