{"id":4663,"date":"2013-10-11T09:50:49","date_gmt":"2013-10-11T07:50:49","guid":{"rendered":"http:\/\/www.vitrubio03.es\/?p=4663"},"modified":"2020-08-22T19:49:17","modified_gmt":"2020-08-22T17:49:17","slug":"defendiendo-y-reivindicando-el-espanol","status":"publish","type":"post","link":"https:\/\/www.vitrubio03.es\/?p=4663","title":{"rendered":"Defendiendo y reivindicando el espa\u00f1ol"},"content":{"rendered":"<p style=\"text-align: justify;\">Toca hablar de la mediocridad de algunos de nuestros pol\u00edticos con los idiomas y la importancia que se le ha dado. El bochorno que provoc\u00f3 la alcaldesa de Madrid en la <a href=\"https:\/\/www.vitrubio03.es\/wp-content\/uploads\/2013\/10\/Espa\u00f1ol1.jpg\"><img loading=\"lazy\" decoding=\"async\" class=\"alignleft size-full wp-image-4665\" src=\"https:\/\/www.vitrubio03.es\/wp-content\/uploads\/2013\/10\/Espa\u00f1ol1.jpg\" alt=\"Espa\u00f1ol\" width=\"235\" height=\"215\" \/><\/a>presentaci\u00f3n ante los medios de nuestra candidatura ol\u00edmpica al contestar a una pregunta en ingles con un guion que ten\u00eda y que no correspond\u00eda a la pregunta expuesta, es una forma de actuar deplorable no solo de ella, es de buena parte de los pol\u00edticos espa\u00f1oles,\u00a0\u00a0unos que hablan en la intimidad o ante los organismos internacionales act\u00faan en un idioma que desconocen, muestran lo pat\u00e9tico de algunos de nuestros representantes, as\u00ed quedaron, la metedura de pata ha servido de mofa a nivel mundial,<!--more--> entre nosotros es f\u00e1cil porque somos capaces de re\u00edrnos hasta de nuestra sombra, pero que se r\u00edan de nosotros por cuatro ineptos que nos representan, es duro. Este desliz no solo es en el caso ol\u00edmpico, tambi\u00e9n lo es en la defensa de nuestros intereses en cualquier foro internacional, ya es dif\u00edcil que un presidente de gobierno domine 9 idiomas como Negr\u00edn, o que un ministro sea capaz de expresarse en 12 como lo fue Villar Palas\u00ed, son casos de inteligencia suprema, es m\u00e1s f\u00e1cil que domine o sea capaz de entenderse en uno o dos, pero tampoco necesario. En la ONU los idiomas oficiales usados son (por orden de hablantes), Chino 1200 millones, Espa\u00f1ol 400 millones, Ingl\u00e9s 325 millones, \u00c1rabe 225 millones, Ruso 145 millones y Franc\u00e9s 110 millones. El Parlamento Europeo funciona con 20 idiomas. \u00bfPor qu\u00e9 en el COI solo se admite el ingl\u00e9s?, \u00bfpor qu\u00e9 no en chino? o mejor a\u00fan, en griego como fundadores de los JJOO. No, el idioma ha sido impuesto no sabemos por qui\u00e9n pero si el motivo, es el idioma financiero de imperio yanqui, han convertido los Juegos Ol\u00edmpicos \u00a0en un negocio, quitando el esp\u00edritu inicial griego.<\/p>\n<p style=\"text-align: justify;\">Nos exigen hablar en ingl\u00e9s cuando el espa\u00f1ol lo hablan 400 millones de personas, a\u00f1adiendo los de otros pa\u00edses que, a\u00fan sin tener el idioma espa\u00f1ol como su lengua oficial es el medio de comunicaci\u00f3n para un importante porcentaje de su poblaci\u00f3n.\u00a0Tal es el caso de Estados Unidos (donde hay\u00a050\u00a0millones de hablantes), Canad\u00e1 900.000, Francia 450.000, Brasil 450.000, Italia 425.000, otros pa\u00edses 1.300.000. Es el segundo de los 11 idiomas m\u00e1s hablado del planeta con cerca de 454 millones de hablantes, por delante del Ingl\u00e9s 325, \u00c1rabe 225, Hindi 190, Bengal\u00ed 190, Portugu\u00e9s 180, Ruso 145, Japon\u00e9s 120,\u00a0 Franc\u00e9s 110 y Alem\u00e1n 90 millones.<\/p>\n<p style=\"text-align: justify;\">Nuestros representantes pol\u00edticos son elegidos por su supuesta habilidad pol\u00edtica para representarnos, no en funci\u00f3n de sus destrezas ling\u00fc\u00edsticas, aunque para ser sensatos, deber\u00edamos exigir a nuestros parlamentarios\u00a0 que se examinaran antes de buen sentido, \u00e9tica y honestidad que de ciencia, porque as\u00ed nos va, no son capaces de dar valor a muestro idioma en los foros internacionales, posiblemente algo tendr\u00e1 que ver la deplorable imagen externa por nuestros casos de corrupci\u00f3n pol\u00edtica casi generalizada desde hace d\u00e9cadas.<\/p>\n<h5 style=\"text-align: justify;\"><\/h5>\n<h5 style=\"text-align: justify;\"><\/h5>\n<h5 style=\"text-align: justify;\"><b>Publicado en:<\/b><\/h5>\n<div><a href=\"http:\/\/www.diariosigloxxi.com\/texto-diario\/mostrar\/162037\/defendiendo-y-reivindicando-el-espanol\" target=\"_blank\" rel=\"noopener noreferrer\">http:\/\/www.diariosigloxxi.com\/<wbr \/>texto-diario\/mostrar\/162037\/<wbr \/>defendiendo-y-reivindicando-<wbr \/>el-espanol<\/a><\/div>\n<div><a href=\"http:\/\/noticiasvillalba.com\/2013\/10\/11\/defendiendo-y-reivindicando-el-espanol.html\" target=\"_blank\" rel=\"noopener noreferrer\">http:\/\/noticiasvillalba.com\/<wbr \/>2013\/10\/11\/defendiendo-y-<wbr \/>reivindicando-el-espanol.html<\/a><\/div>\n<div><a href=\"http:\/\/periodistas-es.com\/defendiendo-y-reivindicando-el-espanol-19506#more-19506\" target=\"_blank\" rel=\"noopener noreferrer\">http:\/\/periodistas-es.com\/<wbr \/>defendiendo-y-reivindicando-<wbr \/>el-espanol-19506#more-19506<\/a><\/div>\n<div><a href=\"http:\/\/es.globedia.com\/defendiendo-reivindicando-espanol\" target=\"_blank\" rel=\"noopener noreferrer\">http:\/\/es.globedia.com\/<wbr \/>defendiendo-reivindicando-<wbr \/>espanol<\/a><\/div>\n<div><a href=\"http:\/\/www.diariodelasierra.es\/2013\/10\/11\/defendiendo-y-reivindicando-el-espanol\/\" target=\"_blank\" rel=\"noopener noreferrer\">http:\/\/www.diariodelasierra.<wbr \/>es\/2013\/10\/11\/defendiendo-y-<wbr \/>reivindicando-el-espanol\/<\/a><\/div>\n<div><a href=\"http:\/\/mas.lne.es\/cartasdeloslectores\/carta\/14566\/defendiendo-reivindicando-espanol.html\" target=\"_blank\" rel=\"noopener noreferrer\">http:\/\/mas.lne.es\/<wbr \/>cartasdeloslectores\/carta\/<wbr \/>14566\/defendiendo-<wbr \/>reivindicando-espanol.html<\/a><\/div>\n<div><a href=\"http:\/\/nuevosrepublicanos1905.blogspot.com.es\/2013\/10\/defendiendo-y-reivindicando-el-espanol.html\" target=\"_blank\" rel=\"noopener noreferrer\">http:\/\/nuevosrepublicanos1905.<wbr \/>blogspot.com.es\/2013\/10\/<wbr \/>defendiendo-y-reivindicando-<wbr \/>el-espanol.html<\/a><\/div>\n<div><a href=\"http:\/\/periodistas-es.com\/defendiendo-y-reivindicando-el-espanol-19506\" target=\"_blank\" rel=\"noopener noreferrer\">http:\/\/periodistas-es.com\/<wbr \/>defendiendo-y-reivindicando-<wbr \/>el-espanol-19506<\/a><\/div>\n<div><a href=\"http:\/\/www.elblogoferoz.com\/2013\/10\/13\/defendiendo-y-reivindicando-el-espanol-por-jose-enrique-centen-martin\/\" target=\"_blank\" rel=\"noopener noreferrer\">http:\/\/www.elblogoferoz.com\/<wbr \/>2013\/10\/13\/defendiendo-y-<wbr \/>reivindicando-el-espanol-por-<wbr \/>jose-enrique-centen-martin\/<\/a><\/div>\n<div><a href=\"http:\/\/sierranortedigital.com\/portada\/2013\/10\/13\/defendiendo-y-reivindicando-el-espanol\/\" target=\"_blank\" rel=\"noopener noreferrer\">http:\/\/sierranortedigital.com\/<wbr \/>portada\/2013\/10\/13\/<wbr \/>defendiendo-y-reivindicando-<wbr \/>el-espanol\/<\/a><\/div>\n<div><a href=\"http:\/\/www.noticiasgalicia.com\/tribuna\/centen\/cen6.html\" target=\"_blank\" rel=\"noopener noreferrer\">http:\/\/www.noticiasgalicia.<wbr \/>com\/tribuna\/centen\/cen6.html<\/a><\/div>\n<div class='shareinpost'><ul class=\"socialwrap row\"><li class=\"iconOnly\"><a  rel='nofollow'  target='_blank'  title='Recommend this post : Defendiendo y reivindicando el espa\u00f1ol on Facebook'  href='http:\/\/www.facebook.com\/sharer.php?u=https%3A%2F%2Fwww.vitrubio03.es%2F%3Fp%3D4663&amp;t=Defendiendo+y+reivindicando+el+espa%C3%B1ol'  ><img  src='https:\/\/www.vitrubio03.es\/wp-content\/plugins\/share-and-follow\/images\/blank.gif'  height='32' width='32'  class='image-32' alt='facebook'  style='background: transparent url(https:\/\/www.vitrubio03.es\/wp-content\/plugins\/share-and-follow\/default\/32\/sprite-32.png) no-repeat;padding:0;margin:0;height:32px;width:32px;background-position:-363px 0px'   \/> <span class=\"head\">Recommend on Facebook<\/span><\/a><\/li><li class=\"iconOnly\"><a  rel='nofollow'  target='_blank'  title='Tweet this post : Defendiendo y reivindicando el espa\u00f1ol on Twitter'  href=\"http:\/\/twitter.com\/share?url=https%3A%2F%2Fwww.vitrubio03.es%2F%3Fp%3D4663&amp;text=Defendiendo+y+reivindicando+el+espa%C3%B1ol+-+\"  ><img  src='https:\/\/www.vitrubio03.es\/wp-content\/plugins\/share-and-follow\/images\/blank.gif'  height='32' width='32'  class='image-32' alt='twitter'  style='background: transparent url(https:\/\/www.vitrubio03.es\/wp-content\/plugins\/share-and-follow\/default\/32\/sprite-32.png) no-repeat;padding:0;margin:0;height:32px;width:32px;background-position:-1749px 0px'   \/> <span class=\"head\">Tweet about it<\/span><\/a><\/li><li class=\"iconOnly\"><a  rel='nofollow'  target='_self'  title='Print this post : Defendiendo y reivindicando el espa\u00f1ol for reading later'  href='javascript:window.print();'  ><img  src='https:\/\/www.vitrubio03.es\/wp-content\/plugins\/share-and-follow\/images\/blank.gif'  height='32' width='32'  class='image-32' alt='print'  style='background: transparent url(https:\/\/www.vitrubio03.es\/wp-content\/plugins\/share-and-follow\/default\/32\/sprite-32.png) no-repeat;padding:0;margin:0;height:32px;width:32px;background-position:-1386px 0px'   \/> <span class=\"head\">Print for later<\/span><\/a><\/li><li class=\"iconOnly\"><a rel=\"_self\" href=\"mailto:?subject=Reflexiones%20propias%20:%20Defendiendo%20y%20reivindicando%20el%20espa\u00f1ol&amp;body=Te%20adjunto%20un%20enlace%20a%20un%20art\u00edculo.%20Espero%20que%20te%20guste%20%20https:\/\/www.vitrubio03.es\/?p=4663\" title=\"Tell a friend about this post : Defendiendo y reivindicando el espa\u00f1ol \"><img loading=\"lazy\" decoding=\"async\" src=\"https:\/\/www.vitrubio03.es\/wp-content\/plugins\/share-and-follow\/images\/blank.gif\" height=\"32\"  width=\"32\" style=\"background: transparent url(https:\/\/www.vitrubio03.es\/wp-content\/plugins\/share-and-follow\/default\/32\/sprite-32.png) no-repeat;padding:0;margin:0;height:32px;width:32px;background-position:-330px 0px\" class=\"image-32\"  alt=\"email\" \/> <span class=\"head\">Tell a friend<\/span><\/a><\/li><\/ul><div class=\"clean\"><\/div> <\/div>","protected":false},"excerpt":{"rendered":"<p>Toca hablar de la mediocridad de algunos de nuestros pol\u00edticos con los idiomas y la importancia que se le ha dado. El bochorno que provoc\u00f3 la alcaldesa de Madrid en la presentaci\u00f3n ante los medios de nuestra candidatura ol\u00edmpica al &hellip; <a href=\"https:\/\/www.vitrubio03.es\/?p=4663\">Sigue leyendo <span class=\"meta-nav\">&rarr;<\/span><\/a><\/p>\n","protected":false},"author":2,"featured_media":0,"comment_status":"closed","ping_status":"closed","sticky":false,"template":"","format":"standard","meta":{"footnotes":""},"categories":[62,10],"tags":[19],"class_list":["post-4663","post","type-post","status-publish","format-standard","hentry","category-idioma","category-nacional","tag-globalizacion"],"_links":{"self":[{"href":"https:\/\/www.vitrubio03.es\/index.php?rest_route=\/wp\/v2\/posts\/4663","targetHints":{"allow":["GET"]}}],"collection":[{"href":"https:\/\/www.vitrubio03.es\/index.php?rest_route=\/wp\/v2\/posts"}],"about":[{"href":"https:\/\/www.vitrubio03.es\/index.php?rest_route=\/wp\/v2\/types\/post"}],"author":[{"embeddable":true,"href":"https:\/\/www.vitrubio03.es\/index.php?rest_route=\/wp\/v2\/users\/2"}],"replies":[{"embeddable":true,"href":"https:\/\/www.vitrubio03.es\/index.php?rest_route=%2Fwp%2Fv2%2Fcomments&post=4663"}],"version-history":[{"count":8,"href":"https:\/\/www.vitrubio03.es\/index.php?rest_route=\/wp\/v2\/posts\/4663\/revisions"}],"predecessor-version":[{"id":4672,"href":"https:\/\/www.vitrubio03.es\/index.php?rest_route=\/wp\/v2\/posts\/4663\/revisions\/4672"}],"wp:attachment":[{"href":"https:\/\/www.vitrubio03.es\/index.php?rest_route=%2Fwp%2Fv2%2Fmedia&parent=4663"}],"wp:term":[{"taxonomy":"category","embeddable":true,"href":"https:\/\/www.vitrubio03.es\/index.php?rest_route=%2Fwp%2Fv2%2Fcategories&post=4663"},{"taxonomy":"post_tag","embeddable":true,"href":"https:\/\/www.vitrubio03.es\/index.php?rest_route=%2Fwp%2Fv2%2Ftags&post=4663"}],"curies":[{"name":"wp","href":"https:\/\/api.w.org\/{rel}","templated":true}]}}