{"id":4752,"date":"2014-01-23T15:40:57","date_gmt":"2014-01-23T14:40:57","guid":{"rendered":"http:\/\/www.vitrubio03.es\/?p=4752"},"modified":"2020-08-16T18:26:59","modified_gmt":"2020-08-16T16:26:59","slug":"no-te-quejes-borbon","status":"publish","type":"post","link":"https:\/\/www.vitrubio03.es\/?p=4752","title":{"rendered":"\u00a1No te quejes borb\u00f3n!"},"content":{"rendered":"<p style=\"text-align: justify;\">He dejado un tiempo prudencial tras las declaraciones del jefe de la Casa del Jefe del Estado, pidiendo p\u00fablicamente el cierre del sumario del caso N\u00f3os al considerarlo un\u00a0gran <a href=\"https:\/\/www.vitrubio03.es\/wp-content\/uploads\/2014\/01\/Sacrificio-3.jpg\"><img loading=\"lazy\" decoding=\"async\" class=\"alignleft size-medium wp-image-4753\" src=\"https:\/\/www.vitrubio03.es\/wp-content\/uploads\/2014\/01\/Sacrificio-3-300x300.jpg\" alt=\"Sacrificio 3\" width=\"300\" height=\"300\" srcset=\"https:\/\/www.vitrubio03.es\/wp-content\/uploads\/2014\/01\/Sacrificio-3-300x300.jpg 300w, https:\/\/www.vitrubio03.es\/wp-content\/uploads\/2014\/01\/Sacrificio-3-150x150.jpg 150w, https:\/\/www.vitrubio03.es\/wp-content\/uploads\/2014\/01\/Sacrificio-3.jpg 612w\" sizes=\"auto, (max-width: 300px) 100vw, 300px\" \/><\/a>martirio para toda la familia<em>. <\/em>El motivo de la espera era ver la reacci\u00f3n de los medios y partidos pol\u00edticos, observando que los medios afines, solo han dado la noticia, sin m\u00e1s, seguramente no comentan viendo el cariz que ha tomado la imputaci\u00f3n. Pero me sorprende el silencio de la llamada oposici\u00f3n, \u00bfqu\u00e9 les pasa?\u00a0 \u00bfpor qu\u00e9 no profundizan?, puedo comprender al partido del gobierno, pero y los dem\u00e1s, ni siquiera aquellos que se llaman republicanos, no quieren hablar de la vuelta a la pr\u00e1ctica habitual de esta saga desde hace trescientos a\u00f1os, el beneficio propio a costa de los ciudadanos. Critican al <!--more-->presidente de gobierno por decir que le ir\u00e1 bien a la se\u00f1ora, tambi\u00e9n dijo que B\u00e1rcenas era inocente, que Matas era un ejemplo a seguir y Camps una persona honrada, que estar\u00eda con \u00e9l, a su lado, delante y detr\u00e1s. No hablan de esas declaraciones, ni del cromosoma de la imputada, solo de la prepotencia del largo brazo que cree tener en Jueces y Fiscales. Esperemos que la Justicia sea y haga eso, Justicia.<\/p>\n<p style=\"text-align: justify;\">El Jefe del Estado cuando parte de la familia llenaban las cuentas corrientes durante a\u00f1os a costa del Erario P\u00fablico, no sufr\u00eda \u00a0y callaba, ahora, antes de la imputaci\u00f3n por presuntos delitos de fraude fiscal y blanqueo de capital, la medida tomada ha sido, mandar a la ni\u00f1a a Suiza, por cierto empleada en un Banco, a Suiza donde existe una cuenta corriente a nombre del Jefe del Estado, que no se ha aclarado, \u00bfd\u00f3nde est\u00e1 la transparencia? \u00bfqu\u00e9 oculta m\u00e1s?<\/p>\n<p style=\"text-align: justify;\">Qu\u00e9 oportunidad de haberse callado lo suyo, cuando el silente es la t\u00f3nica que practica ante los que verdaderamente sufren martirio y extremo sacrificio, los millones de parados, la persona que perdi\u00f3 su trabajo al faltar el d\u00eda que iban a se desahuciada, el resto de los desahuciados que siguen debiendo el pr\u00e9stamo del piso, a\u00fan despu\u00e9s del desahucio, los mayores que no pueden pagar la calefacci\u00f3n por falta de recursos, al tener una pensi\u00f3n solo para malcomer, los ni\u00f1os que pasan hambre porque ambos progenitores est\u00e1n en paro hace varios a\u00f1os, por los ciudadanos que han perdido la asistencia m\u00e9dica al llevar m\u00e1s de dos a\u00f1os sin cotizar a la Seguridad Social, tambi\u00e9n guarda silencio ante la p\u00e9rdida de poder adquisitivo de los que trabajan, por los recortes salariales que aplican las empresas, en algunos casos hasta el 40%. Calla tras las declaraciones de los portavoces gubernamentales como las de Pons al decir \u201cuna vez salvada la prima de riesgo, tenemos que salvar a las personas\u201d, han salvado a la Banca, lo prioritario, porque dan trabajo a ex cargos p\u00fablicos y a la se\u00f1ora imputada, calla los gastos a\u00f1adidos a seguridad (300.000\u20ac anuales) por su hija en Suiza, pagado con nuestros impuestos. Las declaraciones de Pons no tienen desperdicio, demuestra la prioridad de ciertos gobiernos y la del Jefe del Estado, por su silencio. Primero ayudan a quienes les nutren de pr\u00e9stamos, muchas veces condonados, y proveedores de trabajo seguro a familiares y pol\u00edticos. Los \u00faltimos, los ciudadanos y ocult\u00e1ndoles la realidad, que la recuperaci\u00f3n ser\u00e1 a muy largo plazo, seg\u00fan un informe de la firma de asesoramiento financiero Arcano, diciendo que Espa\u00f1a\u00a0vivir\u00e1 una moderaci\u00f3n salarial hasta el 2017, cuando empezar\u00e1n a subir, y a\u00f1ade que los empleados espa\u00f1oles \u00abson un tercio m\u00e1s baratos\u00bb que los europeos. Mientras tanto \u00bfqu\u00e9 pasar\u00e1 con esas familias, ancianos, ni\u00f1os y los parados?, los verdaderos martirizados y sacrificados.<\/p>\n<p style=\"text-align: justify;\">Te recuerdo Sr. Jefe del Estado, que moras en un palacio patrimonio de todos los espa\u00f1oles, disfrutas de la Seguridad Social sin haber cotizado nunca, sin lista de espera en hospitales, con vacaciones de invierno en Baqueira, de semana santa en los Alpes, de verano en Palma, lo habitual vamos, mientras el resto de la poblaci\u00f3n pasando penurias.<\/p>\n<p style=\"text-align: justify;\">Por lo tanto, \u00a1no te quejes borb\u00f3n!, nunca has sabido lo que es martirio, sacrificio o penuria.<\/p>\n<div><\/div>\n<div><\/div>\n<div><b>Publicado en:<\/b><\/div>\n<div><a href=\"http:\/\/www.noticiasgalicia.com\/tribuna\/centen\/cen11a.html\" target=\"_blank\" rel=\"noopener noreferrer\">http:\/\/www.noticiasgalicia.<wbr \/>com\/tribuna\/centen\/cen11a.html<\/a><b><br \/>\n<\/b><\/div>\n<div><a href=\"http:\/\/www.soynadie.com\/2014\/01\/24\/no-te-quejes-borbon\/\" target=\"_blank\" rel=\"noopener noreferrer\">http:\/\/www.soynadie.com\/2014\/<wbr \/>01\/24\/no-te-quejes-borbon\/<\/a><\/div>\n<div><a href=\"http:\/\/www.elportaluco.com\/no-te-quejes-borbon-por-jose-enrique-centen\/\" target=\"_blank\" rel=\"noopener noreferrer\">http:\/\/www.elportaluco.com\/no-<wbr \/>te-quejes-borbon-por-jose-<wbr \/>enrique-centen\/<\/a><\/div>\n<div><a href=\"http:\/\/sierranortedigital.com\/portada\/2014\/01\/25\/no-te-quejes-borbon\/\" target=\"_blank\" rel=\"noopener noreferrer\">http:\/\/sierranortedigital.com\/<wbr \/>portada\/2014\/01\/25\/no-te-<wbr \/>quejes-borbon\/<\/a><\/div>\n<div><a href=\"http:\/\/informacionalhamaindependiente.blogspot.com.es\/2014\/01\/no-te-quejes-borbon.html\" target=\"_blank\" rel=\"noopener noreferrer\">http:\/\/<wbr \/>informacionalhamaindependiente<wbr \/>.blogspot.com.es\/2014\/01\/no-<wbr \/>te-quejes-borbon.html<\/a><\/div>\n<div><a href=\"http:\/\/www.eldigitalcastillalamancha.es\/articulo_opinion.asp?idarticulo=150868&amp;idfirma=&amp;lugar=&amp;ant=\" target=\"_blank\" rel=\"noopener noreferrer\">http:\/\/www.<wbr \/>eldigitalcastillalamancha.es\/<wbr \/>articulo_opinion.asp?<wbr \/>idarticulo=150868&amp;idfirma=&amp;<wbr \/>lugar=&amp;ant=<\/a><\/div>\n<div><a href=\"http:\/\/sierranortedigital.com\/portada\/2014\/01\/25\/no-te-quejes-borbon\/\" target=\"_blank\" rel=\"noopener noreferrer\">http:\/\/sierranortedigital.com\/<wbr \/>portada\/2014\/01\/25\/no-te-<wbr \/>quejes-borbon\/<\/a><\/div>\n<div><a href=\"http:\/\/www.elblogoferoz.com\/2014\/01\/25\/no-te-quejes-borbon-por-jose-enrique-centen-martin\/\" target=\"_blank\" rel=\"noopener noreferrer\">http:\/\/www.elblogoferoz.com\/<wbr \/>2014\/01\/25\/no-te-quejes-<wbr \/>borbon-por-jose-enrique-<wbr \/>centen-martin\/<\/a><\/div>\n<div><a href=\"http:\/\/es.globedia.com\/no-te-quejes-borbon-\" target=\"_blank\" rel=\"noopener noreferrer\">http:\/\/es.globedia.com\/no-te-<wbr \/>quejes-borbon-<\/a><\/div>\n<div><a href=\"http:\/\/noticiasvillalba.com\/2014\/01\/27\/no-te-quejes-borbon%E2%80%8F.html\" target=\"_blank\" rel=\"noopener noreferrer\">http:\/\/noticiasvillalba.com\/<wbr \/>2014\/01\/27\/no-te-quejes-<wbr \/>borbon%E2%80%8F.html<\/a><\/div>\n<div><a href=\"http:\/\/nuevosrepublicanos1905.blogspot.com.es\/\" target=\"_blank\" rel=\"noopener noreferrer\">http:\/\/nuevosrepublicanos1905.<wbr \/>blogspot.com.es\/<\/a><a href=\"http:\/\/sierranortedigital.com\/portada\/2014\/01\/25\/no-te-quejes-borbon\/\" target=\"_blank\" rel=\"noopener noreferrer\">no-te-quejes-<wbr \/>borbon\/<\/a><\/div>\n<div>\n<p><a href=\"http:\/\/www.diariosigloxxi.com\/texto-diario\/mostrar\/168139\/no-te-quejes-borbon\" target=\"_blank\" rel=\"noopener noreferrer\">http:\/\/www.diariosigloxxi.com\/<wbr \/>texto-diario\/mostrar\/168139\/<wbr \/>no-te-quejes-borbon<\/a><span style=\"color: #666666; font-family: 'Open Sans', sans-serif;\"><br clear=\"all\" \/><\/span><\/p>\n<div>\n<div><a href=\"http:\/\/www.diariodelasierra.es\/2014\/01\/27\/no-te-quejes-borbon%E2%80%8F\/\" target=\"_blank\" rel=\"noopener noreferrer\">http:\/\/www.diariodelasierra.<wbr \/>es\/2014\/01\/27\/no-te-quejes-<wbr \/>borbon%E2%80%8F\/<\/a><\/div>\n<div><a href=\"http:\/\/www.izona.org\/index.php\/actualidad\" target=\"_blank\" rel=\"noopener noreferrer\">http:\/\/www.izona.org\/index.<wbr \/>php\/actualidad<\/a><\/div>\n<\/div>\n<\/div>\n<div class='shareinpost'><ul class=\"socialwrap row\"><li class=\"iconOnly\"><a  rel='nofollow'  target='_blank'  title='Recommend this post : \u00a1No te quejes borb\u00f3n! on Facebook'  href='http:\/\/www.facebook.com\/sharer.php?u=https%3A%2F%2Fwww.vitrubio03.es%2F%3Fp%3D4752&amp;t=%C2%A1No+te+quejes+borb%C3%B3n%21'  ><img  src='https:\/\/www.vitrubio03.es\/wp-content\/plugins\/share-and-follow\/images\/blank.gif'  height='32' width='32'  class='image-32' alt='facebook'  style='background: transparent url(https:\/\/www.vitrubio03.es\/wp-content\/plugins\/share-and-follow\/default\/32\/sprite-32.png) no-repeat;padding:0;margin:0;height:32px;width:32px;background-position:-363px 0px'   \/> <span class=\"head\">Recommend on Facebook<\/span><\/a><\/li><li class=\"iconOnly\"><a  rel='nofollow'  target='_blank'  title='Tweet this post : \u00a1No te quejes borb\u00f3n! on Twitter'  href=\"http:\/\/twitter.com\/share?url=https%3A%2F%2Fwww.vitrubio03.es%2F%3Fp%3D4752&amp;text=%C2%A1No+te+quejes+borb%C3%B3n%21+-+\"  ><img  src='https:\/\/www.vitrubio03.es\/wp-content\/plugins\/share-and-follow\/images\/blank.gif'  height='32' width='32'  class='image-32' alt='twitter'  style='background: transparent url(https:\/\/www.vitrubio03.es\/wp-content\/plugins\/share-and-follow\/default\/32\/sprite-32.png) no-repeat;padding:0;margin:0;height:32px;width:32px;background-position:-1749px 0px'   \/> <span class=\"head\">Tweet about it<\/span><\/a><\/li><li class=\"iconOnly\"><a  rel='nofollow'  target='_self'  title='Print this post : \u00a1No te quejes borb\u00f3n! for reading later'  href='javascript:window.print();'  ><img  src='https:\/\/www.vitrubio03.es\/wp-content\/plugins\/share-and-follow\/images\/blank.gif'  height='32' width='32'  class='image-32' alt='print'  style='background: transparent url(https:\/\/www.vitrubio03.es\/wp-content\/plugins\/share-and-follow\/default\/32\/sprite-32.png) no-repeat;padding:0;margin:0;height:32px;width:32px;background-position:-1386px 0px'   \/> <span class=\"head\">Print for later<\/span><\/a><\/li><li class=\"iconOnly\"><a rel=\"_self\" href=\"mailto:?subject=Reflexiones%20propias%20:%20\u00a1No%20te%20quejes%20borb\u00f3n!&amp;body=Te%20adjunto%20un%20enlace%20a%20un%20art\u00edculo.%20Espero%20que%20te%20guste%20%20https:\/\/www.vitrubio03.es\/?p=4752\" title=\"Tell a friend about this post : \u00a1No te quejes borb\u00f3n! \"><img loading=\"lazy\" decoding=\"async\" src=\"https:\/\/www.vitrubio03.es\/wp-content\/plugins\/share-and-follow\/images\/blank.gif\" height=\"32\"  width=\"32\" style=\"background: transparent url(https:\/\/www.vitrubio03.es\/wp-content\/plugins\/share-and-follow\/default\/32\/sprite-32.png) no-repeat;padding:0;margin:0;height:32px;width:32px;background-position:-330px 0px\" class=\"image-32\"  alt=\"email\" \/> <span class=\"head\">Tell a friend<\/span><\/a><\/li><\/ul><div class=\"clean\"><\/div> <\/div>","protected":false},"excerpt":{"rendered":"<p>He dejado un tiempo prudencial tras las declaraciones del jefe de la Casa del Jefe del Estado, pidiendo p\u00fablicamente el cierre del sumario del caso N\u00f3os al considerarlo un\u00a0gran martirio para toda la familia. El motivo de la espera era &hellip; <a href=\"https:\/\/www.vitrubio03.es\/?p=4752\">Sigue leyendo <span class=\"meta-nav\">&rarr;<\/span><\/a><\/p>\n","protected":false},"author":2,"featured_media":0,"comment_status":"closed","ping_status":"closed","sticky":false,"template":"","format":"standard","meta":{"footnotes":""},"categories":[55,56],"tags":[31,35],"class_list":["post-4752","post","type-post","status-publish","format-standard","hentry","category-borbones","category-corrupcion","tag-piensa","tag-republicanos"],"_links":{"self":[{"href":"https:\/\/www.vitrubio03.es\/index.php?rest_route=\/wp\/v2\/posts\/4752","targetHints":{"allow":["GET"]}}],"collection":[{"href":"https:\/\/www.vitrubio03.es\/index.php?rest_route=\/wp\/v2\/posts"}],"about":[{"href":"https:\/\/www.vitrubio03.es\/index.php?rest_route=\/wp\/v2\/types\/post"}],"author":[{"embeddable":true,"href":"https:\/\/www.vitrubio03.es\/index.php?rest_route=\/wp\/v2\/users\/2"}],"replies":[{"embeddable":true,"href":"https:\/\/www.vitrubio03.es\/index.php?rest_route=%2Fwp%2Fv2%2Fcomments&post=4752"}],"version-history":[{"count":3,"href":"https:\/\/www.vitrubio03.es\/index.php?rest_route=\/wp\/v2\/posts\/4752\/revisions"}],"predecessor-version":[{"id":6993,"href":"https:\/\/www.vitrubio03.es\/index.php?rest_route=\/wp\/v2\/posts\/4752\/revisions\/6993"}],"wp:attachment":[{"href":"https:\/\/www.vitrubio03.es\/index.php?rest_route=%2Fwp%2Fv2%2Fmedia&parent=4752"}],"wp:term":[{"taxonomy":"category","embeddable":true,"href":"https:\/\/www.vitrubio03.es\/index.php?rest_route=%2Fwp%2Fv2%2Fcategories&post=4752"},{"taxonomy":"post_tag","embeddable":true,"href":"https:\/\/www.vitrubio03.es\/index.php?rest_route=%2Fwp%2Fv2%2Ftags&post=4752"}],"curies":[{"name":"wp","href":"https:\/\/api.w.org\/{rel}","templated":true}]}}