{"id":4763,"date":"2014-02-08T21:35:45","date_gmt":"2014-02-08T20:35:45","guid":{"rendered":"http:\/\/www.vitrubio03.es\/?p=4763"},"modified":"2021-05-16T11:51:25","modified_gmt":"2021-05-16T09:51:25","slug":"la-polemica-de-la-linguistica-espanola","status":"publish","type":"post","link":"https:\/\/www.vitrubio03.es\/?p=4763","title":{"rendered":"Mi pol\u00e9mica por la ling\u00fc\u00edstica espa\u00f1ola"},"content":{"rendered":"<p style=\"text-align: justify;\" align=\"center\">Desde que me sumerg\u00ed en el tema del espa\u00f1ol como la lengua vehicular de nuestro Estado y <a href=\"https:\/\/www.vitrubio03.es\/wp-content\/uploads\/2014\/02\/descarga.jpg\"><img loading=\"lazy\" decoding=\"async\" class=\"alignleft size-full wp-image-4764\" src=\"https:\/\/www.vitrubio03.es\/wp-content\/uploads\/2014\/02\/descarga.jpg\" alt=\"descarga\" width=\"186\" height=\"271\" \/><\/a>en el mundo (no se pa\u00eds con m\u00e1s de una lengua oficial). Defiendo que el espa\u00f1ol es y debe ser la \u00fanica lengua vehicular del Estado en todas las \u00e1reas y comunidades, sin olvidar el idioma de cada una, apoy\u00e1ndoles para que no se pierdan si ellos lo creen necesario (porque a algunas variantes de las CCAA desean ignorar a las que dicen que no es la oficial de la Comunidad) Quien ejerce la imposici\u00f3n es aquella autonom\u00eda que en sus administraciones locales imponen la lengua aut\u00f3ctona para acceder a ellas en sus administraciones, mientras que en la Administraci\u00f3n del resto de la naci\u00f3n solo se hace en espa\u00f1ol, pudi\u00e9ndose presentar cualquier ciudadano del resto de Espa\u00f1a.<!--more--> Tambi\u00e9n hay comunidades que recomiendan, en un plazo prudente, aprender el idioma aut\u00f3ctono aprobando previamente la oposici\u00f3n en espa\u00f1ol, algo razonable. Esta exposici\u00f3n me ha acarreado improperios y algunas cr\u00edticas, a los primeros no pienso contestar a los segundos, intentar\u00e9 en hacerles comprender que no estoy en contra de las distintas lenguas vern\u00e1culas de nuestro pa\u00eds, y de alguna manera aclarar su equivocaci\u00f3n y mi postura, alguna basada en la Bibliograf\u00eda que marco.<\/p>\n<h4 style=\"text-align: justify;\"><i>\u00abEstas hablando del castellano, una lengua rom\u00e1nica, que ha sido impuesta en un pa\u00eds que no es real como es el caso de Espa\u00f1a. De haber cambiado el final en alguna batalla del medievo podr\u00edamos hablar lenguas <span style=\"font-size: 14.4px;\">lus\u00f3fonas<\/span> o \u00bfserian tambi\u00e9n espa\u00f1ol? y \u00bfQu\u00e9 pasa con el resto de lenguas? el gallego, el catal\u00e1n, el bable, el cast\u00fao, la fabla aragonesa, el aran\u00e9s el euskera, el leon\u00e9s \u00bfson variantes del castellano? o \u00bfvariantes del espa\u00f1ol?\u00bb. Tambi\u00e9n habr\u00eda que considerar a diversos dialectos como el churro, el guanche, el murciano o el panocho, riojano, el dariya o \u00e1rabe dialectal de Ceuta y el tamazight en Melilla.\u00a0<\/i><\/h4>\n<h4 style=\"text-align: justify;\"><i>\u00abEfectivament, l&#8217;espanyol no existeix, es parla castell\u00e0, galego, euskera &#8230;\u00bb<\/i><\/h4>\n<h4 style=\"text-align: justify;\"><i>\u201cEl meu\u00a0pare era\u00a0immigrant\u00a0i la meva\u00a0mare\u00a0de Figueres, els dos\u00a0republicans\u00a0i del PSUC,\u00a0i\u00a0en aix\u00f2\u00a0em van educar.<\/i><i> Gr\u00e0cies a aquestes opinions tan espanyoles, molts dels que hem cregut en un projecte federal, a dia d&#8217;avui no dubtem quel&#8217;\u00fanica sortida \u00e9s la independencia\u00bb.<\/i><\/h4>\n<p style=\"text-align: justify;\">En todo el mundo cuando se refieren a nuestro idioma, lo hacen diciendo el idioma espa\u00f1ol, solo en Espa\u00f1a muchos se refieren a \u00e9l como castellano, el castellano ya no se habla, hablamos un idioma que partiendo del castellano se\u00a0 enriqueci\u00f3 con los distintos idiomas de nuestra patria y los de allende de nuestros mares<b><sup>1<\/sup><\/b>. Y el resto de las lenguas aut\u00f3ctonas se mezclaron con otras para enriquecerse igual que el castellano, esas lenguas han evolucionado adaptando palabras del espa\u00f1ol, a\u00f1adiendo o quitando una o m\u00e1s letras para parecer propias, o vocablos de otros idiomas (merci o vergogna &#8211; para que desaparezca la \u00f1-), est\u00e1n en su derecho, pero de ah\u00ed a decir que su idioma es puro va un abismo. Dicen que\u00a0 hablamos el castellano, pero no es as\u00ed, una muestra de castellano es:<\/p>\n<h4 style=\"text-align: justify;\"><i>\u00abCono aiutorio de nuestro dueno Christo, dueno \/salbatore, qual dueno \/get ena honore et qual duenno tienet ela mandatione cono Patre cono Spiritu Sancto enos sieculos delo sieculos. Facanos Deus Omnipotens tal serbitio fere ke denante ela sua face gaudioso segamu\u00bb.<\/i><\/h4>\n<p style=\"text-align: justify;\">Todo empez\u00f3 bajo el gobierno del imperio romano, a\u00f1o 19, la regi\u00f3n se hizo conocida como Hispania, y sus habitantes aprendieron el primer idioma como tal, el lat\u00edn de los comerciantes, colonizadores, administradores y soldados romanos. Cuando el lat\u00edn cl\u00e1sico de las clases educadas de Roma se mezcl\u00f3 con las lenguas pre-romanas de los iberos, celtas y cartagineses, apareci\u00f3 una lengua llamada lat\u00edn vulgar. Siendo el origen de muchas de las lenguas aut\u00f3ctonas criadas en la Pen\u00ednsula Ib\u00e9rica, entre ellas el castellano y el catal\u00e1n que crecieron juntas, y como lenguas hermanas se han prestado muchas cosas a lo largo de los siglos. Por eso en espa\u00f1ol encontramos hoy un n\u00famero nada desde\u00f1able de l\u00e9xicos de minor\u00edas ling\u00fc\u00edsticas.<\/p>\n<p style=\"text-align: justify;\">Documentos escritos, establece cinco lenguas prerromanas en la Pen\u00ednsula: celta, ibero, cartagin\u00e9s, griego y fenicio, adem\u00e1s del vasco que, para otros autores como Schmoll o Untermann no era una de las lenguas que exist\u00edan en Espa\u00f1a antes de la llegada de los romanos, sino que fue quiz\u00e1 introducido en \u00e9poca romana o altomedieval\u00bb.<\/p>\n<p style=\"text-align: justify;\">Dentro de la zona indoeuropea hay dos lenguas claramente diferenciadas, el lusitano y el celtib\u00e9rico. El Celtib\u00e9rico lengua c\u00e9ltica de rasgos arcaicos, documentado en inscripciones realizadas en escritura ib\u00e9rica, lo cual es una dificultad adicional por las carencias de la escritura ib\u00e9rica para reproducir una lengua distinta a la ibera, y el Lusitano, como lengua es el \u00fanico ejemplo en la pen\u00ednsula que podemos contraponer al celtib\u00e9rico como otro dialecto indoeuropeo que ha llegado a nosotros; en el a\u00f1o 1935 Herrando Balmori afirmaba que estaba escrita en un dialecto c\u00e9ltico arcaico.<\/p>\n<p style=\"text-align: justify;\">Mientras que en la zona no indoeuropea encontramos la lengua del Suroeste de la <a href=\"https:\/\/www.vitrubio03.es\/wp-content\/uploads\/2014\/02\/Espana-prerromana.jpg\"><img loading=\"lazy\" decoding=\"async\" class=\"alignleft size-medium wp-image-4765\" src=\"https:\/\/www.vitrubio03.es\/wp-content\/uploads\/2014\/02\/Espana-prerromana-300x217.jpg\" alt=\"Espana-prerromana\" width=\"300\" height=\"217\" srcset=\"https:\/\/www.vitrubio03.es\/wp-content\/uploads\/2014\/02\/Espana-prerromana-300x217.jpg 300w, https:\/\/www.vitrubio03.es\/wp-content\/uploads\/2014\/02\/Espana-prerromana.jpg 479w\" sizes=\"auto, (max-width: 300px) 100vw, 300px\" \/><\/a>Pen\u00ednsula, donde se realiz\u00f3 la m\u00e1s primitiva escritura hisp\u00e1nica, con testimonios por todo el Levante, el valle medio del Ebro y Catalu\u00f1a, el ibero de distintas tribus que poblaban la Iberia 600 a\u00f1os a.n.e., ver mapa (Espa\u00f1a pre-romana). El celtib\u00e9rico junto con el ibero fueron influenciados a su vez por fenicios y griegos, una asimilaci\u00f3n debida en gran parte a contactos comerciales, o por invasiones como fue la celta, cartaginesa, romana e indoeuropea.<\/p>\n<p style=\"text-align: justify;\">El castellano existi\u00f3 y el espa\u00f1ol existe a pesar de querer ignorarlo determinadas personas a la que su chovinismo les ciega, se ha celebrado el VI Congreso Internacional de la Lengua Espa\u00f1ola en Panam\u00e1 ente el 20 y 23 de octubre del 2013, con 20 pa\u00edses hispanohablantes m\u00e1s EE UU; pero si insisten en decir que tienen un idioma propio sin influencias, podr\u00edan probar con el idioma de los iberos que aparecen en el mapa (pre-iberos e iberos), entonces eran idiomas verdaderamente propios, como el layetano, auson, cosetano\u2026, no producto del comercio o de las invasiones.<\/p>\n<p style=\"text-align: justify;\">Siento autocitarme, pero solo hablo del idioma espa\u00f1ol, sin mencionar para nada la forma de Estado, ver<b><sup>2<\/sup><\/b>, pero si quieren mi opini\u00f3n sobre las nacionalidades puedes leer<b><sup>3<\/sup><\/b>, tambi\u00e9n me extra\u00f1a la xenofobia demostrada al decir ser militante del PSUC, porque no has entendido los principios del socialismo, su lema, Libertad, Igualdad y Fraternidad, y el idioma no es una causa para la independencia xen\u00f3foba que proclaman.<\/p>\n<h5><b>1.\u00a0\u00a0\u00a0\u00a0\u00a0\u00a0\u00a0 <\/b>A vueltas con nuestro idioma\u00a0\u00a0\u00a0 <a href=\"https:\/\/www.vitrubio03.es\/?p=3454\">https:\/\/www.vitrubio03.es\/?p=3454<\/a><br \/>\n<b style=\"font-size: 1em;\">2.\u00a0\u00a0\u00a0\u00a0\u00a0\u00a0\u00a0 <\/b><span style=\"color: #000000; font-size: 1em;\">Defendiendo y reivindicando el espa\u00f1ol\u00a0\u00a0 <\/span><a style=\"font-size: 1em;\" href=\"https:\/\/www.vitrubio03.es\/?p=4663\" target=\"_blank\" rel=\"noopener noreferrer\">https:\/\/www.vitrubio03.es\/?p=4663<\/a><br \/>\n<b style=\"font-size: 1em;\">3.\u00a0\u00a0\u00a0\u00a0\u00a0\u00a0\u00a0 <\/b><span style=\"color: #000000; font-size: 1em;\">Estatalismo nacionalista \u00a0\u00a0\u00a0<\/span><a style=\"font-size: 1em;\" href=\"https:\/\/www.vitrubio03.es\/?p=3611\">https:\/\/www.vitrubio03.es\/?p=3611<\/a><\/h5>\n<p>&nbsp;<\/p>\n<h5><b>Bibliograf\u00eda:<\/b><\/h5>\n<h5>&#8211; The Ancient Languages of Spain and Portugal, <i>Tovar A<\/i>., New York 1961 , S.F. Vanni Publisher and Booksellerrs,.<br \/>\n&#8211; La escritura en la Espa\u00f1a prerromana, <i style=\"font-size: 1em;\">Caro Baroja, J.<br \/>\n<\/i>&#8211; Historia de Espa\u00f1a, <i style=\"font-size: 1em;\">Men\u00e9ndez Pidal, R.<\/i><span style=\"color: #000000; font-size: 1em;\">, Madrid 1954, p\u00e1gs. 677-812<br \/>\n<\/span>&#8211; La variet\u00e1 linguistica sull&#8217;Iberia prerromana, UNTERMANN, J, AI \u00ed2 N, 3, 1981, p\u00e1gs. 15-35<br \/>\n&#8211; Las lenguas y la epigraf\u00eda prerromanas de la Pen\u00ednsula Ib\u00e9rica, DE HOZ, J., Actas del VI Congreso Espa\u00f1ol de Estudios Cl\u00e1sicos.<br \/>\n&#8211; Sobre el ib\u00e9rico, recogidos en Miscel\u00e1neas:Historia-Arte-Arqueolog\u00eda, G\u00f3mez Moreno, M., Madrid 1949<br \/>\n&#8211; La Celtib\u00e9rica, Lejeune, M., Universidad de Salamanca 1955.<br \/>\n&#8211; Romanizaci\u00f3n y lengua vasca, Michelena, M., FoontesLinguae Vasconum 1984<br \/>\n&#8211; Comentarios sobre el idioma y el catal\u00e1n, por\u00a0 Francisco Quevedo (1580-1645), Antonio Maura (1853-1895), Miguel de Unamuno (1864-1936), Pio Baroja (1872-1956), Salvador de Madariaga (1886-1978), Rafael S\u00e1nchez Ferlosio.<\/h5>\n<p>&nbsp;<\/p>\n<div><\/div>\n<div><b>Publicado en:<\/b><\/div>\n<div><a href=\"http:\/\/www.diariosigloxxi.com\/texto-diario\/mostrar\/169127\/mi-polemica-por-la-linguistica-espanola\" target=\"_blank\" rel=\"noopener noreferrer\">http:\/\/www.diariosigloxxi.com\/<wbr \/>texto-diario\/mostrar\/169127\/<wbr \/>mi-polemica-por-la-<wbr \/>linguistica-espanola<\/a><\/div>\n<div><a href=\"http:\/\/www.telealmerianoticias.es\/2014\/mi-polemica-por-la-linguistica-espanola-142471.html\" target=\"_blank\" rel=\"noopener noreferrer\">http:\/\/www.<wbr \/>telealmerianoticias.es\/2014\/<wbr \/>mi-polemica-por-la-<wbr \/>linguistica-espanola-142471.<wbr \/>html<\/a><\/div>\n<div><a href=\"http:\/\/informacionalhamaindependiente.blogspot.com.es\/\" target=\"_blank\" rel=\"noopener noreferrer\">http:\/\/<wbr \/>informacionalhamaindependiente<wbr \/>.blogspot.com.es\/<\/a><a href=\"http:\/\/www.diariosigloxxi.com\/texto-diario\/mostrar\/169127\/mi-polemica-por-la-linguistica-espanola\" target=\"_blank\" rel=\"noopener noreferrer\">mi-polemica-<wbr \/>por-la-linguistica-espanola<\/a><\/div>\n<div><a href=\"http:\/\/espanhol-escritoriovirtual.blogspot.com.es\/\" target=\"_blank\" rel=\"noopener noreferrer\">http:\/\/espanhol-<wbr \/>escritoriovirtual.blogspot.<wbr \/>com.es\/<\/a><a href=\"http:\/\/www.diariosigloxxi.com\/texto-diario\/mostrar\/169127\/mi-polemica-por-la-linguistica-espanola\" target=\"_blank\" rel=\"noopener noreferrer\">mi-polemica-por-la-<wbr \/>linguistica-espanola<\/a><\/div>\n<div><a href=\"http:\/\/noticiasvillalba.com\/2014\/02\/10\/mi-polemica-por-la-linguistica-espanola%E2%80%8F.html\" target=\"_blank\" rel=\"noopener noreferrer\">http:\/\/noticiasvillalba.com\/<wbr \/>2014\/02\/10\/mi-polemica-por-la-<wbr \/>linguistica-espanola%E2%80%8F.<wbr \/>html<\/a><\/div>\n<div><a href=\"http:\/\/www.elblogoferoz.com\/2014\/02\/10\/mi-polemica-por-la-linguistica-espanola-por-jose-enrique-centen-martin\/\" target=\"_blank\" rel=\"noopener noreferrer\">http:\/\/www.elblogoferoz.com\/<wbr \/>2014\/02\/10\/mi-polemica-por-la-<wbr \/>linguistica-espanola-por-jose-<wbr \/>enrique-centen-martin\/<\/a><\/div>\n<div><a href=\"http:\/\/sierranortedigital.com\/portada\/2014\/02\/10\/mi-polemica-por-la-linguistica-espanola\/\" target=\"_blank\" rel=\"noopener noreferrer\">http:\/\/sierranortedigital.com\/<wbr \/>portada\/2014\/02\/10\/mi-<wbr \/>polemica-por-la-linguistica-<wbr \/>espanola\/<\/a><\/div>\n<div><a href=\"http:\/\/www.soynadie.com\/2014\/02\/09\/mi-polemica-por-la-linguistica-espanola\/\" target=\"_blank\" rel=\"noopener noreferrer\">http:\/\/www.soynadie.com\/2014\/<wbr \/>02\/09\/mi-polemica-por-la-<wbr \/>linguistica-espanola\/<\/a><\/div>\n<div><a href=\"http:\/\/nuevosrepublicanos1905.blogspot.com.es\/2014\/02\/mi-polemica-por-la-linguistica-espanola.html\" target=\"_blank\" rel=\"noopener noreferrer\">http:\/\/nuevosrepublicanos1905.<wbr \/>blogspot.com.es\/2014\/02\/mi-<wbr \/>polemica-por-la-linguistica-<wbr \/>espanola.html<\/a><\/div>\n<div><a href=\"http:\/\/www.diariodelasierra.es\/2014\/02\/10\/mi-polemica-por-la-linguistica-espanola%E2%80%8F\/\" target=\"_blank\" rel=\"noopener noreferrer\">http:\/\/www.diariodelasierra.<wbr \/>es\/2014\/02\/10\/mi-polemica-por-<wbr \/>la-linguistica-espanola%E2%80%<wbr \/>8F\/<\/a><\/div>\n<div><a href=\"http:\/\/www.elportaluco.com\/mi-polemica-por-la-linguistica-espanola\/\" target=\"_blank\" rel=\"noopener noreferrer\">http:\/\/www.elportaluco.com\/mi-<wbr \/>polemica-por-la-linguistica-<wbr \/>espanola\/<\/a><\/div>\n<div><a href=\"http:\/\/es.globedia.com\/polemica-linguistica-espanola\" target=\"_blank\" rel=\"noopener noreferrer\">http:\/\/es.globedia.com\/<wbr \/>polemica-linguistica-espanola<\/a><\/div>\n<div><a href=\"http:\/\/izona.org\/index.php\/actualidad\/112-mi-polemica-por-la-lingueistica-espanola\" target=\"_blank\" rel=\"noopener noreferrer\">http:\/\/izona.org\/index.php\/<wbr \/>actualidad\/112-mi-polemica-<wbr \/>por-la-lingueistica-espanola<\/a><\/div>\n<div>http:\/\/actualidades.es\/noticias\/mi-polemica-por-la-linguistica-espanola<\/div>\n<div>http:\/\/inttranews.inttra.net\/cgi-bin\/news.cgi?action=aff_art&amp;art_id=495827<\/div>\n<div>http:\/\/mas.lne.es\/cartasdeloslectores\/carta\/15521\/polemica-linguistica-espanola.html<\/div>\n<div><\/div>\n<div><\/div>\n<div><b>\u00a0<\/b><\/div>\n<div><b>\u00a0<\/b><\/div>\n<div class='shareinpost'><ul class=\"socialwrap row\"><li class=\"iconOnly\"><a  rel='nofollow'  target='_blank'  title='Recommend this post : Mi pol\u00e9mica por la ling\u00fc\u00edstica espa\u00f1ola on Facebook'  href='http:\/\/www.facebook.com\/sharer.php?u=https%3A%2F%2Fwww.vitrubio03.es%2F%3Fp%3D4763&amp;t=Mi+pol%C3%A9mica+por+la+ling%C3%BC%C3%ADstica+espa%C3%B1ola'  ><img  src='https:\/\/www.vitrubio03.es\/wp-content\/plugins\/share-and-follow\/images\/blank.gif'  height='32' width='32'  class='image-32' alt='facebook'  style='background: transparent url(https:\/\/www.vitrubio03.es\/wp-content\/plugins\/share-and-follow\/default\/32\/sprite-32.png) no-repeat;padding:0;margin:0;height:32px;width:32px;background-position:-363px 0px'   \/> <span class=\"head\">Recommend on Facebook<\/span><\/a><\/li><li class=\"iconOnly\"><a  rel='nofollow'  target='_blank'  title='Tweet this post : Mi pol\u00e9mica por la ling\u00fc\u00edstica espa\u00f1ola on Twitter'  href=\"http:\/\/twitter.com\/share?url=https%3A%2F%2Fwww.vitrubio03.es%2F%3Fp%3D4763&amp;text=Mi+pol%C3%A9mica+por+la+ling%C3%BC%C3%ADstica+espa%C3%B1ola+-+\"  ><img  src='https:\/\/www.vitrubio03.es\/wp-content\/plugins\/share-and-follow\/images\/blank.gif'  height='32' width='32'  class='image-32' alt='twitter'  style='background: transparent url(https:\/\/www.vitrubio03.es\/wp-content\/plugins\/share-and-follow\/default\/32\/sprite-32.png) no-repeat;padding:0;margin:0;height:32px;width:32px;background-position:-1749px 0px'   \/> <span class=\"head\">Tweet about it<\/span><\/a><\/li><li class=\"iconOnly\"><a  rel='nofollow'  target='_self'  title='Print this post : Mi pol\u00e9mica por la ling\u00fc\u00edstica espa\u00f1ola for reading later'  href='javascript:window.print();'  ><img  src='https:\/\/www.vitrubio03.es\/wp-content\/plugins\/share-and-follow\/images\/blank.gif'  height='32' width='32'  class='image-32' alt='print'  style='background: transparent url(https:\/\/www.vitrubio03.es\/wp-content\/plugins\/share-and-follow\/default\/32\/sprite-32.png) no-repeat;padding:0;margin:0;height:32px;width:32px;background-position:-1386px 0px'   \/> <span class=\"head\">Print for later<\/span><\/a><\/li><li class=\"iconOnly\"><a rel=\"_self\" href=\"mailto:?subject=Reflexiones%20propias%20:%20Mi%20pol\u00e9mica%20por%20la%20ling\u00fc\u00edstica%20espa\u00f1ola&amp;body=Te%20adjunto%20un%20enlace%20a%20un%20art\u00edculo.%20Espero%20que%20te%20guste%20%20https:\/\/www.vitrubio03.es\/?p=4763\" title=\"Tell a friend about this post : Mi pol\u00e9mica por la ling\u00fc\u00edstica espa\u00f1ola \"><img loading=\"lazy\" decoding=\"async\" src=\"https:\/\/www.vitrubio03.es\/wp-content\/plugins\/share-and-follow\/images\/blank.gif\" height=\"32\"  width=\"32\" style=\"background: transparent url(https:\/\/www.vitrubio03.es\/wp-content\/plugins\/share-and-follow\/default\/32\/sprite-32.png) no-repeat;padding:0;margin:0;height:32px;width:32px;background-position:-330px 0px\" class=\"image-32\"  alt=\"email\" \/> <span class=\"head\">Tell a friend<\/span><\/a><\/li><\/ul><div class=\"clean\"><\/div> <\/div>","protected":false},"excerpt":{"rendered":"<p>Desde que me sumerg\u00ed en el tema del espa\u00f1ol como la lengua vehicular de nuestro Estado y en el mundo (no se pa\u00eds con m\u00e1s de una lengua oficial). Defiendo que el espa\u00f1ol es y debe ser la \u00fanica lengua &hellip; <a href=\"https:\/\/www.vitrubio03.es\/?p=4763\">Sigue leyendo <span class=\"meta-nav\">&rarr;<\/span><\/a><\/p>\n","protected":false},"author":2,"featured_media":0,"comment_status":"closed","ping_status":"closed","sticky":false,"template":"","format":"standard","meta":{"footnotes":""},"categories":[34,62,10],"tags":[31,35],"class_list":["post-4763","post","type-post","status-publish","format-standard","hentry","category-historia","category-idioma","category-nacional","tag-piensa","tag-republicanos"],"_links":{"self":[{"href":"https:\/\/www.vitrubio03.es\/index.php?rest_route=\/wp\/v2\/posts\/4763","targetHints":{"allow":["GET"]}}],"collection":[{"href":"https:\/\/www.vitrubio03.es\/index.php?rest_route=\/wp\/v2\/posts"}],"about":[{"href":"https:\/\/www.vitrubio03.es\/index.php?rest_route=\/wp\/v2\/types\/post"}],"author":[{"embeddable":true,"href":"https:\/\/www.vitrubio03.es\/index.php?rest_route=\/wp\/v2\/users\/2"}],"replies":[{"embeddable":true,"href":"https:\/\/www.vitrubio03.es\/index.php?rest_route=%2Fwp%2Fv2%2Fcomments&post=4763"}],"version-history":[{"count":17,"href":"https:\/\/www.vitrubio03.es\/index.php?rest_route=\/wp\/v2\/posts\/4763\/revisions"}],"predecessor-version":[{"id":8040,"href":"https:\/\/www.vitrubio03.es\/index.php?rest_route=\/wp\/v2\/posts\/4763\/revisions\/8040"}],"wp:attachment":[{"href":"https:\/\/www.vitrubio03.es\/index.php?rest_route=%2Fwp%2Fv2%2Fmedia&parent=4763"}],"wp:term":[{"taxonomy":"category","embeddable":true,"href":"https:\/\/www.vitrubio03.es\/index.php?rest_route=%2Fwp%2Fv2%2Fcategories&post=4763"},{"taxonomy":"post_tag","embeddable":true,"href":"https:\/\/www.vitrubio03.es\/index.php?rest_route=%2Fwp%2Fv2%2Ftags&post=4763"}],"curies":[{"name":"wp","href":"https:\/\/api.w.org\/{rel}","templated":true}]}}