{"id":4894,"date":"2014-06-07T01:10:09","date_gmt":"2014-06-06T23:10:09","guid":{"rendered":"http:\/\/www.vitrubio03.es\/?p=4894"},"modified":"2020-10-16T12:09:34","modified_gmt":"2020-10-16T10:09:34","slug":"ahora-es-el-momento-claro-que-si","status":"publish","type":"post","link":"https:\/\/www.vitrubio03.es\/?p=4894","title":{"rendered":"Ahora es el momento, claro que s\u00ed"},"content":{"rendered":"<p style=\"text-align: justify;\">\u00abEl hombre es un ser demasiado noble para limitarse a servir de instrumento a otros <strong><sup>1<\/sup><\/strong>.\u00bb<\/p>\n<p style=\"text-align: justify;\"><a href=\"https:\/\/www.vitrubio03.es\/wp-content\/uploads\/2014\/06\/ahora.jpg\"><img loading=\"lazy\" decoding=\"async\" class=\"alignleft size-full wp-image-4895\" src=\"https:\/\/www.vitrubio03.es\/wp-content\/uploads\/2014\/06\/ahora.jpg\" alt=\"ahora\" width=\"210\" height=\"240\" \/><\/a>Con la llamada Transici\u00f3n, lleg\u00f3 al poder Juan Carlos I, \u00a0una transici\u00f3n que con el tiempo se puede considerar una camale\u00f3nica involuci\u00f3n, elaborada por ide\u00f3logos totalitarios para limpiarse la sangre de la dictadura ejercida durante 40 a\u00f1os, fue la abstracci\u00f3n en la consecuci\u00f3n de su verdadero fin, el sistema Estamental,\u00a0<span style=\"color: #000000;\">(<\/span><span style=\"color: #000000;\">Nobles e Iglesia con los 10.000 aforados y el pueblo llano que los mantiene),\u00a0contando con algunos partidos democr\u00e1ticos que legalizaron previamente<\/span><span style=\"color: #000000;\">, y ahora defienden estos privilegios.<\/span><!--more--><\/p>\n<p style=\"text-align: justify;\">Las manifestaciones para un refer\u00e9ndum de elecci\u00f3n de la forma de Estado, est\u00e1 siendo criticado por casi todos los partidos del arco parlamentario, esos a quien Podemos llama \u00abLa Casta\u00bb, y parecen ofenderse, yo les llamar\u00eda otra cosa, pero la Justicia no me comprender\u00eda.<\/p>\n<p style=\"text-align: justify;\">Esos que son nuestros representantes, no comprenden que la verdad no depende de los votos y en este caso la verdad est\u00e1 en la calle. Parlamentarios junto al gobierno, est\u00e1n actuando al margen de sus votantes, porque \u00abno es s\u00f3lo el Estado es el que puede privar de libertad a los habitantes de un pa\u00eds, tambi\u00e9n determinados individuos especialmente poderosos, que pueden reducir la soberan\u00eda popular\u00bb. Ah\u00ed est\u00e1 el peligro: no los dictadores, sino en determinadas personas con medios econ\u00f3micos importantes <strong><sup>2<\/sup><\/strong>.<strong>\u00a0 <\/strong>Como en nuestro caso.<\/p>\n<p style=\"text-align: justify;\">Por eso, ahora es el momento, claro que s\u00ed, \u00abel poder no puede transmitirse, sino s\u00f3lo confiarse. Lo que el pueblo ha prestado moment\u00e1neamente a un gobernante siempre puede recuperarlo <strong><sup>3<\/sup><\/strong>\u00bb. En 1776 una colonia brit\u00e1nica, liderada por un grupo de hombres sac\u00f3 con esos razonamientos las pertinentes consecuencias y declar\u00f3 su derecho a elegir libremente y por s\u00ed mismos su gobierno. As\u00ed naci\u00f3 la primera rep\u00fablica moderna, los\u00a0 EEUU.<\/p>\n<p style=\"text-align: justify;\">Nuestra historia est\u00e1 marcada por las felon\u00edas de los borbones, muestra de ellas son las siguientes: el 1er Borb\u00f3n, Felipe V, compr\u00f3 su reconocimiento entregando Gibraltar \u00a0y otras posesiones en 1714. Fernando VII arrebat\u00f3 el poder a su padre Carlos IV en 1808. El enfrentamiento bipartidista antiborb\u00f3nico de 1868\u00a0 provoc\u00f3 la huida de Isabel II, dando paso Amadeo I como rey, abdic\u00f3 a los dos a\u00f1os y se proclam\u00f3 la 1\u00aa Rep\u00fablica en 1873, abolida por las armas un a\u00f1o despu\u00e9s. Retornaron los borbones en la figura de Alfonso XII (hijo bastardo), en qui\u00e9n abdic\u00f3 Isabel II en 1870. Con la muerte de Alfonso XII, y para que reconocieran la monarqu\u00eda hereditaria en Alfonso XIII, vendieron Las Salom\u00f3n al II Reich de Bismark, m\u00e1s otras concesiones. Alfonso XIII durante su reinado reconoci\u00f3 a la dictadura de Primo de Rivera como necesaria. En 1931 se proclam\u00f3 la 2\u00aa Rep\u00fablica, que fue salvajemente abolida por Franco.<\/p>\n<p style=\"text-align: justify;\">En la actualidad, Juan Carlos intenta perpetuar la dinast\u00eda en la figura de Felipe VI, siguiendo la filosof\u00eda de Maquiavelo, que realiz\u00f3 un an\u00e1lisis de acci\u00f3n pol\u00edtica para la supervivencia en el poder. Pero los precedentes son inquietantes, el borb\u00f3n abdicador no reconoci\u00f3 a su padre biol\u00f3gico como rey, prefiri\u00f3 al dictador y se amamant\u00f3 de la ubre fascista, llegando al poder por herencia del padre adoptivo que le instruy\u00f3 durante 35 a\u00f1os. Su descendiente, \u00bfqu\u00e9 har\u00e1? para que reconozcan la impostura din\u00e1stica de Franco, \u00bfentregar\u00e1 las Chafarinas y Perejil?, no hay otra cosa, Espa\u00f1a est\u00e1 hipotecada por las Multinacionales.<\/p>\n<p style=\"text-align: justify;\">No solo por ello, seg\u00fan \u00abThe New York Times\u00bb, Juan Carlos lleg\u00f3 al trono casi sin dinero, y como no hay transparencia de las cuentas, las redes se hacen eco de su fortuna, estimada en 2 mil millones de euros, seg\u00fan la prensa extranjera.\u00a0 Tambi\u00e9n es raro sus varios viajes a los pa\u00edses del Golfo P\u00e9rsico, en dos meses recorri\u00f3 50.000 Km, y maltrecho, \u00bffueron para hacer caja? Aparte de as\u00ed mismo, una muestra de a quien ha servido mejor durante su reinado, fueron los \u00a1Viva el Rey! de los empresarios, incluso le llegaron a enternecer.<\/p>\n<p style=\"text-align: justify;\">Por todo ellos las manifestaciones republicanas de los \u00faltimos d\u00edas, debe ser as\u00ed, es la exigencia al Parlamento de someter a voto la interpretaci\u00f3n de la historia, no creer en la suficiencia de la mayor\u00eda actual para proclamar su propuesta como verdad, como si el voto, en lugar de proteger una afirmaci\u00f3n, no la hiciera m\u00e1s vulnerable, porque otra mayor\u00eda podr\u00eda rechazarla (ver el siguiente enlace) <a href=\"http:\/\/www.publico.es\/politica\/525131\/los-viva-el-rey-de-los-empresarios-emocionan-a-juan-carlos\"><span style=\"text-decoration: underline;\"><strong><sup>2.<\/sup><\/strong><\/span><br \/>\n<\/a>La ciudadan\u00eda le grita \u201cEl poder p\u00fablico no tiene derecho a decidir donde reside la verdad\u201d. Condorcet (1743-1794).<\/p>\n<ol>\n<li>\n<h5><strong> J.J. Rousseau, <em>\u201cJulie ou la Nouvelle H\u00e9lo\u00efse\u201d, <\/em>1761<\/strong><\/h5>\n<\/li>\n<li>\n<h6><strong> Tzvetan Todorov,\u00a0<em>El esp\u00edritu de la Ilustraci\u00f3n pp. 48, 82, 83, Ed. Galaxia Gutenberg S.L., <\/em>abril 2014<\/strong><\/h6>\n<\/li>\n<li>\n<h6><strong> J.J. Rousseau, <em>\u201cDel contrato social\u201d, <\/em>1762<\/strong><\/h6>\n<\/li>\n<\/ol>\n<p>&nbsp;<\/p>\n<div style=\"font-weight: bold; color: #222222;\">Publicado en;<\/div>\n<div style=\"font-weight: bold; color: #222222;\"><strong><a style=\"color: #1155cc;\" href=\"http:\/\/www.infolibre.es\/noticias\/club_info_libre\/librepensadores\/2014\/06\/11\/ahora_momento_claro_que_si_18163_1043.html\" target=\"_blank\" rel=\"noopener noreferrer\">http:\/\/www.infolibre.es\/<wbr \/>noticias\/club_info_libre\/<wbr \/>librepensadores\/2014\/06\/11\/<wbr \/>ahora_momento_claro_que_si_<wbr \/>18163_1043.html<\/a><\/strong><\/div>\n<div style=\"color: #222222;\"><a style=\"color: #1155cc;\" href=\"http:\/\/www.noticiasgalicia.com\/index.php\/tribuna-abierta\/3596\/ahora-es-el-momento-claro-que-si\" target=\"_blank\" rel=\"noopener noreferrer\">http:\/\/www.noticiasgalicia.<wbr \/>com\/index.php\/tribuna-abierta\/<wbr \/>3596\/ahora-es-el-momento-<wbr \/>claro-que-si<\/a><\/div>\n<div style=\"color: #222222;\"><a style=\"color: #1155cc;\" href=\"http:\/\/informacionalhamaindependiente.blogspot.com.es\/2014\/06\/la-ciudadania-le-grita-el-poder-publico.html\" target=\"_blank\" rel=\"noopener noreferrer\">http:\/\/<wbr \/>informacionalhamaindependiente<wbr \/>.blogspot.com.es\/2014\/06\/la-<wbr \/>ciudadania-le-grita-el-poder-<wbr \/>publico.html<\/a><\/div>\n<div style=\"color: #222222;\"><a style=\"color: #1155cc;\" href=\"http:\/\/www.eldigitalcastillalamancha.es\/articulo_opinion.asp?idarticulo=160668&amp;idfirma=&amp;lugar=&amp;ant=\" target=\"_blank\" rel=\"noopener noreferrer\">http:\/\/www.<wbr \/>eldigitalcastillalamancha.es\/<wbr \/>articulo_opinion.asp?<wbr \/>idarticulo=160668&amp;idfirma=&amp;<wbr \/>lugar=&amp;ant=<\/a><\/div>\n<div style=\"color: #222222;\"><a style=\"color: #1155cc;\" href=\"http:\/\/www.cronicapopular.es\/2014\/06\/jose-enrique-centen-ahora-es-el-momento-claro-que-si\/\" target=\"_blank\" rel=\"noopener noreferrer\">http:\/\/www.cronicapopular.es\/<wbr \/>2014\/06\/jose-enrique-centen-<wbr \/>ahora-es-el-momento-claro-que-<wbr \/>si\/<\/a><\/div>\n<div style=\"color: #222222;\"><a style=\"color: #1155cc;\" href=\"http:\/\/www.diariosigloxxi.com\/texto-diario\/mostrar\/178556\/ahora-es-el-momento-claro-que-si#.PIT2IiIyVO31M3W\" target=\"_blank\" rel=\"noopener noreferrer\">http:\/\/www.diariosigloxxi.com\/<wbr \/>texto-diario\/mostrar\/178556\/<wbr \/>ahora-es-el-momento-claro-que-<wbr \/>si#.PIT2IiIyVO31M3W<\/a><\/div>\n<div style=\"color: #222222;\"><a style=\"color: #1155cc;\" href=\"http:\/\/www.diariodelasierra.es\/2014\/06\/11\/ahora-es-el-momento-claro-que-si\/\" target=\"_blank\" rel=\"noopener noreferrer\">http:\/\/www.diariodelasierra.<wbr \/>es\/2014\/06\/11\/ahora-es-el-<wbr \/>momento-claro-que-si\/<\/a><\/div>\n<div style=\"color: #222222;\"><a style=\"color: #1155cc;\" href=\"http:\/\/www.tercerainformacion.es\/spip.php?article69396\" target=\"_blank\" rel=\"noopener noreferrer\">http:\/\/www.tercerainformacion.<wbr \/>es\/spip.php?article69396<\/a><\/div>\n<div style=\"color: #222222;\"><a style=\"color: #1155cc;\" href=\"http:\/\/www.telealmerianoticias.es\/2014\/ahora-es-el-momento-claro-que-si-157533.html\" target=\"_blank\" rel=\"noopener noreferrer\">http:\/\/www.<wbr \/>telealmerianoticias.es\/2014\/<wbr \/>ahora-es-el-momento-claro-que-<wbr \/>si-157533.html<\/a><\/div>\n<div style=\"color: #222222;\"><a style=\"color: #1155cc;\" href=\"http:\/\/plumaroja-plumaroja.blogspot.com.es\/2014\/06\/los-borbones-un-pasado-lleno-de-sombras.html\" target=\"_blank\" rel=\"noopener noreferrer\">http:\/\/plumaroja-plumaroja.<wbr \/>blogspot.com.es\/2014\/06\/los-<wbr \/>borbones-un-pasado-lleno-de-<wbr \/>sombras.html<\/a><\/div>\n<div style=\"color: #222222;\"><a style=\"color: #1155cc;\" href=\"http:\/\/noticiasvillalba.com\/2014\/06\/11\/ahora-es-el-momento-claro-que-si.html\" target=\"_blank\" rel=\"noopener noreferrer\">http:\/\/noticiasvillalba.com\/<wbr \/>2014\/06\/11\/ahora-es-el-<wbr \/>momento-claro-que-si.html<\/a><\/div>\n<div style=\"color: #222222;\"><a style=\"color: #1155cc;\" href=\"http:\/\/izona.org\/index.php\/politica\/181-ahora-es-el-momento-claro-que-si\" target=\"_blank\" rel=\"noopener noreferrer\">http:\/\/izona.org\/index.php\/<wbr \/>politica\/181-ahora-es-el-<wbr \/>momento-claro-que-si<\/a><\/div>\n<div style=\"color: #222222;\"><a style=\"color: #1155cc;\" href=\"http:\/\/elotrokiosko.net\/jose-enrique-centen-ahora-es-el-momento-claro-que-si\/\" target=\"_blank\" rel=\"noopener noreferrer\">http:\/\/elotrokiosko.net\/jose-<wbr \/>enrique-centen-ahora-es-el-<wbr \/>momento-claro-que-si\/<\/a><\/div>\n<div style=\"color: #222222;\"><a style=\"color: #1155cc;\" href=\"http:\/\/actualidades.es\/noticias\/ahora-es-el-momento-claro-que-si\" target=\"_blank\" rel=\"noopener noreferrer\">http:\/\/actualidades.es\/<wbr \/>noticias\/ahora-es-el-momento-<wbr \/>claro-que-si<\/a><\/div>\n<div style=\"color: #222222;\"><a style=\"color: #1155cc;\" href=\"http:\/\/noticias3.es\/noticias\/ahora-es-el-momento-claro-que-si\" target=\"_blank\" rel=\"noopener noreferrer\">http:\/\/noticias3.es\/noticias\/<wbr \/>ahora-es-el-momento-claro-que-<wbr \/>si<\/a><\/div>\n<div style=\"color: #222222;\"><a style=\"color: #1155cc;\" href=\"http:\/\/www.elblogoferoz.com\/2014\/06\/08\/ahora-es-el-momento-claro-que-si-jose-enrique-centen-martin\/\" target=\"_blank\" rel=\"noopener noreferrer\">http:\/\/www.elblogoferoz.com\/<wbr \/>2014\/06\/08\/ahora-es-el-<wbr \/>momento-claro-que-si-jose-<wbr \/>enrique-centen-martin\/<\/a><\/div>\n<div style=\"color: #222222;\"><a style=\"color: #1155cc;\" href=\"http:\/\/nuevosrepublicanos1905.blogspot.com.es\/2014\/06\/ahora-es-el-momento-claro-que-si.html\" target=\"_blank\" rel=\"noopener noreferrer\">http:\/\/nuevosrepublicanos1905.<wbr \/>blogspot.com.es\/2014\/06\/ahora-<wbr \/>es-el-momento-claro-que-si.<wbr \/>html<\/a><\/div>\n<div style=\"color: #222222;\"><a style=\"color: #1155cc;\" href=\"http:\/\/es.globedia.com\/ahora-momento-claro\" target=\"_blank\" rel=\"noopener noreferrer\">http:\/\/es.globedia.com\/ahora-<wbr \/>momento-claro<\/a><\/div>\n<div style=\"color: #222222;\">http:\/\/sierranortedigital.com\/portada\/2014\/06\/13\/ahora-es-el-momento-claro-que-si\/<\/div>\n<div class='shareinpost'><ul class=\"socialwrap row\"><li class=\"iconOnly\"><a  rel='nofollow'  target='_blank'  title='Recommend this post : Ahora es el momento, claro que s\u00ed on Facebook'  href='http:\/\/www.facebook.com\/sharer.php?u=https%3A%2F%2Fwww.vitrubio03.es%2F%3Fp%3D4894&amp;t=Ahora+es+el+momento%2C+claro+que+s%C3%AD'  ><img  src='https:\/\/www.vitrubio03.es\/wp-content\/plugins\/share-and-follow\/images\/blank.gif'  height='32' width='32'  class='image-32' alt='facebook'  style='background: transparent url(https:\/\/www.vitrubio03.es\/wp-content\/plugins\/share-and-follow\/default\/32\/sprite-32.png) no-repeat;padding:0;margin:0;height:32px;width:32px;background-position:-363px 0px'   \/> <span class=\"head\">Recommend on Facebook<\/span><\/a><\/li><li class=\"iconOnly\"><a  rel='nofollow'  target='_blank'  title='Tweet this post : Ahora es el momento, claro que s\u00ed on Twitter'  href=\"http:\/\/twitter.com\/share?url=https%3A%2F%2Fwww.vitrubio03.es%2F%3Fp%3D4894&amp;text=Ahora+es+el+momento%2C+claro+que+s%C3%AD+-+\"  ><img  src='https:\/\/www.vitrubio03.es\/wp-content\/plugins\/share-and-follow\/images\/blank.gif'  height='32' width='32'  class='image-32' alt='twitter'  style='background: transparent url(https:\/\/www.vitrubio03.es\/wp-content\/plugins\/share-and-follow\/default\/32\/sprite-32.png) no-repeat;padding:0;margin:0;height:32px;width:32px;background-position:-1749px 0px'   \/> <span class=\"head\">Tweet about it<\/span><\/a><\/li><li class=\"iconOnly\"><a  rel='nofollow'  target='_self'  title='Print this post : Ahora es el momento, claro que s\u00ed for reading later'  href='javascript:window.print();'  ><img  src='https:\/\/www.vitrubio03.es\/wp-content\/plugins\/share-and-follow\/images\/blank.gif'  height='32' width='32'  class='image-32' alt='print'  style='background: transparent url(https:\/\/www.vitrubio03.es\/wp-content\/plugins\/share-and-follow\/default\/32\/sprite-32.png) no-repeat;padding:0;margin:0;height:32px;width:32px;background-position:-1386px 0px'   \/> <span class=\"head\">Print for later<\/span><\/a><\/li><li class=\"iconOnly\"><a rel=\"_self\" href=\"mailto:?subject=Reflexiones%20propias%20:%20Ahora%20es%20el%20momento,%20claro%20que%20s\u00ed&amp;body=Te%20adjunto%20un%20enlace%20a%20un%20art\u00edculo.%20Espero%20que%20te%20guste%20%20https:\/\/www.vitrubio03.es\/?p=4894\" title=\"Tell a friend about this post : Ahora es el momento, claro que s\u00ed \"><img loading=\"lazy\" decoding=\"async\" src=\"https:\/\/www.vitrubio03.es\/wp-content\/plugins\/share-and-follow\/images\/blank.gif\" height=\"32\"  width=\"32\" style=\"background: transparent url(https:\/\/www.vitrubio03.es\/wp-content\/plugins\/share-and-follow\/default\/32\/sprite-32.png) no-repeat;padding:0;margin:0;height:32px;width:32px;background-position:-330px 0px\" class=\"image-32\"  alt=\"email\" \/> <span class=\"head\">Tell a friend<\/span><\/a><\/li><\/ul><div class=\"clean\"><\/div> <\/div>","protected":false},"excerpt":{"rendered":"<p>\u00abEl hombre es un ser demasiado noble para limitarse a servir de instrumento a otros 1.\u00bb Con la llamada Transici\u00f3n, lleg\u00f3 al poder Juan Carlos I, \u00a0una transici\u00f3n que con el tiempo se puede considerar una camale\u00f3nica involuci\u00f3n, elaborada por &hellip; <a href=\"https:\/\/www.vitrubio03.es\/?p=4894\">Sigue leyendo <span class=\"meta-nav\">&rarr;<\/span><\/a><\/p>\n","protected":false},"author":2,"featured_media":0,"comment_status":"closed","ping_status":"closed","sticky":false,"template":"","format":"standard","meta":{"footnotes":""},"categories":[55,56,11],"tags":[32,35],"class_list":["post-4894","post","type-post","status-publish","format-standard","hentry","category-borbones","category-corrupcion","category-republica","tag-los-progresistas","tag-republicanos"],"_links":{"self":[{"href":"https:\/\/www.vitrubio03.es\/index.php?rest_route=\/wp\/v2\/posts\/4894","targetHints":{"allow":["GET"]}}],"collection":[{"href":"https:\/\/www.vitrubio03.es\/index.php?rest_route=\/wp\/v2\/posts"}],"about":[{"href":"https:\/\/www.vitrubio03.es\/index.php?rest_route=\/wp\/v2\/types\/post"}],"author":[{"embeddable":true,"href":"https:\/\/www.vitrubio03.es\/index.php?rest_route=\/wp\/v2\/users\/2"}],"replies":[{"embeddable":true,"href":"https:\/\/www.vitrubio03.es\/index.php?rest_route=%2Fwp%2Fv2%2Fcomments&post=4894"}],"version-history":[{"count":6,"href":"https:\/\/www.vitrubio03.es\/index.php?rest_route=\/wp\/v2\/posts\/4894\/revisions"}],"predecessor-version":[{"id":7159,"href":"https:\/\/www.vitrubio03.es\/index.php?rest_route=\/wp\/v2\/posts\/4894\/revisions\/7159"}],"wp:attachment":[{"href":"https:\/\/www.vitrubio03.es\/index.php?rest_route=%2Fwp%2Fv2%2Fmedia&parent=4894"}],"wp:term":[{"taxonomy":"category","embeddable":true,"href":"https:\/\/www.vitrubio03.es\/index.php?rest_route=%2Fwp%2Fv2%2Fcategories&post=4894"},{"taxonomy":"post_tag","embeddable":true,"href":"https:\/\/www.vitrubio03.es\/index.php?rest_route=%2Fwp%2Fv2%2Ftags&post=4894"}],"curies":[{"name":"wp","href":"https:\/\/api.w.org\/{rel}","templated":true}]}}