{"id":4915,"date":"2014-06-19T19:59:59","date_gmt":"2014-06-19T17:59:59","guid":{"rendered":"http:\/\/www.vitrubio03.es\/?p=4915"},"modified":"2020-09-10T11:42:24","modified_gmt":"2020-09-10T09:42:24","slug":"consumada-la-protodinastia","status":"publish","type":"post","link":"https:\/\/www.vitrubio03.es\/?p=4915","title":{"rendered":"Consumada la protodinast\u00eda"},"content":{"rendered":"<p style=\"text-align: justify;\">Consumada con el benepl\u00e1cito de los considerados partidos mayoritarios, y con <a href=\"https:\/\/www.vitrubio03.es\/wp-content\/uploads\/2014\/06\/Mito-de-la-caverna.jpg\"><img loading=\"lazy\" decoding=\"async\" class=\"alignleft size-medium wp-image-4916\" src=\"https:\/\/www.vitrubio03.es\/wp-content\/uploads\/2014\/06\/Mito-de-la-caverna-213x300.jpg\" alt=\"Mito de la caverna\" width=\"213\" height=\"300\" srcset=\"https:\/\/www.vitrubio03.es\/wp-content\/uploads\/2014\/06\/Mito-de-la-caverna-213x300.jpg 213w, https:\/\/www.vitrubio03.es\/wp-content\/uploads\/2014\/06\/Mito-de-la-caverna.jpg 426w\" sizes=\"auto, (max-width: 213px) 100vw, 213px\" \/><\/a>demostraci\u00f3n palpable de su origen, el del Caudillo de Espa\u00f1a \u00abpor la gracia del dios\u00bb, que nombr\u00f3 un sucesor por designio divino, \u00e9l era el \u00fanico facultado para realizarlo gracias a la providencia divina que le guiaba. Ahora se ha refrendado, haci\u00e9ndolo no de la forma habitual que lo hacen los monarcas\u00a0 existentes en el mundo en la actualidad, se ha realizado seg\u00fan su origen, el militar, remarcando que su poder viene de las armas, las que destituyeron la Rep\u00fablica, forma de Estado elegida por sufragio universal, no como la actual, por Decreto ley.<\/p>\n<p style=\"text-align: justify;\">Todo envuelto en una pol\u00e9mica sobre la abdicaci\u00f3n de su padre, no contemplada con claridad en la Constituci\u00f3n de 1978, y con las concentraciones reclamando Refer\u00e9ndum sobre la forma de Estado acalladas en los medios de informaci\u00f3n, pero a su vez atacados por todos ellos, desde \u00aberuditos\u00bb bas\u00e1ndose en los problemas de las dos rep\u00fablicas que existieron, sin referirse a que ambas fueron derrocadas por las armas. La 1\u00aa en 1874 por el asalto a las Cortes del General Pav\u00eda y la 2\u00aa en 1936 por la sublevaci\u00f3n fascista de Franco, ambas con escaso recorrido para consolidarse al ser cercenadas por las bayonetas.<!--more--><\/p>\n<p style=\"text-align: justify;\">Otros \u00abdem\u00f3cratas\u00bb, consideran que para elegir Rep\u00fablica es necesario antes de saber qu\u00e9 tipo de rep\u00fablica se desea con una propuesta constitucional. Tama\u00f1a estupidez solo puede salir de cabezas, no mentes de seres humanos, para que esas cabezas sepan discernir les doy una peque\u00f1a aclaraci\u00f3n, aunque no se si sus mentes la asimilar\u00e1n, <strong>\u00abRep\u00fablica es una forma de Estado, no una forma de gobierno\u00bb<\/strong>, necesario recordar a esos elementos, que el actual monarca subi\u00f3 al trono de forma impuesta en 1975 y la Constituci\u00f3n mon\u00e1rquica se aprob\u00f3 a finales de 1978. El Refer\u00e9ndum es para acabar con aquella imposici\u00f3n fraudulenta impuesta por las armas y la represi\u00f3n, haciendo prevalecer sobre aquellos hechos, el Art\u00edculo 92 de la Constituci\u00f3n de 1978, al no darse las mismas circunstancias en ambos periodos, antes la oscuridad y miedo al terror de la Dictadura, hoy, la luz de la tranquilidad en el ejercicio de la libertad, en definitiva acabar con \u00abEl mito de la caverna <strong><sup>1<\/sup><\/strong> \u00bb, lugar donde nos quieren mantener estos que dicen representarnos.<\/p>\n<p style=\"text-align: justify;\">Mito que han ejercido aprobando de forma r\u00e1pida y tambi\u00e9n por Decreto Ley (una forma dictatorial reminiscencia del anterior r\u00e9gimen), e incluso aplicando la directriz de partido con la obediencia debida en el voto, impuesta por sus dirigentes, en lugar del libre arbitrio que toda persona puede ejercer seg\u00fan su conciencia en un tema transcendental como la aprobaci\u00f3n de la Ley de Abdicaci\u00f3n, pues Juan Carlos, ejerci\u00f3 el reinado por imposici\u00f3n, sin haber abdicado su padre Juan, que los hizo en 1977\u00a0 y este hubiese reinado con el nombre de Juan III, como pone en su tumba de El Escorial, el impuesto por el dictador y los Principios Fundamentales del Movimiento, seg\u00fan la genealog\u00eda din\u00e1stica su nombre hubieses sido Jua IV, pero al no abdicar su padre opt\u00f3 por ser Juan Carlos I, una vez m\u00e1s el \u00abborboneo\u00bb sale a la luz, capaces de no respetar la genealog\u00eda todo para seguir gobernando esta saga de reyezuelos desde 1700. Dentro de un tiempo veremos en qu\u00e9 empresa multinacional ejercer\u00e1n algunos de esos dirigentes, ser\u00e1n nuevos consejeros por los servicios prestados para mantener el \u00abStatu Quo\u00bb de los que realmente gobiernan nuestra naci\u00f3n, la Dictadura Financiera.<\/p>\n<h6><strong>1.- Llibro VII de la Rep\u00fablica, Plat\u00f3n 428-347 a.n.e.<\/strong><\/h6>\n<p>&nbsp;<\/p>\n<div style=\"font-weight: bold; color: #222222;\">Publicado en:<\/div>\n<div style=\"color: #222222;\"><a style=\"color: #1155cc;\" href=\"http:\/\/www.elblogoferoz.com\/2014\/06\/20\/consumada-la-protodinastia-por-jose-enrique-centen-martin\/\" target=\"_blank\" rel=\"noopener noreferrer\">http:\/\/www.elblogoferoz.com\/<wbr \/>2014\/06\/20\/consumada-la-<wbr \/>protodinastia-por-jose-<wbr \/>enrique-centen-martin\/<\/a><\/div>\n<div style=\"color: #222222;\">http:\/\/www.infolibre.es\/noticias\/club_info_libre\/librepensadores\/2014\/07\/08\/consumada_protodinastia_19322_1043.html<\/div>\n<div style=\"color: #222222;\"><a style=\"color: #1155cc;\" href=\"http:\/\/it.wasalive.com\/es\/consumada-la-protodinastia\" target=\"_blank\" rel=\"noopener noreferrer\">http:\/\/it.wasalive.com\/es\/<wbr \/>consumada-la-protodinastia<\/a><\/div>\n<div style=\"color: #222222;\"><a style=\"color: #1155cc;\" href=\"http:\/\/www.diariosigloxxi.com\/texto-diario\/mostrar\/179522\/consumada-la-protodinastia#.PIT28HJudUea1vm\" target=\"_blank\" rel=\"noopener noreferrer\">http:\/\/www.diariosigloxxi.com\/<wbr \/>texto-diario\/mostrar\/179522\/<wbr \/>consumada-la-protodinastia#.<wbr \/>PIT28HJudUea1vm<\/a><\/div>\n<div style=\"color: #222222;\"><a style=\"color: #1155cc;\" href=\"http:\/\/pruebasasun.blogspot.com.es\/2013\/consumada-la-protodinastia\" target=\"_blank\" rel=\"noopener noreferrer\">http:\/\/pruebasasun.blogspot.<wbr \/>com.es\/2013\/consumada-la-<wbr \/>protodinastia<\/a><\/div>\n<div style=\"color: #222222;\"><a style=\"color: #1155cc;\" href=\"http:\/\/sierranortedigital.com\/portada\/2014\/06\/20\/consumada-la-protodinastia\/\" target=\"_blank\" rel=\"noopener noreferrer\">http:\/\/sierranortedigital.com\/<wbr \/>portada\/2014\/06\/20\/consumada-<wbr \/>la-protodinastia\/<\/a><\/div>\n<div style=\"color: #222222;\"><a style=\"color: #1155cc;\" href=\"http:\/\/noticiasvillalba.com\/2014\/06\/20\/consumada-la-protodinastia.html\" target=\"_blank\" rel=\"noopener noreferrer\">http:\/\/noticiasvillalba.com\/<wbr \/>2014\/06\/20\/consumada-la-<wbr \/>protodinastia.html<\/a><\/div>\n<div style=\"color: #222222;\"><a style=\"color: #1155cc;\" href=\"http:\/\/www.tercerainformacion.es\/spip.php?article69932\" target=\"_blank\" rel=\"noopener noreferrer\">http:\/\/www.tercerainformacion.<wbr \/>es\/spip.php?article69932<\/a><\/div>\n<div style=\"color: #222222;\"><a style=\"color: #1155cc;\" href=\"http:\/\/nuevosrepublicanos1905.blogspot.com.es\/2014\/06\/consumada-la-protodinastia.html\" target=\"_blank\" rel=\"noopener noreferrer\">http:\/\/nuevosrepublicanos1905.<wbr \/>blogspot.com.es\/2014\/06\/<wbr \/>consumada-la-protodinastia.<wbr \/>html<\/a><\/div>\n<div style=\"color: #222222;\"><a style=\"color: #1155cc;\" href=\"http:\/\/www.diariodelasierra.es\/2014\/06\/20\/consumada-la-protodinastia\/\" target=\"_blank\" rel=\"noopener noreferrer\">http:\/\/www.diariodelasierra.<wbr \/>es\/2014\/06\/20\/consumada-la-<wbr \/>protodinastia\/<\/a><\/div>\n<div style=\"color: #222222;\"><a style=\"color: #1155cc;\" href=\"http:\/\/informacionalhamaindependiente.blogspot.com.es\/2014\/06\/consumada-la-protodinastia.html\" target=\"_blank\" rel=\"noopener noreferrer\">http:\/\/<wbr \/>informacionalhamaindependiente<wbr \/>.blogspot.com.es\/2014\/06\/<wbr \/>consumada-la-protodinastia.<wbr \/>html<\/a><\/div>\n<div style=\"color: #222222;\"><a style=\"color: #1155cc;\" href=\"http:\/\/noticiasvillalba.com\/2014\/06\/20\/consumada-la-protodinastia.html\" target=\"_blank\" rel=\"noopener noreferrer\">http:\/\/noticiasvillalba.com\/<wbr \/>2014\/06\/20\/consumada-la-<wbr \/>protodinastia.html<\/a><\/div>\n<div style=\"color: #222222;\"><a style=\"color: #1155cc;\" href=\"http:\/\/www.blancarevolucion.com\/consumada-la-protodinastia.html\" target=\"_blank\" rel=\"noopener noreferrer\">http:\/\/www.blancarevolucion.<wbr \/>com\/consumada-la-<wbr \/>protodinastia.html<\/a><\/div>\n<div style=\"color: #222222;\"><a style=\"color: #1155cc;\" href=\"http:\/\/es.globedia.com\/consumada-la-protodinastia\" target=\"_blank\" rel=\"noopener noreferrer\">http:\/\/es.globedia.com\/<wbr \/>consumada-la-protodinastia<\/a><span style=\"text-decoration: underline;\"><br \/>\n<\/span><\/div>\n<div style=\"color: #222222;\"><span style=\"text-decoration: underline;\"><a style=\"color: #1155cc;\" href=\"http:\/\/socialismo.blobic.com\/\" target=\"_blank\" rel=\"noopener noreferrer\">http:\/\/socialismo.blobic.com\/<\/a><\/span><a style=\"color: #1155cc;\" href=\"http:\/\/es.globedia.com\/consumada-la-protodinastia\" target=\"_blank\" rel=\"noopener noreferrer\">c<wbr \/>onsumada-la-protodinastia<\/a><\/div>\n<div style=\"color: #222222;\"><a style=\"color: #1155cc;\" href=\"http:\/\/www.izona.org\/index.php\/politica\/193-consumada-la-protodinastia\" target=\"_blank\" rel=\"noopener noreferrer\">http:\/\/www.izona.org\/index.<wbr \/>php\/politica\/193-consumada-la-<wbr \/>protodinastia<\/a><\/div>\n<div style=\"color: #222222;\"><span style=\"text-decoration: underline;\"><a style=\"color: #1155cc;\" href=\"http:\/\/www.diariodelasierra.es\/2014\/06\/20\/consumada-la-protodinastia\/\" target=\"_blank\" rel=\"noopener noreferrer\">http:\/\/www.diariodelasierra.<wbr \/>es\/2014\/06\/20\/consumada-la-<wbr \/>protodinastia\/<\/a><br \/>\n<\/span><\/div>\n<div style=\"color: #222222;\"><span style=\"text-decoration: underline;\"><a style=\"color: #1155cc;\" href=\"http:\/\/ania.urcm.net\/\" target=\"_blank\" rel=\"noopener noreferrer\">http:\/\/ania.urcm.net\/<\/a><\/span><span style=\"text-decoration: underline;\"><a style=\"color: #1155cc;\" href=\"http:\/\/www.diariodelasierra.es\/2014\/06\/20\/consumada-la-protodinastia\/\" target=\"_blank\" rel=\"noopener noreferrer\">consumada<wbr \/>-la-protodinastia\/<\/a><\/span><span style=\"text-decoration: underline;\"><br \/>\n<\/span><\/div>\n<div style=\"color: #222222;\"><span style=\"text-decoration: underline;\"><a style=\"color: #1155cc;\" href=\"http:\/\/www.cronicapopular.es\/2014\/06\/jose-enrique-centen-consumada-la-protodinastia\/\" target=\"_blank\" rel=\"noopener noreferrer\">http:\/\/www.cronicapopular.es\/<wbr \/>2014\/06\/jose-enrique-centen-<wbr \/>consumada-la-protodinastia\/<\/a><br \/>\n<\/span><\/div>\n<div style=\"color: #222222;\"><span style=\"text-decoration: underline;\"><a style=\"color: #1155cc;\" href=\"http:\/\/www.todo-titulares.es\/\" target=\"_blank\" rel=\"noopener noreferrer\">http:\/\/www.todo-titulares.es\/<\/a><\/span><span style=\"text-decoration: underline;\"><a style=\"color: #1155cc;\" href=\"http:\/\/www.cronicapopular.es\/2014\/06\/jose-enrique-centen-consumada-la-protodinastia\/\" target=\"_blank\" rel=\"noopener noreferrer\">consumada-la-protodinastia<\/a><\/span><span style=\"text-decoration: underline;\">\/<\/span><\/div>\n<div class='shareinpost'><ul class=\"socialwrap row\"><li class=\"iconOnly\"><a  rel='nofollow'  target='_blank'  title='Recommend this post : Consumada la protodinast\u00eda on Facebook'  href='http:\/\/www.facebook.com\/sharer.php?u=https%3A%2F%2Fwww.vitrubio03.es%2F%3Fp%3D4915&amp;t=Consumada+la+protodinast%C3%ADa'  ><img  src='https:\/\/www.vitrubio03.es\/wp-content\/plugins\/share-and-follow\/images\/blank.gif'  height='32' width='32'  class='image-32' alt='facebook'  style='background: transparent url(https:\/\/www.vitrubio03.es\/wp-content\/plugins\/share-and-follow\/default\/32\/sprite-32.png) no-repeat;padding:0;margin:0;height:32px;width:32px;background-position:-363px 0px'   \/> <span class=\"head\">Recommend on Facebook<\/span><\/a><\/li><li class=\"iconOnly\"><a  rel='nofollow'  target='_blank'  title='Tweet this post : Consumada la protodinast\u00eda on Twitter'  href=\"http:\/\/twitter.com\/share?url=https%3A%2F%2Fwww.vitrubio03.es%2F%3Fp%3D4915&amp;text=Consumada+la+protodinast%C3%ADa+-+\"  ><img  src='https:\/\/www.vitrubio03.es\/wp-content\/plugins\/share-and-follow\/images\/blank.gif'  height='32' width='32'  class='image-32' alt='twitter'  style='background: transparent url(https:\/\/www.vitrubio03.es\/wp-content\/plugins\/share-and-follow\/default\/32\/sprite-32.png) no-repeat;padding:0;margin:0;height:32px;width:32px;background-position:-1749px 0px'   \/> <span class=\"head\">Tweet about it<\/span><\/a><\/li><li class=\"iconOnly\"><a  rel='nofollow'  target='_self'  title='Print this post : Consumada la protodinast\u00eda for reading later'  href='javascript:window.print();'  ><img  src='https:\/\/www.vitrubio03.es\/wp-content\/plugins\/share-and-follow\/images\/blank.gif'  height='32' width='32'  class='image-32' alt='print'  style='background: transparent url(https:\/\/www.vitrubio03.es\/wp-content\/plugins\/share-and-follow\/default\/32\/sprite-32.png) no-repeat;padding:0;margin:0;height:32px;width:32px;background-position:-1386px 0px'   \/> <span class=\"head\">Print for later<\/span><\/a><\/li><li class=\"iconOnly\"><a rel=\"_self\" href=\"mailto:?subject=Reflexiones%20propias%20:%20Consumada%20la%20protodinast\u00eda&amp;body=Te%20adjunto%20un%20enlace%20a%20un%20art\u00edculo.%20Espero%20que%20te%20guste%20%20https:\/\/www.vitrubio03.es\/?p=4915\" title=\"Tell a friend about this post : Consumada la protodinast\u00eda \"><img loading=\"lazy\" decoding=\"async\" src=\"https:\/\/www.vitrubio03.es\/wp-content\/plugins\/share-and-follow\/images\/blank.gif\" height=\"32\"  width=\"32\" style=\"background: transparent url(https:\/\/www.vitrubio03.es\/wp-content\/plugins\/share-and-follow\/default\/32\/sprite-32.png) no-repeat;padding:0;margin:0;height:32px;width:32px;background-position:-330px 0px\" class=\"image-32\"  alt=\"email\" \/> <span class=\"head\">Tell a friend<\/span><\/a><\/li><\/ul><div class=\"clean\"><\/div> <\/div>","protected":false},"excerpt":{"rendered":"<p>Consumada con el benepl\u00e1cito de los considerados partidos mayoritarios, y con demostraci\u00f3n palpable de su origen, el del Caudillo de Espa\u00f1a \u00abpor la gracia del dios\u00bb, que nombr\u00f3 un sucesor por designio divino, \u00e9l era el \u00fanico facultado para realizarlo &hellip; <a href=\"https:\/\/www.vitrubio03.es\/?p=4915\">Sigue leyendo <span class=\"meta-nav\">&rarr;<\/span><\/a><\/p>\n","protected":false},"author":2,"featured_media":0,"comment_status":"closed","ping_status":"closed","sticky":false,"template":"","format":"standard","meta":{"footnotes":""},"categories":[55,3,11],"tags":[17,31],"class_list":["post-4915","post","type-post","status-publish","format-standard","hentry","category-borbones","category-constitucion","category-republica","tag-elecciones","tag-piensa"],"_links":{"self":[{"href":"https:\/\/www.vitrubio03.es\/index.php?rest_route=\/wp\/v2\/posts\/4915","targetHints":{"allow":["GET"]}}],"collection":[{"href":"https:\/\/www.vitrubio03.es\/index.php?rest_route=\/wp\/v2\/posts"}],"about":[{"href":"https:\/\/www.vitrubio03.es\/index.php?rest_route=\/wp\/v2\/types\/post"}],"author":[{"embeddable":true,"href":"https:\/\/www.vitrubio03.es\/index.php?rest_route=\/wp\/v2\/users\/2"}],"replies":[{"embeddable":true,"href":"https:\/\/www.vitrubio03.es\/index.php?rest_route=%2Fwp%2Fv2%2Fcomments&post=4915"}],"version-history":[{"count":7,"href":"https:\/\/www.vitrubio03.es\/index.php?rest_route=\/wp\/v2\/posts\/4915\/revisions"}],"predecessor-version":[{"id":7167,"href":"https:\/\/www.vitrubio03.es\/index.php?rest_route=\/wp\/v2\/posts\/4915\/revisions\/7167"}],"wp:attachment":[{"href":"https:\/\/www.vitrubio03.es\/index.php?rest_route=%2Fwp%2Fv2%2Fmedia&parent=4915"}],"wp:term":[{"taxonomy":"category","embeddable":true,"href":"https:\/\/www.vitrubio03.es\/index.php?rest_route=%2Fwp%2Fv2%2Fcategories&post=4915"},{"taxonomy":"post_tag","embeddable":true,"href":"https:\/\/www.vitrubio03.es\/index.php?rest_route=%2Fwp%2Fv2%2Ftags&post=4915"}],"curies":[{"name":"wp","href":"https:\/\/api.w.org\/{rel}","templated":true}]}}