{"id":4998,"date":"2014-09-24T12:13:33","date_gmt":"2014-09-24T10:13:33","guid":{"rendered":"http:\/\/www.vitrubio03.es\/?p=4998"},"modified":"2020-09-07T20:59:18","modified_gmt":"2020-09-07T18:59:18","slug":"nunca-comprendere-a-los-monarquicos","status":"publish","type":"post","link":"https:\/\/www.vitrubio03.es\/?p=4998","title":{"rendered":"Nunca comprender\u00e9 a los mon\u00e1rquicos"},"content":{"rendered":"<p style=\"text-align: justify;\">Y, menos a\u00fan a los espa\u00f1oles, puede que anteriormente estuviesen muy sujetos a ese lastre <a href=\"https:\/\/www.vitrubio03.es\/wp-content\/uploads\/2014\/09\/images.jpg\"><img loading=\"lazy\" decoding=\"async\" class=\"alignleft size-full wp-image-4999\" src=\"https:\/\/www.vitrubio03.es\/wp-content\/uploads\/2014\/09\/images.jpg\" alt=\"images\" width=\"242\" height=\"208\" \/><\/a>que es la religi\u00f3n cat\u00f3lica, que a\u00fan hoy bendice, sustenta y parece doblegar a esta monarqu\u00eda, ocurri\u00f3 en el besamanos cuando entronaron a Felipe VI, todos los presentes le rindieron a \u00e9l pleites\u00eda con una inclinaci\u00f3n de cabeza, salvo un caso, fue Felipe VI quien inclin\u00f3 la suya ante Rouco Varela, una muestra m\u00e1s del poder de la iglesia en la actualidad.<br \/>\nPoder que viene desde Isidoro de Sevilla al\u00a0recoger una tradici\u00f3n sobre T\u00fabal como antecesor de los \u00edberos y de Iberia, engendr\u00f3 un gran n\u00famero de reyes, siendo la dinast\u00eda tubalita la rama de la\u00a0historiograf\u00eda ib\u00e9rica que pretend\u00eda asignar el origen m\u00edtico en\u00a0T\u00fabal (quinto hijo de Jafet y nieto de No\u00e9),\u00a0primer hombre que vino a Espa\u00f1a despu\u00e9s del Diluvio Universal, origen del pueblo\u00a0vasco y su primer rey\u00a0 ib\u00e9rico, convirtiendo mito en religiosidad y Espa\u00f1a como tierra elegida.<!--more--><\/p>\n<p style=\"text-align: justify;\">Es curioso al observar frente al Palacio de Oriente de Madrid las estatuas de 20 reyes espa\u00f1oles, empezando por el godo que logr\u00f3 unidad en torno a un rey, Ataulfo, un invasor que solo rein\u00f3 durante unos meses en el a\u00f1o 415 instal\u00e1ndose en Barcino (la actual Barcelona), dinast\u00eda goda que dur\u00f3 hasta Rodrigo, a\u00f1o 711, dinast\u00eda arriana a pesar de que el arrianismo fuese una herej\u00eda desde el Concilio de Constantinopla del a\u00f1o 381; el resto de las estatuas son de 15 reyes cristianos. Pero no aparece ninguno de los Omeyas que reinaron desde el 757 al 1031.<\/p>\n<p style=\"text-align: justify;\">Los godos fue una violenta dinast\u00eda, conocida como \u00abmorbo godo\u00bb, la oligarqu\u00eda eleg\u00eda el soberano, la mayor parte de las veces lo impon\u00eda la espada o el veneno y en algunos casos la Iglesia desde que Recaredo I se convirti\u00f3 al catolicismo en el a\u00f1o 589.<\/p>\n<p style=\"text-align: justify;\">Continu\u00f3 con los Reyes Cat\u00f3licos, porque Isabel arrebat\u00f3 en 1474 el trono a Juana (la Beltraneja), hija de Enrique IV rey de Castilla, hermano de Isabel, por considerarla hija ileg\u00edtima, despu\u00e9s de suceder din\u00e1sticamente a su hermano Alfonso, muerto en 1468 y en extra\u00f1as circunstancias, \u00bfperduraci\u00f3n del morbo godo en los Trastamara? Vinieron las Augsburgo paladines en la defensa del catolicismo, con Carlos I y V de Alemania, Felipe II, con la decadencia posterior de&#8230; Felipe III, Felipe IV, Carlos II, gobernando los validos por\u00a0 la incapacidad de los reyes, cuando no desidia o estado mental. Esta dinast\u00eda dio paso a la m\u00e1s abyecta de todas, la borb\u00f3nica, con Felipe V, donde la depravaci\u00f3n era patente albergando a asesinos y corruptos que para mantenerse en el poder o ser reconocidos como reyes vendieron o entregaron parte del territorio de ultramar y peninsular, siguieron Carlos III (considerado el \u00fanico rey normal), Carlos IV, Fernando VII el \u00abFel\u00f3n\u00bb y genocida por antonomasia, su hija Isabel II y posteriormente su bastardo, Alfonso XII, fruto de las relaciones con el capit\u00e1n Enrique Puigmolt\u00f3\u00a0 y llevando a la pr\u00e1ctica lo habitual en los borbones, en este caso con mediaci\u00f3n papal vende parte del territorio de ultramar a Bismark para que reconozcan a su hijo como rey. Alfonso XII muri\u00f3 de tuberculosis, sin apenas fechor\u00edas que se sepa, y sin conocer a su hijo Alfonso XII. Alfonso XIII dio su consentimiento al golpe de Estado de Primo de Rivera, monarca corrupto con la Guerra de \u00c1frica, destronado en 1931, y tras una cruenta mal llamada Guerra Civil seguida por 40 a\u00f1os de dictadura, de nuevo rama borb\u00f3nica sube al trono en el nombre de Juan Carlos I, hay que recordar que nunca fue Pr\u00edncipe de Asturias, porque Franco se levant\u00f3 contra la Rep\u00fablica pero nunca en nombre de Alfonso XIII, creando una nueva dinast\u00eda al no poder crear la suya, aunque lo intent\u00f3 con la boda de su nieta con otro borb\u00f3n, Alfonso de Borb\u00f3n y Dampierre, tambi\u00e9n de la linea sucesoria de los bornones franceses, todo ello por si fallaba la de Juan Carlos.<\/p>\n<p style=\"text-align: justify;\">A pesar de la historia y los reyes que nos gobernaron, el \u00faltimo, Juan Carlos I, del que no se sabe nada de su fortuna, ni la de Suiza dejada por Alfonso XIII o\u00a0 su hijo Juan de Borb\u00f3n, los pagos de sus correr\u00edas por \u00c1frica, los regalos recibidos\u2026y la corrupci\u00f3n dentro de su familia o su obscuro papel en el Tejerazo, publicado por Pilar Urbano y no desmentido, solo criticado. Abdic\u00f3 por los esc\u00e1ndalos de las corruptelas dando paso a su hijo Felipe, a quien se le atribuye tambi\u00e9n una intermediaci\u00f3n por Urdangar\u00edn, seg\u00fan la prensa. Esperemos que Felipe VI no se perpet\u00fae, porque algo pillar\u00e1 \u00e9l o sus hijos, sobrinos, primos\u2026, caracter\u00edstica com\u00fan de todos los reyes desde la antig\u00fcedad y la borb\u00f3nica en particular.<\/p>\n<p style=\"text-align: justify;\">Y a pesar de la historia y de los reyes que el pueblo espa\u00f1ol ha sufrido, a\u00fan hay mon\u00e1rquicos y un partido pseudorepublicano y pseudosocialista que apoya a la monarqu\u00eda en la abdicaci\u00f3n, dando legitimidad a Juan Carlos I, y votando en contra de realizar un Refer\u00e9ndum sobre Monarqu\u00eda o Rep\u00fablica, aduciendo defender la Constituci\u00f3n de 1978, porque sustentan a la Corona (impuesta por un\u00a0 dictador), si este partido defiende la Democracia, afirmando a su vez \u00abla esencia republicana del socialismo\u00bb, que alguien me lo explique, porque yo, como S\u00f3crates, \u00absolo s\u00e9 que no se nada\u00bb. Defienden una nueva dinast\u00eda que en poco menos de 40 a\u00f1os ya ha hecho honor a las anteriores, por sus corruptelas, falta de claridad, supuesto apoyo a un golpe de Estado\u2026 \u00bfy a\u00fan dudan c\u00f3mo se comportar\u00e1 en el futuro?, cito a Zorrilla \u00abd\u00eda de hiel, \/ de luto y bald\u00f3n y sa\u00f1a, \/ para la infeliz Espa\u00f1a\u00bb. <strong>Nunca comprendo porqu\u00e9 mon\u00e1rquicos<\/strong>.<\/p>\n<div>Publicado en :<\/div>\n<div><a href=\"http:\/\/www.eldigitalcastillalamancha.es\/articulo_opinion.asp?idarticulo=168683&amp;idfirma=&amp;lugar=&amp;ant=\" target=\"_blank\" rel=\"noopener noreferrer\">http:\/\/www.<wbr \/>eldigitalcastillalamancha.es\/<wbr \/>articulo_opinion.asp?<wbr \/>idarticulo=168683&amp;idfirma=&amp;<wbr \/>lugar=&amp;ant=<\/a><\/div>\n<div><a href=\"http:\/\/www.elportaluco.com\/index.php\/el-portaluco\/opinion\/la-calle-no-se-calla\/3127-nunca-comprendere-a-los-monarquicos\" target=\"_blank\" rel=\"noopener noreferrer\">http:\/\/www.elportaluco.com\/<wbr \/>index.php\/el-portaluco\/<wbr \/>opinion\/la-calle-no-se-calla\/<wbr \/>3127-nunca-comprendere-a-los-<wbr \/>monarquicos<\/a><\/div>\n<div><a href=\"http:\/\/www.diario-octubre.com\/2014\/09\/24\/nunca-comprendere-a-los-monarquicos\/\" target=\"_blank\" rel=\"noopener noreferrer\">http:\/\/www.diario-octubre.com\/<wbr \/>2014\/09\/24\/nunca-comprendere-<wbr \/>a-los-monarquicos\/<\/a><\/div>\n<div><a href=\"http:\/\/mas.lne.es\/cartasdeloslectores\/carta\/17306\/nunca-comprendere-monarquicos.html\" target=\"_blank\" rel=\"noopener noreferrer\">http:\/\/mas.lne.es\/<wbr \/>cartasdeloslectores\/carta\/<wbr \/>17306\/nunca-comprendere-<wbr \/>monarquicos.html<\/a><\/div>\n<div><a href=\"http:\/\/www.noticiasdesantander.com\/nunca-comprendere-a-los-monarquicos\" target=\"_blank\" rel=\"noopener noreferrer\">http:\/\/www.<wbr \/>noticiasdesantander.com\/nunca-<wbr \/>comprendere-a-los-monarquicos<\/a><\/div>\n<div><a href=\"http:\/\/www.elblogoferoz.com\/2014\/09\/25\/nunca-comprendere-a-los-monarquicos-por-jose-enrique-centen-martin\/\" target=\"_blank\" rel=\"noopener noreferrer\">http:\/\/www.elblogoferoz.com\/<wbr \/>2014\/09\/25\/nunca-comprendere-<wbr \/>a-los-monarquicos-por-jose-<wbr \/>enrique-centen-martin\/<\/a><\/div>\n<div><a href=\"http:\/\/www.tercerainformacion.es\/spip.php?article74539\" target=\"_blank\" rel=\"noopener noreferrer\">http:\/\/www.tercerainformacion.<wbr \/>es\/spip.php?article74539<\/a><\/div>\n<div><a href=\"http:\/\/www.radiorabel.com\/index.php\/cantabria\/nunca-comprendere-a-los-monarquicos-por-jose-enrique-centen-martin\/\" target=\"_blank\" rel=\"noopener noreferrer\">http:\/\/www.radiorabel.com\/<wbr \/>index.php\/cantabria\/nunca-<wbr \/>comprendere-a-los-monarquicos-<wbr \/>por-jose-enrique-centen-<wbr \/>martin\/<\/a><\/div>\n<div><a href=\"http:\/\/nuevosrepublicanos1905.blogspot.com.es\/2014\/09\/nunca-comprendere-los-monarquicos.html\" target=\"_blank\" rel=\"noopener noreferrer\">http:\/\/nuevosrepublicanos1905.<wbr \/>blogspot.com.es\/2014\/09\/nunca-<wbr \/>comprendere-los-monarquicos.<wbr \/>html<\/a><\/div>\n<div><a href=\"http:\/\/www.todo-titulares.es\/nunca-comprendere-a-los-monarquicos\" target=\"_blank\" rel=\"noopener noreferrer\">http:\/\/www.todo-titulares.es\/<wbr \/>nunca-comprendere-a-los-<wbr \/>monarquicos<\/a><\/div>\n<div><a href=\"http:\/\/www.extremaduraprogresista.com\/libre\/40-libre-opinion\/19739-nunca-comprendere-a-los-monarquicos\" target=\"_blank\" rel=\"noopener noreferrer\">http:\/\/www.<wbr \/>extremaduraprogresista.com\/<wbr \/>libre\/40-libre-opinion\/19739-<wbr \/>nunca-comprendere-a-los-<wbr \/>monarquicos<\/a><\/div>\n<div>\n<div><a href=\"http:\/\/www.diariosigloxxi.com\/texto-diario\/mostrar\/184929\/nunca-comprendere-a-los-monarquicos#.VCRQCsV_vE0\" target=\"_blank\" rel=\"noopener noreferrer\">http:\/\/www.diariosigloxxi.com\/<wbr \/>texto-diario\/mostrar\/184929\/<wbr \/>nunca-comprendere-a-los-<wbr \/>monarquicos#.VCRQCsV_vE0<\/a><\/div>\n<div><a href=\"http:\/\/www.noticiasgalicia.com\/index.php\/tribuna-abierta\/9053\/nunca-comprendere-a-los-monarquicos\" target=\"_blank\" rel=\"noopener noreferrer\">http:\/\/www.noticiasgalicia.<wbr \/>com\/index.php\/tribuna-abierta\/<wbr \/>9053\/nunca-comprendere-a-los-<wbr \/>monarquicos<\/a><\/div>\n<div><a href=\"https:\/\/www.meneame.net\/story\/nunca-comprendere-monarquicos\" target=\"_blank\" rel=\"noopener noreferrer\">https:\/\/www.meneame.net\/story\/<wbr \/>nunca-comprendere-monarquicos<\/a><\/div>\n<div><a href=\"http:\/\/informacionalhamaindependiente.blogspot.com.es\/2014\/09\/nunca-comprendere-los-monarquicos.html\" target=\"_blank\" rel=\"noopener noreferrer\">http:\/\/<wbr \/>informacionalhamaindependiente<wbr \/>.blogspot.com.es\/2014\/09\/<wbr \/>nunca-comprendere-los-<wbr \/>monarquicos.html<\/a><\/div>\n<div><a href=\"http:\/\/www.blancarevolucion.com\/tejemanejes-en-la-monarquia\/\" target=\"_blank\" rel=\"noopener noreferrer\">http:\/\/www.blancarevolucion.<wbr \/>com\/tejemanejes-en-la-<wbr \/>monarquia\/<\/a><\/div>\n<div><a href=\"http:\/\/elotrokiosko.net\/nunca-comprendere-a-los-monarquicos\/\" target=\"_blank\" rel=\"noopener noreferrer\">http:\/\/elotrokiosko.net\/nunca-<wbr \/>comprendere-a-los-monarquicos\/<\/a><\/div>\n<div><a href=\"http:\/\/es.globedia.com\/nunca-comprendere-monarquicos\" target=\"_blank\" rel=\"noopener noreferrer\">http:\/\/es.globedia.com\/nunca-<wbr \/>comprendere-monarquicos<\/a><\/div>\n<div><a href=\"http:\/\/www.diarioprogresista.es\/nunca-comprendere-a-los-monarquicos-56824.htm\" target=\"_blank\" rel=\"noopener noreferrer\">http:\/\/www.diarioprogresista.<wbr \/>es\/nunca-comprendere-a-los-<wbr \/>monarquicos-56824.htm<\/a><\/div>\n<\/div>\n<div class='shareinpost'><ul class=\"socialwrap row\"><li class=\"iconOnly\"><a  rel='nofollow'  target='_blank'  title='Recommend this post : Nunca comprender\u00e9 a los mon\u00e1rquicos on Facebook'  href='http:\/\/www.facebook.com\/sharer.php?u=https%3A%2F%2Fwww.vitrubio03.es%2F%3Fp%3D4998&amp;t=Nunca+comprender%C3%A9+a+los+mon%C3%A1rquicos'  ><img  src='https:\/\/www.vitrubio03.es\/wp-content\/plugins\/share-and-follow\/images\/blank.gif'  height='32' width='32'  class='image-32' alt='facebook'  style='background: transparent url(https:\/\/www.vitrubio03.es\/wp-content\/plugins\/share-and-follow\/default\/32\/sprite-32.png) no-repeat;padding:0;margin:0;height:32px;width:32px;background-position:-363px 0px'   \/> <span class=\"head\">Recommend on Facebook<\/span><\/a><\/li><li class=\"iconOnly\"><a  rel='nofollow'  target='_blank'  title='Tweet this post : Nunca comprender\u00e9 a los mon\u00e1rquicos on Twitter'  href=\"http:\/\/twitter.com\/share?url=https%3A%2F%2Fwww.vitrubio03.es%2F%3Fp%3D4998&amp;text=Nunca+comprender%C3%A9+a+los+mon%C3%A1rquicos+-+\"  ><img  src='https:\/\/www.vitrubio03.es\/wp-content\/plugins\/share-and-follow\/images\/blank.gif'  height='32' width='32'  class='image-32' alt='twitter'  style='background: transparent url(https:\/\/www.vitrubio03.es\/wp-content\/plugins\/share-and-follow\/default\/32\/sprite-32.png) no-repeat;padding:0;margin:0;height:32px;width:32px;background-position:-1749px 0px'   \/> <span class=\"head\">Tweet about it<\/span><\/a><\/li><li class=\"iconOnly\"><a  rel='nofollow'  target='_self'  title='Print this post : Nunca comprender\u00e9 a los mon\u00e1rquicos for reading later'  href='javascript:window.print();'  ><img  src='https:\/\/www.vitrubio03.es\/wp-content\/plugins\/share-and-follow\/images\/blank.gif'  height='32' width='32'  class='image-32' alt='print'  style='background: transparent url(https:\/\/www.vitrubio03.es\/wp-content\/plugins\/share-and-follow\/default\/32\/sprite-32.png) no-repeat;padding:0;margin:0;height:32px;width:32px;background-position:-1386px 0px'   \/> <span class=\"head\">Print for later<\/span><\/a><\/li><li class=\"iconOnly\"><a rel=\"_self\" href=\"mailto:?subject=Reflexiones%20propias%20:%20Nunca%20comprender\u00e9%20a%20los%20mon\u00e1rquicos&amp;body=Te%20adjunto%20un%20enlace%20a%20un%20art\u00edculo.%20Espero%20que%20te%20guste%20%20https:\/\/www.vitrubio03.es\/?p=4998\" title=\"Tell a friend about this post : Nunca comprender\u00e9 a los mon\u00e1rquicos \"><img loading=\"lazy\" decoding=\"async\" src=\"https:\/\/www.vitrubio03.es\/wp-content\/plugins\/share-and-follow\/images\/blank.gif\" height=\"32\"  width=\"32\" style=\"background: transparent url(https:\/\/www.vitrubio03.es\/wp-content\/plugins\/share-and-follow\/default\/32\/sprite-32.png) no-repeat;padding:0;margin:0;height:32px;width:32px;background-position:-330px 0px\" class=\"image-32\"  alt=\"email\" \/> <span class=\"head\">Tell a friend<\/span><\/a><\/li><\/ul><div class=\"clean\"><\/div> <\/div>","protected":false},"excerpt":{"rendered":"<p>Y, menos a\u00fan a los espa\u00f1oles, puede que anteriormente estuviesen muy sujetos a ese lastre que es la religi\u00f3n cat\u00f3lica, que a\u00fan hoy bendice, sustenta y parece doblegar a esta monarqu\u00eda, ocurri\u00f3 en el besamanos cuando entronaron a Felipe VI, &hellip; <a href=\"https:\/\/www.vitrubio03.es\/?p=4998\">Sigue leyendo <span class=\"meta-nav\">&rarr;<\/span><\/a><\/p>\n","protected":false},"author":2,"featured_media":0,"comment_status":"closed","ping_status":"closed","sticky":false,"template":"","format":"standard","meta":{"footnotes":""},"categories":[55,34,11],"tags":[42,35],"class_list":["post-4998","post","type-post","status-publish","format-standard","hentry","category-borbones","category-historia","category-republica","tag-constitucion","tag-republicanos"],"_links":{"self":[{"href":"https:\/\/www.vitrubio03.es\/index.php?rest_route=\/wp\/v2\/posts\/4998","targetHints":{"allow":["GET"]}}],"collection":[{"href":"https:\/\/www.vitrubio03.es\/index.php?rest_route=\/wp\/v2\/posts"}],"about":[{"href":"https:\/\/www.vitrubio03.es\/index.php?rest_route=\/wp\/v2\/types\/post"}],"author":[{"embeddable":true,"href":"https:\/\/www.vitrubio03.es\/index.php?rest_route=\/wp\/v2\/users\/2"}],"replies":[{"embeddable":true,"href":"https:\/\/www.vitrubio03.es\/index.php?rest_route=%2Fwp%2Fv2%2Fcomments&post=4998"}],"version-history":[{"count":7,"href":"https:\/\/www.vitrubio03.es\/index.php?rest_route=\/wp\/v2\/posts\/4998\/revisions"}],"predecessor-version":[{"id":7156,"href":"https:\/\/www.vitrubio03.es\/index.php?rest_route=\/wp\/v2\/posts\/4998\/revisions\/7156"}],"wp:attachment":[{"href":"https:\/\/www.vitrubio03.es\/index.php?rest_route=%2Fwp%2Fv2%2Fmedia&parent=4998"}],"wp:term":[{"taxonomy":"category","embeddable":true,"href":"https:\/\/www.vitrubio03.es\/index.php?rest_route=%2Fwp%2Fv2%2Fcategories&post=4998"},{"taxonomy":"post_tag","embeddable":true,"href":"https:\/\/www.vitrubio03.es\/index.php?rest_route=%2Fwp%2Fv2%2Ftags&post=4998"}],"curies":[{"name":"wp","href":"https:\/\/api.w.org\/{rel}","templated":true}]}}