{"id":5100,"date":"2015-01-31T22:48:49","date_gmt":"2015-01-31T21:48:49","guid":{"rendered":"http:\/\/www.vitrubio03.es\/?p=5100"},"modified":"2020-10-06T19:31:20","modified_gmt":"2020-10-06T17:31:20","slug":"analogia-entre-1405-31e2015","status":"publish","type":"post","link":"https:\/\/www.vitrubio03.es\/?p=5100","title":{"rendered":"Analog\u00eda entre 1405 \u2013 31E\/2015"},"content":{"rendered":"<p style=\"text-align: justify;\">Comparan el 31E con la marcha sobre Roma en 1922. \u00bfCu\u00e1l es el espejo del Partido <a href=\"https:\/\/www.vitrubio03.es\/wp-content\/uploads\/2015\/01\/31E.jpg\"><img loading=\"lazy\" decoding=\"async\" class=\"alignleft size-full wp-image-5101\" src=\"https:\/\/www.vitrubio03.es\/wp-content\/uploads\/2015\/01\/31E.jpg\" alt=\"31E\" width=\"238\" height=\"212\" \/><\/a>Podrido? Sus marchas que denominan contra la Ley del aborto, cuando en realidad es la no penalizaci\u00f3n por abortar, o la muerte de Hipatia en Alejandr\u00eda por fan\u00e1ticos cristianos, o las barbaries de las Cruzadas, todo ello auspiciado por la Iglesia. O la actitud del papa Julio II que espada en mano defendi\u00f3 el Estado pontificio, tuvo tres hijas ileg\u00edtimas y amas\u00f3 una gran fortuna. Al 31E si hay que compararlo es con la toma de la Bastilla, como dijeron tambi\u00e9n, que dio paso a la guillotina cortando las cabezas de los responsables de la miseria del pueblo, este 31E es la representaci\u00f3n para la toma de la Moncloa y el cercenamiento de corruptos y consentidores\u00a0 que dirigen Espa\u00f1a.<!--more--><\/p>\n<p style=\"text-align: justify;\">Hagamos un paralelismo m\u00e1s concreto con hechos acaecidos en el siglo XV y la actualidad, intercambiando personajes y estamentos por los actuales, por ejemplo:<\/p>\n<p style=\"text-align: justify;\">Juan Hus por Pablo \u00abel coleta\u00bb. Los Utraquistas por los Socialdem\u00f3cratas. Los Taboritas por el nuevo grupo pol\u00edtico y su programa considerado herej\u00eda pol\u00edtica y econ\u00f3mica. La Iglesia Cat\u00f3lica por nuestro gobierno neoliberal y la troika del BCE, FMI y Comisi\u00f3n Europea. \u00abLa Compactata\u00bb por la Constituci\u00f3n de 1978. La Reforma Protestante por la aparici\u00f3n futura del progresismo.<\/p>\n<p style=\"text-align: justify;\">Hechos hist\u00f3ricos: Juan Hus siendo rector de la Universidad de Praga acrecent\u00f3 los deseos reformadores de la iglesia desde 1405 con sus proclamas de profundas implicaciones sociales y pol\u00edticas. De este modo se desarroll\u00f3 lo que se conoce como Husismo, herej\u00eda religiosa con dos corrientes: la Utraquista, adoptando como programa los Cuatro Art\u00edculos de Praga, l\u00ednea moderada que reclamaban el castigo de los pecados p\u00fablicos por el poder civil, la vuelta de la Iglesia a la primitiva pobreza, el uso de la lengua checa en la predicaci\u00f3n, y la extensi\u00f3n a los laicos de la comuni\u00f3n bajo las dos especies, apoyada por los medios acad\u00e9micos de Praga, la nobleza checa y los grupos sociales m\u00e1s acomodados. Y la otra corriente, la llamada Taborita m\u00e1s radical, al a\u00f1adir en su programa los Art\u00edculos de T\u00e1bor que defend\u00eda el exterminio de los enemigos y el fin de la Iglesia presente como condici\u00f3n para la culminaci\u00f3n de los tiempos, grupo mayoritariamente integrado por campesinos, grupos inferiores urbanos, cl\u00e9rigos defensores a ultranza de la reforma de la Iglesia y algunos miembros de la baja nobleza.<\/p>\n<p style=\"text-align: justify;\">Los moderados utraquistas llegaron a un acuerdo con la Iglesia Cat\u00f3lica en 1433, denominado \u00abCompactata\u00bb en 1436, este acuerdo posibilit\u00f3 a la Iglesia Cat\u00f3lica junto a tropas utraquistas la derrota de los taboritas en 1434.<\/p>\n<p style=\"text-align: justify;\">Tras treinta y dos a\u00f1os de gobierno bipartidista, (tiempo parecido desde la Constituci\u00f3n de 1978 hasta la llegada al poder de nuestros neoliberales, 33 a\u00f1os), estos moderados utraquistas, habiendo ahogado con su alianza las posibles reformas, y junto al no cumplimiento de la \u00abCompactata\u00bb perdieron apoyos, los sobrevivientes se constituyeron en iglesia independiente en 1476, denominada Iglesia Calicista, nuevamente niegan obediencia al papa, el purgatorio, posicionamiento contra el fausto, la inmoralidad, la depravaci\u00f3n y la pecaminosa actitud de la Iglesia cat\u00f3lica, fueron diluy\u00e9ndose y cayendo casi en el olvido, convirti\u00e9ndose sus nuevos integrantes en la conexi\u00f3n con la Reforma Protestante que comenzar\u00eda en 1517.<\/p>\n<p style=\"text-align: justify;\">Si se repitiera la Historia, el resultado ser\u00eda la espera de 41 a\u00f1os para cambiar, casi igual a la dictadura franquista, 39 a\u00f1os, demasiada espera para que la ciudadan\u00eda siga subyugada y pueda liberarse.<\/p>\n<p style=\"text-align: justify;\">No ocurrir\u00e1, tenemos la ocasi\u00f3n de demostrar que podemos parar ese proceso y no volver a otra etapa represora.<strong> Las urnas nos esperan en este a\u00f1o 2015.<\/strong><\/p>\n<div><b>Publicado en:<\/b><\/div>\n<div><a href=\"http:\/\/informacionalhamaindependiente.blogspot.com.es\/2015\/02\/analogia-entre-1405-31e2015.html\" target=\"_blank\" rel=\"noopener noreferrer\">http:\/\/<wbr \/>informacionalhamaindependiente<wbr \/>.blogspot.com.es\/2015\/02\/<wbr \/>analogia-entre-1405-31e2015.<wbr \/>html<\/a><\/div>\n<div><a href=\"http:\/\/nuevosrepublicanos1905.blogspot.com.es\/\" target=\"_blank\" rel=\"noopener noreferrer\">http:\/\/nuevosrepublicanos1905.<wbr \/>blogspot.com.es\/<\/a><\/div>\n<div><a href=\"http:\/\/www.tercerainformacion.es\/spip.php?article80812\" target=\"_blank\" rel=\"noopener noreferrer\">http:\/\/www.tercerainformacion.<wbr \/>es\/spip.php?article80812<\/a><\/div>\n<div><a href=\"http:\/\/www.diariosigloxxi.com\/texto-diario\/mostrar\/241548\/analogia-entre-1405-31e-2015#.VM4J5zSG-bA\" target=\"_blank\" rel=\"noopener noreferrer\">http:\/\/www.diariosigloxxi.com\/<wbr \/>texto-diario\/mostrar\/241548\/<wbr \/>analogia-entre-1405-31e-2015#.<wbr \/>VM4J5zSG-bA<\/a><\/div>\n<div><a href=\"http:\/\/sierranortedigital.com\/portada\/02\/02\/2015\/opinion\/analogia-entre-1405-31e2015\/\" target=\"_blank\" rel=\"noopener noreferrer\">http:\/\/sierranortedigital.com\/<wbr \/>portada\/02\/02\/2015\/opinion\/<wbr \/>analogia-entre-1405-31e2015\/<\/a><\/div>\n<div><a href=\"http:\/\/www.elblogoferoz.com\/2015\/02\/03\/analogia-entre-1405-31e2015-por-jose-enrique-centen-martin\/\" target=\"_blank\" rel=\"noopener noreferrer\">http:\/\/www.elblogoferoz.com\/<wbr \/>2015\/02\/03\/analogia-entre-<wbr \/>1405-31e2015-por-jose-enrique-<wbr \/>centen-martin\/<\/a><\/div>\n<div><a href=\"http:\/\/es.globedia.com\/analogia-1405-31e-2015\" target=\"_blank\" rel=\"noopener noreferrer\">http:\/\/es.globedia.com\/<wbr \/>analogia-1405-31e-2015<\/a><\/div>\n<div><a href=\"http:\/\/www.izona.org\/index.php\/politica\/323-analogia-entre-1405-31e-2015\" target=\"_blank\" rel=\"noopener noreferrer\">http:\/\/www.izona.org\/index.<wbr \/>php\/politica\/323-analogia-<wbr \/>entre-1405-31e-2015<\/a><\/div>\n<div><a href=\"http:\/\/nuevosrepublicanos1905.blogspot.com.es\/2015\/02\/analogia-entre-1405-31e2015.html\" target=\"_blank\" rel=\"noopener noreferrer\">http:\/\/nuevosrepublicanos1905.<wbr \/>blogspot.com.es\/2015\/02\/<wbr \/>analogia-entre-1405-31e2015.<wbr \/>html<\/a><\/div>\n<div><\/div>\n<p style=\"text-align: justify;\">\n<div class='shareinpost'><ul class=\"socialwrap row\"><li class=\"iconOnly\"><a  rel='nofollow'  target='_blank'  title='Recommend this post : Analog\u00eda entre 1405 \u2013 31E\/2015 on Facebook'  href='http:\/\/www.facebook.com\/sharer.php?u=https%3A%2F%2Fwww.vitrubio03.es%2F%3Fp%3D5100&amp;t=Analog%C3%ADa+entre+1405+%E2%80%93+31E%2F2015'  ><img  src='https:\/\/www.vitrubio03.es\/wp-content\/plugins\/share-and-follow\/images\/blank.gif'  height='32' width='32'  class='image-32' alt='facebook'  style='background: transparent url(https:\/\/www.vitrubio03.es\/wp-content\/plugins\/share-and-follow\/default\/32\/sprite-32.png) no-repeat;padding:0;margin:0;height:32px;width:32px;background-position:-363px 0px'   \/> <span class=\"head\">Recommend on Facebook<\/span><\/a><\/li><li class=\"iconOnly\"><a  rel='nofollow'  target='_blank'  title='Tweet this post : Analog\u00eda entre 1405 \u2013 31E\/2015 on Twitter'  href=\"http:\/\/twitter.com\/share?url=https%3A%2F%2Fwww.vitrubio03.es%2F%3Fp%3D5100&amp;text=Analog%C3%ADa+entre+1405+%E2%80%93+31E%2F2015+-+\"  ><img  src='https:\/\/www.vitrubio03.es\/wp-content\/plugins\/share-and-follow\/images\/blank.gif'  height='32' width='32'  class='image-32' alt='twitter'  style='background: transparent url(https:\/\/www.vitrubio03.es\/wp-content\/plugins\/share-and-follow\/default\/32\/sprite-32.png) no-repeat;padding:0;margin:0;height:32px;width:32px;background-position:-1749px 0px'   \/> <span class=\"head\">Tweet about it<\/span><\/a><\/li><li class=\"iconOnly\"><a  rel='nofollow'  target='_self'  title='Print this post : Analog\u00eda entre 1405 \u2013 31E\/2015 for reading later'  href='javascript:window.print();'  ><img  src='https:\/\/www.vitrubio03.es\/wp-content\/plugins\/share-and-follow\/images\/blank.gif'  height='32' width='32'  class='image-32' alt='print'  style='background: transparent url(https:\/\/www.vitrubio03.es\/wp-content\/plugins\/share-and-follow\/default\/32\/sprite-32.png) no-repeat;padding:0;margin:0;height:32px;width:32px;background-position:-1386px 0px'   \/> <span class=\"head\">Print for later<\/span><\/a><\/li><li class=\"iconOnly\"><a rel=\"_self\" href=\"mailto:?subject=Reflexiones%20propias%20:%20Analog\u00eda%20entre%201405%20\u2013%2031E\/2015&amp;body=Te%20adjunto%20un%20enlace%20a%20un%20art\u00edculo.%20Espero%20que%20te%20guste%20%20https:\/\/www.vitrubio03.es\/?p=5100\" title=\"Tell a friend about this post : Analog\u00eda entre 1405 \u2013 31E\/2015 \"><img loading=\"lazy\" decoding=\"async\" src=\"https:\/\/www.vitrubio03.es\/wp-content\/plugins\/share-and-follow\/images\/blank.gif\" height=\"32\"  width=\"32\" style=\"background: transparent url(https:\/\/www.vitrubio03.es\/wp-content\/plugins\/share-and-follow\/default\/32\/sprite-32.png) no-repeat;padding:0;margin:0;height:32px;width:32px;background-position:-330px 0px\" class=\"image-32\"  alt=\"email\" \/> <span class=\"head\">Tell a friend<\/span><\/a><\/li><\/ul><div class=\"clean\"><\/div> <\/div>","protected":false},"excerpt":{"rendered":"<p>Comparan el 31E con la marcha sobre Roma en 1922. \u00bfCu\u00e1l es el espejo del Partido Podrido? Sus marchas que denominan contra la Ley del aborto, cuando en realidad es la no penalizaci\u00f3n por abortar, o la muerte de Hipatia &hellip; <a href=\"https:\/\/www.vitrubio03.es\/?p=5100\">Sigue leyendo <span class=\"meta-nav\">&rarr;<\/span><\/a><\/p>\n","protected":false},"author":2,"featured_media":0,"comment_status":"closed","ping_status":"closed","sticky":false,"template":"","format":"standard","meta":{"footnotes":""},"categories":[58,54,34,6],"tags":[17,32],"class_list":["post-5100","post","type-post","status-publish","format-standard","hentry","category-15-m","category-elecciones","category-historia","category-iglesia","tag-elecciones","tag-los-progresistas"],"_links":{"self":[{"href":"https:\/\/www.vitrubio03.es\/index.php?rest_route=\/wp\/v2\/posts\/5100","targetHints":{"allow":["GET"]}}],"collection":[{"href":"https:\/\/www.vitrubio03.es\/index.php?rest_route=\/wp\/v2\/posts"}],"about":[{"href":"https:\/\/www.vitrubio03.es\/index.php?rest_route=\/wp\/v2\/types\/post"}],"author":[{"embeddable":true,"href":"https:\/\/www.vitrubio03.es\/index.php?rest_route=\/wp\/v2\/users\/2"}],"replies":[{"embeddable":true,"href":"https:\/\/www.vitrubio03.es\/index.php?rest_route=%2Fwp%2Fv2%2Fcomments&post=5100"}],"version-history":[{"count":5,"href":"https:\/\/www.vitrubio03.es\/index.php?rest_route=\/wp\/v2\/posts\/5100\/revisions"}],"predecessor-version":[{"id":7490,"href":"https:\/\/www.vitrubio03.es\/index.php?rest_route=\/wp\/v2\/posts\/5100\/revisions\/7490"}],"wp:attachment":[{"href":"https:\/\/www.vitrubio03.es\/index.php?rest_route=%2Fwp%2Fv2%2Fmedia&parent=5100"}],"wp:term":[{"taxonomy":"category","embeddable":true,"href":"https:\/\/www.vitrubio03.es\/index.php?rest_route=%2Fwp%2Fv2%2Fcategories&post=5100"},{"taxonomy":"post_tag","embeddable":true,"href":"https:\/\/www.vitrubio03.es\/index.php?rest_route=%2Fwp%2Fv2%2Ftags&post=5100"}],"curies":[{"name":"wp","href":"https:\/\/api.w.org\/{rel}","templated":true}]}}