{"id":5415,"date":"2015-10-09T20:50:32","date_gmt":"2015-10-09T18:50:32","guid":{"rendered":"http:\/\/www.vitrubio03.es\/?p=5415"},"modified":"2020-10-15T18:42:42","modified_gmt":"2020-10-15T16:42:42","slug":"la-fragmentacion-de-la-izquierda","status":"publish","type":"post","link":"https:\/\/www.vitrubio03.es\/?p=5415","title":{"rendered":"La fragmentaci\u00f3n de la izquierda"},"content":{"rendered":"<p style=\"text-align: justify;\"><strong>Es end\u00e9mica y bien explotada por las fuerzas conservadoras.<\/strong> La fragmentaci\u00f3n toma forma desde la cr\u00edtica constructiva que toda izquierda dice defender, pero los egos y<br \/>\n<a href=\"https:\/\/www.vitrubio03.es\/wp-content\/uploads\/2015\/10\/La-izquierda.jpg\"><img loading=\"lazy\" decoding=\"async\" class=\"alignleft size-medium wp-image-5420\" src=\"https:\/\/www.vitrubio03.es\/wp-content\/uploads\/2015\/10\/La-izquierda-230x300.jpg\" alt=\"La izquierda\" width=\"230\" height=\"300\" srcset=\"https:\/\/www.vitrubio03.es\/wp-content\/uploads\/2015\/10\/La-izquierda-230x300.jpg 230w, https:\/\/www.vitrubio03.es\/wp-content\/uploads\/2015\/10\/La-izquierda.jpg 736w\" sizes=\"auto, (max-width: 230px) 100vw, 230px\" \/><\/a> la intransigencia en los postulados comunes que defienden unido a la labor de la derecha apoyando unas u otras por medios afines disfrazados de independientes, hacen el resto. No ocurre lo mismo en el lado contrario, ah\u00ed es m\u00e1s hegem\u00f3nico en pensamiento, solo les separa matices en c\u00f3mo se debe beneficiar una minor\u00eda a costa de los dem\u00e1s, frente a la izquierda que defienden el c\u00f3mo conseguir el beneficio de la mayor\u00eda por la v\u00eda m\u00e1s r\u00e1pida, lo que puede significar en algunos de los casos el caos en la sociedad actual, ya que ha estado sujeta desde el inicio de los asentamientos humanos en fomentar el enriquecimiento individual sin pensar en la colectividad porque el individuo quiere m\u00e1s. <!--more-->Desde poco m\u00e1s de 200 a\u00f1os con los escritores de principios de la Ilustraci\u00f3n y sus ideas sobre una sociedad m\u00e1s justa culmin\u00f3 con la Revoluci\u00f3n Francesa y Los Derechos del Hombre de 1793, supuso la difusi\u00f3n de sus ideales, ideales que sirvi\u00f3 de acicate para que la mayor\u00eda de los ciudadanos tomasen conciencia de cu\u00e1l era su verdadera posici\u00f3n en el mundo, y que el capital no es nada sin la mano de obra, pues solo con ella y gracias a ella obtiene la plusval\u00eda o beneficio el patr\u00f3n o capitalista inversor. Pero de nuevo otra revoluci\u00f3n trastoc\u00f3 aquellos ideales, la Revoluci\u00f3n Industrial del siglo XIX con la propiedad privada de los medios de producci\u00f3n y la regularizaci\u00f3n de los precios del mercado seg\u00fan la oferta y la demanda, la poblaci\u00f3n mayoritariamente agr\u00edcola emigr\u00f3 masivamente a la ciudad al ser sobrante para el campo, este cambio los convirti\u00f3 en obrero industrial, pr\u00e1cticamente abducidos y reducidos a esclavitud. El capitalista a los avances t\u00e9cnicos los llam\u00f3 progreso, cuando en realidad era codicia, al ser \u00e9l quien organizaba la vida de las f\u00e1bricas, la disciplina, r\u00e9gimen de trabajo, m\u00e1s pr\u00f3ximo a un programa carcelario que al taller. Surgieron los gremios que entre las funciones de su oficio tambi\u00e9n estaba la ayuda mutua entre sus miembros como sociedades de resistencia, e inmediatamente los primeros sindicatos. A principios del siglo XX empiezan los sindicatos a tomar fuerza consiguiendo mejoras sociales y laborales, la abolici\u00f3n de trabajo a menores hasta los 14 a\u00f1os y jornadas de 8 horas, a costa de grandes sacrificios humanos, porque ya solo pod\u00edan perder la vida.<\/p>\n<p style=\"text-align: justify;\">El capitalismo pas\u00f3 a un grado superior, el imperialismo, y como tal experiment\u00f3 un trauma con la Gran Depresi\u00f3n que desemboco en la II Guerra Mundial donde se polariz\u00f3 la sociedad en general, por un lado las naciones capitalistas, que pasaron a llamarse liberales, y por otro las socialistas. Tambi\u00e9n fue el origen de la noci\u00f3n de Estado Benefactor y del Bienestar Social en 1946 por parte de los liberales, pero no por altruismo, sino por temor a perder su hegemon\u00eda frente al gigante comunista que surgi\u00f3 tras la guerra.<\/p>\n<p style=\"text-align: justify;\">Los sindicatos cobraron representatividad y toma de decisiones, no en todos los campos decisorios, pues bien se guard\u00f3 el Capital de no mostrar sus entra\u00f1as, crearon en 1954 el Club Bilderberg por las 130 personas m\u00e1s influyentes del mundo, toman decisiones a puerta cerrada y secretas, ah\u00ed se fragua de nuevo el resurgir del capitalismo como Ave F\u00e9nix, ahora con el nombre de Neoliberalismo, a\u00fan m\u00e1s atroz que el capitalismo imperialista tomando las riendas hasta llegar a los momentos actuales. Crearon sindicatos afines, a otros compraron afinidad subvencionando por medio de los Gobiernos su mantenimiento para que no estuviesen en los Parlamentos y solo en el \u00e1mbito laboral, nacen las Castas Sindicales. El neoliberalismo tuvo sus momentos culminantes: el 9 de noviembre de 1989, la ca\u00edda del Muro de Berl\u00edn y la llegada al poder en el 2005 de Angela Dorothea Kasner, conocida como Angela Merkel, representante del Neoliberalismo destructor del Bienestar Social que nunca se termin\u00f3 de desarrollar plenamente en estos 61 a\u00f1os, solo fue una a\u00f1agaza para la ciudadan\u00eda, el Capitalista ten\u00eda fondos suficientes y pod\u00eda aguantar el tiempo necesario hasta volver a su objetivo, subyugar al mundo.<\/p>\n<p style=\"text-align: justify;\">La progres\u00eda no ha aprendido, en Espa\u00f1a todos dicen poseer la verdad y el mejor sistema <a href=\"https:\/\/www.vitrubio03.es\/wp-content\/uploads\/2015\/10\/Neo.jpg\"><img loading=\"lazy\" decoding=\"async\" class=\"alignleft size-full wp-image-5416\" src=\"https:\/\/www.vitrubio03.es\/wp-content\/uploads\/2015\/10\/Neo.jpg\" alt=\"Neo\" width=\"255\" height=\"197\" \/><\/a>para lograr el beneficio de la mayor\u00eda de la poblaci\u00f3n y por ende del Estado, pero tienen enfrente a una derecha muy conservadora e intransigente que siembra ciza\u00f1a en sus filas y convierten las cr\u00edticas de los debates internos en destructivas para personas y partidos progresistas afines, crean tal complejidad y divisi\u00f3n de opiniones que es dif\u00edcil para converger, el fomentar intransigencias en los progresistas tiene un fin, lograr la perpetuaci\u00f3n en el poder de los que nunca hab\u00edan desaparecido, estaban camuflados para el siguiente asalto dando la falsa imagen de una derecha democr\u00e1tica y liberal que se hab\u00eda desprendido de los h\u00e1bitos de la dictadura, pero las nuevas leyes dicen todo lo contrario, \u00abLey Mordaza\u00bb, \u00abLey para el TC\u00bb\u2026<\/p>\n<div>\n<div>\n<div><b>Publicado en:<\/b><\/div>\n<div><a href=\"http:\/\/www.infolibre.es\/noticias\/club_info_libre\/librepensadores\/2015\/10\/13\/la_fragmentacion_izquierda_39042_1043.html\" target=\"_blank\" rel=\"noopener noreferrer\">http:\/\/www.infolibre.es\/<wbr \/>noticias\/club_info_libre\/<wbr \/>librepensadores\/2015\/10\/13\/la_<wbr \/>fragmentacion_izquierda_39042_<wbr \/>1043.html<\/a><\/div>\n<div><a href=\"http:\/\/www.elblogoferoz.com\/2015\/10\/10\/la-fragmentacion-de-la-izquierda-por-jose-enrique-centen-martin\/\" target=\"_blank\" rel=\"noopener noreferrer\">http:\/\/www.elblogoferoz.com\/<wbr \/>2015\/10\/10\/la-fragmentacion-<wbr \/>de-la-izquierda-por-jose-<wbr \/>enrique-centen-martin\/<\/a><\/div>\n<\/div>\n<div><a href=\"http:\/\/www.leonoticias.com\/frontend\/leonoticias\/La-Fragmentacion-De-La-Izquierda-vn186291-vst232\" target=\"_blank\" rel=\"noopener noreferrer\">http:\/\/www.leonoticias.com\/<wbr \/>frontend\/leonoticias\/La-<wbr \/>Fragmentacion-De-La-Izquierda-<wbr \/>vn186291-vst232<\/a><\/div>\n<div><a href=\"http:\/\/informacionalhamaindependiente.blogspot.com.es\/2015\/10\/la-fragmentacion-de-la-izquierda.html\" target=\"_blank\" rel=\"noopener noreferrer\">http:\/\/<wbr \/>informacionalhamaindependiente<wbr \/>.blogspot.com.es\/2015\/10\/la-<wbr \/>fragmentacion-de-la-izquierda.<wbr \/>html<\/a><\/div>\n<div><a href=\"http:\/\/www.extremaduraprogresista.com\/libre\/40-libre-opinion\/21614-la-fragmentacion-de-la-izquierda\" target=\"_blank\" rel=\"noopener noreferrer\">http:\/\/www.<wbr \/>extremaduraprogresista.com\/<wbr \/>libre\/40-libre-opinion\/21614-<wbr \/>la-fragmentacion-de-la-<wbr \/>izquierda<\/a><\/div>\n<div><a href=\"http:\/\/www.diariosigloxxi.com\/texto-diario\/mostrar\/318823\/la-fragmentacion-de-la-izquierda#.Vhj0dVTtlHw\" target=\"_blank\" rel=\"noopener noreferrer\">http:\/\/www.diariosigloxxi.com\/<wbr \/>texto-diario\/mostrar\/318823\/<wbr \/>la-fragmentacion-de-la-<wbr \/>izquierda#.Vhj0dVTtlHw<\/a><\/div>\n<div><a href=\"http:\/\/mas.lne.es\/cartasdeloslectores\/carta\/20876\/fragmentacion-izquierda.html\" target=\"_blank\" rel=\"noopener noreferrer\">http:\/\/mas.lne.es\/<wbr \/>cartasdeloslectores\/carta\/<wbr \/>20876\/fragmentacion-izquierda.<wbr \/>html<\/a><\/div>\n<div><a href=\"http:\/\/es.globedia.com\/la-fragmentacion-de-la-izquierda\" target=\"_blank\" rel=\"noopener noreferrer\">http:\/\/es.globedia.com\/la-<wbr \/>fragmentacion-de-la-izquierda<\/a><\/div>\n<div><a href=\"http:\/\/www.eldigitalcastillalamancha.es\/articulo_opinion.asp?idarticulo=198388&amp;idfirma=&amp;lugar=&amp;ant=\" target=\"_blank\" rel=\"noopener noreferrer\">http:\/\/www.<wbr \/>eldigitalcastillalamancha.es\/<wbr \/>articulo_opinion.asp?<wbr \/>idarticulo=198388&amp;idfirma=&amp;<wbr \/>lugar=&amp;ant=<\/a><\/div>\n<div><a href=\"http:\/\/sierranortedigital.com\/portada\/12\/10\/2015\/opinion\/la-fragmentacion-de-la-izquierda\/\" target=\"_blank\" rel=\"noopener noreferrer\">http:\/\/sierranortedigital.com\/<wbr \/>portada\/12\/10\/2015\/opinion\/la-<wbr \/>fragmentacion-de-la-izquierda\/<\/a><\/div>\n<div><a href=\"http:\/\/www.tercerainformacion.es\/spip.php?article93155\" target=\"_blank\" rel=\"noopener noreferrer\">http:\/\/www.tercerainformacion.<wbr \/>es\/spip.php?article93155<\/a><\/div>\n<\/div>\n<div><span style=\"color: #000000;\"><a href=\"http:\/\/www.izona.org\/index.php\/36-videos\/35-videos\" target=\"_blank\" rel=\"noopener noreferrer\">http:\/\/www.izona.org\/index.<wbr \/>php\/36-videos\/35-videos<\/a><\/span><\/div>\n<div class='shareinpost'><ul class=\"socialwrap row\"><li class=\"iconOnly\"><a  rel='nofollow'  target='_blank'  title='Recommend this post : La fragmentaci\u00f3n de la izquierda on Facebook'  href='http:\/\/www.facebook.com\/sharer.php?u=https%3A%2F%2Fwww.vitrubio03.es%2F%3Fp%3D5415&amp;t=La+fragmentaci%C3%B3n+de+la+izquierda'  ><img  src='https:\/\/www.vitrubio03.es\/wp-content\/plugins\/share-and-follow\/images\/blank.gif'  height='32' width='32'  class='image-32' alt='facebook'  style='background: transparent url(https:\/\/www.vitrubio03.es\/wp-content\/plugins\/share-and-follow\/default\/32\/sprite-32.png) no-repeat;padding:0;margin:0;height:32px;width:32px;background-position:-363px 0px'   \/> <span class=\"head\">Recommend on Facebook<\/span><\/a><\/li><li class=\"iconOnly\"><a  rel='nofollow'  target='_blank'  title='Tweet this post : La fragmentaci\u00f3n de la izquierda on Twitter'  href=\"http:\/\/twitter.com\/share?url=https%3A%2F%2Fwww.vitrubio03.es%2F%3Fp%3D5415&amp;text=La+fragmentaci%C3%B3n+de+la+izquierda+-+\"  ><img  src='https:\/\/www.vitrubio03.es\/wp-content\/plugins\/share-and-follow\/images\/blank.gif'  height='32' width='32'  class='image-32' alt='twitter'  style='background: transparent url(https:\/\/www.vitrubio03.es\/wp-content\/plugins\/share-and-follow\/default\/32\/sprite-32.png) no-repeat;padding:0;margin:0;height:32px;width:32px;background-position:-1749px 0px'   \/> <span class=\"head\">Tweet about it<\/span><\/a><\/li><li class=\"iconOnly\"><a  rel='nofollow'  target='_self'  title='Print this post : La fragmentaci\u00f3n de la izquierda for reading later'  href='javascript:window.print();'  ><img  src='https:\/\/www.vitrubio03.es\/wp-content\/plugins\/share-and-follow\/images\/blank.gif'  height='32' width='32'  class='image-32' alt='print'  style='background: transparent url(https:\/\/www.vitrubio03.es\/wp-content\/plugins\/share-and-follow\/default\/32\/sprite-32.png) no-repeat;padding:0;margin:0;height:32px;width:32px;background-position:-1386px 0px'   \/> <span class=\"head\">Print for later<\/span><\/a><\/li><li class=\"iconOnly\"><a rel=\"_self\" href=\"mailto:?subject=Reflexiones%20propias%20:%20La%20fragmentaci\u00f3n%20de%20la%20izquierda&amp;body=Te%20adjunto%20un%20enlace%20a%20un%20art\u00edculo.%20Espero%20que%20te%20guste%20%20https:\/\/www.vitrubio03.es\/?p=5415\" title=\"Tell a friend about this post : La fragmentaci\u00f3n de la izquierda \"><img loading=\"lazy\" decoding=\"async\" src=\"https:\/\/www.vitrubio03.es\/wp-content\/plugins\/share-and-follow\/images\/blank.gif\" height=\"32\"  width=\"32\" style=\"background: transparent url(https:\/\/www.vitrubio03.es\/wp-content\/plugins\/share-and-follow\/default\/32\/sprite-32.png) no-repeat;padding:0;margin:0;height:32px;width:32px;background-position:-330px 0px\" class=\"image-32\"  alt=\"email\" \/> <span class=\"head\">Tell a friend<\/span><\/a><\/li><\/ul><div class=\"clean\"><\/div> <\/div>","protected":false},"excerpt":{"rendered":"<p>Es end\u00e9mica y bien explotada por las fuerzas conservadoras. La fragmentaci\u00f3n toma forma desde la cr\u00edtica constructiva que toda izquierda dice defender, pero los egos y la intransigencia en los postulados comunes que defienden unido a la labor de la &hellip; <a href=\"https:\/\/www.vitrubio03.es\/?p=5415\">Sigue leyendo <span class=\"meta-nav\">&rarr;<\/span><\/a><\/p>\n","protected":false},"author":2,"featured_media":0,"comment_status":"closed","ping_status":"closed","sticky":false,"template":"","format":"standard","meta":{"footnotes":""},"categories":[8,57],"tags":[18,32],"class_list":["post-5415","post","type-post","status-publish","format-standard","hentry","category-internacional","category-las-derechas","tag-europa","tag-los-progresistas"],"_links":{"self":[{"href":"https:\/\/www.vitrubio03.es\/index.php?rest_route=\/wp\/v2\/posts\/5415","targetHints":{"allow":["GET"]}}],"collection":[{"href":"https:\/\/www.vitrubio03.es\/index.php?rest_route=\/wp\/v2\/posts"}],"about":[{"href":"https:\/\/www.vitrubio03.es\/index.php?rest_route=\/wp\/v2\/types\/post"}],"author":[{"embeddable":true,"href":"https:\/\/www.vitrubio03.es\/index.php?rest_route=\/wp\/v2\/users\/2"}],"replies":[{"embeddable":true,"href":"https:\/\/www.vitrubio03.es\/index.php?rest_route=%2Fwp%2Fv2%2Fcomments&post=5415"}],"version-history":[{"count":6,"href":"https:\/\/www.vitrubio03.es\/index.php?rest_route=\/wp\/v2\/posts\/5415\/revisions"}],"predecessor-version":[{"id":7649,"href":"https:\/\/www.vitrubio03.es\/index.php?rest_route=\/wp\/v2\/posts\/5415\/revisions\/7649"}],"wp:attachment":[{"href":"https:\/\/www.vitrubio03.es\/index.php?rest_route=%2Fwp%2Fv2%2Fmedia&parent=5415"}],"wp:term":[{"taxonomy":"category","embeddable":true,"href":"https:\/\/www.vitrubio03.es\/index.php?rest_route=%2Fwp%2Fv2%2Fcategories&post=5415"},{"taxonomy":"post_tag","embeddable":true,"href":"https:\/\/www.vitrubio03.es\/index.php?rest_route=%2Fwp%2Fv2%2Ftags&post=5415"}],"curies":[{"name":"wp","href":"https:\/\/api.w.org\/{rel}","templated":true}]}}