{"id":5424,"date":"2015-10-17T07:05:47","date_gmt":"2015-10-17T05:05:47","guid":{"rendered":"http:\/\/www.vitrubio03.es\/?p=5424"},"modified":"2020-08-23T17:44:27","modified_gmt":"2020-08-23T15:44:27","slug":"cuna-propia","status":"publish","type":"post","link":"https:\/\/www.vitrubio03.es\/?p=5424","title":{"rendered":"Cu\u00f1a propia"},"content":{"rendered":"<p style=\"text-align: justify;\">\u00abNo hay peor cu\u00f1a que la de la misma madera\u00bb, refr\u00e1n que refleja a la perfecci\u00f3n a los cr\u00edticos en la filas de PODEMOS h\u00e1bilmente espoleados por la prensa convencional, la <a href=\"https:\/\/www.vitrubio03.es\/wp-content\/uploads\/2015\/10\/Cr\u00edticas.jpg\"><img loading=\"lazy\" decoding=\"async\" class=\"alignleft size-medium wp-image-5425\" src=\"https:\/\/www.vitrubio03.es\/wp-content\/uploads\/2015\/10\/Cr\u00edticas-300x141.jpg\" alt=\"Cr\u00edticas\" width=\"300\" height=\"141\" srcset=\"https:\/\/www.vitrubio03.es\/wp-content\/uploads\/2015\/10\/Cr\u00edticas-300x141.jpg 300w, https:\/\/www.vitrubio03.es\/wp-content\/uploads\/2015\/10\/Cr\u00edticas.jpg 327w\" sizes=\"auto, (max-width: 300px) 100vw, 300px\" \/><\/a>de partidos pol\u00edticos, la de la llamada independiente del arco digital, todos en contra de una alternativa pol\u00edtica muy diferente a las existentes, intentando perpetuar con ligeros retoques el bipartito y sus sat\u00e9lites, tanto antiguos como el de nueva hornada al que miman en todos los medios pasando de puntillas de sus fisuras y dirigentes sospechosos, y al que tambi\u00e9n apoya el IBEX 35 y la CEOE seg\u00fan declaraciones de sus portavoces (ide\u00f3logos de la Reforma y Precariedad laboral y promotores del Despido gratuito). <!--more-->Lo hacen porque el peligro para sus intereses es PODEMOS e intentar socavar votantes en las pr\u00f3ximas elecciones por medio de la propaganda que hacen de esas disidencias, que en algunos casos son nimias, pero magnificadas por los medios, Erich Fromm lo defin\u00eda de la siguiente manera \u00abLa propaganda moderna, en un amplio sector, es muy distinta: no se dirige a la raz\u00f3n sino a la emoci\u00f3n; como todas las formas de sugesti\u00f3n hipn\u00f3tica, procura influir emocionalmente sobre los sujetos, para someterlos luego tambi\u00e9n desde el punto de vista intelectual\u00bb, \u00abla incesante repetici\u00f3n de la misma f\u00f3rmula, el influjo de la imagen\u00a0 de alguna persona de prestigio, atrae la atenci\u00f3n y debilita al propio tiempo su capacidad de cr\u00edtica; mediante el terror se\u00f1alando el peligro o bien estimulando acerca de un cambio imprevisto, de esta forma apagan o matan la capacidad cr\u00edtica a quien se dirige, y al mismo tiempo aumenta su sentimiento de peque\u00f1ez y de impotencia\u00bb<strong><sup>\u00a01<\/sup><\/strong>.<br \/>\nEjemplos de las declaraciones como objetivo para atacar a PODEMOS y donde algunas cr\u00edticas tiene parte de validez, quiero creer que sus autores no pretend\u00edan, al modo de los otros partidos, el mermar credibilidad a los votantes de PODEMOS en la Elecciones Generales para cambiar su voto, con cr\u00edticas y declaraciones incompletas y h\u00e1bilmente sesgadas podr\u00edan ser:<br \/>\nLa l\u00edder de Podem en Catalu\u00f1a expresa una opini\u00f3n cr\u00edtica\u00a0sobre los patinazos de Iglesias y su equipo en la campa\u00f1a del 27S, que\u00a0los medios enfatizan, sobre\u00a0su intervenci\u00f3n en campa\u00f1a como l\u00edder estatal eclipsando a los l\u00edderes locales y ser poco nacionalista. Como si fuese el \u00fanico l\u00edder entre todos los partidos pol\u00edticos que particip\u00f3 en ella, o por defender una identidad pero no la secesi\u00f3n planteada.<br \/>\nO la plataforma \u00abBases Podemos\u00bb que dicen sentirse preferentistas enga\u00f1ados abogando por una lista electoral sin amiguismo, sin enchufismo, sin caciques, hay otras que ser\u00e1n sacadas a la luz con proliferaci\u00f3n seg\u00fan nos acerquemos a la campa\u00f1a electoral. Tambi\u00e9n por presentar Pablo Iglesias una lista para las generales, \u00bfacaso no hubo otras candidaturas?, las hubo y en todas ellas exist\u00eda un cabeza de lista que se rodeaba de personas de su confianza, y todas se presentaron, esa es la diferencia con los dem\u00e1s partidos, tal vez alguno haga primarias para elegir el l\u00edder, pero solo eso, su equipo elige a los dem\u00e1s sin posibilidad de presentarse sus bases. Estas disidencias, mejor decir corrientes, ya surgieron desde el inicio de las confrontaciones con la patronal en el siglo XIX y Marx disert\u00f3 sobre ellas planteando que para triunfar \u00abes preferible salvar la unidad organizativa y renunciar a la exigencia de identidad filos\u00f3fica o de objetivos\u00bb, con la paradoja de quien lo practica son los representantes de los nuevos opresores. Salgamos de las garras de estos nuevos opresores, si no con Marx, con Charles Chaplin y su discurso en el \u201cEl gran dictador\u201d\u2026\u00a0 <a href=\"https:\/\/www.youtube.com\/watch?v=Rxl7CmUh6a8\">https:\/\/www.youtube.com\/watch?v=Rxl7CmUh6a8<br \/>\n<\/a>Otra maniobra tergiversadora por los medios de otro partido versa de una entrevista a Pablo Iglesias sobre los pol\u00edticos actuales, le han dado la vuelta difundiendo con gran titular: Iglesias se envuelve en la bandera del \u00abvoto \u00fatil\u00bb y no descarta un pacto con Ciudadanos.<br \/>\nLas campa\u00f1as electorales con sus letan\u00edas y de argumentarios cerrados son un insulto a la inteligencia de los ciudadanos, por eso PODEMOS act\u00faa al margen de un partido de masas, haci\u00e9ndolo como dice Habermas <strong>\u00abun partido de integraci\u00f3n que capte temporalmente a los electores y los motive a la aclamaci\u00f3n sin remover su minor\u00eda de edad pol\u00edtica\u00bb<sup>2<\/sup>.<\/strong><br \/>\nLas falsedades o cr\u00edticas de las distintas corrientes h\u00e1bilmente sacadas a la luz por distintos medios hace buena la reflexi\u00f3n de Habermas \u00abla idiotizaci\u00f3n producida por la Tv y la propaganda inhabilita al individuo para ejercer la cr\u00edtica racional, ese es el fundamento de la propaganda malintencionada, cuyo fin es que la pol\u00edtica ya no concite el entusiasmo de la participaci\u00f3n, sino que se perciba como una dura carga que distrae de las ocupaciones privadas y el tiempo que se dedicaba a la literatura y a la pol\u00edtica se invierte ahora en consumo y ocio\u00bb<strong><sup>2<\/sup><\/strong>.<br \/>\nLas cr\u00edticas de las corrientes internas deben ser catalizadoras para hacer m\u00e1s grande un partido, pero h\u00e1bilmente explotadas con titulares que no refleja la veracidad de ellas es, desacreditar, as\u00ed act\u00faan\u00a0algunos medios llamados informativos. Lo hacen\u00a0por el temor de sus patrocinadores, pues hasta ahora el reparto del poder en dos partidos estaba casi siempre apoyados por ac\u00f3litos o condicionados por ciertas Comunidades Auton\u00f3micas \u00e1vidas\u00a0de dinero, pero su fin est\u00e1 cercano como dijo Anna Arendt (1973:96): El mismo gobierno representativo se halla hoy en crisis, en parte, porque ha perdido, en el curso del tiempo, todas las instituciones que permit\u00edan la participaci\u00f3n efectiva de los ciudadanos y, en parte, por el hecho de verse afectado por la enfermedad que sufre el sistema de partidos: la burocratizaci\u00f3n y tendencia de los partidos a representar \u00fanicamente a su propia maquinaria.<\/p>\n<h5 style=\"text-align: justify;\"><strong>1.- \u201cEl miedo a la libertad\u201d, Erich Fromm,\u00a0 8\u00aa impresi\u00f3n: octubre de 2011, Paid\u00f3s, pp. 197, 198<br \/>\n<\/strong><strong>2.- \u201cLa apuesta por la democracia\u201d, M\u00aa Jos\u00e9 Guerra Palmero, Bonalletra Alcompas, S.L. 2015, pp. 36, 48, 50, 51<\/strong><\/h5>\n<p>&nbsp;<\/p>\n<div><strong>Publicado en:<\/strong><\/div>\n<div><a href=\"http:\/\/extremaduraprogresista.com\/libre\/40-libre-opinion\/21643--cuna-propia\" target=\"_blank\" rel=\"noopener noreferrer\">http:\/\/extremaduraprogresista.<wbr \/>com\/libre\/40-libre-opinion\/<wbr \/>21643&#8211;cuna-propia<\/a><\/div>\n<div><a href=\"https:\/\/www.reddit.com\/r\/podemos\/comments\/3p2y28\/cu%C3%B1a_propia\/\" target=\"_blank\" rel=\"noopener noreferrer\">https:\/\/www.reddit.com\/r\/<wbr \/>podemos\/comments\/3p2y28\/cu%C3%<wbr \/>B1a_propia\/<\/a><\/div>\n<div><a href=\"http:\/\/periodistas-es.com\/cuna-propia-59760\" target=\"_blank\" rel=\"noopener noreferrer\">http:\/\/periodistas-es.com\/<wbr \/>cuna-propia-59760<\/a><\/div>\n<div><a href=\"http:\/\/www.diariosigloxxi.com\/texto-diario\/mostrar\/319982\/cuna-propia#.ViIqHlTtlHw\" target=\"_blank\" rel=\"noopener noreferrer\">http:\/\/www.diariosigloxxi.com\/<wbr \/>texto-diario\/mostrar\/319982\/<wbr \/>cuna-propia#.ViIqHlTtlHw<\/a><\/div>\n<div><a href=\"http:\/\/www.todo-titulares.es\/politica.php\/cuna-propia\" target=\"_blank\" rel=\"noopener noreferrer\">http:\/\/www.todo-titulares.es\/<wbr \/>politica.php\/cuna-propia<\/a><\/div>\n<div><a href=\"http:\/\/losverdesdelhenares.blogspot.com.es\/\" target=\"_blank\" rel=\"noopener noreferrer\">http:\/\/losverdesdelhenares.<wbr \/>blogspot.com.es\/<\/a><\/div>\n<div><a href=\"http:\/\/leonoticias.com\/frontend\/leonoticias\/Cuna-Propia-vn186895-vst232\" target=\"_blank\" rel=\"noopener noreferrer\">http:\/\/leonoticias.com\/<wbr \/>frontend\/leonoticias\/Cuna-<wbr \/>Propia-vn186895-vst232<\/a><\/div>\n<div><a href=\"http:\/\/www.elblogoferoz.com\/2015\/10\/18\/cuna-propia-por-jose-enrique-centen-martin\/\" target=\"_blank\" rel=\"noopener noreferrer\">http:\/\/www.elblogoferoz.com\/<wbr \/>2015\/10\/18\/cuna-propia-por-<wbr \/>jose-enrique-centen-martin\/<\/a><\/div>\n<div><a href=\"http:\/\/sierranortedigital.com\/portada\/18\/10\/2015\/opinion\/no-hay-peor-cuna-que-la-de-la-misma-madera\/\" target=\"_blank\" rel=\"noopener noreferrer\">http:\/\/sierranortedigital.com\/<wbr \/>portada\/18\/10\/2015\/opinion\/no-<wbr \/>hay-peor-cuna-que-la-de-la-<wbr \/>misma-madera\/<\/a><\/div>\n<div><a href=\"http:\/\/informacionalhamaindependiente.blogspot.com.es\/2015\/10\/cuna-propia.html\" target=\"_blank\" rel=\"noopener noreferrer\">http:\/\/<wbr \/>informacionalhamaindependiente<wbr \/>.blogspot.com.es\/2015\/10\/cuna-<wbr \/>propia.html<\/a><\/div>\n<div><a href=\"http:\/\/www.tercerainformacion.es\/spip.php?article93457\" target=\"_blank\" rel=\"noopener noreferrer\">http:\/\/www.tercerainformacion.<wbr \/>es\/spip.php?article93457<\/a><\/div>\n<div><a href=\"http:\/\/es.globedia.com\/cuna-propia\" target=\"_blank\" rel=\"noopener noreferrer\">http:\/\/es.globedia.com\/cuna-<wbr \/>propia<\/a><\/div>\n<div><a href=\"http:\/\/mas.lne.es\/cartasdeloslectores\/carta\/20950\/cuna-propia.html\" target=\"_blank\" rel=\"noopener noreferrer\">http:\/\/mas.lne.es\/<wbr \/>cartasdeloslectores\/carta\/<wbr \/>20950\/cuna-propia.html<\/a><\/div>\n<div><a href=\"http:\/\/izona.org\/index.php\/politica\/424-cuna-propia\" target=\"_blank\" rel=\"noopener noreferrer\">http:\/\/izona.org\/index.php\/<wbr \/>politica\/424-cuna-propia<\/a><\/div>\n<div class='shareinpost'><ul class=\"socialwrap row\"><li class=\"iconOnly\"><a  rel='nofollow'  target='_blank'  title='Recommend this post : Cu\u00f1a propia on Facebook'  href='http:\/\/www.facebook.com\/sharer.php?u=https%3A%2F%2Fwww.vitrubio03.es%2F%3Fp%3D5424&amp;t=Cu%C3%B1a+propia'  ><img  src='https:\/\/www.vitrubio03.es\/wp-content\/plugins\/share-and-follow\/images\/blank.gif'  height='32' width='32'  class='image-32' alt='facebook'  style='background: transparent url(https:\/\/www.vitrubio03.es\/wp-content\/plugins\/share-and-follow\/default\/32\/sprite-32.png) no-repeat;padding:0;margin:0;height:32px;width:32px;background-position:-363px 0px'   \/> <span class=\"head\">Recommend on Facebook<\/span><\/a><\/li><li class=\"iconOnly\"><a  rel='nofollow'  target='_blank'  title='Tweet this post : Cu\u00f1a propia on Twitter'  href=\"http:\/\/twitter.com\/share?url=https%3A%2F%2Fwww.vitrubio03.es%2F%3Fp%3D5424&amp;text=Cu%C3%B1a+propia+-+\"  ><img  src='https:\/\/www.vitrubio03.es\/wp-content\/plugins\/share-and-follow\/images\/blank.gif'  height='32' width='32'  class='image-32' alt='twitter'  style='background: transparent url(https:\/\/www.vitrubio03.es\/wp-content\/plugins\/share-and-follow\/default\/32\/sprite-32.png) no-repeat;padding:0;margin:0;height:32px;width:32px;background-position:-1749px 0px'   \/> <span class=\"head\">Tweet about it<\/span><\/a><\/li><li class=\"iconOnly\"><a  rel='nofollow'  target='_self'  title='Print this post : Cu\u00f1a propia for reading later'  href='javascript:window.print();'  ><img  src='https:\/\/www.vitrubio03.es\/wp-content\/plugins\/share-and-follow\/images\/blank.gif'  height='32' width='32'  class='image-32' alt='print'  style='background: transparent url(https:\/\/www.vitrubio03.es\/wp-content\/plugins\/share-and-follow\/default\/32\/sprite-32.png) no-repeat;padding:0;margin:0;height:32px;width:32px;background-position:-1386px 0px'   \/> <span class=\"head\">Print for later<\/span><\/a><\/li><li class=\"iconOnly\"><a rel=\"_self\" href=\"mailto:?subject=Reflexiones%20propias%20:%20Cu\u00f1a%20propia&amp;body=Te%20adjunto%20un%20enlace%20a%20un%20art\u00edculo.%20Espero%20que%20te%20guste%20%20https:\/\/www.vitrubio03.es\/?p=5424\" title=\"Tell a friend about this post : Cu\u00f1a propia \"><img loading=\"lazy\" decoding=\"async\" src=\"https:\/\/www.vitrubio03.es\/wp-content\/plugins\/share-and-follow\/images\/blank.gif\" height=\"32\"  width=\"32\" style=\"background: transparent url(https:\/\/www.vitrubio03.es\/wp-content\/plugins\/share-and-follow\/default\/32\/sprite-32.png) no-repeat;padding:0;margin:0;height:32px;width:32px;background-position:-330px 0px\" class=\"image-32\"  alt=\"email\" \/> <span class=\"head\">Tell a friend<\/span><\/a><\/li><\/ul><div class=\"clean\"><\/div> <\/div>","protected":false},"excerpt":{"rendered":"<p>\u00abNo hay peor cu\u00f1a que la de la misma madera\u00bb, refr\u00e1n que refleja a la perfecci\u00f3n a los cr\u00edticos en la filas de PODEMOS h\u00e1bilmente espoleados por la prensa convencional, la de partidos pol\u00edticos, la de la llamada independiente del &hellip; <a href=\"https:\/\/www.vitrubio03.es\/?p=5424\">Sigue leyendo <span class=\"meta-nav\">&rarr;<\/span><\/a><\/p>\n","protected":false},"author":2,"featured_media":0,"comment_status":"closed","ping_status":"closed","sticky":false,"template":"","format":"standard","meta":{"footnotes":""},"categories":[58,54],"tags":[32,31],"class_list":["post-5424","post","type-post","status-publish","format-standard","hentry","category-15-m","category-elecciones","tag-los-progresistas","tag-piensa"],"_links":{"self":[{"href":"https:\/\/www.vitrubio03.es\/index.php?rest_route=\/wp\/v2\/posts\/5424","targetHints":{"allow":["GET"]}}],"collection":[{"href":"https:\/\/www.vitrubio03.es\/index.php?rest_route=\/wp\/v2\/posts"}],"about":[{"href":"https:\/\/www.vitrubio03.es\/index.php?rest_route=\/wp\/v2\/types\/post"}],"author":[{"embeddable":true,"href":"https:\/\/www.vitrubio03.es\/index.php?rest_route=\/wp\/v2\/users\/2"}],"replies":[{"embeddable":true,"href":"https:\/\/www.vitrubio03.es\/index.php?rest_route=%2Fwp%2Fv2%2Fcomments&post=5424"}],"version-history":[{"count":7,"href":"https:\/\/www.vitrubio03.es\/index.php?rest_route=\/wp\/v2\/posts\/5424\/revisions"}],"predecessor-version":[{"id":7093,"href":"https:\/\/www.vitrubio03.es\/index.php?rest_route=\/wp\/v2\/posts\/5424\/revisions\/7093"}],"wp:attachment":[{"href":"https:\/\/www.vitrubio03.es\/index.php?rest_route=%2Fwp%2Fv2%2Fmedia&parent=5424"}],"wp:term":[{"taxonomy":"category","embeddable":true,"href":"https:\/\/www.vitrubio03.es\/index.php?rest_route=%2Fwp%2Fv2%2Fcategories&post=5424"},{"taxonomy":"post_tag","embeddable":true,"href":"https:\/\/www.vitrubio03.es\/index.php?rest_route=%2Fwp%2Fv2%2Ftags&post=5424"}],"curies":[{"name":"wp","href":"https:\/\/api.w.org\/{rel}","templated":true}]}}