{"id":5541,"date":"2015-12-29T18:46:56","date_gmt":"2015-12-29T17:46:56","guid":{"rendered":"http:\/\/www.vitrubio03.es\/?p=5541"},"modified":"2020-08-23T18:34:06","modified_gmt":"2020-08-23T16:34:06","slug":"papa-estado-fue-el-1o","status":"publish","type":"post","link":"https:\/\/www.vitrubio03.es\/?p=5541","title":{"rendered":"Pap\u00e1 Estado fue el 1\u00ba"},"content":{"rendered":"<p style=\"text-align: justify;\">Es tremenda la hipocres\u00eda de nuestros pol\u00edticos salidos de las urnas, as\u00ed como de todos aquellos tertulianos, ex pol\u00edticos, periodistas y dem\u00e1s parafernalia que acusan a PODEMOS <a href=\"https:\/\/www.vitrubio03.es\/?attachment_id=5542\" rel=\"attachment wp-att-5542\"><img loading=\"lazy\" decoding=\"async\" class=\"alignleft size-full wp-image-5542\" src=\"https:\/\/www.vitrubio03.es\/wp-content\/uploads\/2015\/12\/Papa-Estado-1.jpg\" alt=\"Papa Estado 1\" width=\"194\" height=\"260\" \/><\/a>de romper Espa\u00f1a, pero \u00bfqui\u00e9n rompi\u00f3 Espa\u00f1a? fueron nuestros gobernantes con su Reforma Laboral, privatizaciones y el aniquilamiento del bienestar Social, estos representantes del Estado son los causantes de la secesi\u00f3n de millones de espa\u00f1oles, junto a los gobiernos de los distintas CC AA y del Central quienes con su pol\u00edtica al servicio de las grandes multinacionales con ajustes estructurales econ\u00f3micos y las medidas de austeridad aplicada a los asalariados por: el abaratamiento del despido, los contratos precarios, los copagos, los impuestos indirectos, un IRPF diferente para las empresas o grandes fortunas, la corrupci\u00f3n masiva, el enriquecimiento desmedido y delirante de las grandes fortunas frente al empobrecimiento cada vez mayor de la gran masa asalariada, es la Revoluci\u00f3n de los ricos contra los pobres <strong><sup>1<\/sup><\/strong>. <!--more-->Fue Pap\u00e1 Estado quien rompi\u00f3 Espa\u00f1a, el mismo que call\u00f3 ante declaraciones como las del presidente de la Comisi\u00f3n de Econom\u00eda y Pol\u00edtica Financiera de la CEOE, Jos\u00e9 Luis Fe\u00edto en mayo de 2012, donde remarc\u00f3 que en el resto de pa\u00edses europeos es inconcebible que los desempleados cobren paro si han recibido una oferta de trabajo. \u00abComo si es en Laponia\u00bb, subray\u00f3, declaraciones jaleadas por muchos empresarios, sobre todo de las grandes empresas y pol\u00edticos afectos.<br \/>\nPorque romper Espa\u00f1a es salir por obligaci\u00f3n para trabajar, no ha sido por mejorar profesionalmente o por adquirir m\u00e1s conocimientos, ha sido porque Pap\u00e1 Estado con su pol\u00edtica econ\u00f3mica interesada los ha expulsado, as\u00ed lo han hecho dos millones de espa\u00f1oles desde el 2009, ver reportaje de Diario.es, 28\/12\/2015. Este abandono y salida masiva de j\u00f3venes de Espa\u00f1a, en su mayor\u00eda bien preparados, nuestra ministra F. B\u00e1\u00f1ez a la emigraci\u00f3n cada vez mayor la califica de \u00abmovilidad exterior\u00bb, cuando en realidad son dos millones de secesiones forzadas por Pap\u00e1 Estado al no estar interesado en los miles de t\u00e9cnicos, licenciados, sanitarios, m\u00e9dicos, investigadores\u2026 que reclaman trabajo digno, y sabiendo que en el exterior necesitan de todos ellos porque as\u00ed lo anunciaban, era la \u00fanica manera de camuflar el mayor paro entre los j\u00f3venes de Europa. Puede que en otros pa\u00edses haya unos contratos parecidos, pero al menos los sueldos son m\u00e1s dignos, porque frente a los 655\u20ac de salario m\u00ednimo en Espa\u00f1a, en Alemania es de 1.473\u20ac, Reino Unido 1.460, Francia, 1.458. Uno de los motivos por querer salir de Espa\u00f1a, se le podr\u00eda llamar tambi\u00e9n, la secesi\u00f3n de dos millones de personas, no son separatistas<br \/>\nAun as\u00ed los distintos gobiernos han seguido obcecados en dar la espalda a los ciudadanos, siendo castigados en las urnas el 20D y solo un partido pol\u00edtico con planteamientos generales que surgi\u00f3 del 15M, ofrece cinco puntos program\u00e1ticos para gobernar de cara a la ciudadan\u00eda, puntos que el resto de los partidos ignoran, solo discuten el \u00faltimo, dado que los cuatro primeros van en contra de los intereses de la Dictadura Financiera en Espa\u00f1a.<br \/>\nEs tal la sumisi\u00f3n a esta Dictadura que ser\u00e1n capaces de gobernar en coalici\u00f3n los mismos que fueron responsables de las tropel\u00edas contra el pueblo espa\u00f1ol durante los \u00faltimos a\u00f1os, como dijo Sartre: \u00abla esclerosis de los partidos actuales por el fortalecimiento de un grupo de juramentados que no permiten tendencias diferentes, los ha llevado a la burocratizaci\u00f3n del propio partido, con la marcada ciega obediencia a la figura paternal del jefe &#8211; secretario\u00bb <strong><sup>2<\/sup><\/strong>.<br \/>\nLos espa\u00f1oles debemos mostrar, al igual que Sastre, que el odio que debemos de tener hacia esas personas auto calificadas de VIPS, sean financieros, banqueros o pol\u00edticos sumisos no se debe de extinguir, porque su concepto de civilizaci\u00f3n es la que ha desembocado la ruina y desolaci\u00f3n en la que estamos sumidos.<br \/>\nDebemos de estar muy atentos a las falsas promesas y mensajes de muchos de estos hip\u00f3critas sobre la ruptura de Espa\u00f1a, ellos son los que buscan la confrontaci\u00f3n entre distintas CC AA y el Estado, son ellos, los representantes de Pap\u00e1 Estado hasta hoy son los que rompen Espa\u00f1a con su pol\u00edtica econ\u00f3mica en beneficio de terceros y puertas giratorias propias.<\/p>\n<h6><strong>1.- La herencia de Gramsci y Althusser, <em>Carlos Fdez. Liria<\/em>, \u00a0Edit. Bonalletra Alcompas S.L.\u00a0 2015 p\u00e1g. 105<br \/>\n<\/strong><strong>2.- Sartre, entrevista en la Sorbona publicada en enero de 1970, preguntado sobre la organizaci\u00f3n pol\u00edtica.<\/strong><\/h6>\n<p>&nbsp;<\/p>\n<div><b>Publicado en:<\/b><\/div>\n<div><a href=\"http:\/\/www.diariosigloxxi.com\/texto-diario\/mostrar\/390903\/papa-estado-fue-el-1#.VoS8vlThDcs\" target=\"_blank\" rel=\"noopener noreferrer\">http:\/\/www.diariosigloxxi.com\/<wbr \/>texto-diario\/mostrar\/390903\/<wbr \/>papa-estado-fue-el-1#.<wbr \/>VoS8vlThDcs<\/a><\/div>\n<div><a href=\"https:\/\/www.reddit.com\/r\/podemos\/comments\/3yof54\/podemos_no_fue_el_1%C2%BA_en_el_derecho_a_decidir\/\" target=\"_blank\" rel=\"noopener noreferrer\">https:\/\/www.reddit.com\/r\/<wbr \/>podemos\/comments\/3yof54\/<wbr \/>podemos_no_fue_el_1%C2%BA_en_<wbr \/>el_derecho_a_decidir\/<\/a><\/div>\n<div><a href=\"http:\/\/informacionalhamaindependiente.blogspot.com.es\/2015\/12\/papa-estado-fue-el-1.html\" target=\"_blank\" rel=\"noopener noreferrer\">http:\/\/<wbr \/>informacionalhamaindependiente<wbr \/>.blogspot.com.es\/2015\/12\/papa-<wbr \/>estado-fue-el-1.html<\/a><\/div>\n<div><a href=\"http:\/\/extremaduraprogresista.com\/libre\/40-libre-opinion\/22078--papa-estado-fue-el-1o\" target=\"_blank\" rel=\"noopener noreferrer\">http:\/\/extremaduraprogresista.<wbr \/>com\/libre\/40-libre-opinion\/<wbr \/>22078&#8211;papa-estado-fue-el-1o<\/a><\/div>\n<div><a href=\"http:\/\/leonoticias.com\/frontend\/leonoticias\/Papa-Estado-Fue-El-1o-vn193058-vst232\" target=\"_blank\" rel=\"noopener noreferrer\">http:\/\/leonoticias.com\/<wbr \/>frontend\/leonoticias\/Papa-<wbr \/>Estado-Fue-El-1o-vn193058-<wbr \/>vst232<\/a><\/div>\n<div><a href=\"http:\/\/www.tercerainformacion.es\/spip.php?article96983\" target=\"_blank\" rel=\"noopener noreferrer\">http:\/\/www.tercerainformacion.<wbr \/>es\/spip.php?article96983<\/a><\/div>\n<div><a href=\"http:\/\/www.sierranortedigital.com\/519977841\/Papa-Estado-fue-el-1o.html?origin=newsletter&amp;id=22&amp;tipo=3&amp;identificador=519977841&amp;id_boletin=795303190&amp;cod_suscriptor=129192468&amp;email=ecenten@gmail.com\" target=\"_blank\" rel=\"noopener noreferrer\">http:\/\/www.sierranortedigital.<wbr \/>com\/519977841\/Papa-Estado-fue-<wbr \/>el-1o.html?origin=newsletter&amp;<wbr \/>id=22&amp;tipo=3&amp;identificador=<wbr \/>519977841&amp;id_boletin=<wbr \/>795303190&amp;cod_suscriptor=<wbr \/>129192468&amp;email=ecenten@gmail.<wbr \/>com<\/a><\/div>\n<div><a href=\"https:\/\/www.tumblr.com\/search\/desmedido\" target=\"_blank\" rel=\"noopener noreferrer\">https:\/\/www.tumblr.com\/search\/<wbr \/>desmedido<\/a><a href=\"http:\/\/www.diariosigloxxi.com\/texto-diario\/mostrar\/390903\/papa-estado-fue-el-1#.VoS8vlThDcs\" target=\"_blank\" rel=\"noopener noreferrer\">\/papa-estado-fue-el-<wbr \/>1#.VoS8vlThDcs<\/a><\/div>\n<div><a href=\"http:\/\/mas.lne.es\/cartasdeloslectores\/carta\/21873\/papa-estado.html\" target=\"_blank\" rel=\"noopener noreferrer\">http:\/\/mas.lne.es\/<wbr \/>cartasdeloslectores\/carta\/<wbr \/>21873\/papa-estado.html<\/a><\/div>\n<div><a href=\"http:\/\/izona.org\/index.php\/politica\/452-papa-estado-fue-el-1\" target=\"_blank\" rel=\"noopener noreferrer\">http:\/\/izona.org\/index.php\/<wbr \/>politica\/452-papa-estado-fue-<wbr \/>el-1<\/a><\/div>\n<div><a href=\"http:\/\/es.makemefeed.com\/2015\/12\/31\/papa-estado-fue-el-1-645303.html\" target=\"_blank\" rel=\"noopener noreferrer\">http:\/\/es.makemefeed.com\/2015\/<wbr \/>12\/31\/papa-estado-fue-el-1-<wbr \/>645303.html<\/a><\/div>\n<div><a href=\"http:\/\/es.globedia.com\/papa-estado-fue-el-1-\" target=\"_blank\" rel=\"noopener noreferrer\">http:\/\/es.globedia.com\/papa-<wbr \/>estado-fue-el-1-<\/a><\/div>\n<div class='shareinpost'><ul class=\"socialwrap row\"><li class=\"iconOnly\"><a  rel='nofollow'  target='_blank'  title='Recommend this post : Pap\u00e1 Estado fue el 1\u00ba on Facebook'  href='http:\/\/www.facebook.com\/sharer.php?u=https%3A%2F%2Fwww.vitrubio03.es%2F%3Fp%3D5541&amp;t=Pap%C3%A1+Estado+fue+el+1%C2%BA'  ><img  src='https:\/\/www.vitrubio03.es\/wp-content\/plugins\/share-and-follow\/images\/blank.gif'  height='32' width='32'  class='image-32' alt='facebook'  style='background: transparent url(https:\/\/www.vitrubio03.es\/wp-content\/plugins\/share-and-follow\/default\/32\/sprite-32.png) no-repeat;padding:0;margin:0;height:32px;width:32px;background-position:-363px 0px'   \/> <span class=\"head\">Recommend on Facebook<\/span><\/a><\/li><li class=\"iconOnly\"><a  rel='nofollow'  target='_blank'  title='Tweet this post : Pap\u00e1 Estado fue el 1\u00ba on Twitter'  href=\"http:\/\/twitter.com\/share?url=https%3A%2F%2Fwww.vitrubio03.es%2F%3Fp%3D5541&amp;text=Pap%C3%A1+Estado+fue+el+1%C2%BA+-+\"  ><img  src='https:\/\/www.vitrubio03.es\/wp-content\/plugins\/share-and-follow\/images\/blank.gif'  height='32' width='32'  class='image-32' alt='twitter'  style='background: transparent url(https:\/\/www.vitrubio03.es\/wp-content\/plugins\/share-and-follow\/default\/32\/sprite-32.png) no-repeat;padding:0;margin:0;height:32px;width:32px;background-position:-1749px 0px'   \/> <span class=\"head\">Tweet about it<\/span><\/a><\/li><li class=\"iconOnly\"><a  rel='nofollow'  target='_self'  title='Print this post : Pap\u00e1 Estado fue el 1\u00ba for reading later'  href='javascript:window.print();'  ><img  src='https:\/\/www.vitrubio03.es\/wp-content\/plugins\/share-and-follow\/images\/blank.gif'  height='32' width='32'  class='image-32' alt='print'  style='background: transparent url(https:\/\/www.vitrubio03.es\/wp-content\/plugins\/share-and-follow\/default\/32\/sprite-32.png) no-repeat;padding:0;margin:0;height:32px;width:32px;background-position:-1386px 0px'   \/> <span class=\"head\">Print for later<\/span><\/a><\/li><li class=\"iconOnly\"><a rel=\"_self\" href=\"mailto:?subject=Reflexiones%20propias%20:%20Pap\u00e1%20Estado%20fue%20el%201\u00ba&amp;body=Te%20adjunto%20un%20enlace%20a%20un%20art\u00edculo.%20Espero%20que%20te%20guste%20%20https:\/\/www.vitrubio03.es\/?p=5541\" title=\"Tell a friend about this post : Pap\u00e1 Estado fue el 1\u00ba \"><img loading=\"lazy\" decoding=\"async\" src=\"https:\/\/www.vitrubio03.es\/wp-content\/plugins\/share-and-follow\/images\/blank.gif\" height=\"32\"  width=\"32\" style=\"background: transparent url(https:\/\/www.vitrubio03.es\/wp-content\/plugins\/share-and-follow\/default\/32\/sprite-32.png) no-repeat;padding:0;margin:0;height:32px;width:32px;background-position:-330px 0px\" class=\"image-32\"  alt=\"email\" \/> <span class=\"head\">Tell a friend<\/span><\/a><\/li><\/ul><div class=\"clean\"><\/div> <\/div>","protected":false},"excerpt":{"rendered":"<p>Es tremenda la hipocres\u00eda de nuestros pol\u00edticos salidos de las urnas, as\u00ed como de todos aquellos tertulianos, ex pol\u00edticos, periodistas y dem\u00e1s parafernalia que acusan a PODEMOS de romper Espa\u00f1a, pero \u00bfqui\u00e9n rompi\u00f3 Espa\u00f1a? fueron nuestros gobernantes con su Reforma &hellip; <a href=\"https:\/\/www.vitrubio03.es\/?p=5541\">Sigue leyendo <span class=\"meta-nav\">&rarr;<\/span><\/a><\/p>\n","protected":false},"author":2,"featured_media":0,"comment_status":"closed","ping_status":"closed","sticky":false,"template":"","format":"standard","meta":{"footnotes":""},"categories":[4,10],"tags":[16,17],"class_list":["post-5541","post","type-post","status-publish","format-standard","hentry","category-emigracion","category-nacional","tag-derechos","tag-elecciones"],"_links":{"self":[{"href":"https:\/\/www.vitrubio03.es\/index.php?rest_route=\/wp\/v2\/posts\/5541","targetHints":{"allow":["GET"]}}],"collection":[{"href":"https:\/\/www.vitrubio03.es\/index.php?rest_route=\/wp\/v2\/posts"}],"about":[{"href":"https:\/\/www.vitrubio03.es\/index.php?rest_route=\/wp\/v2\/types\/post"}],"author":[{"embeddable":true,"href":"https:\/\/www.vitrubio03.es\/index.php?rest_route=\/wp\/v2\/users\/2"}],"replies":[{"embeddable":true,"href":"https:\/\/www.vitrubio03.es\/index.php?rest_route=%2Fwp%2Fv2%2Fcomments&post=5541"}],"version-history":[{"count":10,"href":"https:\/\/www.vitrubio03.es\/index.php?rest_route=\/wp\/v2\/posts\/5541\/revisions"}],"predecessor-version":[{"id":7098,"href":"https:\/\/www.vitrubio03.es\/index.php?rest_route=\/wp\/v2\/posts\/5541\/revisions\/7098"}],"wp:attachment":[{"href":"https:\/\/www.vitrubio03.es\/index.php?rest_route=%2Fwp%2Fv2%2Fmedia&parent=5541"}],"wp:term":[{"taxonomy":"category","embeddable":true,"href":"https:\/\/www.vitrubio03.es\/index.php?rest_route=%2Fwp%2Fv2%2Fcategories&post=5541"},{"taxonomy":"post_tag","embeddable":true,"href":"https:\/\/www.vitrubio03.es\/index.php?rest_route=%2Fwp%2Fv2%2Ftags&post=5541"}],"curies":[{"name":"wp","href":"https:\/\/api.w.org\/{rel}","templated":true}]}}