{"id":5743,"date":"2016-04-13T18:33:06","date_gmt":"2016-04-13T16:33:06","guid":{"rendered":"http:\/\/www.vitrubio03.es\/?p=5743"},"modified":"2020-08-23T19:55:53","modified_gmt":"2020-08-23T17:55:53","slug":"no-hay-hesitura-posible-pedro","status":"publish","type":"post","link":"https:\/\/www.vitrubio03.es\/?p=5743","title":{"rendered":"No hay hesitura posible Pedro"},"content":{"rendered":"<p style=\"text-align: justify;\">Pedro, tu supuesto socio pol\u00edtico para formar gobierno practica la felon\u00eda de forma habitual, ha <a href=\"https:\/\/www.vitrubio03.es\/?attachment_id=5744\" rel=\"attachment wp-att-5744\"><img loading=\"lazy\" decoding=\"async\" class=\"alignleft size-medium wp-image-5744\" src=\"https:\/\/www.vitrubio03.es\/wp-content\/uploads\/2016\/04\/Lider-pol\u00edtico-300x188.png\" alt=\"Lider pol\u00edtico\" width=\"300\" height=\"188\" srcset=\"https:\/\/www.vitrubio03.es\/wp-content\/uploads\/2016\/04\/Lider-pol\u00edtico-300x188.png 300w, https:\/\/www.vitrubio03.es\/wp-content\/uploads\/2016\/04\/Lider-pol\u00edtico.png 438w\" sizes=\"auto, (max-width: 300px) 100vw, 300px\" \/><\/a>quedado demostrado en el debate sobre la propuesta presentada por PODEMOS el primer d\u00eda en el Congreso, la Ley de Emergencia Social, Ley apoyada por la mayor\u00eda de los grupos parlamentarios, excepto los del PP y la abstenci\u00f3n de Ciudadanos y PNV. Las cr\u00edticas a la Ley presentada por PODEMOS se centraron principalmente en que hab\u00eda partidas de competencia auton\u00f3micas y no plasmar el coste total para llevar a cabo la Ley 25.<!--more--><br \/>\nNo es esta la primera traici\u00f3n y aun as\u00ed, sigues apostando por \u00ablos naranjas\u00bb, en este caso se abstuvieron con la desfachatez de decir que en el acuerdo con ellos est\u00e1n incluido esos puntos, si lo est\u00e1n, \u00bfporque se abstienen? En Andaluc\u00eda anteriormente tampoco apoyaron a la Junta en otra votaci\u00f3n a pesar de que gobiernan con ellos. Y su portavoz en el Congreso dice que no te f\u00edas de Pablo, lo llev\u00e1is claro, para que necesit\u00e1is enemigos si con vuestros aliados ten\u00e9is suficiente. Un partido aliado digno hijo de su ancestro, el partido gobernante en funciones, militantes procedentes del partido gobernante o expulsados de otros, que se han alimentado de su ubre ponzo\u00f1osa cuyo producto final es la falsedad, como fueron sus promesas electorales del 2011, todas sistem\u00e1ticamente incumplidas, y como de tal palo tal astilla, act\u00faan por inter\u00e9s de partido, nunca por el inter\u00e9s general.<br \/>\nLa Ley 25 propuesta por PODEMOS para paliar la situaci\u00f3n de emergencia para las familias con menos recursos, no es ninguna novedad, se ha tomado el <strong>nombre del punto 25 de la Declaraci\u00f3n Universal de los Derechos Humanos,<\/strong> que adoptaron las Naciones Unidas el 10 de diciembre de 1948 donde Espa\u00f1a no ten\u00eda representaci\u00f3n, pues desde el 9 de febrero de 1946 la Asamblea General prohib\u00eda la entrada de Espa\u00f1a a la organizaci\u00f3n alegando que el Ejecutivo espa\u00f1ol, hab\u00eda sido fundado con el apoyo de las Potencias del Eje, y no posee en vista de sus or\u00edgenes, su naturaleza, su historial y su \u00edntima asociaci\u00f3n con los Estados agresores, las condiciones necesarias que justifiquen su admisi\u00f3n. El 12 de diciembre de ese a\u00f1o se fue m\u00e1s lejos y se dec\u00eda que el R\u00e9gimen hab\u00eda sido impuesto por la fuerza al pueblo espa\u00f1ol, por lo que no representa al pueblo espa\u00f1ol. Hay que recordar que desde la muerte del dictador la Dictadura nunca fue condenada por el gobierno en funciones, ni por los\u00a0 \u00abnaranjas\u00bb taxativamente.<br \/>\nFinalmente Espa\u00f1a fue admitida el 14 de diciembre de 1955, con Rusia, B\u00e9lgica, M\u00e9xico, Polonia e Israel, bastante reticentes a la entrada del pa\u00eds en la ONU. Lo fue debido a la intervenci\u00f3n de Vaticano tras su Concordato contenido en la Bula Hispaniarum Fidelitas del 5 de Agosto de\u00a0 1953 y la presi\u00f3n de los EEUU tras los llamados Pactos de Madrid de 1953, tres acuerdos ejecutivos firmados en Madrid el 23 de septiembre de 1953 para el establecimiento de bases americanas en suelo espa\u00f1ol.<br \/>\nPedro, \u00bfpor qu\u00e9 te f\u00edas de ellos? cuando son capaces de abstenerse votar la Ley 25 basada en el Art\u00edculo 25 de los DD HH de diciembre de 1948 que dice:<strong>\u00a0<\/strong><\/p>\n<h6><strong>\u00a0Art\u00edculo 25<\/strong><\/h6>\n<ul style=\"text-align: justify;\">\n<li>\n<h6><strong>Toda persona tiene derecho a un nivel de vida adecuado que le asegure, as\u00ed como a su familia, la salud y el bienestar, y en especial la alimentaci\u00f3n, la vivienda, la asistencia m\u00e9dica y los servicios sociales necesarios; tiene asimismo derecho a los seguros en caso de desempleo, enfermedad, invalidez, viudez, vejez u otros casos de p\u00e9rdida de sus medios de subsistencia por circunstancias independiente a su voluntad.<\/strong><\/h6>\n<\/li>\n<li>\n<h6><strong>La maternidad y la infancia tienen derechos de cuidados y asistencia especiales. Todos los ni\u00f1os, nacidos en matrimonio o fuera de matrimonio, tienen derecho a igual protecci\u00f3n social.<\/strong><\/h6>\n<\/li>\n<\/ul>\n<p style=\"text-align: justify;\">Ni siquiera estos puntos b\u00e1sicos de los DD HH son de inter\u00e9s para el partido que vot\u00f3 en contra o para los abstencionistas, al ir en contra del inter\u00e9s particular de dichos partidos, que no es otro que la privatizaci\u00f3n a ultranza de la Sanidad y Servicios Sociales.<br \/>\nNo s\u00e9 c\u00f3mo calificarte Pedro, eres un quieres pero no puedes, porque dif\u00edcilmente podr\u00e1s hacer lo que quieres con asesores y\u00a0aliados de tal cala\u00f1a.<\/p>\n<div><strong>Publicado en:<\/strong><\/div>\n<div><span style=\"color: #0000ff;\"><a href=\"http:\/\/www.tercerainformacion.es\/spip.php?article101749\" target=\"_blank\" rel=\"noopener noreferrer\">http:\/\/www.tercerainformacion.<wbr \/>es\/spip.php?article101749<\/a><br \/>\n<\/span><\/div>\n<div><span style=\"color: #0000ff;\"><a href=\"https:\/\/impresionesmias.wordpress.com\/novedades-en-el-blog\/\" target=\"_blank\" rel=\"noopener noreferrer\">https:\/\/impresionesmias.<wbr \/>wordpress.com\/novedades-en-el-<wbr \/>blog\/<\/a>No hay hesitura posible Pedro<br \/>\n<\/span><\/div>\n<div><span style=\"color: #0000ff;\"><a href=\"http:\/\/www.todo-titulares.es\/\" target=\"_blank\" rel=\"noopener noreferrer\">http:\/\/www.todo-titulares.es\/<\/a>N<wbr \/>o hay hesitura posible Pedro<br \/>\n<\/span><\/div>\n<div><span style=\"color: #0000ff;\"><a href=\"https:\/\/www.reddit.com\/r\/podemos\/comments\/4emrqx\/no_hay_hesitura_posible_pedro\/\" target=\"_blank\" rel=\"noopener noreferrer\">https:\/\/www.reddit.com\/r\/<wbr \/>podemos\/comments\/4emrqx\/no_<wbr \/>hay_hesitura_posible_pedro\/<\/a><br \/>\n<\/span><\/div>\n<div><span style=\"color: #0000ff;\"><a href=\"http:\/\/www.galiciadiario.com\/web\/frontend_cargar_articulo.php?id_articulo=2709\" target=\"_blank\" rel=\"noopener noreferrer\">http:\/\/www.galiciadiario.com\/<wbr \/>web\/frontend_cargar_articulo.<wbr \/>php?id_articulo=2709<\/a><br \/>\n<\/span><\/div>\n<div><span style=\"color: #0000ff;\"><a href=\"http:\/\/extremaduraprogresista.com\/libre\/40-libre-opinion\/22598-no-hay-hesitura-posible-pedro\" target=\"_blank\" rel=\"noopener noreferrer\">http:\/\/extremaduraprogresista.<wbr \/>com\/libre\/40-libre-opinion\/<wbr \/>22598-no-hay-hesitura-posible-<wbr \/>pedro<\/a><br \/>\n<\/span><\/div>\n<div><a href=\"http:\/\/informacionalhamaindependiente.blogspot.com.es\/2016\/04\/no-hay-hesitura-posible-pedro.html\" target=\"_blank\" rel=\"noopener noreferrer\"><span style=\"color: #0000ff;\">http:\/\/<wbr \/>informacionalhamaindependiente<wbr \/>.blogspot.com.es\/2016\/04\/no-<wbr \/>hay-hesitura-posible-pedro.<wbr \/>html<\/span><\/a><\/div>\n<div><a href=\"http:\/\/www.diariosigloxxi.com\/texto-diario\/mostrar\/428231\/no-hay-hesitura-posible-pedro\" target=\"_blank\" rel=\"noopener noreferrer\">http:\/\/www.diariosigloxxi.com\/<wbr \/>texto-diario\/mostrar\/428231\/<wbr \/>no-hay-hesitura-posible-pedro<\/a><\/div>\n<div><a href=\"http:\/\/www.andalucia.press\/noticias_ampliar.php?id=55320\" target=\"_blank\" rel=\"noopener noreferrer\">http:\/\/www.andalucia.press\/<wbr \/>noticias_ampliar.php?id=55320<\/a><\/div>\n<div><a href=\"http:\/\/es.globedia.com\/hesitura-posible-pedro\" target=\"_blank\" rel=\"noopener noreferrer\">http:\/\/es.globedia.com\/<wbr \/>hesitura-posible-pedro<\/a><\/div>\n<div><a href=\"http:\/\/www.elblogoferoz.com\/2016\/04\/15\/no-hay-tesitura-posible-pedro-por-jose-enrique-centen-martin\/\" target=\"_blank\" rel=\"noopener noreferrer\">http:\/\/www.elblogoferoz.com\/<wbr \/>2016\/04\/15\/no-hay-tesitura-<wbr \/>posible-pedro-por-jose-<wbr \/>enrique-centen-martin\/<\/a><\/div>\n<div><a href=\"http:\/\/www.elperiodico.com\/es\/entre-todos\/participacion\/pedro-sanchez-hay-tesitura-posible-62632\" target=\"_blank\" rel=\"noopener noreferrer\">http:\/\/www.elperiodico.com\/es\/<wbr \/>entre-todos\/participacion\/<wbr \/>pedro-sanchez-hay-tesitura-<wbr \/>posible-62632<\/a><\/div>\n<div><a href=\"http:\/\/es.makemefeed.com\/2016\/04\/14\/no-hay-hesitura-posible-pedro-1883769.html\" target=\"_blank\" rel=\"noopener noreferrer\">http:\/\/es.makemefeed.com\/2016\/<wbr \/>04\/14\/no-hay-hesitura-posible-<wbr \/>pedro-1883769.html<\/a><\/div>\n<div><a href=\"http:\/\/www.elmercuriodigital.net\/2016\/04\/no-hay-tesitura-posible-pedro.html#.VxKEJVSLTcs\" target=\"_blank\" rel=\"noopener noreferrer\">http:\/\/www.elmercuriodigital.<wbr \/>net\/2016\/04\/no-hay-tesitura-<wbr \/>posible-pedro.html#.<wbr \/>VxKEJVSLTcs<\/a><\/div>\n<div><a href=\"http:\/\/www.malaka.es\/noticias_ampliar.php?id=55320\" target=\"_blank\" rel=\"noopener noreferrer\">http:\/\/www.malaka.es\/noticias_<wbr \/>ampliar.php?id=55320<\/a><\/div>\n<div><span style=\"color: #000000; font-family: Georgia, 'Bitstream Charter', serif;\"><a href=\"http:\/\/izona.org\/index.php\/actualidad\/508-lider-politico\" target=\"_blank\" rel=\"noopener noreferrer\">http:\/\/izona.org\/index.php\/<wbr \/>actualidad\/508-lider-politico<\/a><\/span><\/div>\n<div class='shareinpost'><ul class=\"socialwrap row\"><li class=\"iconOnly\"><a  rel='nofollow'  target='_blank'  title='Recommend this post : No hay hesitura posible Pedro on Facebook'  href='http:\/\/www.facebook.com\/sharer.php?u=https%3A%2F%2Fwww.vitrubio03.es%2F%3Fp%3D5743&amp;t=No+hay+hesitura+posible+Pedro'  ><img  src='https:\/\/www.vitrubio03.es\/wp-content\/plugins\/share-and-follow\/images\/blank.gif'  height='32' width='32'  class='image-32' alt='facebook'  style='background: transparent url(https:\/\/www.vitrubio03.es\/wp-content\/plugins\/share-and-follow\/default\/32\/sprite-32.png) no-repeat;padding:0;margin:0;height:32px;width:32px;background-position:-363px 0px'   \/> <span class=\"head\">Recommend on Facebook<\/span><\/a><\/li><li class=\"iconOnly\"><a  rel='nofollow'  target='_blank'  title='Tweet this post : No hay hesitura posible Pedro on Twitter'  href=\"http:\/\/twitter.com\/share?url=https%3A%2F%2Fwww.vitrubio03.es%2F%3Fp%3D5743&amp;text=No+hay+hesitura+posible+Pedro+-+\"  ><img  src='https:\/\/www.vitrubio03.es\/wp-content\/plugins\/share-and-follow\/images\/blank.gif'  height='32' width='32'  class='image-32' alt='twitter'  style='background: transparent url(https:\/\/www.vitrubio03.es\/wp-content\/plugins\/share-and-follow\/default\/32\/sprite-32.png) no-repeat;padding:0;margin:0;height:32px;width:32px;background-position:-1749px 0px'   \/> <span class=\"head\">Tweet about it<\/span><\/a><\/li><li class=\"iconOnly\"><a  rel='nofollow'  target='_self'  title='Print this post : No hay hesitura posible Pedro for reading later'  href='javascript:window.print();'  ><img  src='https:\/\/www.vitrubio03.es\/wp-content\/plugins\/share-and-follow\/images\/blank.gif'  height='32' width='32'  class='image-32' alt='print'  style='background: transparent url(https:\/\/www.vitrubio03.es\/wp-content\/plugins\/share-and-follow\/default\/32\/sprite-32.png) no-repeat;padding:0;margin:0;height:32px;width:32px;background-position:-1386px 0px'   \/> <span class=\"head\">Print for later<\/span><\/a><\/li><li class=\"iconOnly\"><a rel=\"_self\" href=\"mailto:?subject=Reflexiones%20propias%20:%20No%20hay%20hesitura%20posible%20Pedro&amp;body=Te%20adjunto%20un%20enlace%20a%20un%20art\u00edculo.%20Espero%20que%20te%20guste%20%20https:\/\/www.vitrubio03.es\/?p=5743\" title=\"Tell a friend about this post : No hay hesitura posible Pedro \"><img loading=\"lazy\" decoding=\"async\" src=\"https:\/\/www.vitrubio03.es\/wp-content\/plugins\/share-and-follow\/images\/blank.gif\" height=\"32\"  width=\"32\" style=\"background: transparent url(https:\/\/www.vitrubio03.es\/wp-content\/plugins\/share-and-follow\/default\/32\/sprite-32.png) no-repeat;padding:0;margin:0;height:32px;width:32px;background-position:-330px 0px\" class=\"image-32\"  alt=\"email\" \/> <span class=\"head\">Tell a friend<\/span><\/a><\/li><\/ul><div class=\"clean\"><\/div> <\/div>","protected":false},"excerpt":{"rendered":"<p>Pedro, tu supuesto socio pol\u00edtico para formar gobierno practica la felon\u00eda de forma habitual, ha quedado demostrado en el debate sobre la propuesta presentada por PODEMOS el primer d\u00eda en el Congreso, la Ley de Emergencia Social, Ley apoyada por &hellip; <a href=\"https:\/\/www.vitrubio03.es\/?p=5743\">Sigue leyendo <span class=\"meta-nav\">&rarr;<\/span><\/a><\/p>\n","protected":false},"author":2,"featured_media":0,"comment_status":"closed","ping_status":"closed","sticky":false,"template":"","format":"standard","meta":{"footnotes":""},"categories":[58,10],"tags":[17,31],"class_list":["post-5743","post","type-post","status-publish","format-standard","hentry","category-15-m","category-nacional","tag-elecciones","tag-piensa"],"_links":{"self":[{"href":"https:\/\/www.vitrubio03.es\/index.php?rest_route=\/wp\/v2\/posts\/5743","targetHints":{"allow":["GET"]}}],"collection":[{"href":"https:\/\/www.vitrubio03.es\/index.php?rest_route=\/wp\/v2\/posts"}],"about":[{"href":"https:\/\/www.vitrubio03.es\/index.php?rest_route=\/wp\/v2\/types\/post"}],"author":[{"embeddable":true,"href":"https:\/\/www.vitrubio03.es\/index.php?rest_route=\/wp\/v2\/users\/2"}],"replies":[{"embeddable":true,"href":"https:\/\/www.vitrubio03.es\/index.php?rest_route=%2Fwp%2Fv2%2Fcomments&post=5743"}],"version-history":[{"count":8,"href":"https:\/\/www.vitrubio03.es\/index.php?rest_route=\/wp\/v2\/posts\/5743\/revisions"}],"predecessor-version":[{"id":7103,"href":"https:\/\/www.vitrubio03.es\/index.php?rest_route=\/wp\/v2\/posts\/5743\/revisions\/7103"}],"wp:attachment":[{"href":"https:\/\/www.vitrubio03.es\/index.php?rest_route=%2Fwp%2Fv2%2Fmedia&parent=5743"}],"wp:term":[{"taxonomy":"category","embeddable":true,"href":"https:\/\/www.vitrubio03.es\/index.php?rest_route=%2Fwp%2Fv2%2Fcategories&post=5743"},{"taxonomy":"post_tag","embeddable":true,"href":"https:\/\/www.vitrubio03.es\/index.php?rest_route=%2Fwp%2Fv2%2Ftags&post=5743"}],"curies":[{"name":"wp","href":"https:\/\/api.w.org\/{rel}","templated":true}]}}