{"id":5939,"date":"2016-07-05T14:14:43","date_gmt":"2016-07-05T12:14:43","guid":{"rendered":"http:\/\/www.vitrubio03.es\/?p=5939"},"modified":"2020-08-23T20:40:39","modified_gmt":"2020-08-23T18:40:39","slug":"primero-patria-luego-estado","status":"publish","type":"post","link":"https:\/\/www.vitrubio03.es\/?p=5939","title":{"rendered":"Primero Patria, luego Estado"},"content":{"rendered":"<p style=\"text-align: justify;\">Tras digerir el resultado electoral y pensando en fr\u00edo a pesar de la rabia por obtener el mismo n\u00famero de esca\u00f1os, culpa en parte de la Ley Electoral donde una persona un <a href=\"https:\/\/www.vitrubio03.es\/?attachment_id=5940\" rel=\"attachment wp-att-5940\"><img loading=\"lazy\" decoding=\"async\" class=\"alignleft size-medium wp-image-5940\" src=\"https:\/\/www.vitrubio03.es\/wp-content\/uploads\/2016\/07\/3\u00ba-La-lucha-continua-300x225.jpg\" alt=\"3\u00ba La lucha continua\" width=\"300\" height=\"225\" srcset=\"https:\/\/www.vitrubio03.es\/wp-content\/uploads\/2016\/07\/3\u00ba-La-lucha-continua-300x225.jpg 300w, https:\/\/www.vitrubio03.es\/wp-content\/uploads\/2016\/07\/3\u00ba-La-lucha-continua.jpg 640w\" sizes=\"auto, (max-width: 300px) 100vw, 300px\" \/><\/a>voto no es igual en cualquier circunscripci\u00f3n. Eso junto a las encuestas, el 20D nos daban un fracaso y logramos ser la 3\u00aa fuerza del Pa\u00eds, las mismas encuestas, antes del 26J vaticinaban el mal llamado \u00absorpasso\u00bb y eso hizo confiarnos, relajarnos, y lo peor, creer en ellas, porque muchos militantes y afines vendieron la piel del oso antes de cazarlo. Tambi\u00e9n la prudencia verbal deber\u00eda de haberse controlado, la sinceridad, claridad y exposici\u00f3n en lo concerniente sobre posibles pactos electorales a los otros partidos les ha servido para enardecer a su tropa, esa que solo sabe leer y o\u00edr mensajes cortos, como sus entendederas.<!--more--><br \/>\nTanto \u00cd\u00f1igo como Pablo llevaban raz\u00f3n sobre el pacto con IU, y ambos erraron, uno por no quererlo y el otro por atraer la figura descollante de Alberto, yo incluido, el error no era la persona, sino el lastre que tra\u00eda por ser de IU, el PCE con personajes presuntamente comunistas que solo miran el inter\u00e9s de siglas en lugar de inter\u00e9s general, comunistas anclados en la ret\u00f3rica siglo XIX sin evolucionar con la sociedad, esa ideolog\u00eda triunf\u00f3, pero, maleada por personas fracas\u00f3. No solo eso, la actual direcci\u00f3n del PCE sigue con la ideolog\u00eda primigenia sin ver que antes los menesterosos carec\u00edan de todo y todo estaba por conseguir, hoy todo est\u00e1 m\u00e1s al alcance en cuanto a primeras necesidades y hasta ciertos lujos, es verdad que imbuidos por la propaganda de consumo, pero algo tenemos todos y seguramente alguna de esas cosas dif\u00edcilmente queramos compartir con los dem\u00e1s.<br \/>\nEl error era confiar en esos del PCE que siguen sin evolucionar desde su creaci\u00f3n, han torpedeado la nave de confluencia progresista en muchas circunscripciones restando, en lugar de sumar como era el deseo; todo por una ideolog\u00eda, no por no ser v\u00e1lida, sino por no evolucionar con la sociedad, quieren hacer Estado antes que Patria, permitiendo\u00a0 a otros\u00a0 hablar de Patria como que dijo Samuel Johnson (1709-1784), \u00abel patriotismo es el \u00faltimo refugio de los canallas\u00bb, en nuestro caso la canalla que la ha vendido y el producto de su mediaci\u00f3n corrupta lo tienen en para\u00edsos fiscales. Por eso la actitud de esos mediocres comunistas no ha permitido una Patria m\u00e1s de todos, el ejemplo fue que al d\u00eda siguiente del 26J, Bankia se pone a la venta en Bolsa, un Banco pagado por todos y puesto a la venta del mejor postor como antes lo hicieron con Gas Natural, Telef\u00f3nica, Aldeasa, Tabacalera, Endesa, Repsol, Argentaria, Red El\u00e9ctrica, las EMV\u2026 m\u00e1s de 50 grandes empresas, le seguir\u00e1n otras ya en el punto de mira. Han sido capaces en solo cuatro a\u00f1os de dilapidar 60.000 M de \u20ac del Fondo de Pensiones producto del esfuerzo de millones de espa\u00f1oles durante d\u00e9cadas, para pagar sus corruptelas. A esos supuestos comunistas hay que recordarles que hacer Patria al menos es controlar los medios de producci\u00f3n y el Patrimonio, no mirar a su ombligo, eso les llev\u00f3 al fracaso hundiendo a IU con ellos como ha quedado demostrado en campa\u00f1as anteriores.<br \/>\nTras los resultados del 26J, unos vaticinan que PODEMOS ha alcanzado techo, otros la certeza de\u00a0muerte lenta y escasa esperanza de \u00e9xito en un futuro, igual a\u00a0IU anteriormente. Se equivocan, no es la muerte, es solo otro camino a recorrer, ahora como oposici\u00f3n real y esa lucha no solo debe ser en el Parlamento, sino en la calle, en las redes, o donde mejor nos movamos. Debemos recordar que Errej\u00f3n, Pablo, Echenique, Teresa, Garz\u00f3n no son PODEMOS, son gotas de un oc\u00e9ano. PODEMOS eres t\u00fa junto a ellos y miles de compa\u00f1eros m\u00e1s, todos debemos de afrontar ser oposici\u00f3n y luchar desde hoy en nuestro trabajo, en nuestro lugar de ocio&#8230;, es el momento de recordar que Venezuela y Grecia ya no existen en el\u00a0vocabulario de los otros, casi todo eran falsedades. Hoy est\u00e1n las realidades, las Pensiones, la subida de la luz, la promesa humo de creaci\u00f3n de funcionarios p\u00fablicos, hace dos d\u00edas Montoro las pospuso\u00a0para el 2017, hasta que \u00c1ngela Merkel diga \u00a0cuantos son necesarios o si lo son.<br \/>\nNo debemos descansar hasta lograr el triunfo con el retorno del Bienestar Social, hagamos Patria y luego Estado, no aflojemos en nuestro empe\u00f1o pues <strong>la \u00fanica lucha que se pierde es la que se abandona<\/strong>. \u00bfA qu\u00e9 esperamos?<\/p>\n<div><b>Publicado en:<\/b><\/div>\n<div><a href=\"http:\/\/informacionalhamaindependiente.blogspot.com.es\/2016\/07\/primero-patria-luego-estado.html\" target=\"_blank\" rel=\"noopener noreferrer\" data-saferedirecturl=\"https:\/\/www.google.com\/url?hl=es&amp;q=http:\/\/informacionalhamaindependiente.blogspot.com.es\/2016\/07\/primero-patria-luego-estado.html&amp;source=gmail&amp;ust=1468386369495000&amp;usg=AFQjCNE41me7Ik4Qw8hitjVYh_JIN9Z4mQ\">http:\/\/<wbr \/>informacionalhamaindependiente<wbr \/>.blogspot.com.es\/2016\/07\/<wbr \/>primero-patria-luego-estado.<wbr \/>html<\/a><\/div>\n<div><a href=\"https:\/\/www.reddit.com\/r\/podemos\/comments\/4rgwlb\/primero_patria_luego_estado\/\" target=\"_blank\" rel=\"noopener noreferrer\" data-saferedirecturl=\"https:\/\/www.google.com\/url?hl=es&amp;q=https:\/\/www.reddit.com\/r\/podemos\/comments\/4rgwlb\/primero_patria_luego_estado\/&amp;source=gmail&amp;ust=1468386369495000&amp;usg=AFQjCNGvYs_GqUcAkR4bgyDYaS9zzK9Bsw\">https:\/\/www.reddit.com\/r\/<wbr \/>podemos\/comments\/4rgwlb\/<wbr \/>primero_patria_luego_estado\/<\/a><\/div>\n<div><a href=\"http:\/\/extremaduraprogresista.com\/libre\/40-libre-opinion\/23026-primero-patria-luego-estado\" target=\"_blank\" rel=\"noopener noreferrer\" data-saferedirecturl=\"https:\/\/www.google.com\/url?hl=es&amp;q=http:\/\/extremaduraprogresista.com\/libre\/40-libre-opinion\/23026-primero-patria-luego-estado&amp;source=gmail&amp;ust=1468386369495000&amp;usg=AFQjCNEsNVrYdGbvlpm32kjK2HiRKgRHQw\">http:\/\/extremaduraprogresista.<wbr \/>com\/libre\/40-libre-opinion\/<wbr \/>23026-primero-patria-luego-<wbr \/>estado<\/a><\/div>\n<div><a href=\"http:\/\/www.diariosigloxxi.com\/texto-diario\/mostrar\/467149\/primero-patria-luego-estado\" target=\"_blank\" rel=\"noopener noreferrer\" data-saferedirecturl=\"https:\/\/www.google.com\/url?hl=es&amp;q=http:\/\/www.diariosigloxxi.com\/texto-diario\/mostrar\/467149\/primero-patria-luego-estado&amp;source=gmail&amp;ust=1468386369495000&amp;usg=AFQjCNGlY34KO_781FuSk9X-CsA2cpKuLg\">http:\/\/www.diariosigloxxi.com\/<wbr \/>texto-diario\/mostrar\/467149\/<wbr \/>primero-patria-luego-estado<\/a><\/div>\n<div><a href=\"http:\/\/www.malaka.es\/noticias_ampliar.php?id=56911\" target=\"_blank\" rel=\"noopener noreferrer\" data-saferedirecturl=\"https:\/\/www.google.com\/url?hl=es&amp;q=http:\/\/www.malaka.es\/noticias_ampliar.php?id%3D56911&amp;source=gmail&amp;ust=1468386369495000&amp;usg=AFQjCNFz0e8FdzgSIdMl8IuLgnOxbePPSw\">http:\/\/www.malaka.es\/noticias_<wbr \/>ampliar.php?id=56911<\/a><\/div>\n<div><a href=\"http:\/\/tercerainformacion.es\/opinion\/opinion\/2016\/07\/06\/primero-patria-luego-estado\" target=\"_blank\" rel=\"noopener noreferrer\" data-saferedirecturl=\"https:\/\/www.google.com\/url?hl=es&amp;q=http:\/\/tercerainformacion.es\/opinion\/opinion\/2016\/07\/06\/primero-patria-luego-estado&amp;source=gmail&amp;ust=1468386369495000&amp;usg=AFQjCNGFnIQpfO0WfjLsNFuU3zSbVZJtQQ\">http:\/\/tercerainformacion.es\/<wbr \/>opinion\/opinion\/2016\/07\/06\/<wbr \/>primero-patria-luego-estado<\/a><\/div>\n<div><a href=\"http:\/\/www.alhaurin.com\/noticias_ampliar.php?id=56911\" target=\"_blank\" rel=\"noopener noreferrer\" data-saferedirecturl=\"https:\/\/www.google.com\/url?hl=es&amp;q=http:\/\/www.alhaurin.com\/noticias_ampliar.php?id%3D56911&amp;source=gmail&amp;ust=1468386369495000&amp;usg=AFQjCNE8FwvvyETxTLvX_epGVpdeS_J-LA\">http:\/\/www.alhaurin.com\/<wbr \/>noticias_ampliar.php?id=56911<\/a><\/div>\n<div><a href=\"http:\/\/es.globedia.com\/primero-patria-luego-estado\" target=\"_blank\" rel=\"noopener noreferrer\" data-saferedirecturl=\"https:\/\/www.google.com\/url?hl=es&amp;q=http:\/\/es.globedia.com\/primero-patria-luego-estado&amp;source=gmail&amp;ust=1468386369495000&amp;usg=AFQjCNGk4vp8RIkIkPEraQ5z42O5TN_gDA\">http:\/\/es.globedia.com\/<wbr \/>primero-patria-luego-estado<\/a><\/div>\n<div><a href=\"http:\/\/plazabierta.com\/primero-patria-luego-estado\/\" target=\"_blank\" rel=\"noopener noreferrer\" data-saferedirecturl=\"https:\/\/www.google.com\/url?hl=es&amp;q=http:\/\/plazabierta.com\/primero-patria-luego-estado\/&amp;source=gmail&amp;ust=1468386369495000&amp;usg=AFQjCNEvVQ6PmAwD-XtO8smrVIK5WX6Kbw\">http:\/\/plazabierta.com\/<wbr \/>primero-patria-luego-estado\/<\/a><\/div>\n<div><a href=\"http:\/\/www.guadalhorce.net\/noticias_ampliar.php?id=56911&amp;comesfrom=columnista.php\" target=\"_blank\" rel=\"noopener noreferrer\" data-saferedirecturl=\"https:\/\/www.google.com\/url?hl=es&amp;q=http:\/\/www.guadalhorce.net\/noticias_ampliar.php?id%3D56911%26comesfrom%3Dcolumnista.php&amp;source=gmail&amp;ust=1468386369495000&amp;usg=AFQjCNFQ4M2n0Av5_1D3f_Xc06pESBwLNg\">http:\/\/www.guadalhorce.net\/<wbr \/>noticias_ampliar.php?id=56911&amp;<wbr \/>comesfrom=columnista.php<\/a><\/div>\n<div><a href=\"http:\/\/www.elmercuriodigital.net\/2016\/07\/primero-patria-luego-estado.html#.V38lelSLTcs\" target=\"_blank\" rel=\"noopener noreferrer\" data-saferedirecturl=\"https:\/\/www.google.com\/url?hl=es&amp;q=http:\/\/www.elmercuriodigital.net\/2016\/07\/primero-patria-luego-estado.html%23.V38lelSLTcs&amp;source=gmail&amp;ust=1468386369495000&amp;usg=AFQjCNGcbAQjWn7YxoZJTLRjKfvNIseUUQ\">http:\/\/www.elmercuriodigital.<wbr \/>net\/2016\/07\/primero-patria-<wbr \/>luego-estado.html#.V38lelSLTcs<\/a><\/div>\n<div><a href=\"http:\/\/www.sierranortedigital.com\/784510658\/jose-enrique-centen.html\" target=\"_blank\" rel=\"noopener noreferrer\" data-saferedirecturl=\"https:\/\/www.google.com\/url?hl=es&amp;q=http:\/\/www.sierranortedigital.com\/784510658\/jose-enrique-centen.html&amp;source=gmail&amp;ust=1468386369495000&amp;usg=AFQjCNFTY4CI18PV57y2HCzY1ttIexN_zA\">http:\/\/www.sierranortedigital.<wbr \/>com\/784510658\/jose-enrique-<wbr \/>centen.html<\/a><\/div>\n<div><a href=\"http:\/\/izona.org\/index.php\/politica\/543-primero-patria-luego-estado\" target=\"_blank\" rel=\"noopener noreferrer\" data-saferedirecturl=\"https:\/\/www.google.com\/url?hl=es&amp;q=http:\/\/izona.org\/index.php\/politica\/543-primero-patria-luego-estado&amp;source=gmail&amp;ust=1468386369495000&amp;usg=AFQjCNFeTpW4LfnPr3xpHpZau_BnRQzdug\">http:\/\/izona.org\/index.php\/<wbr \/>politica\/543-primero-patria-<wbr \/>luego-estado<\/a><\/div>\n<div><a href=\"http:\/\/andalucia.press\/noticias_ampliar.php?id=56911\" target=\"_blank\" rel=\"noopener noreferrer\" data-saferedirecturl=\"https:\/\/www.google.com\/url?hl=es&amp;q=http:\/\/andalucia.press\/noticias_ampliar.php?id%3D56911&amp;source=gmail&amp;ust=1468386369495000&amp;usg=AFQjCNG0snRY4Volqmaj87xzgGA_OqArsQ\">http:\/\/andalucia.press\/<wbr \/>noticias_ampliar.php?id=56911<\/a><\/div>\n<div><a href=\"http:\/\/www.elblogoferoz.com\/2016\/07\/11\/hablemos-de-lo-mio-por-jose-enrique-centen-por-jose-enrique-centen-martin\/\" target=\"_blank\" rel=\"noopener noreferrer\" data-saferedirecturl=\"https:\/\/www.google.com\/url?hl=es&amp;q=http:\/\/www.elblogoferoz.com\/2016\/07\/11\/hablemos-de-lo-mio-por-jose-enrique-centen-por-jose-enrique-centen-martin\/&amp;source=gmail&amp;ust=1468386369495000&amp;usg=AFQjCNHn7Lr2hSThvIhE441tKBd9GCJOLg\">http:\/\/www.elblogoferoz.com\/<wbr \/>2016\/07\/06\/ptimero-patria-<wbr \/>luego-estado-por-jose-enrique-<wbr \/>centen-martin\/<\/a><b><br \/>\n<\/b><\/div>\n<div><a href=\"http:\/\/lalinea.digital\/2016\/07\/primero-patria-luego-estado\/\" target=\"_blank\" rel=\"noopener noreferrer\" data-saferedirecturl=\"https:\/\/www.google.com\/url?hl=es&amp;q=http:\/\/lalinea.digital\/2016\/07\/primero-patria-luego-estado\/&amp;source=gmail&amp;ust=1468386369495000&amp;usg=AFQjCNF8GnZlgmSxJ6SI9ZhT_9UhVMT9rA\">http:\/\/lalinea.digital\/2016\/<wbr \/>07\/primero-patria-luego-<wbr \/>estado\/<\/a><\/div>\n<div class='shareinpost'><ul class=\"socialwrap row\"><li class=\"iconOnly\"><a  rel='nofollow'  target='_blank'  title='Recommend this post : Primero Patria, luego Estado on Facebook'  href='http:\/\/www.facebook.com\/sharer.php?u=https%3A%2F%2Fwww.vitrubio03.es%2F%3Fp%3D5939&amp;t=Primero+Patria%2C+luego+Estado'  ><img  src='https:\/\/www.vitrubio03.es\/wp-content\/plugins\/share-and-follow\/images\/blank.gif'  height='32' width='32'  class='image-32' alt='facebook'  style='background: transparent url(https:\/\/www.vitrubio03.es\/wp-content\/plugins\/share-and-follow\/default\/32\/sprite-32.png) no-repeat;padding:0;margin:0;height:32px;width:32px;background-position:-363px 0px'   \/> <span class=\"head\">Recommend on Facebook<\/span><\/a><\/li><li class=\"iconOnly\"><a  rel='nofollow'  target='_blank'  title='Tweet this post : Primero Patria, luego Estado on Twitter'  href=\"http:\/\/twitter.com\/share?url=https%3A%2F%2Fwww.vitrubio03.es%2F%3Fp%3D5939&amp;text=Primero+Patria%2C+luego+Estado+-+\"  ><img  src='https:\/\/www.vitrubio03.es\/wp-content\/plugins\/share-and-follow\/images\/blank.gif'  height='32' width='32'  class='image-32' alt='twitter'  style='background: transparent url(https:\/\/www.vitrubio03.es\/wp-content\/plugins\/share-and-follow\/default\/32\/sprite-32.png) no-repeat;padding:0;margin:0;height:32px;width:32px;background-position:-1749px 0px'   \/> <span class=\"head\">Tweet about it<\/span><\/a><\/li><li class=\"iconOnly\"><a  rel='nofollow'  target='_self'  title='Print this post : Primero Patria, luego Estado for reading later'  href='javascript:window.print();'  ><img  src='https:\/\/www.vitrubio03.es\/wp-content\/plugins\/share-and-follow\/images\/blank.gif'  height='32' width='32'  class='image-32' alt='print'  style='background: transparent url(https:\/\/www.vitrubio03.es\/wp-content\/plugins\/share-and-follow\/default\/32\/sprite-32.png) no-repeat;padding:0;margin:0;height:32px;width:32px;background-position:-1386px 0px'   \/> <span class=\"head\">Print for later<\/span><\/a><\/li><li class=\"iconOnly\"><a rel=\"_self\" href=\"mailto:?subject=Reflexiones%20propias%20:%20Primero%20Patria,%20luego%20Estado&amp;body=Te%20adjunto%20un%20enlace%20a%20un%20art\u00edculo.%20Espero%20que%20te%20guste%20%20https:\/\/www.vitrubio03.es\/?p=5939\" title=\"Tell a friend about this post : Primero Patria, luego Estado \"><img loading=\"lazy\" decoding=\"async\" src=\"https:\/\/www.vitrubio03.es\/wp-content\/plugins\/share-and-follow\/images\/blank.gif\" height=\"32\"  width=\"32\" style=\"background: transparent url(https:\/\/www.vitrubio03.es\/wp-content\/plugins\/share-and-follow\/default\/32\/sprite-32.png) no-repeat;padding:0;margin:0;height:32px;width:32px;background-position:-330px 0px\" class=\"image-32\"  alt=\"email\" \/> <span class=\"head\">Tell a friend<\/span><\/a><\/li><\/ul><div class=\"clean\"><\/div> <\/div>","protected":false},"excerpt":{"rendered":"<p>Tras digerir el resultado electoral y pensando en fr\u00edo a pesar de la rabia por obtener el mismo n\u00famero de esca\u00f1os, culpa en parte de la Ley Electoral donde una persona un voto no es igual en cualquier circunscripci\u00f3n. Eso &hellip; <a href=\"https:\/\/www.vitrubio03.es\/?p=5939\">Sigue leyendo <span class=\"meta-nav\">&rarr;<\/span><\/a><\/p>\n","protected":false},"author":2,"featured_media":0,"comment_status":"closed","ping_status":"closed","sticky":false,"template":"","format":"standard","meta":{"footnotes":""},"categories":[58,10],"tags":[17,32],"class_list":["post-5939","post","type-post","status-publish","format-standard","hentry","category-15-m","category-nacional","tag-elecciones","tag-los-progresistas"],"_links":{"self":[{"href":"https:\/\/www.vitrubio03.es\/index.php?rest_route=\/wp\/v2\/posts\/5939","targetHints":{"allow":["GET"]}}],"collection":[{"href":"https:\/\/www.vitrubio03.es\/index.php?rest_route=\/wp\/v2\/posts"}],"about":[{"href":"https:\/\/www.vitrubio03.es\/index.php?rest_route=\/wp\/v2\/types\/post"}],"author":[{"embeddable":true,"href":"https:\/\/www.vitrubio03.es\/index.php?rest_route=\/wp\/v2\/users\/2"}],"replies":[{"embeddable":true,"href":"https:\/\/www.vitrubio03.es\/index.php?rest_route=%2Fwp%2Fv2%2Fcomments&post=5939"}],"version-history":[{"count":16,"href":"https:\/\/www.vitrubio03.es\/index.php?rest_route=\/wp\/v2\/posts\/5939\/revisions"}],"predecessor-version":[{"id":7110,"href":"https:\/\/www.vitrubio03.es\/index.php?rest_route=\/wp\/v2\/posts\/5939\/revisions\/7110"}],"wp:attachment":[{"href":"https:\/\/www.vitrubio03.es\/index.php?rest_route=%2Fwp%2Fv2%2Fmedia&parent=5939"}],"wp:term":[{"taxonomy":"category","embeddable":true,"href":"https:\/\/www.vitrubio03.es\/index.php?rest_route=%2Fwp%2Fv2%2Fcategories&post=5939"},{"taxonomy":"post_tag","embeddable":true,"href":"https:\/\/www.vitrubio03.es\/index.php?rest_route=%2Fwp%2Fv2%2Ftags&post=5939"}],"curies":[{"name":"wp","href":"https:\/\/api.w.org\/{rel}","templated":true}]}}