{"id":5956,"date":"2016-07-10T15:12:14","date_gmt":"2016-07-10T13:12:14","guid":{"rendered":"http:\/\/www.vitrubio03.es\/?p=5956"},"modified":"2020-10-17T17:56:09","modified_gmt":"2020-10-17T15:56:09","slug":"hablemos-de-lo-mio","status":"publish","type":"post","link":"https:\/\/www.vitrubio03.es\/?p=5956","title":{"rendered":"Hablemos de lo m\u00edo"},"content":{"rendered":"<p style=\"text-align: justify;\">Ocurri\u00f3 en el pleno que se celebr\u00f3 el pasado d\u00eda 9 de julio en Lozoyuela &#8211; Las Navas &#8211; <a href=\"https:\/\/www.vitrubio03.es\/?attachment_id=5957\" rel=\"attachment wp-att-5957\"><img loading=\"lazy\" decoding=\"async\" class=\"alignleft size-medium wp-image-5957\" src=\"https:\/\/www.vitrubio03.es\/wp-content\/uploads\/2016\/07\/Acceso-inaccesible-225x300.jpg\" alt=\"Acceso inaccesible\" width=\"225\" height=\"300\" srcset=\"https:\/\/www.vitrubio03.es\/wp-content\/uploads\/2016\/07\/Acceso-inaccesible-225x300.jpg 225w, https:\/\/www.vitrubio03.es\/wp-content\/uploads\/2016\/07\/Acceso-inaccesible-768x1024.jpg 768w, https:\/\/www.vitrubio03.es\/wp-content\/uploads\/2016\/07\/Acceso-inaccesible.jpg 1920w\" sizes=\"auto, (max-width: 225px) 100vw, 225px\" \/><\/a>Sieteiglesias por parte de la oposici\u00f3n, nada de presentar propuestas de inter\u00e9s general para los vecinos, ninguna sugerencia o mejora a los m\u00faltiples problemas cuando hay algunas concretas y publicadas en los medios. No, ellos a lo suyo, presentaron una \u00a0moci\u00f3n de censura para declarar persona \u00abnon grata\u00bb a Otegi, todos sabemos el gran inter\u00e9s de Otegi por nuestro pueblo y los planteamientos pol\u00edticos\u00a0 y sociales que realiza cada vez que nos visita, parejo a las de un tal Mariano de la Moncloa o a las de Jos\u00e9 Mar\u00eda el \u00abni\u00f1o de las Azores\u00bb, posteriormente dos preguntas t\u00edpicas a la frase y t\u00edtulo del art\u00edculo, preguntaron por el Tanatorio, fara\u00f3nica obra realizada por su grupo pol\u00edtico con un presupuesto tramposo donde no se inclu\u00eda alcantarillado, ni conexi\u00f3n el\u00e9ctrica al exterior, y la segunda: \u00abporqu\u00e9 hay parches en una calle reci\u00e9n arreglada en Las Navas\u00bb, precisamente la localidad donde reside la interpelante los fines de semana \u00fanicamente.<!--more--><br \/>\nDos preguntas important\u00edsimas y de gran calado vecinal, la primera por la \u201ccantidad descomunal\u201d de decesos que existe en nuestra poblaci\u00f3n, aunque creo que el inter\u00e9s real era pensando en el otorgamiento a terceros de la explotaci\u00f3n de dicho Tanatorio pagado por los vecinos, que seguramente servir\u00e1 para uso de pueblos colindantes sin haber aportado nada a la obra y cuyo desgraciado beneficio ser\u00e1 para el arrendatario, porque los usuarios que lo hagan deber\u00e1n de pagar las costas pertinentes, sean o no de aqu\u00ed.<br \/>\nLa segunda, con doble matiz, uno por preguntar, leg\u00edtimamente, al ser \u00a0una obra cercana a la residencia de ocio de la interpelante; el otro matiz es el haber sido ejecutada dicha obra por la nueva corporaci\u00f3n. Nada dice de las otras localidades, no es que hayan parches, hay destrozos, socavones, malas realizaciones, incluso se da el caso de accidentes donde un vecino ha ganado un juicio y el Ayuntamiento ha tenido que abonar cerca de 200.000\u20ac de indemnizaci\u00f3n y costas, pero no, de eso no se habla, se habla \u00abde lo m\u00edo\u00bb. Pero el escaso inter\u00e9s de los concejales de la oposici\u00f3n hacia sus vecinos fue cuando uno ellos en \u00abRuegos y Preguntas\u00bb plante\u00f3 el escaso inter\u00e9s de soluci\u00f3n de un acceso a su parcela que lleva reclamando creo recordar, desde el 2009, al realizar el Ayuntamiento el cerramiento de la Necr\u00f3polis de Sieteiglesias, <strong>gobernando incluso dos de los tres representantes del PP actuales, su actitud fue, salir del Pleno.<\/strong><br \/>\n<strong>\u00a0 \u00a0 \u00a0 \u00a0 \u00a0\u00abPara que iban a seguir si su \u00fanico inter\u00e9s era, hablemos de lo m\u00edo\u00bb<\/strong><\/p>\n<div><b>Publicado en:<\/b><\/div>\n<div><a href=\"http:\/\/tercerainformacion.es\/opinion\/opinion\/2016\/07\/10\/hablemos-de-lo-mio\" target=\"_blank\" rel=\"noopener noreferrer\" data-saferedirecturl=\"https:\/\/www.google.com\/url?hl=es&amp;q=http:\/\/tercerainformacion.es\/opinion\/opinion\/2016\/07\/10\/hablemos-de-lo-mio&amp;source=gmail&amp;ust=1468295266458000&amp;usg=AFQjCNHYPJsJFHqH-yC8R4vY4QmAWSzkYg\">http:\/\/tercerainformacion.es\/<wbr \/>opinion\/opinion\/2016\/07\/10\/<wbr \/>hablemos-de-lo-mio<\/a><\/div>\n<div><a href=\"http:\/\/www.elmercuriodigital.net\/2016\/07\/hablemos-de-lo-mio.html#.V4KzxVSLTcs\" target=\"_blank\" rel=\"noopener noreferrer\" data-saferedirecturl=\"https:\/\/www.google.com\/url?hl=es&amp;q=http:\/\/www.elmercuriodigital.net\/2016\/07\/hablemos-de-lo-mio.html%23.V4KzxVSLTcs&amp;source=gmail&amp;ust=1468295266458000&amp;usg=AFQjCNEj6cqzXvmihR4_U6XRKt08PBdFWA\">http:\/\/www.elmercuriodigital.<wbr \/>net\/2016\/07\/hablemos-de-lo-<wbr \/>mio.html#.V4KzxVSLTcs<\/a><\/div>\n<div><a href=\"http:\/\/www.elblogoferoz.com\/2016\/07\/11\/hablemos-de-lo-mio-por-jose-enrique-centen-por-jose-enrique-centen-martin\/\" target=\"_blank\" rel=\"noopener noreferrer\" data-saferedirecturl=\"https:\/\/www.google.com\/url?hl=es&amp;q=http:\/\/www.elblogoferoz.com\/2016\/07\/11\/hablemos-de-lo-mio-por-jose-enrique-centen-por-jose-enrique-centen-martin\/&amp;source=gmail&amp;ust=1468295266458000&amp;usg=AFQjCNElNttih66ODq5B346qoGxgLl8xMQ\">http:\/\/www.elblogoferoz.com\/<wbr \/>2016\/07\/11\/hablemos-de-lo-mio-<wbr \/>por-jose-enrique-centen-por-<wbr \/>jose-enrique-centen-martin\/<\/a><\/div>\n<div>http:\/\/www.diariosigloxxi.com\/texto-diario\/mostrar\/469137\/hablemos<\/div>\n<div>http:\/\/izona.org\/index.php\/sociedad\/544-hablemos-de-lo-mio<\/div>\n<div>http:\/\/lalinea.digital\/2016\/07\/hablemos-de-lo-mio\/<\/div>\n<div>http:\/\/www.galiciadiario.com\/web\/frontend_cargar_articulo.php?id_articulo=2746<\/div>\n<div>http:\/\/es.globedia.com\/hablemos-de-lo-mio<\/div>\n<div>http:\/\/www.sierranortedigital.com\/563307976\/Jose-Enrique-Centen.html<\/div>\n<div>http:\/\/extremaduraprogresista.com\/libre\/40-libre-opinion\/23050-hablemos-de-lo-mio<\/div>\n<div class='shareinpost'><ul class=\"socialwrap row\"><li class=\"iconOnly\"><a  rel='nofollow'  target='_blank'  title='Recommend this post : Hablemos de lo m\u00edo on Facebook'  href='http:\/\/www.facebook.com\/sharer.php?u=https%3A%2F%2Fwww.vitrubio03.es%2F%3Fp%3D5956&amp;t=Hablemos+de+lo+m%C3%ADo'  ><img  src='https:\/\/www.vitrubio03.es\/wp-content\/plugins\/share-and-follow\/images\/blank.gif'  height='32' width='32'  class='image-32' alt='facebook'  style='background: transparent url(https:\/\/www.vitrubio03.es\/wp-content\/plugins\/share-and-follow\/default\/32\/sprite-32.png) no-repeat;padding:0;margin:0;height:32px;width:32px;background-position:-363px 0px'   \/> <span class=\"head\">Recommend on Facebook<\/span><\/a><\/li><li class=\"iconOnly\"><a  rel='nofollow'  target='_blank'  title='Tweet this post : Hablemos de lo m\u00edo on Twitter'  href=\"http:\/\/twitter.com\/share?url=https%3A%2F%2Fwww.vitrubio03.es%2F%3Fp%3D5956&amp;text=Hablemos+de+lo+m%C3%ADo+-+\"  ><img  src='https:\/\/www.vitrubio03.es\/wp-content\/plugins\/share-and-follow\/images\/blank.gif'  height='32' width='32'  class='image-32' alt='twitter'  style='background: transparent url(https:\/\/www.vitrubio03.es\/wp-content\/plugins\/share-and-follow\/default\/32\/sprite-32.png) no-repeat;padding:0;margin:0;height:32px;width:32px;background-position:-1749px 0px'   \/> <span class=\"head\">Tweet about it<\/span><\/a><\/li><li class=\"iconOnly\"><a  rel='nofollow'  target='_self'  title='Print this post : Hablemos de lo m\u00edo for reading later'  href='javascript:window.print();'  ><img  src='https:\/\/www.vitrubio03.es\/wp-content\/plugins\/share-and-follow\/images\/blank.gif'  height='32' width='32'  class='image-32' alt='print'  style='background: transparent url(https:\/\/www.vitrubio03.es\/wp-content\/plugins\/share-and-follow\/default\/32\/sprite-32.png) no-repeat;padding:0;margin:0;height:32px;width:32px;background-position:-1386px 0px'   \/> <span class=\"head\">Print for later<\/span><\/a><\/li><li class=\"iconOnly\"><a rel=\"_self\" href=\"mailto:?subject=Reflexiones%20propias%20:%20Hablemos%20de%20lo%20m\u00edo&amp;body=Te%20adjunto%20un%20enlace%20a%20un%20art\u00edculo.%20Espero%20que%20te%20guste%20%20https:\/\/www.vitrubio03.es\/?p=5956\" title=\"Tell a friend about this post : Hablemos de lo m\u00edo \"><img loading=\"lazy\" decoding=\"async\" src=\"https:\/\/www.vitrubio03.es\/wp-content\/plugins\/share-and-follow\/images\/blank.gif\" height=\"32\"  width=\"32\" style=\"background: transparent url(https:\/\/www.vitrubio03.es\/wp-content\/plugins\/share-and-follow\/default\/32\/sprite-32.png) no-repeat;padding:0;margin:0;height:32px;width:32px;background-position:-330px 0px\" class=\"image-32\"  alt=\"email\" \/> <span class=\"head\">Tell a friend<\/span><\/a><\/li><\/ul><div class=\"clean\"><\/div> <\/div>","protected":false},"excerpt":{"rendered":"<p>Ocurri\u00f3 en el pleno que se celebr\u00f3 el pasado d\u00eda 9 de julio en Lozoyuela &#8211; Las Navas &#8211; Sieteiglesias por parte de la oposici\u00f3n, nada de presentar propuestas de inter\u00e9s general para los vecinos, ninguna sugerencia o mejora a &hellip; <a href=\"https:\/\/www.vitrubio03.es\/?p=5956\">Sigue leyendo <span class=\"meta-nav\">&rarr;<\/span><\/a><\/p>\n","protected":false},"author":2,"featured_media":0,"comment_status":"closed","ping_status":"closed","sticky":false,"template":"","format":"standard","meta":{"footnotes":""},"categories":[63],"tags":[30,21,25],"class_list":["post-5956","post","type-post","status-publish","format-standard","hentry","category-lonasi","tag-ayuntamiento-de-lonasi","tag-lozoyuela","tag-sieteiglesias"],"_links":{"self":[{"href":"https:\/\/www.vitrubio03.es\/index.php?rest_route=\/wp\/v2\/posts\/5956","targetHints":{"allow":["GET"]}}],"collection":[{"href":"https:\/\/www.vitrubio03.es\/index.php?rest_route=\/wp\/v2\/posts"}],"about":[{"href":"https:\/\/www.vitrubio03.es\/index.php?rest_route=\/wp\/v2\/types\/post"}],"author":[{"embeddable":true,"href":"https:\/\/www.vitrubio03.es\/index.php?rest_route=\/wp\/v2\/users\/2"}],"replies":[{"embeddable":true,"href":"https:\/\/www.vitrubio03.es\/index.php?rest_route=%2Fwp%2Fv2%2Fcomments&post=5956"}],"version-history":[{"count":9,"href":"https:\/\/www.vitrubio03.es\/index.php?rest_route=\/wp\/v2\/posts\/5956\/revisions"}],"predecessor-version":[{"id":7733,"href":"https:\/\/www.vitrubio03.es\/index.php?rest_route=\/wp\/v2\/posts\/5956\/revisions\/7733"}],"wp:attachment":[{"href":"https:\/\/www.vitrubio03.es\/index.php?rest_route=%2Fwp%2Fv2%2Fmedia&parent=5956"}],"wp:term":[{"taxonomy":"category","embeddable":true,"href":"https:\/\/www.vitrubio03.es\/index.php?rest_route=%2Fwp%2Fv2%2Fcategories&post=5956"},{"taxonomy":"post_tag","embeddable":true,"href":"https:\/\/www.vitrubio03.es\/index.php?rest_route=%2Fwp%2Fv2%2Ftags&post=5956"}],"curies":[{"name":"wp","href":"https:\/\/api.w.org\/{rel}","templated":true}]}}