{"id":5966,"date":"2016-07-13T06:41:31","date_gmt":"2016-07-13T04:41:31","guid":{"rendered":"http:\/\/www.vitrubio03.es\/?p=5966"},"modified":"2020-10-13T10:48:31","modified_gmt":"2020-10-13T08:48:31","slug":"quebraron-espana","status":"publish","type":"post","link":"https:\/\/www.vitrubio03.es\/?p=5966","title":{"rendered":"Quebraron Espa\u00f1a"},"content":{"rendered":"<p style=\"text-align: justify;\">Aquel fatal 18 de julio de hace 80 a\u00f1os fue el inicio que trunc\u00f3 el desarrollo de la <a href=\"https:\/\/www.vitrubio03.es\/?attachment_id=5967\" rel=\"attachment wp-att-5967\"><img loading=\"lazy\" decoding=\"async\" class=\"alignleft size-medium wp-image-5967\" src=\"https:\/\/www.vitrubio03.es\/wp-content\/uploads\/2016\/07\/2\u00ba-80-a\u00f1os-hace-300x180.jpg\" alt=\"2\u00ba 80 a\u00f1os hace\" width=\"300\" height=\"180\" srcset=\"https:\/\/www.vitrubio03.es\/wp-content\/uploads\/2016\/07\/2\u00ba-80-a\u00f1os-hace-300x180.jpg 300w, https:\/\/www.vitrubio03.es\/wp-content\/uploads\/2016\/07\/2\u00ba-80-a\u00f1os-hace.jpg 694w\" sizes=\"auto, (max-width: 300px) 100vw, 300px\" \/><\/a>modernidad espa\u00f1ola, el de\u00a0una Constituci\u00f3n ejemplo para muchas naciones de la \u00e9poca\u00a0siendo algunos de sus puntos reflejados en la Constituci\u00f3n espa\u00f1ola de 1978, hoy 80 a\u00f1os despu\u00e9s de aquella ignominiosa acci\u00f3n se ha o\u00eddo de nuevo el \u00a1vivan las caenas! de 1814, causa enarbolada por aquellos que a\u00f1oraban los siglos de opresi\u00f3n mon\u00e1rquica eclesial caciquil.<!--more--><br \/>\nSe inici\u00f3 en Gando cuando el Drag\u00f3n Rapide llev\u00f3 a Franco hasta Tetu\u00e1n para ponerse al frente de las fuerzas del ej\u00e9rcito de \u00c1frica como uno de los cabecillas de la sublevaci\u00f3n militar, y ese mismo d\u00eda el mayor genocida de la historia de Espa\u00f1a, despu\u00e9s de Fernando VII, desaf\u00eda insolentemente a la leg\u00edtima II Rep\u00fablica, carrera genocida iniciada dos d\u00edas antes si consideramos la orden de Franco con resultado de muerte contra el Capit\u00e1n General de Canarias, el General Amado Balmes al estar en desacuerdo con la sublevaci\u00f3n militar, seguida cuando lleg\u00f3 a Tetu\u00e1n y ser informado por parte del coronel\u00a0S\u00e1enz de Buruaga, \u00a0pariente\u00a0del periodista del mismo nombre, por la detenci\u00f3n de Ricardo de la Puente Bahamonde, primo del genocida y jefe del aer\u00f3dromo de Tetu\u00e1n fiel al gobierno establecido. Franco dio el consentimiento para su ejecuci\u00f3n y\u00a0trasladado a Ceuta el 2 de agosto, donde se celebr\u00f3 el consejo de guerra siendo condenado a muerte por traici\u00f3n y\u00a0fusilado dos d\u00edas despu\u00e9s en la fortaleza del Monte Hacho, esa loca carrera del genocida acab\u00f3 54 d\u00edas antes de su muerte con los fusilamientos en la madrugada del 27 de septiembre de 1975.<br \/>\nNo clamo por los miles de muertos, clamo por aquella Espa\u00f1a que llev\u00f3 a los infiernos sumi\u00e9ndola en la mayor degradaci\u00f3n humana, intelectual y progreso. La postraci\u00f3n de todo un pueblo ante la barbarie del poder cuyo \u00fanico objetivo era el retorno a los privilegios m\u00e1s propio del medievo; 80 a\u00f1os despu\u00e9s las \u00abcaenas\u00bb son el grillete del pueblo espa\u00f1ol porque los hijos, nietos y servidores corruptos de aquel 18 de julio controlan de manera directa o indirecta nuestra Patria, no la suya, la suya es la misma que la del pasajero de Drag\u00f3n Rapide, el inframundo de Caronte, porque el s\u00e1trapa espa\u00f1ol genio de la muerte del siglo XX y pupilo de aquel del 500 a.n.e., sigue gobernando e insuflando miedo a trav\u00e9s de sus herederos que nunca condenaron tama\u00f1o atropello y cuarenta a\u00f1os despu\u00e9s de su muerte f\u00edsica lo hace desde el mausoleo que se construy\u00f3 rodeado de los cad\u00e1veres a quienes asesin\u00f3 de una u otra forma, siendo custodiado por aquella a la que \u00e9l bien sirvi\u00f3, la Iglesia, guardiana fiel que no permite el epitafio que merece:<\/p>\n<p><strong>Ah\u00ed yace Caronte, que gobierna la l\u00fagubre costa,<\/strong><br \/>\n<strong>un s\u00f3rdido dios: por debajo de su barbilla peluda,<\/strong><br \/>\n<strong>una larga barba desciende, despeinada y sucia.<\/strong><br \/>\n<strong>Sus ojos, son como hornos huecos en el fuego.<\/strong><br \/>\n<strong>Una faja, llena de suciedad, une su obsceno atuendo.<\/strong><br \/>\nVirgilio, Eneida 6.298-301<\/p>\n<div><b>Publicado en:<\/b><\/div>\n<div><a href=\"http:\/\/www.diariosigloxxi.com\/texto-diario\/mostrar\/470251\/quebraron-espana\" target=\"_blank\" rel=\"noopener noreferrer\" data-saferedirecturl=\"https:\/\/www.google.com\/url?hl=es&amp;q=http:\/\/www.diariosigloxxi.com\/texto-diario\/mostrar\/470251\/quebraron-espana&amp;source=gmail&amp;ust=1468821252328000&amp;usg=AFQjCNEl7AvTA9c5Ddl6OBUVJgAyArjcRw\">http:\/\/www.diariosigloxxi.com\/<wbr \/>texto-diario\/mostrar\/470251\/<wbr \/>quebraron-espana<\/a><\/div>\n<div><a href=\"http:\/\/www.eldigitalcastillalamancha.es\/cartasaldirector.html\" target=\"_blank\" rel=\"noopener noreferrer\" data-saferedirecturl=\"https:\/\/www.google.com\/url?hl=es&amp;q=http:\/\/www.eldigitalcastillalamancha.es\/cartasaldirector.html&amp;source=gmail&amp;ust=1468821252329000&amp;usg=AFQjCNFbe0by4dEbR4O7CXEGo-Vyt9rJRw\">http:\/\/www.<wbr \/>eldigitalcastillalamancha.es\/<wbr \/>cartasaldirector.html<\/a><\/div>\n<div><a href=\"http:\/\/www.alhaurin.com\/noticias_ampliar.php?id=57004\" target=\"_blank\" rel=\"noopener noreferrer\" data-saferedirecturl=\"https:\/\/www.google.com\/url?hl=es&amp;q=http:\/\/www.alhaurin.com\/noticias_ampliar.php?id%3D57004&amp;source=gmail&amp;ust=1468821252329000&amp;usg=AFQjCNFSfZ5AIHfv7jnowAJx5dHVFtrW4Q\">http:\/\/www.alhaurin.com\/<wbr \/>noticias_ampliar.php?id=57004<\/a><\/div>\n<div><a href=\"http:\/\/extremaduraprogresista.com\/libre\/40-libre-opinion\/23064-quebraron-espana\" target=\"_blank\" rel=\"noopener noreferrer\" data-saferedirecturl=\"https:\/\/www.google.com\/url?hl=es&amp;q=http:\/\/extremaduraprogresista.com\/libre\/40-libre-opinion\/23064-quebraron-espana&amp;source=gmail&amp;ust=1468821252329000&amp;usg=AFQjCNFCCn3PPctxThtHpppmheU7l7Gy3A\">http:\/\/extremaduraprogresista.<wbr \/>com\/libre\/40-libre-opinion\/<wbr \/>23064-quebraron-espana<\/a><\/div>\n<div><a href=\"http:\/\/www.elmercuriodigital.net\/2016\/07\/quebraron-espana.html#.V4YdxlSLTcs\" target=\"_blank\" rel=\"noopener noreferrer\" data-saferedirecturl=\"https:\/\/www.google.com\/url?hl=es&amp;q=http:\/\/www.elmercuriodigital.net\/2016\/07\/quebraron-espana.html%23.V4YdxlSLTcs&amp;source=gmail&amp;ust=1468821252329000&amp;usg=AFQjCNGxc-7vV3z8-irQwpOdwruYxSvKWA\">http:\/\/www.elmercuriodigital.<wbr \/>net\/2016\/07\/quebraron-espana.<wbr \/>html#.V4YdxlSLTcs<\/a><\/div>\n<div><a href=\"http:\/\/tercerainformacion.es\/opinion\/opinion\/2016\/07\/13\/se-acerca-los-80-anos-que\" target=\"_blank\" rel=\"noopener noreferrer\" data-saferedirecturl=\"https:\/\/www.google.com\/url?hl=es&amp;q=http:\/\/tercerainformacion.es\/opinion\/opinion\/2016\/07\/13\/se-acerca-los-80-anos-que&amp;source=gmail&amp;ust=1468821252329000&amp;usg=AFQjCNFkbof_Eht3TEMoVJAY25hGpdTiKQ\">http:\/\/tercerainformacion.es\/<wbr \/>opinion\/opinion\/2016\/07\/13\/se-<wbr \/>acerca-los-80-anos-que<\/a><\/div>\n<div><a href=\"http:\/\/mas.lne.es\/cartasdeloslectores\/carta\/24051\/quebraron-espana.html\" target=\"_blank\" rel=\"noopener noreferrer\" data-saferedirecturl=\"https:\/\/www.google.com\/url?hl=es&amp;q=http:\/\/mas.lne.es\/cartasdeloslectores\/carta\/24051\/quebraron-espana.html&amp;source=gmail&amp;ust=1468821252329000&amp;usg=AFQjCNE52TyBX7fEr_YcEY8evmECSgiQuQ\">http:\/\/mas.lne.es\/<wbr \/>cartasdeloslectores\/carta\/<wbr \/>24051\/quebraron-espana.html<\/a><\/div>\n<div><a href=\"http:\/\/www.malaka.es\/noticias_ampliar.php?id=57004\" target=\"_blank\" rel=\"noopener noreferrer\" data-saferedirecturl=\"https:\/\/www.google.com\/url?hl=es&amp;q=http:\/\/www.malaka.es\/noticias_ampliar.php?id%3D57004&amp;source=gmail&amp;ust=1468821252329000&amp;usg=AFQjCNHjWWDR6vqxt4Bb8ehvsqtPpW69jQ\">http:\/\/www.malaka.es\/noticias_<wbr \/>ampliar.php?id=57004<\/a><\/div>\n<div><a href=\"http:\/\/www.galiciadiario.com\/web\/frontend_cargar_articulo.php?id_articulo=2750\" target=\"_blank\" rel=\"noopener noreferrer\" data-saferedirecturl=\"https:\/\/www.google.com\/url?hl=es&amp;q=http:\/\/www.galiciadiario.com\/web\/frontend_cargar_articulo.php?id_articulo%3D2750&amp;source=gmail&amp;ust=1468821252329000&amp;usg=AFQjCNH20tTxrFEcHTiCdR2dMPClkuLoMw\">http:\/\/www.galiciadiario.com\/<wbr \/>web\/frontend_cargar_articulo.<wbr \/>php?id_articulo=2750<\/a><\/div>\n<div><a href=\"http:\/\/izona.org\/index.php\/sociedad\/545-quebraron-espana\" target=\"_blank\" rel=\"noopener noreferrer\" data-saferedirecturl=\"https:\/\/www.google.com\/url?hl=es&amp;q=http:\/\/izona.org\/index.php\/sociedad\/545-quebraron-espana&amp;source=gmail&amp;ust=1468821252329000&amp;usg=AFQjCNEqos7E2NRwsrzw0uty4vrOgDx10w\">http:\/\/izona.org\/index.php\/<wbr \/>sociedad\/545-quebraron-espana<\/a><\/div>\n<div><a href=\"http:\/\/www.elblogoferoz.com\/2016\/07\/14\/quebraron-espana-por-jose-enrique-centen-martin\/\" target=\"_blank\" rel=\"noopener noreferrer\" data-saferedirecturl=\"https:\/\/www.google.com\/url?hl=es&amp;q=http:\/\/www.elblogoferoz.com\/2016\/07\/14\/quebraron-espana-por-jose-enrique-centen-martin\/&amp;source=gmail&amp;ust=1468821252329000&amp;usg=AFQjCNHBGKzKlYI-VII2x4QBZxGA_Q_vgQ\">http:\/\/www.elblogoferoz.com\/<wbr \/>2016\/07\/14\/quebraron-espana-<wbr \/>por-jose-enrique-centen-<wbr \/>martin\/<\/a><\/div>\n<div><a href=\"http:\/\/andalucia.press\/noticias_ampliar.php?id=57004\" target=\"_blank\" rel=\"noopener noreferrer\" data-saferedirecturl=\"https:\/\/www.google.com\/url?hl=es&amp;q=http:\/\/andalucia.press\/noticias_ampliar.php?id%3D57004&amp;source=gmail&amp;ust=1468821252329000&amp;usg=AFQjCNHE8hpPyO-1afZ8G4VzKWACngrFfg\">http:\/\/andalucia.press\/<wbr \/>noticias_ampliar.php?id=57004<\/a><\/div>\n<div><a href=\"http:\/\/es.globedia.com\/quebraron-espana\" target=\"_blank\" rel=\"noopener noreferrer\" data-saferedirecturl=\"https:\/\/www.google.com\/url?hl=es&amp;q=http:\/\/es.globedia.com\/quebraron-espana&amp;source=gmail&amp;ust=1468821252329000&amp;usg=AFQjCNH0e-O7z8jYIVOHBeOYJpJCl8gouQ\">http:\/\/es.globedia.com\/<wbr \/>quebraron-espana<\/a><\/div>\n<div>http:\/\/www.sierranortedigital.com\/794981726\/1-de-Julio.html<\/div>\n<div>http:\/\/www.eldigitalcastillalamancha.es\/cartasaldirector.html\/quebraron-espana<\/div>\n<div class='shareinpost'><ul class=\"socialwrap row\"><li class=\"iconOnly\"><a  rel='nofollow'  target='_blank'  title='Recommend this post : Quebraron Espa\u00f1a on Facebook'  href='http:\/\/www.facebook.com\/sharer.php?u=https%3A%2F%2Fwww.vitrubio03.es%2F%3Fp%3D5966&amp;t=Quebraron+Espa%C3%B1a'  ><img  src='https:\/\/www.vitrubio03.es\/wp-content\/plugins\/share-and-follow\/images\/blank.gif'  height='32' width='32'  class='image-32' alt='facebook'  style='background: transparent url(https:\/\/www.vitrubio03.es\/wp-content\/plugins\/share-and-follow\/default\/32\/sprite-32.png) no-repeat;padding:0;margin:0;height:32px;width:32px;background-position:-363px 0px'   \/> <span class=\"head\">Recommend on Facebook<\/span><\/a><\/li><li class=\"iconOnly\"><a  rel='nofollow'  target='_blank'  title='Tweet this post : Quebraron Espa\u00f1a on Twitter'  href=\"http:\/\/twitter.com\/share?url=https%3A%2F%2Fwww.vitrubio03.es%2F%3Fp%3D5966&amp;text=Quebraron+Espa%C3%B1a+-+\"  ><img  src='https:\/\/www.vitrubio03.es\/wp-content\/plugins\/share-and-follow\/images\/blank.gif'  height='32' width='32'  class='image-32' alt='twitter'  style='background: transparent url(https:\/\/www.vitrubio03.es\/wp-content\/plugins\/share-and-follow\/default\/32\/sprite-32.png) no-repeat;padding:0;margin:0;height:32px;width:32px;background-position:-1749px 0px'   \/> <span class=\"head\">Tweet about it<\/span><\/a><\/li><li class=\"iconOnly\"><a  rel='nofollow'  target='_self'  title='Print this post : Quebraron Espa\u00f1a for reading later'  href='javascript:window.print();'  ><img  src='https:\/\/www.vitrubio03.es\/wp-content\/plugins\/share-and-follow\/images\/blank.gif'  height='32' width='32'  class='image-32' alt='print'  style='background: transparent url(https:\/\/www.vitrubio03.es\/wp-content\/plugins\/share-and-follow\/default\/32\/sprite-32.png) no-repeat;padding:0;margin:0;height:32px;width:32px;background-position:-1386px 0px'   \/> <span class=\"head\">Print for later<\/span><\/a><\/li><li class=\"iconOnly\"><a rel=\"_self\" href=\"mailto:?subject=Reflexiones%20propias%20:%20Quebraron%20Espa\u00f1a&amp;body=Te%20adjunto%20un%20enlace%20a%20un%20art\u00edculo.%20Espero%20que%20te%20guste%20%20https:\/\/www.vitrubio03.es\/?p=5966\" title=\"Tell a friend about this post : Quebraron Espa\u00f1a \"><img loading=\"lazy\" decoding=\"async\" src=\"https:\/\/www.vitrubio03.es\/wp-content\/plugins\/share-and-follow\/images\/blank.gif\" height=\"32\"  width=\"32\" style=\"background: transparent url(https:\/\/www.vitrubio03.es\/wp-content\/plugins\/share-and-follow\/default\/32\/sprite-32.png) no-repeat;padding:0;margin:0;height:32px;width:32px;background-position:-330px 0px\" class=\"image-32\"  alt=\"email\" \/> <span class=\"head\">Tell a friend<\/span><\/a><\/li><\/ul><div class=\"clean\"><\/div> <\/div>","protected":false},"excerpt":{"rendered":"<p>Aquel fatal 18 de julio de hace 80 a\u00f1os fue el inicio que trunc\u00f3 el desarrollo de la modernidad espa\u00f1ola, el de\u00a0una Constituci\u00f3n ejemplo para muchas naciones de la \u00e9poca\u00a0siendo algunos de sus puntos reflejados en la Constituci\u00f3n espa\u00f1ola de &hellip; <a href=\"https:\/\/www.vitrubio03.es\/?p=5966\">Sigue leyendo <span class=\"meta-nav\">&rarr;<\/span><\/a><\/p>\n","protected":false},"author":2,"featured_media":0,"comment_status":"closed","ping_status":"closed","sticky":false,"template":"","format":"standard","meta":{"footnotes":""},"categories":[34,6,11],"tags":[32],"class_list":["post-5966","post","type-post","status-publish","format-standard","hentry","category-historia","category-iglesia","category-republica","tag-los-progresistas"],"_links":{"self":[{"href":"https:\/\/www.vitrubio03.es\/index.php?rest_route=\/wp\/v2\/posts\/5966","targetHints":{"allow":["GET"]}}],"collection":[{"href":"https:\/\/www.vitrubio03.es\/index.php?rest_route=\/wp\/v2\/posts"}],"about":[{"href":"https:\/\/www.vitrubio03.es\/index.php?rest_route=\/wp\/v2\/types\/post"}],"author":[{"embeddable":true,"href":"https:\/\/www.vitrubio03.es\/index.php?rest_route=\/wp\/v2\/users\/2"}],"replies":[{"embeddable":true,"href":"https:\/\/www.vitrubio03.es\/index.php?rest_route=%2Fwp%2Fv2%2Fcomments&post=5966"}],"version-history":[{"count":13,"href":"https:\/\/www.vitrubio03.es\/index.php?rest_route=\/wp\/v2\/posts\/5966\/revisions"}],"predecessor-version":[{"id":7576,"href":"https:\/\/www.vitrubio03.es\/index.php?rest_route=\/wp\/v2\/posts\/5966\/revisions\/7576"}],"wp:attachment":[{"href":"https:\/\/www.vitrubio03.es\/index.php?rest_route=%2Fwp%2Fv2%2Fmedia&parent=5966"}],"wp:term":[{"taxonomy":"category","embeddable":true,"href":"https:\/\/www.vitrubio03.es\/index.php?rest_route=%2Fwp%2Fv2%2Fcategories&post=5966"},{"taxonomy":"post_tag","embeddable":true,"href":"https:\/\/www.vitrubio03.es\/index.php?rest_route=%2Fwp%2Fv2%2Ftags&post=5966"}],"curies":[{"name":"wp","href":"https:\/\/api.w.org\/{rel}","templated":true}]}}