{"id":5988,"date":"2016-07-29T12:30:48","date_gmt":"2016-07-29T10:30:48","guid":{"rendered":"http:\/\/www.vitrubio03.es\/?p=5988"},"modified":"2020-10-11T18:49:31","modified_gmt":"2020-10-11T16:49:31","slug":"lo-irracional-hecho-racional","status":"publish","type":"post","link":"https:\/\/www.vitrubio03.es\/?p=5988","title":{"rendered":"Lo irracional hecho racional"},"content":{"rendered":"<p style=\"text-align: justify;\">Existen factores irracionales que en nuestro pa\u00eds se han hecho racionales, pero son m\u00e1s <a href=\"https:\/\/www.vitrubio03.es\/?attachment_id=5989\" rel=\"attachment wp-att-5989\"><img loading=\"lazy\" decoding=\"async\" class=\"alignleft size-medium wp-image-5989\" src=\"https:\/\/www.vitrubio03.es\/wp-content\/uploads\/2016\/07\/2\u00ba-Irracional-300x141.jpg\" alt=\"2\u00ba Irracional\" width=\"300\" height=\"141\" srcset=\"https:\/\/www.vitrubio03.es\/wp-content\/uploads\/2016\/07\/2\u00ba-Irracional-300x141.jpg 300w, https:\/\/www.vitrubio03.es\/wp-content\/uploads\/2016\/07\/2\u00ba-Irracional-768x361.jpg 768w, https:\/\/www.vitrubio03.es\/wp-content\/uploads\/2016\/07\/2\u00ba-Irracional.jpg 850w\" sizes=\"auto, (max-width: 300px) 100vw, 300px\" \/><\/a>propio de pa\u00edses\u2026, poned el calificativo que quer\u00e1is. Describo cuatro de ellos, estos son: el candidato, la propuesta de investidura, los pactos, los consejos y un ap\u00e9ndice.<br \/>\n<strong>&#8211; Primero el candidato,<\/strong> un elemento que el 20D, renunci\u00f3 a la investidura, entonces \u00bfpara que se present\u00f3 de nuevo el 26J?, y ahora se da dos meses de plazo para trabajar, seg\u00fan dice, pero sin dejar claro que se presente a la investidura.<!--more--><br \/>\n<strong>&#8211; Segundo la proposici\u00f3n de investidura por el Jefe del Estado,<\/strong> el que dice la Constituci\u00f3n en su punto 62.5 ser el guardi\u00e1n de la Constituci\u00f3n, c\u00f3mo puede nombrar a una persona que es Secretario General de un partido encausado por corrupci\u00f3n, obstrucci\u00f3n a la justicia en el caso de los discos 35 veces borrados, al margen de los cientos de imputados por cohecho, malversaci\u00f3n\u2026, que actuaban y act\u00faan a\u00fan muchos de ellos como representantes pol\u00edticos de su partido en el aparato del Estado. Incluso acusado tambi\u00e9n por ese otro \u00abl\u00edder\u00bb del partido naranja, de cobrar en B siendo cargo p\u00fablico hasta su nombramiento como presidente, seg\u00fan dijo.<br \/>\nParticularmente no comprendo que la persona que propone, y que viene de una estirpe de m\u00e1s de trecientos a\u00f1os donde los cabezas de la dinast\u00eda generalmente y la Historia ha reflejado, han sido asesinos, corruptos, degenerados, al margen de los cu\u00f1ados, hermanos, hijos, primos, sobrinos y dem\u00e1s reala, perd\u00f3n realeza, que no se quedan o quedaban atr\u00e1s \u00bfest\u00e1 realmente capacitado para nombrar a alguien?, podemos fiarnos de alguien que, por generaci\u00f3n, perd\u00f3n degeneraci\u00f3n, que puede tener dentro su ADN totalmente infectado.<br \/>\n<strong>&#8211; Tercero los pactos,<\/strong> aqu\u00ed raya el esperpento, negando y criticando posibles pactos con separatistas el pasado 20D, pero cuatro d\u00edas despu\u00e9s del 26J, ofrece a dos partidos claramente separatistas desde decenios, como reflejan sus estatutos, uno de ellos incluso inmerso en los mismos problemas de corrupci\u00f3n, como el 3%, o la sede embargada; en la propuesta de apoyo a su investidura, estos pidieron a cambio \u00abfinanciaci\u00f3n e inversiones\u00bb, <strong>nada de las necesidades de los ciudadanos,<\/strong> solo poder controlar el dinero.<br \/>\n<strong>&#8211; Cuarto los consejos,<\/strong> las declaraciones del \u00abl\u00edder\u00bb del segundo partido m\u00e1s votado, mientras sigue diciendo que \u00e9l no pacta con separatistas, pero pide claramente al candidato propuesto que pacte con nacionalistas de derechas, palabras textuales. \u00c9l no quiere pactar con \u00abciertos separatistas\u00bb, porque sabe muy bien que no son separatistas, son corrientes de ciudadanos de comunidades con necesidades concretas en cada una de ellas tambi\u00e9n, algunos pueden pedir la separaci\u00f3n, l\u00f3gico, quieren separarse de un Estado que los ha expulsado de su Patria al robarles todo lo que consiguieron generaciones anteriores. <strong>No quieren separarse por otro motivo,<\/strong> est\u00e1n hartos de las familias que han gobernado durante decenios manteniendo\u00a0 sus privilegios, e hip\u00f3critamente <strong>enarbolan la bandera separatista<\/strong> en beneficio propio y atribuy\u00e9ndose como interlocutores ante el gobierno de la naci\u00f3n, pero solo para defender lo suyo, a esos son los que hay que repudiar. Si en lugar de dar consejos estuviera por la labor de un gobierno verdaderamente progresista, se acabar\u00eda el problema, qui\u00e9n querr\u00e1 la aventura incierta de crear un Estado. <strong>Acaso los miles de j\u00f3venes que han salido de Espa\u00f1a lo han hecho para crear otra naci\u00f3n, no, <\/strong>han sido expulsados por la corrupci\u00f3n generalizada de los partidos actuales que no les han dado alternativas ni perspectiva de futuro.<br \/>\n<strong>&#8211; El ap\u00e9ndice es, Echenique,<\/strong> se le acusa de pagar en negro a un asistente durante 14 meses, cuando en realidad est\u00e1 exento de IVA seg\u00fan BOE n\u00ba 312, de 29 de diciembre de 1992, p\u00e1gina 21 -T\u00edttulo II- Cap\u00edtulo I, Art\u00edculo 20.3. Echenique, persona que cobra 2500\u20ac aprox., es como si tenemos una aver\u00eda en casa, viene el electricista y le pedimos alta de S.S., estar al d\u00eda de IVA y en Hacienda, o que no te cobre el IVA correspondiente. Echenique <strong>es la maniobra de distracci\u00f3n<\/strong> para tapar otras inmundicias, y por ser el Secretario de Organizaci\u00f3n del tercer partido m\u00e1s votado, un solo sueldo con tres personas a su cargo y las limitaciones que conlleva su estado, <strong>pero nada se dicen de los 5.000\u20ac al mes que Mariano gasta por atender a su padre en la Moncloa,<\/strong> con asistente y m\u00e9dico a cargo del Estado, con manutenci\u00f3n diaria para todos ellos a cargo de Presidencia de gobierno,<strong> \u00bfno es eso malversaci\u00f3n?,<\/strong> 5.000\u20ac con lo que diez personas podr\u00edan subsistir por parecidos motivos, diez de las decenas de miles a quienes se les ha retirado todo tipo de ayudas sociales.<br \/>\n<strong>\u00a0 \u00a0 \u00a0 \u00a0 \u00a0 \u00a0 \u00a0 \u00a0 \u00a0 \u00a0 \u00a0 \u00a0 \u00a0 \u00a0 \u00a0 \u00a0 \u00a0 \u00a0 \u00a0 \u00a0 \u00a0 \u00a0Nuestra realidad es irracional.<\/strong><\/p>\n<div><b>Publicado en:<\/b><\/div>\n<div><a href=\"http:\/\/tercerainformacion.es\/opinion\/opinion\/2016\/07\/29\/lo-irracional-hecho-racional\" target=\"_blank\" rel=\"noopener noreferrer\" data-saferedirecturl=\"https:\/\/www.google.com\/url?hl=es&amp;q=http:\/\/tercerainformacion.es\/opinion\/opinion\/2016\/07\/29\/lo-irracional-hecho-racional&amp;source=gmail&amp;ust=1470412241005000&amp;usg=AFQjCNGix_ADMYwPa-1WYuZJufluiZH0ew\">http:\/\/tercerainformacion.es\/<wbr \/>opinion\/opinion\/2016\/07\/29\/lo-<wbr \/>irracional-hecho-racional<\/a><b><br \/>\n<\/b><\/div>\n<div><a href=\"http:\/\/lalinea.digital\/2016\/07\/lo-irracional-hecho-racional\/\" target=\"_blank\" rel=\"noopener noreferrer\" data-saferedirecturl=\"https:\/\/www.google.com\/url?hl=es&amp;q=http:\/\/lalinea.digital\/2016\/07\/lo-irracional-hecho-racional\/&amp;source=gmail&amp;ust=1470412241005000&amp;usg=AFQjCNFisSv8PVEjKNUDu2JoRSv0ZcO_eQ\">http:\/\/lalinea.digital\/2016\/<wbr \/>07\/lo-irracional-hecho-<wbr \/>racional\/<\/a><\/div>\n<div><a href=\"http:\/\/www.alhaurin.com\/noticias_ampliar.php?id=57218\" target=\"_blank\" rel=\"noopener noreferrer\" data-saferedirecturl=\"https:\/\/www.google.com\/url?hl=es&amp;q=http:\/\/www.alhaurin.com\/noticias_ampliar.php?id%3D57218&amp;source=gmail&amp;ust=1470412241005000&amp;usg=AFQjCNEqVUyI0g-z7DnHUb6ASUCojMkZ9w\">http:\/\/www.alhaurin.com\/<wbr \/>noticias_ampliar.php?id=57218<\/a><\/div>\n<div><a href=\"http:\/\/izona.org\/index.php\/actualidad\/549-lo-irracional-hecho-racional\" target=\"_blank\" rel=\"noopener noreferrer\" data-saferedirecturl=\"https:\/\/www.google.com\/url?hl=es&amp;q=http:\/\/izona.org\/index.php\/actualidad\/549-lo-irracional-hecho-racional&amp;source=gmail&amp;ust=1470412241005000&amp;usg=AFQjCNGLPX90kJXyS3GOQtLINgMAC8Wv4w\">http:\/\/izona.org\/index.php\/<wbr \/>actualidad\/549-lo-irracional-<wbr \/>hecho-racional<\/a><\/div>\n<div><a href=\"http:\/\/www.galiciadiario.com\/web\/frontend_cargar_articulo.php?id_articulo=2763\" target=\"_blank\" rel=\"noopener noreferrer\" data-saferedirecturl=\"https:\/\/www.google.com\/url?hl=es&amp;q=http:\/\/www.galiciadiario.com\/web\/frontend_cargar_articulo.php?id_articulo%3D2763&amp;source=gmail&amp;ust=1470412241005000&amp;usg=AFQjCNG1IzWhGW1JZyj_ZEFhR4Ndi8-jQw\">http:\/\/www.galiciadiario.com\/<wbr \/>web\/frontend_cargar_articulo.<wbr \/>php?id_articulo=2763<\/a><\/div>\n<div><a href=\"http:\/\/www.elmercuriodigital.net\/2016\/07\/lo-irracional-hecho-racional.html#.V5xVclSLTcs\" target=\"_blank\" rel=\"noopener noreferrer\" data-saferedirecturl=\"https:\/\/www.google.com\/url?hl=es&amp;q=http:\/\/www.elmercuriodigital.net\/2016\/07\/lo-irracional-hecho-racional.html%23.V5xVclSLTcs&amp;source=gmail&amp;ust=1470412241005000&amp;usg=AFQjCNHcmAg-v03CyDG5IEh9NyhN9Moh8g\">http:\/\/www.elmercuriodigital.<wbr \/>net\/2016\/07\/lo-irracional-<wbr \/>hecho-racional.html#.<wbr \/>V5xVclSLTcs<\/a><\/div>\n<div><a href=\"http:\/\/www.malaka.es\/noticias_ampliar.php?id=57218\" target=\"_blank\" rel=\"noopener noreferrer\" data-saferedirecturl=\"https:\/\/www.google.com\/url?hl=es&amp;q=http:\/\/www.malaka.es\/noticias_ampliar.php?id%3D57218&amp;source=gmail&amp;ust=1470412241005000&amp;usg=AFQjCNHwhbAMurWpqk9V_YSJa_l7WOFmTg\">http:\/\/www.malaka.es\/noticias_<wbr \/>ampliar.php?id=57218<\/a><\/div>\n<div><a href=\"http:\/\/www.elblogoferoz.com\/2016\/07\/30\/lo-irracional-hecho-racional-por-jose-enrique-centen-martin\/\" target=\"_blank\" rel=\"noopener noreferrer\" data-saferedirecturl=\"https:\/\/www.google.com\/url?hl=es&amp;q=http:\/\/www.elblogoferoz.com\/2016\/07\/30\/lo-irracional-hecho-racional-por-jose-enrique-centen-martin\/&amp;source=gmail&amp;ust=1470412241005000&amp;usg=AFQjCNG5r6mT_T3PMiEEcaLYROzaFk3TMg\">http:\/\/www.elblogoferoz.com\/<wbr \/>2016\/07\/30\/lo-irracional-<wbr \/>hecho-racional-por-jose-<wbr \/>enrique-centen-martin\/<\/a><\/div>\n<div><a href=\"http:\/\/www.sierranortedigital.com\/690557191\/Lo-irracional-hecho-racional.-Por-Jose-Enrique-Centen.html\" target=\"_blank\" rel=\"noopener noreferrer\" data-saferedirecturl=\"https:\/\/www.google.com\/url?hl=es&amp;q=http:\/\/www.sierranortedigital.com\/690557191\/Lo-irracional-hecho-racional.-Por-Jose-Enrique-Centen.html&amp;source=gmail&amp;ust=1470412241005000&amp;usg=AFQjCNHPYIYN3bsHhVoji5SKG6t7cpgXUA\">http:\/\/www.sierranortedigital.<wbr \/>com\/690557191\/Lo-irracional-<wbr \/>hecho-racional.-Por-Jose-<wbr \/>Enrique-Centen.html<\/a><\/div>\n<div><a href=\"http:\/\/es.globedia.com\/irracional-hecho-racional\" target=\"_blank\" rel=\"noopener noreferrer\" data-saferedirecturl=\"https:\/\/www.google.com\/url?hl=es&amp;q=http:\/\/es.globedia.com\/irracional-hecho-racional&amp;source=gmail&amp;ust=1470412241005000&amp;usg=AFQjCNElfPjgO0zZJQfWCiE9RBbd3DZ35Q\">http:\/\/es.globedia.com\/<wbr \/>irracional-hecho-racional<\/a><\/div>\n<div><a href=\"http:\/\/www.guadalhorce.net\/noticias_ampliar.php?id=57218&amp;comesfrom=columnista.php\" target=\"_blank\" rel=\"noopener noreferrer\" data-saferedirecturl=\"https:\/\/www.google.com\/url?hl=es&amp;q=http:\/\/www.guadalhorce.net\/noticias_ampliar.php?id%3D57218%26comesfrom%3Dcolumnista.php&amp;source=gmail&amp;ust=1470412241005000&amp;usg=AFQjCNEXOMsWc1LbVCOw-Z4EqV9n983i7A\">http:\/\/www.guadalhorce.net\/<wbr \/>noticias_ampliar.php?id=57218&amp;<wbr \/>comesfrom=columnista.php<\/a><\/div>\n<div><a href=\"http:\/\/www.extremaduraprogresista.com\/libre\/40-libre-opinion\/23150-lo-irracional-hecho-racional\" target=\"_blank\" rel=\"noopener noreferrer\" data-saferedirecturl=\"https:\/\/www.google.com\/url?hl=es&amp;q=http:\/\/www.extremaduraprogresista.com\/libre\/40-libre-opinion\/23150-lo-irracional-hecho-racional&amp;source=gmail&amp;ust=1470412241005000&amp;usg=AFQjCNG6QzCcbXxFkh-Efy_d0PVp7vzMxg\">http:\/\/www.<wbr \/>extremaduraprogresista.com\/<wbr \/>libre\/40-libre-opinion\/23150-<wbr \/>lo-irracional-hecho-racional<\/a><\/div>\n<div><a href=\"http:\/\/www.diariosigloxxi.com\/texto-diario\/mostrar\/476855\/irracional-hecho-racional\" target=\"_blank\" rel=\"noopener noreferrer\" data-saferedirecturl=\"https:\/\/www.google.com\/url?hl=es&amp;q=http:\/\/www.diariosigloxxi.com\/texto-diario\/mostrar\/476855\/irracional-hecho-racional&amp;source=gmail&amp;ust=1470412241006000&amp;usg=AFQjCNFXEeQxdQBuRIbQgSOxhqQbfPDZsw\">http:\/\/www.diariosigloxxi.com\/<wbr \/>texto-diario\/mostrar\/476855\/<wbr \/>irracional-hecho-racional<\/a><\/div>\n<div><a href=\"http:\/\/izona.org\/index.php\/actualidad\/549-lo-irracional-hecho-racional\" target=\"_blank\" rel=\"noopener noreferrer\" data-saferedirecturl=\"https:\/\/www.google.com\/url?hl=es&amp;q=http:\/\/izona.org\/index.php\/actualidad\/549-lo-irracional-hecho-racional&amp;source=gmail&amp;ust=1470412241006000&amp;usg=AFQjCNETILQPTqJpBfgTbe42UCIiRZsJuQ\">http:\/\/izona.org\/index.php\/<wbr \/>actualidad\/549-lo-irracional-<wbr \/>hecho-racional<\/a><\/div>\n<div><a href=\"http:\/\/informacionalhamaindependiente.blogspot.com.es\/2016\/07\/lo-irracional-hecho-racional.html\" target=\"_blank\" rel=\"noopener noreferrer\" data-saferedirecturl=\"https:\/\/www.google.com\/url?hl=es&amp;q=http:\/\/informacionalhamaindependiente.blogspot.com.es\/2016\/07\/lo-irracional-hecho-racional.html&amp;source=gmail&amp;ust=1470412241006000&amp;usg=AFQjCNESpknKn5UiRC-KUUPwlTzyYFEdOQ\">http:\/\/<wbr \/>informacionalhamaindependiente<wbr \/>.blogspot.com.es\/2016\/07\/lo-<wbr \/>irracional-hecho-racional.html<\/a><\/div>\n<div>Senda Norte Agosto 2016<\/div>\n<div class='shareinpost'><ul class=\"socialwrap row\"><li class=\"iconOnly\"><a  rel='nofollow'  target='_blank'  title='Recommend this post : Lo irracional hecho racional on Facebook'  href='http:\/\/www.facebook.com\/sharer.php?u=https%3A%2F%2Fwww.vitrubio03.es%2F%3Fp%3D5988&amp;t=Lo+irracional+hecho+racional'  ><img  src='https:\/\/www.vitrubio03.es\/wp-content\/plugins\/share-and-follow\/images\/blank.gif'  height='32' width='32'  class='image-32' alt='facebook'  style='background: transparent url(https:\/\/www.vitrubio03.es\/wp-content\/plugins\/share-and-follow\/default\/32\/sprite-32.png) no-repeat;padding:0;margin:0;height:32px;width:32px;background-position:-363px 0px'   \/> <span class=\"head\">Recommend on Facebook<\/span><\/a><\/li><li class=\"iconOnly\"><a  rel='nofollow'  target='_blank'  title='Tweet this post : Lo irracional hecho racional on Twitter'  href=\"http:\/\/twitter.com\/share?url=https%3A%2F%2Fwww.vitrubio03.es%2F%3Fp%3D5988&amp;text=Lo+irracional+hecho+racional+-+\"  ><img  src='https:\/\/www.vitrubio03.es\/wp-content\/plugins\/share-and-follow\/images\/blank.gif'  height='32' width='32'  class='image-32' alt='twitter'  style='background: transparent url(https:\/\/www.vitrubio03.es\/wp-content\/plugins\/share-and-follow\/default\/32\/sprite-32.png) no-repeat;padding:0;margin:0;height:32px;width:32px;background-position:-1749px 0px'   \/> <span class=\"head\">Tweet about it<\/span><\/a><\/li><li class=\"iconOnly\"><a  rel='nofollow'  target='_self'  title='Print this post : Lo irracional hecho racional for reading later'  href='javascript:window.print();'  ><img  src='https:\/\/www.vitrubio03.es\/wp-content\/plugins\/share-and-follow\/images\/blank.gif'  height='32' width='32'  class='image-32' alt='print'  style='background: transparent url(https:\/\/www.vitrubio03.es\/wp-content\/plugins\/share-and-follow\/default\/32\/sprite-32.png) no-repeat;padding:0;margin:0;height:32px;width:32px;background-position:-1386px 0px'   \/> <span class=\"head\">Print for later<\/span><\/a><\/li><li class=\"iconOnly\"><a rel=\"_self\" href=\"mailto:?subject=Reflexiones%20propias%20:%20Lo%20irracional%20hecho%20racional&amp;body=Te%20adjunto%20un%20enlace%20a%20un%20art\u00edculo.%20Espero%20que%20te%20guste%20%20https:\/\/www.vitrubio03.es\/?p=5988\" title=\"Tell a friend about this post : Lo irracional hecho racional \"><img loading=\"lazy\" decoding=\"async\" src=\"https:\/\/www.vitrubio03.es\/wp-content\/plugins\/share-and-follow\/images\/blank.gif\" height=\"32\"  width=\"32\" style=\"background: transparent url(https:\/\/www.vitrubio03.es\/wp-content\/plugins\/share-and-follow\/default\/32\/sprite-32.png) no-repeat;padding:0;margin:0;height:32px;width:32px;background-position:-330px 0px\" class=\"image-32\"  alt=\"email\" \/> <span class=\"head\">Tell a friend<\/span><\/a><\/li><\/ul><div class=\"clean\"><\/div> <\/div>","protected":false},"excerpt":{"rendered":"<p>Existen factores irracionales que en nuestro pa\u00eds se han hecho racionales, pero son m\u00e1s propio de pa\u00edses\u2026, poned el calificativo que quer\u00e1is. Describo cuatro de ellos, estos son: el candidato, la propuesta de investidura, los pactos, los consejos y un &hellip; <a href=\"https:\/\/www.vitrubio03.es\/?p=5988\">Sigue leyendo <span class=\"meta-nav\">&rarr;<\/span><\/a><\/p>\n","protected":false},"author":2,"featured_media":0,"comment_status":"closed","ping_status":"closed","sticky":false,"template":"","format":"standard","meta":{"footnotes":""},"categories":[58,54],"tags":[17],"class_list":["post-5988","post","type-post","status-publish","format-standard","hentry","category-15-m","category-elecciones","tag-elecciones"],"_links":{"self":[{"href":"https:\/\/www.vitrubio03.es\/index.php?rest_route=\/wp\/v2\/posts\/5988","targetHints":{"allow":["GET"]}}],"collection":[{"href":"https:\/\/www.vitrubio03.es\/index.php?rest_route=\/wp\/v2\/posts"}],"about":[{"href":"https:\/\/www.vitrubio03.es\/index.php?rest_route=\/wp\/v2\/types\/post"}],"author":[{"embeddable":true,"href":"https:\/\/www.vitrubio03.es\/index.php?rest_route=\/wp\/v2\/users\/2"}],"replies":[{"embeddable":true,"href":"https:\/\/www.vitrubio03.es\/index.php?rest_route=%2Fwp%2Fv2%2Fcomments&post=5988"}],"version-history":[{"count":10,"href":"https:\/\/www.vitrubio03.es\/index.php?rest_route=\/wp\/v2\/posts\/5988\/revisions"}],"predecessor-version":[{"id":7540,"href":"https:\/\/www.vitrubio03.es\/index.php?rest_route=\/wp\/v2\/posts\/5988\/revisions\/7540"}],"wp:attachment":[{"href":"https:\/\/www.vitrubio03.es\/index.php?rest_route=%2Fwp%2Fv2%2Fmedia&parent=5988"}],"wp:term":[{"taxonomy":"category","embeddable":true,"href":"https:\/\/www.vitrubio03.es\/index.php?rest_route=%2Fwp%2Fv2%2Fcategories&post=5988"},{"taxonomy":"post_tag","embeddable":true,"href":"https:\/\/www.vitrubio03.es\/index.php?rest_route=%2Fwp%2Fv2%2Ftags&post=5988"}],"curies":[{"name":"wp","href":"https:\/\/api.w.org\/{rel}","templated":true}]}}