{"id":6233,"date":"2017-01-20T19:23:59","date_gmt":"2017-01-20T18:23:59","guid":{"rendered":"http:\/\/www.vitrubio03.es\/?p=6233"},"modified":"2020-10-16T19:12:09","modified_gmt":"2020-10-16T17:12:09","slug":"dicen-que-son-los-causantes","status":"publish","type":"post","link":"https:\/\/www.vitrubio03.es\/?p=6233","title":{"rendered":"Dicen que son los causantes"},"content":{"rendered":"<p style=\"text-align: justify;\">Es la interpretaci\u00f3n de determinados gobiernos cuando los ciudadanos pasan a engrosar al apartado (nunca mejor dicho) de ser jubilados y sobre ellos ciernen el estigma de mantenidos al pretender borrar los muchos a\u00f1os de cotizaci\u00f3n al INSS, algunos m\u00e1s de <a href=\"https:\/\/www.vitrubio03.es\/?attachment_id=6234\" rel=\"attachment wp-att-6234\"><img loading=\"lazy\" decoding=\"async\" class=\"alignleft size-medium wp-image-6234\" src=\"https:\/\/www.vitrubio03.es\/wp-content\/uploads\/2017\/01\/3\u00ba-Pensionistas-276x300.jpg\" alt=\"\" width=\"276\" height=\"300\" srcset=\"https:\/\/www.vitrubio03.es\/wp-content\/uploads\/2017\/01\/3\u00ba-Pensionistas-276x300.jpg 276w, https:\/\/www.vitrubio03.es\/wp-content\/uploads\/2017\/01\/3\u00ba-Pensionistas.jpg 317w\" sizes=\"auto, (max-width: 276px) 100vw, 276px\" \/><\/a>50 a\u00f1os, que han servido y sirven para para el mantenimiento de la propia Seguridad Social y toda su infraestructura (trabajadores, edificios, remodelaciones, mejoras), para sus hijos desde que nacieron hasta que entraron en el mercado laboral, para las pensiones de viudedad de los que no ten\u00edan ingresos, para las pensiones exentas de IRPF (orfandad, parados, accidentados laborales de baja definitiva, los de incapacidad permanente, pensiones por actos terroristas, los dependientes, los excluidos sociales), todo realizado a trav\u00e9s no solo con la cotizaci\u00f3n peri\u00f3dica de la n\u00f3mina (4,4% del sueldo), tambi\u00e9n del IRPF impl\u00edcito en ella (se destina el 12% de ese impuesto descontado en cada n\u00f3mina), sin olvidarnos que sirve para el \u00absueldo y privilegios de las se\u00f1or\u00edas\u00bb parlamentarias, incluso de los que act\u00faan contra quienes les mantienen y seguir\u00e1n manteniendo a trav\u00e9s de la Declaraci\u00f3n de Renta, nunca condonada, mientras que para \u00a0esas \u00abse\u00f1or\u00edas\u00bb es reducida.<!--more--><br \/>\n\u00abSe\u00f1or\u00edas\u00bb encargadas de imbuir (a los que permanecen en el mercado laboral) de que los jubilados son los causantes de la p\u00e9rdida del Bienestar Social, obviando que siguen pagando impuestos, a excepci\u00f3n de los correspondientes a la S.S. (el 4,4%), como lo son tambi\u00e9n los que reciben cualquier ayuda social o tipo de pensi\u00f3n (obligaci\u00f3n subsidiaria del Estado) porque as\u00ed lo hacen en el pago del IRPF anual, para eso si son iguales al resto de los ciudadanos. Pero piensan y hacen creer con mensajes subliminales, ocultando el haber sido los mantenedores de la Seguridad Social durante su vida laboral, el ser los causantes del mal de la Seguridad Social por la pensi\u00f3n, pensi\u00f3n obtenida por la entrega peri\u00f3dica a plazo fijo del 4,4% de su sueldo para tal fin al Estado, <strong>\u00abpero estas energ\u00famenas se\u00f1or\u00edas\u00bb<\/strong> pretenden dar a entender que es altruista o producto de los trabajadores en activo (muchos as\u00ed lo creen, olvid\u00e1ndose de personas de su entorno, en una situaci\u00f3n parecida).<br \/>\nSon el blanco de los males, sin querer darse cuenta muchos asalariados en activo, incluso algunos jubilados, de que con la condici\u00f3n de pensionista sufrir\u00e1n la p\u00e9rdida de poder adquisitivo a\u00f1o tras a\u00f1o, dada la imposibilidad de mejorar cambiando de empleo. Son diana de la codicia, al ser excluidos de ciertos medicamentos y obligados al oneroso copago de ellos tras una larga vida de trabajo que empieza a pasar factura por enfermedades o decrepitudes propias de la edad, ese tipo de Estado los ignora al cambiarles la condici\u00f3n, de paciente a clientes, objetivo de pol\u00edticos sin escr\u00fapulos a las \u00f3rdenes de las Farmac\u00e9uticas o de los Bancos y sus planes de pensiones. A todos los que pretenden enga\u00f1ar les cito la frase (no recuerdo el autor),<strong> \u00abla edad son pelda\u00f1os desde donde se observa el pasado\u00bb<\/strong>, lo hago para que recuerden y observen la manipulaci\u00f3n cuya consecuencia es destruir el Bienestar Social conseguido por muchos de los que ahora est\u00e1n jubilados o entran en esa condici\u00f3n, entregando ese fruto de luchas y reivindicaciones durante d\u00e9cadas a sus herederos naturales, las siguientes generaciones de asalariados para que no conviertan una tierra productiva, \u00aben una era\u00bb, y como ejemplo se podr\u00eda utilizar una analog\u00eda con el Antiguo Testamento en el Cantar de los Cantares 1:6: <strong>\u00abMe pusieron a guardar las vi\u00f1as; y mi vi\u00f1a, que era m\u00eda, no guard\u00e9\u00bb.<\/strong><\/p>\n<p><strong>\u00a0 \u00a0 \u00a0 \u00a0 \u00a0 \u00a0 \u00a0 \u00a0 \u00a0 \u00a0 \u00a0 No se\u00e1is ciegos, los pensionistas no son culpables.<\/strong><\/p>\n<div><b>Publicado en:<\/b><\/div>\n<div><a href=\"http:\/\/www.elblogoferoz.com\/2017\/01\/21\/dicen-que-son-los-causantes-por-jose-enrique-centen-martin\/\" target=\"_blank\" rel=\"noopener noreferrer\" data-saferedirecturl=\"https:\/\/www.google.com\/url?hl=es&amp;q=http:\/\/www.elblogoferoz.com\/2017\/01\/21\/dicen-que-son-los-causantes-por-jose-enrique-centen-martin\/&amp;source=gmail&amp;ust=1486286445249000&amp;usg=AFQjCNFOaT6o_5CMBxZDitwwM45ut63-dw\">http:\/\/www.elblogoferoz.com\/20<wbr \/>17\/01\/21\/dicen-que-son-los-cau<wbr \/>santes-por-jose-enrique-centen<wbr \/>-martin\/<\/a><\/div>\n<div><a href=\"http:\/\/www.aragondigital.es\/noticia.asp?notid=152366&amp;secid=25\" target=\"_blank\" rel=\"noopener noreferrer\" data-saferedirecturl=\"https:\/\/www.google.com\/url?hl=es&amp;q=http:\/\/www.aragondigital.es\/noticia.asp?notid%3D152366%26secid%3D25&amp;source=gmail&amp;ust=1486286445249000&amp;usg=AFQjCNElG2iKCZ5n48_BjuisnOo70w8xtA\">http:\/\/www.aragondigital.es\/no<wbr \/>ticia.asp?notid=152366&amp;secid=2<wbr \/>5<\/a><\/div>\n<div><a href=\"http:\/\/www.alhaurin.com\/noticias_ampliar.php?id=60175\" target=\"_blank\" rel=\"noopener noreferrer\" data-saferedirecturl=\"https:\/\/www.google.com\/url?hl=es&amp;q=http:\/\/www.alhaurin.com\/noticias_ampliar.php?id%3D60175&amp;source=gmail&amp;ust=1486286445249000&amp;usg=AFQjCNEwy011MUOzlqbCfX2WZJDT9MmH_w\">http:\/\/www.alhaurin.com\/notici<wbr \/>as_ampliar.php?id=60175<\/a><\/div>\n<div><a href=\"http:\/\/www.diariosigloxxi.com\/texto-diario\/mostrar\/567121\/dicen-causantes\" target=\"_blank\" rel=\"noopener noreferrer\" data-saferedirecturl=\"https:\/\/www.google.com\/url?hl=es&amp;q=http:\/\/www.diariosigloxxi.com\/texto-diario\/mostrar\/567121\/dicen-causantes&amp;source=gmail&amp;ust=1486286445249000&amp;usg=AFQjCNHtyzfCMjPjnvybY1dWISlDaltLHg\">http:\/\/www.diariosigloxxi.com\/<wbr \/>texto-diario\/mostrar\/567121\/di<wbr \/>cen-causantes<\/a><\/div>\n<div><a href=\"http:\/\/periodistas-es.com\/los-jubilados-problema-80843\" target=\"_blank\" rel=\"noopener noreferrer\" data-saferedirecturl=\"https:\/\/www.google.com\/url?hl=es&amp;q=http:\/\/periodistas-es.com\/los-jubilados-problema-80843&amp;source=gmail&amp;ust=1486286445249000&amp;usg=AFQjCNGuVtyvm17qYoPom-mK0yPq7hmXWw\">http:\/\/periodistas-es.com\/los-<wbr \/>jubilados-problema-80843<\/a><\/div>\n<div><a href=\"http:\/\/extremaduraprogresista.com\/libre\/40-libre-opinion\/23773-dicen-que-son-los-causantes\" target=\"_blank\" rel=\"noopener noreferrer\" data-saferedirecturl=\"https:\/\/www.google.com\/url?hl=es&amp;q=http:\/\/extremaduraprogresista.com\/libre\/40-libre-opinion\/23773-dicen-que-son-los-causantes&amp;source=gmail&amp;ust=1486286445249000&amp;usg=AFQjCNErmX6jC7T75AZygKC5AgcFTwQepg\">http:\/\/extremaduraprogresista.<wbr \/>com\/libre\/40-libre-opinion\/237<wbr \/>73-dicen-que-son-los-causantes<\/a><\/div>\n<div><a href=\"http:\/\/tercerainformacion.es\/opinion\/opinion\/2017\/01\/22\/dicen-que-son-los-causantes\" target=\"_blank\" rel=\"noopener noreferrer\" data-saferedirecturl=\"https:\/\/www.google.com\/url?hl=es&amp;q=http:\/\/tercerainformacion.es\/opinion\/opinion\/2017\/01\/22\/dicen-que-son-los-causantes&amp;source=gmail&amp;ust=1486286445249000&amp;usg=AFQjCNGa8o93FocoOg8N_ho3A_GTwjkJNA\">http:\/\/tercerainformacion.es\/o<wbr \/>pinion\/opinion\/2017\/01\/22\/dice<wbr \/>n-que-son-los-causantes<\/a><\/div>\n<div><a href=\"http:\/\/www.malaka.es\/noticias_ampliar.php?id=60175\" target=\"_blank\" rel=\"noopener noreferrer\" data-saferedirecturl=\"https:\/\/www.google.com\/url?hl=es&amp;q=http:\/\/www.malaka.es\/noticias_ampliar.php?id%3D60175&amp;source=gmail&amp;ust=1486286445249000&amp;usg=AFQjCNGV4eCRfo3wDX2mPrlV1CyO6uRd2Q\">http:\/\/www.malaka.es\/noticias_<wbr \/>ampliar.php?id=60175<\/a><\/div>\n<div><a href=\"http:\/\/www.sierranortedigital.com\/234891301\/Dicen-que-son-los-causantes.-Por-Jose-Enrique-Centen.html\" target=\"_blank\" rel=\"noopener noreferrer\" data-saferedirecturl=\"https:\/\/www.google.com\/url?hl=es&amp;q=http:\/\/www.sierranortedigital.com\/234891301\/Dicen-que-son-los-causantes.-Por-Jose-Enrique-Centen.html&amp;source=gmail&amp;ust=1486286445249000&amp;usg=AFQjCNGyXUxE9fYVYLBGR2VBFLUS8rayKA\">http:\/\/www.sierranortedigital.<wbr \/>com\/234891301\/Dicen-que-son-lo<wbr \/>s-causantes.-Por-Jose-Enrique-<wbr \/>Centen.html<\/a><\/div>\n<div><a href=\"http:\/\/es.globedia.com\/dicen-que-son-los-causantes\" target=\"_blank\" rel=\"noopener noreferrer\" data-saferedirecturl=\"https:\/\/www.google.com\/url?hl=es&amp;q=http:\/\/es.globedia.com\/dicen-que-son-los-causantes&amp;source=gmail&amp;ust=1486286445249000&amp;usg=AFQjCNHgZvi90WUkW8hfp-imQxMGOqUFlA\">http:\/\/es.globedia.com\/dicen-q<wbr \/>ue-son-los-causantes<\/a><\/div>\n<div><a href=\"http:\/\/www.aragondigital.es\/noticia.asp?notid=152366&amp;secid=25\" target=\"_blank\" rel=\"noopener noreferrer\" data-saferedirecturl=\"https:\/\/www.google.com\/url?hl=es&amp;q=http:\/\/www.aragondigital.es\/noticia.asp?notid%3D152366%26secid%3D25&amp;source=gmail&amp;ust=1486286445249000&amp;usg=AFQjCNElG2iKCZ5n48_BjuisnOo70w8xtA\">http:\/\/www.aragondigital.es\/no<wbr \/>ticia.asp?notid=152366&amp;secid=2<wbr \/>5<\/a><\/div>\n<div><a href=\"http:\/\/izona.org\/index.php\/actualidad\/634-dicen-que-son-los-causantes\" target=\"_blank\" rel=\"noopener noreferrer\" data-saferedirecturl=\"https:\/\/www.google.com\/url?hl=es&amp;q=http:\/\/izona.org\/index.php\/actualidad\/634-dicen-que-son-los-causantes&amp;source=gmail&amp;ust=1486286445249000&amp;usg=AFQjCNGHSsEdgNZxkabK7yeWYSJ-vmo3hg\">http:\/\/izona.org\/index.php\/act<wbr \/>ualidad\/634-dicen-que-son-los-<wbr \/>causantes<\/a><\/div>\n<div><a href=\"http:\/\/www.galiciadiario.com\/web\/frontend_cargar_articulo.php?id_articulo=2877\" target=\"_blank\" rel=\"noopener noreferrer\" data-saferedirecturl=\"https:\/\/www.google.com\/url?hl=es&amp;q=http:\/\/www.galiciadiario.com\/web\/frontend_cargar_articulo.php?id_articulo%3D2877&amp;source=gmail&amp;ust=1486286445249000&amp;usg=AFQjCNGo2E8P_96KlT1ITNvmGv8Muedx4Q\">http:\/\/www.galiciadiario.com\/w<wbr \/>eb\/frontend_cargar_articulo.ph<wbr \/>p?id_articulo=2877<\/a><\/div>\n<div><a href=\"http:\/\/plazabierta.com\/dicen-los-causantes\/\" target=\"_blank\" rel=\"noopener noreferrer\" data-saferedirecturl=\"https:\/\/www.google.com\/url?hl=es&amp;q=http:\/\/plazabierta.com\/dicen-los-causantes\/&amp;source=gmail&amp;ust=1486286445249000&amp;usg=AFQjCNH5rZwG6jM8xzwlbveYGpbqF2Y_iw\">http:\/\/plazabierta.com\/dicen-l<wbr \/>os-causantes\/<\/a><\/div>\n<div><a href=\"http:\/\/www.andalucia.press\/noticias_ampliar.php?id=60175\" target=\"_blank\" rel=\"noopener noreferrer\" data-saferedirecturl=\"https:\/\/www.google.com\/url?hl=es&amp;q=http:\/\/www.andalucia.press\/noticias_ampliar.php?id%3D60175&amp;source=gmail&amp;ust=1486286445249000&amp;usg=AFQjCNGEtS_ZCuuWEWeuEDjJ2DmulT6Waw\">http:\/\/www.andalucia.press\/not<wbr \/>icias_ampliar.php?id=60175<\/a><\/div>\n<div>http:\/\/sendanorte.es\/index.php\/secciones\/opinion\/3670-dicen-que-son-los-causantes<\/div>\n<div class='shareinpost'><ul class=\"socialwrap row\"><li class=\"iconOnly\"><a  rel='nofollow'  target='_blank'  title='Recommend this post : Dicen que son los causantes on Facebook'  href='http:\/\/www.facebook.com\/sharer.php?u=https%3A%2F%2Fwww.vitrubio03.es%2F%3Fp%3D6233&amp;t=Dicen+que+son+los+causantes'  ><img  src='https:\/\/www.vitrubio03.es\/wp-content\/plugins\/share-and-follow\/images\/blank.gif'  height='32' width='32'  class='image-32' alt='facebook'  style='background: transparent url(https:\/\/www.vitrubio03.es\/wp-content\/plugins\/share-and-follow\/default\/32\/sprite-32.png) no-repeat;padding:0;margin:0;height:32px;width:32px;background-position:-363px 0px'   \/> <span class=\"head\">Recommend on Facebook<\/span><\/a><\/li><li class=\"iconOnly\"><a  rel='nofollow'  target='_blank'  title='Tweet this post : Dicen que son los causantes on Twitter'  href=\"http:\/\/twitter.com\/share?url=https%3A%2F%2Fwww.vitrubio03.es%2F%3Fp%3D6233&amp;text=Dicen+que+son+los+causantes+-+\"  ><img  src='https:\/\/www.vitrubio03.es\/wp-content\/plugins\/share-and-follow\/images\/blank.gif'  height='32' width='32'  class='image-32' alt='twitter'  style='background: transparent url(https:\/\/www.vitrubio03.es\/wp-content\/plugins\/share-and-follow\/default\/32\/sprite-32.png) no-repeat;padding:0;margin:0;height:32px;width:32px;background-position:-1749px 0px'   \/> <span class=\"head\">Tweet about it<\/span><\/a><\/li><li class=\"iconOnly\"><a  rel='nofollow'  target='_self'  title='Print this post : Dicen que son los causantes for reading later'  href='javascript:window.print();'  ><img  src='https:\/\/www.vitrubio03.es\/wp-content\/plugins\/share-and-follow\/images\/blank.gif'  height='32' width='32'  class='image-32' alt='print'  style='background: transparent url(https:\/\/www.vitrubio03.es\/wp-content\/plugins\/share-and-follow\/default\/32\/sprite-32.png) no-repeat;padding:0;margin:0;height:32px;width:32px;background-position:-1386px 0px'   \/> <span class=\"head\">Print for later<\/span><\/a><\/li><li class=\"iconOnly\"><a rel=\"_self\" href=\"mailto:?subject=Reflexiones%20propias%20:%20Dicen%20que%20son%20los%20causantes&amp;body=Te%20adjunto%20un%20enlace%20a%20un%20art\u00edculo.%20Espero%20que%20te%20guste%20%20https:\/\/www.vitrubio03.es\/?p=6233\" title=\"Tell a friend about this post : Dicen que son los causantes \"><img loading=\"lazy\" decoding=\"async\" src=\"https:\/\/www.vitrubio03.es\/wp-content\/plugins\/share-and-follow\/images\/blank.gif\" height=\"32\"  width=\"32\" style=\"background: transparent url(https:\/\/www.vitrubio03.es\/wp-content\/plugins\/share-and-follow\/default\/32\/sprite-32.png) no-repeat;padding:0;margin:0;height:32px;width:32px;background-position:-330px 0px\" class=\"image-32\"  alt=\"email\" \/> <span class=\"head\">Tell a friend<\/span><\/a><\/li><\/ul><div class=\"clean\"><\/div> <\/div>","protected":false},"excerpt":{"rendered":"<p>Es la interpretaci\u00f3n de determinados gobiernos cuando los ciudadanos pasan a engrosar al apartado (nunca mejor dicho) de ser jubilados y sobre ellos ciernen el estigma de mantenidos al pretender borrar los muchos a\u00f1os de cotizaci\u00f3n al INSS, algunos m\u00e1s &hellip; <a href=\"https:\/\/www.vitrubio03.es\/?p=6233\">Sigue leyendo <span class=\"meta-nav\">&rarr;<\/span><\/a><\/p>\n","protected":false},"author":2,"featured_media":0,"comment_status":"closed","ping_status":"closed","sticky":false,"template":"","format":"standard","meta":{"footnotes":""},"categories":[10],"tags":[16,31],"class_list":["post-6233","post","type-post","status-publish","format-standard","hentry","category-nacional","tag-derechos","tag-piensa"],"_links":{"self":[{"href":"https:\/\/www.vitrubio03.es\/index.php?rest_route=\/wp\/v2\/posts\/6233","targetHints":{"allow":["GET"]}}],"collection":[{"href":"https:\/\/www.vitrubio03.es\/index.php?rest_route=\/wp\/v2\/posts"}],"about":[{"href":"https:\/\/www.vitrubio03.es\/index.php?rest_route=\/wp\/v2\/types\/post"}],"author":[{"embeddable":true,"href":"https:\/\/www.vitrubio03.es\/index.php?rest_route=\/wp\/v2\/users\/2"}],"replies":[{"embeddable":true,"href":"https:\/\/www.vitrubio03.es\/index.php?rest_route=%2Fwp%2Fv2%2Fcomments&post=6233"}],"version-history":[{"count":6,"href":"https:\/\/www.vitrubio03.es\/index.php?rest_route=\/wp\/v2\/posts\/6233\/revisions"}],"predecessor-version":[{"id":7703,"href":"https:\/\/www.vitrubio03.es\/index.php?rest_route=\/wp\/v2\/posts\/6233\/revisions\/7703"}],"wp:attachment":[{"href":"https:\/\/www.vitrubio03.es\/index.php?rest_route=%2Fwp%2Fv2%2Fmedia&parent=6233"}],"wp:term":[{"taxonomy":"category","embeddable":true,"href":"https:\/\/www.vitrubio03.es\/index.php?rest_route=%2Fwp%2Fv2%2Fcategories&post=6233"},{"taxonomy":"post_tag","embeddable":true,"href":"https:\/\/www.vitrubio03.es\/index.php?rest_route=%2Fwp%2Fv2%2Ftags&post=6233"}],"curies":[{"name":"wp","href":"https:\/\/api.w.org\/{rel}","templated":true}]}}