{"id":6270,"date":"2017-02-25T20:35:03","date_gmt":"2017-02-25T19:35:03","guid":{"rendered":"http:\/\/www.vitrubio03.es\/?p=6270"},"modified":"2020-09-17T19:55:45","modified_gmt":"2020-09-17T17:55:45","slug":"tras-la-niebla-la-3a","status":"publish","type":"post","link":"https:\/\/www.vitrubio03.es\/?p=6270","title":{"rendered":"Tras la niebla la 3\u00aa"},"content":{"rendered":"<p style=\"text-align: justify;\">Al fin la niebla se est\u00e1 disipando para la poblaci\u00f3n espa\u00f1ola, niebla que desde 1978 provoc\u00f3 39 a\u00f1os de opacidad del cristalino a la poblaci\u00f3n espa\u00f1ola tras la muerte del dictador, ceguera muy h\u00e1bilmente mantenida por los poderes f\u00e1cticos sustentadores de los <a href=\"https:\/\/www.vitrubio03.es\/?attachment_id=6271\" rel=\"attachment wp-att-6271\"><img loading=\"lazy\" decoding=\"async\" class=\"alignleft size-medium wp-image-6271\" src=\"https:\/\/www.vitrubio03.es\/wp-content\/uploads\/2017\/02\/1\u00ba-Revoluci\u00f3n-300x273.jpg\" alt=\"\" width=\"300\" height=\"273\" srcset=\"https:\/\/www.vitrubio03.es\/wp-content\/uploads\/2017\/02\/1\u00ba-Revoluci\u00f3n-300x273.jpg 300w, https:\/\/www.vitrubio03.es\/wp-content\/uploads\/2017\/02\/1\u00ba-Revoluci\u00f3n.jpg 526w\" sizes=\"auto, (max-width: 300px) 100vw, 300px\" \/><\/a>otros 39 a\u00f1os del mayor genocida espa\u00f1ol, la experiencia acumulada durante los 250 a\u00f1os de una dinast\u00eda de asesinos, malversadores, con un bastardo (nunca mejor aplicado tal t\u00edtulo) de la promiscua o ninf\u00f3mana Isabel II, la misma que por imposici\u00f3n del genocida Borb\u00f3n Fernando VII perpetu\u00f3 la asesina estirpe y sumi\u00f3 a Espa\u00f1a durante 43 a\u00f1os en guerras por no respetar la Ley S\u00e1lica, proclamada por el primer Borb\u00f3n, el franc\u00e9s y V de los Felipes, este se impuso por guerra fratricida y por concesiones a otros monarcas europeos para ser proclamado, con los tratados de Utrecht, de 1713, y de Rastadt, del a\u00f1o siguiente, cediendo el V Felipe la soberan\u00eda sobre los Pa\u00edses Bajos, Menorca, Gibraltar, y otras posesiones europeas, al tiempo que renunciaba a sus derechos sucesorios en Francia, todo a cambio de ser reconocido rey de Espa\u00f1a.<!--more--><br \/>\nLa trayectoria de esta familia no ha cambiado, sustentada por los de siempre o imitadores cuando llegan al poder, provocando la p\u00e9rdida de visi\u00f3n en la poblaci\u00f3n, proyectando falsas im\u00e1genes en Tv y prensa, hoy encabezado por \u00abla trotona de Pontevedra\u00bb, el de las promesas antag\u00f3nicas a la realidad, dej\u00e1ndose mangonear por el verdadero poder, la Banca, la Iglesia y la Dictadura Financiera, \u00bfque tendr\u00e1n grabado de \u00e9l? cuando tan sumisamente ejecuta sus mandatos con el apoyo t\u00e1cito del partido de la Rosa, el que pudo ser y no lo fue, al estar mangoneado por capullos que callan \u00abpor su respeto a la justicia\u00bb, esa que ha provocado un movimiento de indignaci\u00f3n entre los Fiscales, Jueces y Magistrados por las presiones e injerencias y por la indignidad de muchos de sus supuestos compa\u00f1eros, esos que <strong>han quitado la aguja de la balanza, la venda de Iustitia, y tornado la espada justiciera en un bals\u00e1mico ramo de jazm\u00edn para ciertos acusados, como se est\u00e1 demostrando en las \u00faltimas sentencias.<\/strong><br \/>\nUn cu\u00f1ado, condenado, pero dejado libertad sin fianza y con residencia en Suiza, pa\u00eds sin tratado de extradici\u00f3n con Espa\u00f1a. Una hermana, de estudios y mucho amor, con asesores a cargo de la familia pero no sabe, no contesta sobre el fraude cometido contra los ciudadanos, y con ganas de abandonar este pa\u00eds, no su patria, por la pesadilla que dice estar sufriendo, se fue a Ginebra &#8211; Suiza. Manteniendo al par\u00e1sito em\u00e9rito bragueta suelta, jubilado con una pensi\u00f3n absolutamente desorbitada y disfrutando de su intermediaci\u00f3n en los negocios de amigos y mantenedores desde 1978, con la oscuridad del 23F de 1981, y la complicidad del jefe de los capullos, un tal Felipe, el que lleg\u00f3 al poder en 1982, sin saber los ciudadanos, nada de la conversaci\u00f3n a puerta cerrada en aquella angustiosa noche con los asaltantes al Congreso, cuyo resultado desbarat\u00f3 la insurgencia.<br \/>\nTodos ellos dec\u00edan que ser\u00eda una verg\u00fcenza una terceras elecciones, lo que es una verg\u00fcenza para el pueblo espa\u00f1ol es votar a esta panda de sinverg\u00fcenzas, no se los titulares del extranjero, pero como m\u00ednimo nos llamar\u00e1n\u00a0 \u00a1 idiotas !<br \/>\nMuchos m\u00e1s casos de des-justicia aflorar\u00e1n, tras la familia, seguir\u00edan sus mantenedores, Blesa y Rato (de este sus genes marcan delincuencia), ambos condenados, pero sin entrar en prisi\u00f3n, y sin devolver nada, seguir\u00e1n otros, entre ellos lo capullos de la rosa, Chaves y Gri\u00f1\u00e1n, despu\u00e9s otros, y otros y otros, hay m\u00e1s de 2.000 encausados en malversaciones, cohechos, verdaderos esquilmadores de la Hacienda, esa que deber\u00eda ser de los \u00fanicos que pagamos impuestos; y mientras tanto, el VI Felipe calla y bendice los hechos, sin cumplir la impuesta Constituci\u00f3n de 1978, injusta incluso en varios art\u00edculos, por ejemplo: en el 14, 65.1 y 61.1, pero cumpliendo con el 56.3 (con el a\u00f1adido, no escrito, de\u2026 tambi\u00e9n familiares), donde la supuesta heredera tiene una asignaci\u00f3n de 180.000\u20ac anuales, mientras en Espa\u00f1a hay miles de personas sin trabajo, sin casa, y pocos con la renta m\u00ednima que no llega a 6.000\u20ac anuales, para mantener a su familia independientemente del n\u00famero de hijos.<br \/>\nLa ciega Espa\u00f1a presidida por quien no oculta y adem\u00e1s divulga que las pensiones perder\u00e1n poder adquisitivo los pr\u00f3ximos 20 a\u00f1os, que destruye la Sanidad, subvenciona a colegios privados (de la Iglesia) mientras recorta en la Ense\u00f1anza P\u00fablica, la Ley de dependencia casi en cero. A esa Espa\u00f1a se le va abriendo el horizonte, y cada vez ve m\u00e1s clara la 3\u00aa, la que fue despojada a nuestros abuelos, condenado a nuestros padres, pero que algunos recogieron el testigo y siguen con la tricolor como meta. Podr\u00eda existir alg\u00fan Jefe de Estado malversador, pero con un plazo marcado por las urnas y una Constituci\u00f3n para ciudadanos, sin aforados para la \u00e9lite o una dinast\u00eda con el cromosoma D (de delincuentes) a quien \u201csu Justicia\u201d apoya desde hace m\u00e1s de 300 a\u00f1os.<\/p>\n<div class='shareinpost'><ul class=\"socialwrap row\"><li class=\"iconOnly\"><a  rel='nofollow'  target='_blank'  title='Recommend this post : Tras la niebla la 3\u00aa on Facebook'  href='http:\/\/www.facebook.com\/sharer.php?u=https%3A%2F%2Fwww.vitrubio03.es%2F%3Fp%3D6270&amp;t=Tras+la+niebla+la+3%C2%AA'  ><img  src='https:\/\/www.vitrubio03.es\/wp-content\/plugins\/share-and-follow\/images\/blank.gif'  height='32' width='32'  class='image-32' alt='facebook'  style='background: transparent url(https:\/\/www.vitrubio03.es\/wp-content\/plugins\/share-and-follow\/default\/32\/sprite-32.png) no-repeat;padding:0;margin:0;height:32px;width:32px;background-position:-363px 0px'   \/> <span class=\"head\">Recommend on Facebook<\/span><\/a><\/li><li class=\"iconOnly\"><a  rel='nofollow'  target='_blank'  title='Tweet this post : Tras la niebla la 3\u00aa on Twitter'  href=\"http:\/\/twitter.com\/share?url=https%3A%2F%2Fwww.vitrubio03.es%2F%3Fp%3D6270&amp;text=Tras+la+niebla+la+3%C2%AA+-+\"  ><img  src='https:\/\/www.vitrubio03.es\/wp-content\/plugins\/share-and-follow\/images\/blank.gif'  height='32' width='32'  class='image-32' alt='twitter'  style='background: transparent url(https:\/\/www.vitrubio03.es\/wp-content\/plugins\/share-and-follow\/default\/32\/sprite-32.png) no-repeat;padding:0;margin:0;height:32px;width:32px;background-position:-1749px 0px'   \/> <span class=\"head\">Tweet about it<\/span><\/a><\/li><li class=\"iconOnly\"><a  rel='nofollow'  target='_self'  title='Print this post : Tras la niebla la 3\u00aa for reading later'  href='javascript:window.print();'  ><img  src='https:\/\/www.vitrubio03.es\/wp-content\/plugins\/share-and-follow\/images\/blank.gif'  height='32' width='32'  class='image-32' alt='print'  style='background: transparent url(https:\/\/www.vitrubio03.es\/wp-content\/plugins\/share-and-follow\/default\/32\/sprite-32.png) no-repeat;padding:0;margin:0;height:32px;width:32px;background-position:-1386px 0px'   \/> <span class=\"head\">Print for later<\/span><\/a><\/li><li class=\"iconOnly\"><a rel=\"_self\" href=\"mailto:?subject=Reflexiones%20propias%20:%20Tras%20la%20niebla%20la%203\u00aa&amp;body=Te%20adjunto%20un%20enlace%20a%20un%20art\u00edculo.%20Espero%20que%20te%20guste%20%20https:\/\/www.vitrubio03.es\/?p=6270\" title=\"Tell a friend about this post : Tras la niebla la 3\u00aa \"><img loading=\"lazy\" decoding=\"async\" src=\"https:\/\/www.vitrubio03.es\/wp-content\/plugins\/share-and-follow\/images\/blank.gif\" height=\"32\"  width=\"32\" style=\"background: transparent url(https:\/\/www.vitrubio03.es\/wp-content\/plugins\/share-and-follow\/default\/32\/sprite-32.png) no-repeat;padding:0;margin:0;height:32px;width:32px;background-position:-330px 0px\" class=\"image-32\"  alt=\"email\" \/> <span class=\"head\">Tell a friend<\/span><\/a><\/li><\/ul><div class=\"clean\"><\/div> <\/div>","protected":false},"excerpt":{"rendered":"<p>Al fin la niebla se est\u00e1 disipando para la poblaci\u00f3n espa\u00f1ola, niebla que desde 1978 provoc\u00f3 39 a\u00f1os de opacidad del cristalino a la poblaci\u00f3n espa\u00f1ola tras la muerte del dictador, ceguera muy h\u00e1bilmente mantenida por los poderes f\u00e1cticos sustentadores &hellip; <a href=\"https:\/\/www.vitrubio03.es\/?p=6270\">Sigue leyendo <span class=\"meta-nav\">&rarr;<\/span><\/a><\/p>\n","protected":false},"author":2,"featured_media":0,"comment_status":"closed","ping_status":"closed","sticky":false,"template":"","format":"standard","meta":{"footnotes":""},"categories":[55,11],"tags":[],"class_list":["post-6270","post","type-post","status-publish","format-standard","hentry","category-borbones","category-republica"],"_links":{"self":[{"href":"https:\/\/www.vitrubio03.es\/index.php?rest_route=\/wp\/v2\/posts\/6270","targetHints":{"allow":["GET"]}}],"collection":[{"href":"https:\/\/www.vitrubio03.es\/index.php?rest_route=\/wp\/v2\/posts"}],"about":[{"href":"https:\/\/www.vitrubio03.es\/index.php?rest_route=\/wp\/v2\/types\/post"}],"author":[{"embeddable":true,"href":"https:\/\/www.vitrubio03.es\/index.php?rest_route=\/wp\/v2\/users\/2"}],"replies":[{"embeddable":true,"href":"https:\/\/www.vitrubio03.es\/index.php?rest_route=%2Fwp%2Fv2%2Fcomments&post=6270"}],"version-history":[{"count":6,"href":"https:\/\/www.vitrubio03.es\/index.php?rest_route=\/wp\/v2\/posts\/6270\/revisions"}],"predecessor-version":[{"id":7272,"href":"https:\/\/www.vitrubio03.es\/index.php?rest_route=\/wp\/v2\/posts\/6270\/revisions\/7272"}],"wp:attachment":[{"href":"https:\/\/www.vitrubio03.es\/index.php?rest_route=%2Fwp%2Fv2%2Fmedia&parent=6270"}],"wp:term":[{"taxonomy":"category","embeddable":true,"href":"https:\/\/www.vitrubio03.es\/index.php?rest_route=%2Fwp%2Fv2%2Fcategories&post=6270"},{"taxonomy":"post_tag","embeddable":true,"href":"https:\/\/www.vitrubio03.es\/index.php?rest_route=%2Fwp%2Fv2%2Ftags&post=6270"}],"curies":[{"name":"wp","href":"https:\/\/api.w.org\/{rel}","templated":true}]}}