{"id":6487,"date":"2018-07-13T17:03:40","date_gmt":"2018-07-13T15:03:40","guid":{"rendered":"http:\/\/www.vitrubio03.es\/?p=6487"},"modified":"2020-08-25T18:37:32","modified_gmt":"2020-08-25T16:37:32","slug":"1789-honor-y-gloria","status":"publish","type":"post","link":"https:\/\/www.vitrubio03.es\/?p=6487","title":{"rendered":"1789 &#8211; Honor y Gloria"},"content":{"rendered":"<p style=\"text-align: justify;\">El 14 de julio de 1789 se inici\u00f3 la Revoluci\u00f3n de los m\u00e1s necesitados ante la actitud del verdadero poder de los privilegiados, nobleza y clero, estos se negaron a aceptar reformas del <a href=\"https:\/\/www.vitrubio03.es\/?attachment_id=6489\" rel=\"attachment wp-att-6489\"><img loading=\"lazy\" decoding=\"async\" class=\"size-medium wp-image-6489 alignleft\" src=\"https:\/\/www.vitrubio03.es\/wp-content\/uploads\/2018\/07\/img_revolucion_francesa_resumen_1842_orig-300x181.jpg\" alt=\"\" width=\"300\" height=\"181\" srcset=\"https:\/\/www.vitrubio03.es\/wp-content\/uploads\/2018\/07\/img_revolucion_francesa_resumen_1842_orig-300x181.jpg 300w, https:\/\/www.vitrubio03.es\/wp-content\/uploads\/2018\/07\/img_revolucion_francesa_resumen_1842_orig.jpg 590w\" sizes=\"auto, (max-width: 300px) 100vw, 300px\" \/><\/a>sistema tributario que gravaba al pueblo llano y a la incipiente burgues\u00eda, y en menos de un mes, aquellos s\u00fabditos llamados despectivamente plebe alcanzaron la gloria. La reforma presentada en mayo en la Asamblea de Representantes de los tres Estados (Estados Generales), fueron bloqueadas por el 1er Estado (el clero) y por el 2\u00ba Estado (la nobleza), frente al 3er Estado (el pueblo, sin apenas representaci\u00f3n y con muy escasa la naciente burgues\u00eda).<!--more--><\/p>\n<p style=\"text-align: justify;\">El 17 de junio los pocos representantes del 3er Estado y el bajo clero se constituyeron como Asamblea Nacional, el 20 de junio se reunieron con el fin de establecer una Constituci\u00f3n quedando constituida el 9 de julio la Asamblea Nacional Constituyente. El pueblo acuciado por el hambre y la carest\u00eda asalt\u00f3 la Bastilla el 14 de julio, s\u00edmbolo de la arbitrariedad mon\u00e1rquica, el asalto cost\u00f3 cerca de 100 v\u00edctimas entre los asaltantes. Ese d\u00eda se inici\u00f3 el fin del Antiguo R\u00e9gimen y el principio de la Revoluci\u00f3n Francesa. El 26 de agosto se aprob\u00f3 la <strong>\u201cDeclaraci\u00f3n de los derechos del hombre y del ciudadano\u201d<\/strong>.\u00a0 Se inicia tambi\u00e9n bajo el lema <strong>\u201cLibertad, Igualdad y Fraternidad\u201d<\/strong> el proceso para un incipiente Estado de Bienestar, hechos que conmocionaron a Europa y por ende al mundo.<br \/>\nLa consecuencia tras avatares de restauraciones mon\u00e1rquicas en Francia y Europa se produjo a principios del siglo XX, otro estallido del pueblo por los mismos motivos, se inici\u00f3 la Revoluci\u00f3n de Octubre, el contexto hab\u00eda cambiado, la plebe estaba constituida tambi\u00e9n por el proletariado, se inicia las mejoras laborales y sociales para todo el pueblo, ejemplo para el mundo industrial iniciado dos d\u00e9cadas antes. Tambi\u00e9n se extirp\u00f3 una dinast\u00eda como en Francia (de ella a\u00fan queda un supuesto heredero espa\u00f1ol).<br \/>\nEn Espa\u00f1a la Revoluci\u00f3n Francesa trajo consecuencias tr\u00e1gicas, el Borb\u00f3n de turno, \u201cel deseado\u201d Fernando VII, segundo mayor genocida espa\u00f1ol, jur\u00f3 \u201cLa Pepa\u201d cuando lleg\u00f3 al trono gracias al pueblo espa\u00f1ol, no al ej\u00e9rcito ni a la Iglesia cat\u00f3lica espa\u00f1ola, e igual a los otros borbones franceses huidos y hermanos de Luis XVI, el espa\u00f1ol manifiesta plenamente el gen borb\u00f3nico, la felon\u00eda, reprimi\u00f3 a todo aquel que estaba a favor de la Libertad y la Constituci\u00f3n con la horca, el garrote o fusilamientos.<br \/>\nDe nuevo el pueblo en espa\u00f1ol en una demostraci\u00f3n de respeto mediante las urnas proclam\u00f3 la II Rep\u00fablica, Alfonso XIII huy\u00f3 sin abdicar y las intrigas del Borb\u00f3n, la iglesia espa\u00f1ola y los militares desterrados en Canarias, entre ellos Franco, a la postre el mayor genocida espa\u00f1ol, se sublevaron contra el Estado de derecho, aportando Alfonso XIII un mill\u00f3n de pesetas de 1936 (hoy ser\u00edan aprox. 1.400 M\u20ac), y con la ayuda alemana e italiana tom\u00f3 el poder ejerciendo un sangriento gobierno de 39 a\u00f1os llegando ejecutar a 5 luchadores por la Libertad 23 d\u00edas antes de su \u00f3bito, pero ten\u00eda \u201catada y bien atada\u201d la sucesi\u00f3n con el retorno borb\u00f3nico a Espa\u00f1a por el nieto del destronado, lo trajo a Espa\u00f1a y puso bajo su tutela educativa en 1948. Dos d\u00edas despu\u00e9s de su muerte el 20 de noviembre de 1975, <strong>el em\u00e9rito jur\u00f3 cumplir las Leyes Fundamentales y guardar lealtad a los Principios del Movimiento Nacional, nunca jur\u00f3 la Constituci\u00f3n de 1978<\/strong> y sin atisbo de arrepentimiento de su pasado hasta la fecha, porque el \u201cem\u00e9rito\u201d as\u00ed como su hijo, nunca han condenado la dictadura franquista, \u00bfvelada forma de asentimiento? <strong>El <a href=\"https:\/\/www.vitrubio03.es\/?attachment_id=6490\" rel=\"attachment wp-att-6490\"><img loading=\"lazy\" decoding=\"async\" class=\"size-medium wp-image-6490 alignleft\" src=\"https:\/\/www.vitrubio03.es\/wp-content\/uploads\/2018\/07\/madre-y-tios-reina-sofia-194x300.jpg\" alt=\"\" width=\"194\" height=\"300\" srcset=\"https:\/\/www.vitrubio03.es\/wp-content\/uploads\/2018\/07\/madre-y-tios-reina-sofia-194x300.jpg 194w, https:\/\/www.vitrubio03.es\/wp-content\/uploads\/2018\/07\/madre-y-tios-reina-sofia.jpg 621w\" sizes=\"auto, (max-width: 194px) 100vw, 194px\" \/><\/a>\u00faltimo de los Felipes,<\/strong> con m\u00e1s antecedentes a\u00fan, su abuelo paterno <strong>Alfonso XIII \u201cel intrigante y golpista\u201d<\/strong> <strong>(tambi\u00e9n apoy\u00f3 la Dictadura de Rivera)<\/strong> y su abuela materna,<strong> Federica de Hannover,<\/strong><strong>\u00a0fue<\/strong>\u00a0<strong>miembro de las Juventudes Hitlerianas. El VI jur\u00f3 la Constituci\u00f3n <\/strong>en junio del 2014, <strong>39 a\u00f1os despu\u00e9s de morir el asesino,<\/strong> <strong>sin mencionar la Dictadura,<\/strong> algo propio de los borbones, juran lo que sea con tal de reinar para continuar ejerciendo las labores propias de la dinast\u00eda, borbonear y aumentar su fortuna libre de impuestos, sin pudor, a pesar de tener miembros directos entre su familia condenados por la justicia por robar al pueblo, manteniendo los privilegios y escolta en su residencia de Suiza. Llegar\u00e1 la III y nos libraremos para siempre de las dos lacras que han esquilmado a pueblo espa\u00f1ol, la borb\u00f3nica desde hace m\u00e1s de 300 a\u00f1os, y la eclesi\u00e1stica desde los Cat\u00f3licos Reyes por la Bula papal de 1472 ante el matrimonio entre parientes consangu\u00edneos, construyendo en Roma, San Pietro in Montorio en 1481, inicio de los siguientes Concordatos entre otros muchos privilegios para el clero, siempre renovado y ampliado los \u00faltimos 546 a\u00f1os.<\/p>\n<p><strong>Honor y Gloria al esp\u00edritu de 14 de julio de 1789 que triunfar\u00e1 en Espa\u00f1a<\/strong><\/p>\n<p>&nbsp;<\/p>\n<div class='shareinpost'><ul class=\"socialwrap row\"><li class=\"iconOnly\"><a  rel='nofollow'  target='_blank'  title='Recommend this post : 1789 &#8211; Honor y Gloria on Facebook'  href='http:\/\/www.facebook.com\/sharer.php?u=https%3A%2F%2Fwww.vitrubio03.es%2F%3Fp%3D6487&amp;t=1789+%E2%80%93+Honor+y+Gloria'  ><img  src='https:\/\/www.vitrubio03.es\/wp-content\/plugins\/share-and-follow\/images\/blank.gif'  height='32' width='32'  class='image-32' alt='facebook'  style='background: transparent url(https:\/\/www.vitrubio03.es\/wp-content\/plugins\/share-and-follow\/default\/32\/sprite-32.png) no-repeat;padding:0;margin:0;height:32px;width:32px;background-position:-363px 0px'   \/> <span class=\"head\">Recommend on Facebook<\/span><\/a><\/li><li class=\"iconOnly\"><a  rel='nofollow'  target='_blank'  title='Tweet this post : 1789 &#8211; Honor y Gloria on Twitter'  href=\"http:\/\/twitter.com\/share?url=https%3A%2F%2Fwww.vitrubio03.es%2F%3Fp%3D6487&amp;text=1789+%E2%80%93+Honor+y+Gloria+-+\"  ><img  src='https:\/\/www.vitrubio03.es\/wp-content\/plugins\/share-and-follow\/images\/blank.gif'  height='32' width='32'  class='image-32' alt='twitter'  style='background: transparent url(https:\/\/www.vitrubio03.es\/wp-content\/plugins\/share-and-follow\/default\/32\/sprite-32.png) no-repeat;padding:0;margin:0;height:32px;width:32px;background-position:-1749px 0px'   \/> <span class=\"head\">Tweet about it<\/span><\/a><\/li><li class=\"iconOnly\"><a  rel='nofollow'  target='_self'  title='Print this post : 1789 &#8211; Honor y Gloria for reading later'  href='javascript:window.print();'  ><img  src='https:\/\/www.vitrubio03.es\/wp-content\/plugins\/share-and-follow\/images\/blank.gif'  height='32' width='32'  class='image-32' alt='print'  style='background: transparent url(https:\/\/www.vitrubio03.es\/wp-content\/plugins\/share-and-follow\/default\/32\/sprite-32.png) no-repeat;padding:0;margin:0;height:32px;width:32px;background-position:-1386px 0px'   \/> <span class=\"head\">Print for later<\/span><\/a><\/li><li class=\"iconOnly\"><a rel=\"_self\" href=\"mailto:?subject=Reflexiones%20propias%20:%201789%20&#8211;%20Honor%20y%20Gloria&amp;body=Te%20adjunto%20un%20enlace%20a%20un%20art\u00edculo.%20Espero%20que%20te%20guste%20%20https:\/\/www.vitrubio03.es\/?p=6487\" title=\"Tell a friend about this post : 1789 &#8211; Honor y Gloria \"><img loading=\"lazy\" decoding=\"async\" src=\"https:\/\/www.vitrubio03.es\/wp-content\/plugins\/share-and-follow\/images\/blank.gif\" height=\"32\"  width=\"32\" style=\"background: transparent url(https:\/\/www.vitrubio03.es\/wp-content\/plugins\/share-and-follow\/default\/32\/sprite-32.png) no-repeat;padding:0;margin:0;height:32px;width:32px;background-position:-330px 0px\" class=\"image-32\"  alt=\"email\" \/> <span class=\"head\">Tell a friend<\/span><\/a><\/li><\/ul><div class=\"clean\"><\/div> <\/div>","protected":false},"excerpt":{"rendered":"<p>El 14 de julio de 1789 se inici\u00f3 la Revoluci\u00f3n de los m\u00e1s necesitados ante la actitud del verdadero poder de los privilegiados, nobleza y clero, estos se negaron a aceptar reformas del sistema tributario que gravaba al pueblo llano &hellip; <a href=\"https:\/\/www.vitrubio03.es\/?p=6487\">Sigue leyendo <span class=\"meta-nav\">&rarr;<\/span><\/a><\/p>\n","protected":false},"author":2,"featured_media":0,"comment_status":"closed","ping_status":"closed","sticky":false,"template":"","format":"standard","meta":{"footnotes":""},"categories":[34,6,10],"tags":[42,35],"class_list":["post-6487","post","type-post","status-publish","format-standard","hentry","category-historia","category-iglesia","category-nacional","tag-constitucion","tag-republicanos"],"_links":{"self":[{"href":"https:\/\/www.vitrubio03.es\/index.php?rest_route=\/wp\/v2\/posts\/6487","targetHints":{"allow":["GET"]}}],"collection":[{"href":"https:\/\/www.vitrubio03.es\/index.php?rest_route=\/wp\/v2\/posts"}],"about":[{"href":"https:\/\/www.vitrubio03.es\/index.php?rest_route=\/wp\/v2\/types\/post"}],"author":[{"embeddable":true,"href":"https:\/\/www.vitrubio03.es\/index.php?rest_route=\/wp\/v2\/users\/2"}],"replies":[{"embeddable":true,"href":"https:\/\/www.vitrubio03.es\/index.php?rest_route=%2Fwp%2Fv2%2Fcomments&post=6487"}],"version-history":[{"count":4,"href":"https:\/\/www.vitrubio03.es\/index.php?rest_route=\/wp\/v2\/posts\/6487\/revisions"}],"predecessor-version":[{"id":6494,"href":"https:\/\/www.vitrubio03.es\/index.php?rest_route=\/wp\/v2\/posts\/6487\/revisions\/6494"}],"wp:attachment":[{"href":"https:\/\/www.vitrubio03.es\/index.php?rest_route=%2Fwp%2Fv2%2Fmedia&parent=6487"}],"wp:term":[{"taxonomy":"category","embeddable":true,"href":"https:\/\/www.vitrubio03.es\/index.php?rest_route=%2Fwp%2Fv2%2Fcategories&post=6487"},{"taxonomy":"post_tag","embeddable":true,"href":"https:\/\/www.vitrubio03.es\/index.php?rest_route=%2Fwp%2Fv2%2Ftags&post=6487"}],"curies":[{"name":"wp","href":"https:\/\/api.w.org\/{rel}","templated":true}]}}