{"id":6524,"date":"2018-11-18T20:55:01","date_gmt":"2018-11-18T19:55:01","guid":{"rendered":"http:\/\/www.vitrubio03.es\/?p=6524"},"modified":"2020-10-07T19:11:43","modified_gmt":"2020-10-07T17:11:43","slug":"el-otro-20n","status":"publish","type":"post","link":"https:\/\/www.vitrubio03.es\/?p=6524","title":{"rendered":"El otro 20N"},"content":{"rendered":"<p style=\"text-align: justify;\">Desde el a\u00f1o 2005 se estableci\u00f3 el D\u00eda Internacional de Conmemoraci\u00f3n anual en memoria del Holocausto como <strong>Prevenci\u00f3n y la Sanci\u00f3n del Delito de Genocidio, <a href=\"https:\/\/www.vitrubio03.es\/?attachment_id=6525\" rel=\"attachment wp-att-6525\"><img loading=\"lazy\" decoding=\"async\" class=\"size-medium wp-image-6525 alignleft\" src=\"https:\/\/www.vitrubio03.es\/wp-content\/uploads\/2018\/11\/IMG_20181112_105225-300x225.jpg\" alt=\"\" width=\"300\" height=\"225\" srcset=\"https:\/\/www.vitrubio03.es\/wp-content\/uploads\/2018\/11\/IMG_20181112_105225-300x225.jpg 300w, https:\/\/www.vitrubio03.es\/wp-content\/uploads\/2018\/11\/IMG_20181112_105225-768x576.jpg 768w, https:\/\/www.vitrubio03.es\/wp-content\/uploads\/2018\/11\/IMG_20181112_105225-1024x768.jpg 1024w\" sizes=\"auto, (max-width: 300px) 100vw, 300px\" \/><\/a>m\u00e1s pertinente que nunca ya que el genocidio y los cr\u00edmenes atroces se siguen repitiendo en diversas regiones del mundo.<\/strong><\/p>\n<p style=\"text-align: justify;\">La Asamblea de Madrid presidida por la dimitida y c\u00ednica Cifuentes celebr\u00f3 ese importante homenaje con la premisa de <strong>\u00abno olvidar\u00bb<\/strong> y el compromiso de reafirmar los valores de <strong>\u00abDemocracia, Libertad y Derechos humanos\u00bb<\/strong>. No sabr\u00eda, a pesar de su Masters, que mencionaba uno de los documentos fundamentales de la Revoluci\u00f3n Francesa, aprobado el <strong>26 de agosto de 1789<\/strong> por la Asamblea Nacional Constituyente.<!--more--><br \/>\nC\u00ednica porque subvenciona al igual que los gobiernos de turno sean Comunitarios o Nacionales a fundaciones antidemocr\u00e1ticas, permite prensa, s\u00edmbolos y mausoleo rindiendo pleites\u00eda al mayor genocida de nuestra Historia. Permisiva con los falangistas actuales, con el mismo ideario de los que durante la Dictadura actuaron como las SS, siendo los principales ejecutores del genocidio de cientos de miles de personas entre la poblaci\u00f3n civil por ser sindicalistas, republicanos, intelectuales, maestros, o por el mero hecho de ser padres, hijos o de matrimonio de ellos, asesinados y tirados en fosas, cunetas o simas, al margen de los que lucharon abiertamente contra la sublevaci\u00f3n fascista en y durante toda la Dictadura, esta apoyada por la Iglesia, terratenientes, Burgues\u00eda. <strong>Y en la actualidad sigue el mismo partido y otros que mantienen el ideario antidemocr\u00e1tico y fascista de la FE-JONS de 1934, en sus puntos:<\/strong><\/p>\n<p style=\"text-align: justify;\"><strong>&#8211; 2.-<\/strong> Espa\u00f1a es una unidad de destino en lo universal. Toda conspiraci\u00f3n contra esa unidad es repulsiva. Todo separatismo es un crimen que no perdonaremos.<br \/>\n<strong>&#8211; 6.-<\/strong> Nuestro Estado, ser\u00e1 un instrumento totalitario al servicio de la integridad patria. Nadie participar\u00e1 al trav\u00e9s de los partidos pol\u00edticos. Se abolir\u00e1 implacablemente el sistema de los partidos pol\u00edticos, con todas sus consecuencias: sufragio inorg\u00e1nico, representaci\u00f3n por bandos en lucha y parlamento del tipo conocido.<br \/>\n<strong>&#8211; 7.-<\/strong> A nadie le ser\u00e1 l\u00edcito usar su libertad contra la unidad, la fortaleza y la libertad de la Patria. Una disciplina rigurosa impedir\u00e1 todo intento dirigido a envenenar, a desunir a los espa\u00f1oles o a moverlos contra el destino de la Patria. <strong>Hoy,<\/strong><strong>\u00a0supuestos dem\u00f3cratas consideran vigente este punto<\/strong> y con \u00e9l admiten el punto 18 del Mein Kampf: \u00abExigimos la persecuci\u00f3n despiadada de aquellos cuyas actividades sean perjudiciales\u00bb. F\u00f3rmula aplicada sistem\u00e1ticamente por la FE-JONS desde 1936 y durante la Dictadura.<br \/>\n<strong>&#8211; 25.-<\/strong> Nuestro movimiento incorpora el sentido cat\u00f3lico de gloriosa tradici\u00f3n y predominante en Espa\u00f1a a la reconstrucci\u00f3n nacional.<br \/>\n<strong>&#8211; 27.-<\/strong> Nos afanaremos por triunfar en la lucha con s\u00f3lo las fuerzas sujetas a nuestra disciplina. <strong>Pactaremos<\/strong> muy poco. <strong>S\u00f3lo en el empuje final<\/strong> por la conquista del Estado gestionar\u00e1 el Mando las colaboraciones necesarias, siempre que est\u00e9 <strong>asegurado nuestro predominio.<\/strong><\/p>\n<p style=\"text-align: justify;\">Esto se admite en Espa\u00f1a, mientras en Alemania tras la derrota del nazismo se prohibi\u00f3 el \u00abMein Kampf\u00bb, ideario que pregona el rechazo del parlamentarismo, la xenofobia, el racismo y abiertamente el genocidio. Por ello prohibieron s\u00edmbolos nazis, la esv\u00e1stica, im\u00e1genes de Hitler, las SS Sigrune, o runas de la victoria de las patrullas de ataque nazis SS, y el saludo de Hitler. En 1983, se a\u00f1adi\u00f3 el \u00absaludo de la resistencia o Saludo de K\u00fchnen\u00bb, del Frente de Acci\u00f3n de nacionalsocialistas \/ Activistas Nacionales.<br \/>\nEspa\u00f1a, junto a Corea del Norte tiene un mausoleo a su Dictador y nunca se ha realizado un homenaje de reconocimiento por nuestro Holocausto, ni siquiera el d\u00eda de la Constituci\u00f3n como fin de la Dictadura, no siendo capaces ni entonces ni ahora el rendir un homenaje a quienes lucharon y defendieron la Rep\u00fablica legalmente instaurada por las urnas, o a los asesinados por las SS espa\u00f1olas, la Falange, cuyos herederos y partidarios siguen campando con el benepl\u00e1cito parlamentario, siendo notorio que muchos de ellos cambiaron su camisa azul por otra de cuello blanco y corbata despu\u00e9s del \u00f3bito del dictador y, otros tambi\u00e9n poco antes de sentarse en el hemiciclo del Congreso de los Diputados, de las Comunidades o Municipios.<\/p>\n<p style=\"text-align: justify;\"><strong>Espa\u00f1a no debe olvidar y<\/strong> <strong>debe reconocimiento a los asesinados, es nuestro Holocausto.<\/strong><\/p>\n<p>\u00a0\u00a0\u00a0\u00a0\u00a0\u00a0\u00a0\u00a0\u00a0\u00a0\u00a0\u00a0\u00a0\u00a0\u00a0\u00a0\u00a0\u00a0\u00a0\u00a0\u00a0\u00a0\u00a0\u00a0\u00a0\u00a0\u00a0\u00a0\u00a0\u00a0\u00a0\u00a0\u00a0\u00a0\u00a0\u00a0\u00a0\u00a0\u00a0\u00a0\u00a0\u00a0\u00a0\u00a0\u00a0\u00a0\u00a0\u00a0\u00a0\u00a0\u00a0\u00a0\u00a0\u00a0\u00a0\u00a0\u00a0\u00a0\u00a0\u00a0\u00a0\u00a0\u00a0\u00a0\u00a0\u00a0\u00a0 <strong>SALUD Y REP\u00daBLICA<\/strong><\/p>\n<div class='shareinpost'><ul class=\"socialwrap row\"><li class=\"iconOnly\"><a  rel='nofollow'  target='_blank'  title='Recommend this post : El otro 20N on Facebook'  href='http:\/\/www.facebook.com\/sharer.php?u=https%3A%2F%2Fwww.vitrubio03.es%2F%3Fp%3D6524&amp;t=El+otro+20N'  ><img  src='https:\/\/www.vitrubio03.es\/wp-content\/plugins\/share-and-follow\/images\/blank.gif'  height='32' width='32'  class='image-32' alt='facebook'  style='background: transparent url(https:\/\/www.vitrubio03.es\/wp-content\/plugins\/share-and-follow\/default\/32\/sprite-32.png) no-repeat;padding:0;margin:0;height:32px;width:32px;background-position:-363px 0px'   \/> <span class=\"head\">Recommend on Facebook<\/span><\/a><\/li><li class=\"iconOnly\"><a  rel='nofollow'  target='_blank'  title='Tweet this post : El otro 20N on Twitter'  href=\"http:\/\/twitter.com\/share?url=https%3A%2F%2Fwww.vitrubio03.es%2F%3Fp%3D6524&amp;text=El+otro+20N+-+\"  ><img  src='https:\/\/www.vitrubio03.es\/wp-content\/plugins\/share-and-follow\/images\/blank.gif'  height='32' width='32'  class='image-32' alt='twitter'  style='background: transparent url(https:\/\/www.vitrubio03.es\/wp-content\/plugins\/share-and-follow\/default\/32\/sprite-32.png) no-repeat;padding:0;margin:0;height:32px;width:32px;background-position:-1749px 0px'   \/> <span class=\"head\">Tweet about it<\/span><\/a><\/li><li class=\"iconOnly\"><a  rel='nofollow'  target='_self'  title='Print this post : El otro 20N for reading later'  href='javascript:window.print();'  ><img  src='https:\/\/www.vitrubio03.es\/wp-content\/plugins\/share-and-follow\/images\/blank.gif'  height='32' width='32'  class='image-32' alt='print'  style='background: transparent url(https:\/\/www.vitrubio03.es\/wp-content\/plugins\/share-and-follow\/default\/32\/sprite-32.png) no-repeat;padding:0;margin:0;height:32px;width:32px;background-position:-1386px 0px'   \/> <span class=\"head\">Print for later<\/span><\/a><\/li><li class=\"iconOnly\"><a rel=\"_self\" href=\"mailto:?subject=Reflexiones%20propias%20:%20El%20otro%2020N&amp;body=Te%20adjunto%20un%20enlace%20a%20un%20art\u00edculo.%20Espero%20que%20te%20guste%20%20https:\/\/www.vitrubio03.es\/?p=6524\" title=\"Tell a friend about this post : El otro 20N \"><img loading=\"lazy\" decoding=\"async\" src=\"https:\/\/www.vitrubio03.es\/wp-content\/plugins\/share-and-follow\/images\/blank.gif\" height=\"32\"  width=\"32\" style=\"background: transparent url(https:\/\/www.vitrubio03.es\/wp-content\/plugins\/share-and-follow\/default\/32\/sprite-32.png) no-repeat;padding:0;margin:0;height:32px;width:32px;background-position:-330px 0px\" class=\"image-32\"  alt=\"email\" \/> <span class=\"head\">Tell a friend<\/span><\/a><\/li><\/ul><div class=\"clean\"><\/div> <\/div>","protected":false},"excerpt":{"rendered":"<p>Desde el a\u00f1o 2005 se estableci\u00f3 el D\u00eda Internacional de Conmemoraci\u00f3n anual en memoria del Holocausto como Prevenci\u00f3n y la Sanci\u00f3n del Delito de Genocidio, m\u00e1s pertinente que nunca ya que el genocidio y los cr\u00edmenes atroces se siguen repitiendo &hellip; <a href=\"https:\/\/www.vitrubio03.es\/?p=6524\">Sigue leyendo <span class=\"meta-nav\">&rarr;<\/span><\/a><\/p>\n","protected":false},"author":2,"featured_media":0,"comment_status":"closed","ping_status":"closed","sticky":false,"template":"","format":"standard","meta":{"footnotes":""},"categories":[34,10,11],"tags":[42,35],"class_list":["post-6524","post","type-post","status-publish","format-standard","hentry","category-historia","category-nacional","category-republica","tag-constitucion","tag-republicanos"],"_links":{"self":[{"href":"https:\/\/www.vitrubio03.es\/index.php?rest_route=\/wp\/v2\/posts\/6524","targetHints":{"allow":["GET"]}}],"collection":[{"href":"https:\/\/www.vitrubio03.es\/index.php?rest_route=\/wp\/v2\/posts"}],"about":[{"href":"https:\/\/www.vitrubio03.es\/index.php?rest_route=\/wp\/v2\/types\/post"}],"author":[{"embeddable":true,"href":"https:\/\/www.vitrubio03.es\/index.php?rest_route=\/wp\/v2\/users\/2"}],"replies":[{"embeddable":true,"href":"https:\/\/www.vitrubio03.es\/index.php?rest_route=%2Fwp%2Fv2%2Fcomments&post=6524"}],"version-history":[{"count":9,"href":"https:\/\/www.vitrubio03.es\/index.php?rest_route=\/wp\/v2\/posts\/6524\/revisions"}],"predecessor-version":[{"id":7508,"href":"https:\/\/www.vitrubio03.es\/index.php?rest_route=\/wp\/v2\/posts\/6524\/revisions\/7508"}],"wp:attachment":[{"href":"https:\/\/www.vitrubio03.es\/index.php?rest_route=%2Fwp%2Fv2%2Fmedia&parent=6524"}],"wp:term":[{"taxonomy":"category","embeddable":true,"href":"https:\/\/www.vitrubio03.es\/index.php?rest_route=%2Fwp%2Fv2%2Fcategories&post=6524"},{"taxonomy":"post_tag","embeddable":true,"href":"https:\/\/www.vitrubio03.es\/index.php?rest_route=%2Fwp%2Fv2%2Ftags&post=6524"}],"curies":[{"name":"wp","href":"https:\/\/api.w.org\/{rel}","templated":true}]}}