{"id":6575,"date":"2019-03-13T18:27:25","date_gmt":"2019-03-13T17:27:25","guid":{"rendered":"http:\/\/www.vitrubio03.es\/?p=6575"},"modified":"2020-09-16T21:17:53","modified_gmt":"2020-09-16T19:17:53","slug":"me-ha-dolido-mas","status":"publish","type":"post","link":"https:\/\/www.vitrubio03.es\/?p=6575","title":{"rendered":"Me ha dolido m\u00e1s"},"content":{"rendered":"<p style=\"text-align: justify;\">La actitud de cierto n\u00famero de la GC (posteriormente me enter\u00e9 que no les gustan que les llamen n\u00fameros), por el recuerdo de hace casi 46 a\u00f1os cuando en <a href=\"https:\/\/www.vitrubio03.es\/?attachment_id=6576\" rel=\"attachment wp-att-6576\"><img loading=\"lazy\" decoding=\"async\" class=\"size-medium wp-image-6576 alignleft\" src=\"https:\/\/www.vitrubio03.es\/wp-content\/uploads\/2019\/03\/Bandera-en-el-suelo-225x300.jpg\" alt=\"\" width=\"225\" height=\"300\" srcset=\"https:\/\/www.vitrubio03.es\/wp-content\/uploads\/2019\/03\/Bandera-en-el-suelo-225x300.jpg 225w, https:\/\/www.vitrubio03.es\/wp-content\/uploads\/2019\/03\/Bandera-en-el-suelo-768x1024.jpg 768w\" sizes=\"auto, (max-width: 225px) 100vw, 225px\" \/><\/a>octubre de 1973 fui detenido en Coslada por participar en Huelga de la Construcci\u00f3n, trasladado a Guzm\u00e1n el Bueno sede de la 113 Comandancia de la GC e interrogado, torturado y m\u00e1s interrogatorios siempre en una planta de esa dependencia y por turnos de 5 agentes, entre sus descansos siempre entraba alguien diferente, supongo que GC aunque algunos con monos \u00bfde trabajo?, estos muy amablemente y sin mediar palabra me daban delicados pu\u00f1etazos en la cara, otros palmaditas de reconocimiento, supongo, hasta que me entregaron en la DGS en Sol y posteriormente el ingreso en Carabanchel.<!--more--><\/p>\n<p style=\"text-align: justify;\">Hoy, tras los acontecimientos narrados en un art\u00edculo anterior ver<a href=\"%20\u2192\"> \u2192<\/a>\u00a0\u00a0<a href=\"https:\/\/www.vitrubio03.es\/?p=6572\">https:\/\/www.vitrubio03.es\/?p=6572<\/a>, presento una denuncia por los hechos del banco que aparece y desaparece cuando inform\u00e9 al Ayto. del acto vand\u00e1lico el pasado lunes d\u00eda 4, tras ella desapareci\u00f3 el banco y aparece la noche del d\u00eda 9, pero el lunes d\u00eda 11 de madrugada no estaba. Operarios fueron de nuevo a pintar el banco con su pintura original y no estaba, al rato lo encontraron \u00bfcasualidad? o \u00bfsab\u00edan d\u00f3nde estaba escondido? Estos sab\u00edan mi nombre y se lo dec\u00edan a los presentes, \u00bfc\u00f3mo? sin hacer un escrito en el Ayto., lo publiqu\u00e9 en los medios y est\u00e1 apareciendo a lo largo de la Piel de Toro, incluso en Sudam\u00e9rica.<br \/>\nAnoche d\u00eda 12, pintaron en el suelo <strong>la que dicen \u00abSu Bandera\u00bb<\/strong> en el acceso al callej\u00f3n donde \u00fanicamente vivo yo, de nuevo estos descerebrados la pintan en un lugar donde ser\u00e1 pisoteada por ser el paso de la calle principal.<br \/>\nEsta ma\u00f1ana he ido a presentar una denuncia a la GC, se mostr\u00f3 el agente esc\u00e9ptico del valor de la denuncia al no aparecer nombres, se quienes fueron, pero no tengo im\u00e1genes porque seguro que los facinerosos me denunciar\u00edan desmintiendo los hechos. Al contrario de sus antepasados correligionarios a partir de 1939 que, denunciaban y las personas eran interrogadas o directamente \u00abel pase\u00edllo\u00bb, la hemeroteca est\u00e1 llena de esos casos.<br \/>\nHe ido para denunciar la bandera pintada en la calle y en ella pregunto que cu\u00e1l ser\u00e1 el siguiente paso, quemar el coche, la casa o atacarme por denunciar el cantar el himno de la Falange con alg\u00fan brazo en alto y, \u00abun n\u00famero\u00bb que entr\u00f3 poco antes, de alrededor de 30 a\u00f1os dijo: \u00abpero eso no es malo\u00bb, le contest\u00e9, si hubiesen cantado el Himno oficial me callar\u00eda, pero no fue as\u00ed. <strong>El \u00abeso no es malo\u00bb<\/strong> me ha hecho m\u00e1s da\u00f1o que los distintos interrogatorios a los que he sido sometido en mis detenciones luchando por la Libertad.<br \/>\nComo seguro que les llegar\u00e1 este escrito, lo desmentir\u00e1n, sin poder realizar una queja, dado que los cuerpos de seguridad entran entre los cerca de 250.000 aforados espa\u00f1oles y su palabra vale m\u00e1s que la de cualquiera. El lema de la GC en la bandera de los Cuarteles es: Todo por la Patria y cuando juran dicen \u201cEl Honor es mi principal divisa\u201d.<\/p>\n<p style=\"text-align: justify;\"><strong>No casa ambos lemas al ignorar que pongan el culo o pisoteen la Bandera.<\/strong><\/p>\n<div class='shareinpost'><ul class=\"socialwrap row\"><li class=\"iconOnly\"><a  rel='nofollow'  target='_blank'  title='Recommend this post : Me ha dolido m\u00e1s on Facebook'  href='http:\/\/www.facebook.com\/sharer.php?u=https%3A%2F%2Fwww.vitrubio03.es%2F%3Fp%3D6575&amp;t=Me+ha+dolido+m%C3%A1s'  ><img  src='https:\/\/www.vitrubio03.es\/wp-content\/plugins\/share-and-follow\/images\/blank.gif'  height='32' width='32'  class='image-32' alt='facebook'  style='background: transparent url(https:\/\/www.vitrubio03.es\/wp-content\/plugins\/share-and-follow\/default\/32\/sprite-32.png) no-repeat;padding:0;margin:0;height:32px;width:32px;background-position:-363px 0px'   \/> <span class=\"head\">Recommend on Facebook<\/span><\/a><\/li><li class=\"iconOnly\"><a  rel='nofollow'  target='_blank'  title='Tweet this post : Me ha dolido m\u00e1s on Twitter'  href=\"http:\/\/twitter.com\/share?url=https%3A%2F%2Fwww.vitrubio03.es%2F%3Fp%3D6575&amp;text=Me+ha+dolido+m%C3%A1s+-+\"  ><img  src='https:\/\/www.vitrubio03.es\/wp-content\/plugins\/share-and-follow\/images\/blank.gif'  height='32' width='32'  class='image-32' alt='twitter'  style='background: transparent url(https:\/\/www.vitrubio03.es\/wp-content\/plugins\/share-and-follow\/default\/32\/sprite-32.png) no-repeat;padding:0;margin:0;height:32px;width:32px;background-position:-1749px 0px'   \/> <span class=\"head\">Tweet about it<\/span><\/a><\/li><li class=\"iconOnly\"><a  rel='nofollow'  target='_self'  title='Print this post : Me ha dolido m\u00e1s for reading later'  href='javascript:window.print();'  ><img  src='https:\/\/www.vitrubio03.es\/wp-content\/plugins\/share-and-follow\/images\/blank.gif'  height='32' width='32'  class='image-32' alt='print'  style='background: transparent url(https:\/\/www.vitrubio03.es\/wp-content\/plugins\/share-and-follow\/default\/32\/sprite-32.png) no-repeat;padding:0;margin:0;height:32px;width:32px;background-position:-1386px 0px'   \/> <span class=\"head\">Print for later<\/span><\/a><\/li><li class=\"iconOnly\"><a rel=\"_self\" href=\"mailto:?subject=Reflexiones%20propias%20:%20Me%20ha%20dolido%20m\u00e1s&amp;body=Te%20adjunto%20un%20enlace%20a%20un%20art\u00edculo.%20Espero%20que%20te%20guste%20%20https:\/\/www.vitrubio03.es\/?p=6575\" title=\"Tell a friend about this post : Me ha dolido m\u00e1s \"><img loading=\"lazy\" decoding=\"async\" src=\"https:\/\/www.vitrubio03.es\/wp-content\/plugins\/share-and-follow\/images\/blank.gif\" height=\"32\"  width=\"32\" style=\"background: transparent url(https:\/\/www.vitrubio03.es\/wp-content\/plugins\/share-and-follow\/default\/32\/sprite-32.png) no-repeat;padding:0;margin:0;height:32px;width:32px;background-position:-330px 0px\" class=\"image-32\"  alt=\"email\" \/> <span class=\"head\">Tell a friend<\/span><\/a><\/li><\/ul><div class=\"clean\"><\/div> <\/div>","protected":false},"excerpt":{"rendered":"<p>La actitud de cierto n\u00famero de la GC (posteriormente me enter\u00e9 que no les gustan que les llamen n\u00fameros), por el recuerdo de hace casi 46 a\u00f1os cuando en octubre de 1973 fui detenido en Coslada por participar en Huelga &hellip; <a href=\"https:\/\/www.vitrubio03.es\/?p=6575\">Sigue leyendo <span class=\"meta-nav\">&rarr;<\/span><\/a><\/p>\n","protected":false},"author":2,"featured_media":0,"comment_status":"closed","ping_status":"closed","sticky":false,"template":"","format":"standard","meta":{"footnotes":""},"categories":[57,63,10],"tags":[],"class_list":["post-6575","post","type-post","status-publish","format-standard","hentry","category-las-derechas","category-lonasi","category-nacional"],"_links":{"self":[{"href":"https:\/\/www.vitrubio03.es\/index.php?rest_route=\/wp\/v2\/posts\/6575","targetHints":{"allow":["GET"]}}],"collection":[{"href":"https:\/\/www.vitrubio03.es\/index.php?rest_route=\/wp\/v2\/posts"}],"about":[{"href":"https:\/\/www.vitrubio03.es\/index.php?rest_route=\/wp\/v2\/types\/post"}],"author":[{"embeddable":true,"href":"https:\/\/www.vitrubio03.es\/index.php?rest_route=\/wp\/v2\/users\/2"}],"replies":[{"embeddable":true,"href":"https:\/\/www.vitrubio03.es\/index.php?rest_route=%2Fwp%2Fv2%2Fcomments&post=6575"}],"version-history":[{"count":4,"href":"https:\/\/www.vitrubio03.es\/index.php?rest_route=\/wp\/v2\/posts\/6575\/revisions"}],"predecessor-version":[{"id":7258,"href":"https:\/\/www.vitrubio03.es\/index.php?rest_route=\/wp\/v2\/posts\/6575\/revisions\/7258"}],"wp:attachment":[{"href":"https:\/\/www.vitrubio03.es\/index.php?rest_route=%2Fwp%2Fv2%2Fmedia&parent=6575"}],"wp:term":[{"taxonomy":"category","embeddable":true,"href":"https:\/\/www.vitrubio03.es\/index.php?rest_route=%2Fwp%2Fv2%2Fcategories&post=6575"},{"taxonomy":"post_tag","embeddable":true,"href":"https:\/\/www.vitrubio03.es\/index.php?rest_route=%2Fwp%2Fv2%2Ftags&post=6575"}],"curies":[{"name":"wp","href":"https:\/\/api.w.org\/{rel}","templated":true}]}}