{"id":6604,"date":"2019-04-12T07:00:25","date_gmt":"2019-04-12T05:00:25","guid":{"rendered":"http:\/\/www.vitrubio03.es\/?p=6604"},"modified":"2020-07-09T07:51:11","modified_gmt":"2020-07-09T05:51:11","slug":"mis-colores-mi-cadiz","status":"publish","type":"post","link":"https:\/\/www.vitrubio03.es\/?p=6604","title":{"rendered":"Mis colores, mi C\u00e1diz"},"content":{"rendered":"<p style=\"text-align: justify;\">La Naturaleza nos brinda tres plantas que coinciden en su crecimiento en el mismo lapsus de tiempo y juntas siendo sus colores, el rojo de la amapola, el amarillo del trigo junto a la <a href=\"https:\/\/www.vitrubio03.es\/?attachment_id=6612\" rel=\"attachment wp-att-6612\"><img loading=\"lazy\" decoding=\"async\" class=\"size-medium wp-image-6612 alignleft\" src=\"https:\/\/www.vitrubio03.es\/wp-content\/uploads\/2019\/04\/Bandera-Sentimiento-300x169.jpg\" alt=\"\" width=\"300\" height=\"169\" srcset=\"https:\/\/www.vitrubio03.es\/wp-content\/uploads\/2019\/04\/Bandera-Sentimiento-300x169.jpg 300w, https:\/\/www.vitrubio03.es\/wp-content\/uploads\/2019\/04\/Bandera-Sentimiento-768x432.jpg 768w, https:\/\/www.vitrubio03.es\/wp-content\/uploads\/2019\/04\/Bandera-Sentimiento-1024x576.jpg 1024w, https:\/\/www.vitrubio03.es\/wp-content\/uploads\/2019\/04\/Bandera-Sentimiento.jpg 1280w\" sizes=\"auto, (max-width: 300px) 100vw, 300px\" \/><\/a>flor de la malva esa espontaneidad de colores son la bandera de aquellos que murieron y de los que vivimos deseando una Espa\u00f1a justa en la forma de Estado. Lo defini\u00f3 magistralmente el escritor y pol\u00edtico Jos\u00e9 de Espronceda<strong><sup>1<\/sup><\/strong> cuando asociaba la igualdad con: \u00abla emancipaci\u00f3n de las clases productoras, hasta ahora miserables siervos de una aristocracia tan in\u00fatil como ileg\u00edtima. Ella sola es la fianza de la Libertad, as\u00ed como de la Fraternidad y el s\u00edmbolo de su fuerza\u00bb. Por esto: \u00abel primer grito es el de Fraternidad para que el triunfo de la Libertad sea cierto\u00bb.<!--more--><\/p>\n<p style=\"text-align: justify;\">Esos colores y mi C\u00e1diz son ejemplos a seguir y llevar en el coraz\u00f3n, la ciudad dio la 1\u00ba Constituci\u00f3n \u201cLa Pepa\u201d en 1812, y en su Art\u00edculo 2 dec\u00eda: <strong>\u201cLa Naci\u00f3n espa\u00f1ola es libre e independiente, y no es ni puede ser patrimonio de ninguna familia ni persona.\u201d<br \/>\n<\/strong>Tambi\u00e9n fue un hito de tenacidad ante el asedio que sufri\u00f3 desde febrero de 1810, y donde las tropas napole\u00f3nicas fueron derrotadas el 24 de agosto de 1812, sin entrar en la ciudad.<\/p>\n<p style=\"text-align: justify;\"><strong>Los s. XIX y XX, fueron siglos convulsos donde el pueblo espa\u00f1ol soport\u00f3 invasiones, guerras carlistas durante 67 a\u00f1os y dictaduras que causaron gran mortandad por represalias pol\u00edticas, e inestabilidad que lleg\u00f3 hasta 1975 total 167 a\u00f1os, protagonizado principalmente por los dos mayores genocidas espa\u00f1oles, Fernando VII y Franco.<\/strong><\/p>\n<p style=\"text-align: justify;\"><strong>Espronceda naci\u00f3 en 1808 y hasta su fallecimiento en 1842 fue testigo y actor importante en este convulso pa\u00eds, como el:<br \/>\n<\/strong><strong>&#8211; Pronunciamiento de Torrijos <\/strong>con Juan Van Halen en \u00a01817 con la pretensi\u00f3n de restablecer la Constituci\u00f3n de 1812 a Fernando VII.<br \/>\n<strong>&#8211; Levantamiento de Rafael del Riego,\u00a0<\/strong>el 1 de enero de 1820 en Cabezas de san Juan (Sevilla) consigui\u00f3 que\u00a0<strong>Fernando VII jurara \u201cLa Pepa\u201d<\/strong>\u00a0<strong>el 10 de marzo.<br \/>\n<\/strong><strong>&#8211; La invasi\u00f3n de los Cien Mil Hijos de san Luis en abril 1823, <\/strong><strong>con la<\/strong> <strong>restauraci\u00f3n absolutista de Fernando VII.<\/strong> Riego derrotado, detenido y arrastrado por la calle del Humilladero en un ser\u00f3n hacia el pat\u00edbulo de la plaza de la Cebada en Madrid, fue ahorcado y posteriormente decapitado.<br \/>\n<strong>&#8211; El asesinato de Mariana Pineda<\/strong> en mayo de 1831, por bordar la bandera Tricolor contra el absolutismo borb\u00f3nico, con el lema <strong>\u201cLibertad, Igualdad, Ley\u201d.<br \/>\n<\/strong><strong>&#8211; Regreso de Torrijos, <\/strong><strong>exiliado desde 1823 en Inglaterra, en 1831, v\u00eda Gibraltar entr\u00f3 en M\u00e1laga blandiendo tres palabras <\/strong><strong>\u201cPatria, Libertad e Independencia\u201d, <\/strong><strong>nueve d\u00edas despu\u00e9s fue fusilado.<\/strong><\/p>\n<p style=\"text-align: justify;\"><strong>Por la Rep\u00fablica y sus colores muchos lucharon y fueron derrotados, pero la llama no se extingui\u00f3, llegar\u00e1 el triunfo definitivo<\/strong><strong><sup>2<\/sup><\/strong><strong> y se har\u00e1 realidad el pensamiento de Espronceda.<\/strong><\/p>\n<p style=\"text-align: justify;\"><strong>\u00bfC\u00f3mo no vamos a tener esperanza los republicanos espa\u00f1oles?<\/strong><\/p>\n<h6 style=\"text-align: justify;\"><strong>1.- Espronceda, <\/strong>particip\u00f3 en las barricadas de Par\u00eds en julio de 1830 contra la entronizaci\u00f3n de Luis Felipe (\u00faltimo rey de Francia) y representante del liberalismo financiero, similar a la situaci\u00f3n actual con los Neoliberales espa\u00f1oles. En 1834 las ideas republicanas de Espronceda comienzan a ser ampliamente conocidas en los c\u00edrculos pol\u00edticos y literarios de Madrid, consiguiendo una s\u00f3lida reputaci\u00f3n como escritor, as\u00ed como por su pensamiento pol\u00edtico y social a trav\u00e9s de diversos art\u00edculos en peri\u00f3dicos o en el Ateneo, falleci\u00f3 el 23 de mayo en 1842, dejando su impronta de rebeli\u00f3n moral y la pol\u00edtica, y una muy elevada creaci\u00f3n art\u00edstica como poeta representativo del Romanticismo espa\u00f1ol.<br \/>\n<strong style=\"font-size: 1.2em;\">2.-<\/strong> <strong style=\"font-size: 1.2em;\">Los esc\u00e9pticos, los mon\u00e1rquicos y los Neoliberales espa\u00f1oles<\/strong><span style=\"color: #000000; font-size: 1.2em;\"> pregonan continuamente que ya ha habido dos Rep\u00fablicas fracasadas en Espa\u00f1a, sin entrar en los motivos pongamos el ejemplo de Francia. 1\u00aa Rep\u00fablica desde 1792 a 1804, abolida por el Imperio de Napole\u00f3n Bonaparte que gobern\u00f3 hasta 1815. Entra Luis XVIII reina hasta 1824, sin hijos, a su muerte le<\/span><span style=\"color: #000000; font-size: 1.2em;\"> sucedi\u00f3 su hermano Carlos X hasta 1830 (\u00faltimo Borb\u00f3n), fue derrotado por la revoluci\u00f3n de 1830 (cuadro de Eug\u00e8ne Delacroix), es entronado Luis Felipe I de Francia (particip\u00f3 Espronceda en su contra), de nuevo una Revoluci\u00f3n en 1848 di\u00f3 paso a la 2\u00aa Rep\u00fablica hasta 1852, abolida por el 2\u00ba Imperio con Luis Napole\u00f3n, este fue derrotado en 1870 por los Prusianos. En 1875 fue aprobada en la Asamblea Nacional la 3\u00aa Rep\u00fablica por un solo voto (353 a 352), dur\u00f3 hasta 1940 con la II Guerra Mundial y Francia en guerra e invadida. La IV Rep\u00fablica desde 1946 a 1958, fue la reedici\u00f3n de la III, y la V Rep\u00fablica desde 1958 hasta hoy. Cinco distintas pero una sola forma de Estado m\u00e1s justo.<\/span><\/h6>\n<p style=\"text-align: center;\"><strong style=\"font-size: 1.2em;\">Rep\u00fablica<\/strong><\/p>\n<div class='shareinpost'><ul class=\"socialwrap row\"><li class=\"iconOnly\"><a  rel='nofollow'  target='_blank'  title='Recommend this post : Mis colores, mi C\u00e1diz on Facebook'  href='http:\/\/www.facebook.com\/sharer.php?u=https%3A%2F%2Fwww.vitrubio03.es%2F%3Fp%3D6604&amp;t=Mis+colores%2C+mi+C%C3%A1diz'  ><img  src='https:\/\/www.vitrubio03.es\/wp-content\/plugins\/share-and-follow\/images\/blank.gif'  height='32' width='32'  class='image-32' alt='facebook'  style='background: transparent url(https:\/\/www.vitrubio03.es\/wp-content\/plugins\/share-and-follow\/default\/32\/sprite-32.png) no-repeat;padding:0;margin:0;height:32px;width:32px;background-position:-363px 0px'   \/> <span class=\"head\">Recommend on Facebook<\/span><\/a><\/li><li class=\"iconOnly\"><a  rel='nofollow'  target='_blank'  title='Tweet this post : Mis colores, mi C\u00e1diz on Twitter'  href=\"http:\/\/twitter.com\/share?url=https%3A%2F%2Fwww.vitrubio03.es%2F%3Fp%3D6604&amp;text=Mis+colores%2C+mi+C%C3%A1diz+-+\"  ><img  src='https:\/\/www.vitrubio03.es\/wp-content\/plugins\/share-and-follow\/images\/blank.gif'  height='32' width='32'  class='image-32' alt='twitter'  style='background: transparent url(https:\/\/www.vitrubio03.es\/wp-content\/plugins\/share-and-follow\/default\/32\/sprite-32.png) no-repeat;padding:0;margin:0;height:32px;width:32px;background-position:-1749px 0px'   \/> <span class=\"head\">Tweet about it<\/span><\/a><\/li><li class=\"iconOnly\"><a  rel='nofollow'  target='_self'  title='Print this post : Mis colores, mi C\u00e1diz for reading later'  href='javascript:window.print();'  ><img  src='https:\/\/www.vitrubio03.es\/wp-content\/plugins\/share-and-follow\/images\/blank.gif'  height='32' width='32'  class='image-32' alt='print'  style='background: transparent url(https:\/\/www.vitrubio03.es\/wp-content\/plugins\/share-and-follow\/default\/32\/sprite-32.png) no-repeat;padding:0;margin:0;height:32px;width:32px;background-position:-1386px 0px'   \/> <span class=\"head\">Print for later<\/span><\/a><\/li><li class=\"iconOnly\"><a rel=\"_self\" href=\"mailto:?subject=Reflexiones%20propias%20:%20Mis%20colores,%20mi%20C\u00e1diz&amp;body=Te%20adjunto%20un%20enlace%20a%20un%20art\u00edculo.%20Espero%20que%20te%20guste%20%20https:\/\/www.vitrubio03.es\/?p=6604\" title=\"Tell a friend about this post : Mis colores, mi C\u00e1diz \"><img loading=\"lazy\" decoding=\"async\" src=\"https:\/\/www.vitrubio03.es\/wp-content\/plugins\/share-and-follow\/images\/blank.gif\" height=\"32\"  width=\"32\" style=\"background: transparent url(https:\/\/www.vitrubio03.es\/wp-content\/plugins\/share-and-follow\/default\/32\/sprite-32.png) no-repeat;padding:0;margin:0;height:32px;width:32px;background-position:-330px 0px\" class=\"image-32\"  alt=\"email\" \/> <span class=\"head\">Tell a friend<\/span><\/a><\/li><\/ul><div class=\"clean\"><\/div> <\/div>","protected":false},"excerpt":{"rendered":"<p>La Naturaleza nos brinda tres plantas que coinciden en su crecimiento en el mismo lapsus de tiempo y juntas siendo sus colores, el rojo de la amapola, el amarillo del trigo junto a la flor de la malva esa espontaneidad &hellip; <a href=\"https:\/\/www.vitrubio03.es\/?p=6604\">Sigue leyendo <span class=\"meta-nav\">&rarr;<\/span><\/a><\/p>\n","protected":false},"author":2,"featured_media":0,"comment_status":"closed","ping_status":"closed","sticky":false,"template":"","format":"standard","meta":{"footnotes":""},"categories":[34,11],"tags":[42,35],"class_list":["post-6604","post","type-post","status-publish","format-standard","hentry","category-historia","category-republica","tag-constitucion","tag-republicanos"],"_links":{"self":[{"href":"https:\/\/www.vitrubio03.es\/index.php?rest_route=\/wp\/v2\/posts\/6604","targetHints":{"allow":["GET"]}}],"collection":[{"href":"https:\/\/www.vitrubio03.es\/index.php?rest_route=\/wp\/v2\/posts"}],"about":[{"href":"https:\/\/www.vitrubio03.es\/index.php?rest_route=\/wp\/v2\/types\/post"}],"author":[{"embeddable":true,"href":"https:\/\/www.vitrubio03.es\/index.php?rest_route=\/wp\/v2\/users\/2"}],"replies":[{"embeddable":true,"href":"https:\/\/www.vitrubio03.es\/index.php?rest_route=%2Fwp%2Fv2%2Fcomments&post=6604"}],"version-history":[{"count":6,"href":"https:\/\/www.vitrubio03.es\/index.php?rest_route=\/wp\/v2\/posts\/6604\/revisions"}],"predecessor-version":[{"id":6920,"href":"https:\/\/www.vitrubio03.es\/index.php?rest_route=\/wp\/v2\/posts\/6604\/revisions\/6920"}],"wp:attachment":[{"href":"https:\/\/www.vitrubio03.es\/index.php?rest_route=%2Fwp%2Fv2%2Fmedia&parent=6604"}],"wp:term":[{"taxonomy":"category","embeddable":true,"href":"https:\/\/www.vitrubio03.es\/index.php?rest_route=%2Fwp%2Fv2%2Fcategories&post=6604"},{"taxonomy":"post_tag","embeddable":true,"href":"https:\/\/www.vitrubio03.es\/index.php?rest_route=%2Fwp%2Fv2%2Ftags&post=6604"}],"curies":[{"name":"wp","href":"https:\/\/api.w.org\/{rel}","templated":true}]}}