{"id":6643,"date":"2019-10-06T17:51:11","date_gmt":"2019-10-06T15:51:11","guid":{"rendered":"http:\/\/www.vitrubio03.es\/?p=6643"},"modified":"2020-08-16T18:39:31","modified_gmt":"2020-08-16T16:39:31","slug":"personas-izquierdas","status":"publish","type":"post","link":"https:\/\/www.vitrubio03.es\/?p=6643","title":{"rendered":"Personas, izquierdas."},"content":{"rendered":"<p style=\"text-align: justify;\">Es la definici\u00f3n de aquellas personas que, bien por la naturaleza o por costumbre ha <a href=\"https:\/\/www.vitrubio03.es\/?attachment_id=6644\" rel=\"attachment wp-att-6644\"><img loading=\"lazy\" decoding=\"async\" class=\"size-medium wp-image-6644 alignleft\" src=\"https:\/\/www.vitrubio03.es\/wp-content\/uploads\/2019\/10\/Persina-izquierda-300x150.jpg\" alt=\"\" width=\"300\" height=\"150\" srcset=\"https:\/\/www.vitrubio03.es\/wp-content\/uploads\/2019\/10\/Persina-izquierda-300x150.jpg 300w, https:\/\/www.vitrubio03.es\/wp-content\/uploads\/2019\/10\/Persina-izquierda-768x384.jpg 768w, https:\/\/www.vitrubio03.es\/wp-content\/uploads\/2019\/10\/Persina-izquierda-1024x512.jpg 1024w, https:\/\/www.vitrubio03.es\/wp-content\/uploads\/2019\/10\/Persina-izquierda.jpg 1200w\" sizes=\"auto, (max-width: 300px) 100vw, 300px\" \/><\/a>dispuesto que se distinga por su habilidad en predicar una cosa y ocultar lo que realmente desea. Propio del PSOE, defini\u00e9ndose actualmente Socialdem\u00f3crata, borrando su origen primigenio de la mano de Felipe y ahora defiende los mismos postulados del partido de Mariano, <strong>ejemplo claro del proceso de persona, izquierda;<\/strong> ya superado al desear un retorno parecido al franquismo, cambiando la Dictadura personalista por la Dictadura Financiera, esta no<!--more-->fusila, pero esquilma llevando a la indigencia a la gran mayor\u00eda de los espa\u00f1oles, privatizaciones de la Ense\u00f1anza, Sanidad, contratos precarios, por horas o d\u00edas, alquileres abusivos, abandono de las prestaciones sociales a mayores, parados o discapacitados de diferentes tipos. El actual dirigente socialdem\u00f3crata est\u00e1 en evoluci\u00f3n, por un lado, exhuma a Franco con la posibilidad de enterrar en otro lugar, cuando deber\u00eda de hacer desaparecer sus restos para que no le rindan culto en el futuro. Saca a uno olvid\u00e1ndose de los que llev\u00f3 sin consentimiento a ese lugar, mausoleo con una cruz que se ve desde muchos kil\u00f3metros que tambi\u00e9n la deber\u00edan demoler porque debe de avergonzar a los creyentes, su s\u00edmbolo. El genocida la erigi\u00f3 como deseo pretencioso de inmortalidad y rodeado de los que mand\u00f3 asesinar, repugnante paneg\u00edrico de su b\u00e1rbaro poder que siempre ser\u00e1 recordado aunque no est\u00e9 all\u00ed su despojo. Y por otro lado hace gui\u00f1os a la derecha un poco menos corrupta como posible coaligado.<\/p>\n<p style=\"text-align: justify;\">Pero no solo este <strong>s\u00edndrome de personas, izquierdas.<\/strong> Se da en partidos consolidados, surgen nuevos con el mismo s\u00edntoma, el ansia de poder, pretenden quebrar un movimiento limpio y espont\u00e1neo como aquel 15M que surgi\u00f3 con la pretensi\u00f3n de que el Bienestar Social no se terminara de destruir. Estos ensuciadores de M\u00e1s pa\u00eds (de egos) se autodefinen transversales, pretenden restar unos pocos diputados a PODEMOS con la intenci\u00f3n de pactar con los socialdem\u00f3cratas, seg\u00fan declaraciones de \u00cd\u00f1igo, y con esa derecha que a\u00fan no ha gobernado en Espa\u00f1a, con muchos afiliados, que siendo conservadores, est\u00e1n abandonando el partido por el autoritarismo del l\u00edder y el abandono de sus supuestos principios con la deriva continua tapando corrupciones para gobernar en algunas comunidades. Demostraci\u00f3n que el \u00fanico inter\u00e9s es el poder, no importa con qui\u00e9n solo tienen un fin, satisfacer intereses particulares en lugar de los ciudadanos. Esa veleta ideol\u00f3gica es capaz de integrar en una coalici\u00f3n a transversales, socialdem\u00f3cratas y pupilos del IBEX para el establecimiento de un gobierno maleable el 10 N.<\/p>\n<p style=\"text-align: justify;\">\u00bfY qu\u00e9 har\u00e1n en el futuro los transversales?, \u00bfhar\u00e1n como el partido del IBEX?, sumarse en concentraciones al grito de \u00a1Viva Espa\u00f1a!, que la derecha lleva utilizando desde 1939 como si fuesen solo ellos los que siente la Patria, sin pensar el verdadero significado de Espa\u00f1a, y ese no es otro que, nuestra tierra, nuestros hijos, los sepulcros de nuestros padres, nuestra riqueza, nuestra diversidad, nuestra historia, nuestra grandeza, nuestras casas, nuestro nombre. Su \u00a1Viva Espa\u00f1a! es grito de odio ejercido sobre los que no piensan igual que ellos, porque su Espa\u00f1a son, sus reyes, su religi\u00f3n o su dictadura, la ahogada por la muerte del dictador y por los brotes de Libertad que sucedieron a la \u00e9poca de represalias, fusilamientos, cunetas como cementerios que estos elementos desean ejercer nuevamente con declaraciones justificando el pasado, pasado nunca condenado por la derecha desde la muerte del dictador.<\/p>\n<div class='shareinpost'><ul class=\"socialwrap row\"><li class=\"iconOnly\"><a  rel='nofollow'  target='_blank'  title='Recommend this post : Personas, izquierdas. on Facebook'  href='http:\/\/www.facebook.com\/sharer.php?u=https%3A%2F%2Fwww.vitrubio03.es%2F%3Fp%3D6643&amp;t=Personas%2C+izquierdas.'  ><img  src='https:\/\/www.vitrubio03.es\/wp-content\/plugins\/share-and-follow\/images\/blank.gif'  height='32' width='32'  class='image-32' alt='facebook'  style='background: transparent url(https:\/\/www.vitrubio03.es\/wp-content\/plugins\/share-and-follow\/default\/32\/sprite-32.png) no-repeat;padding:0;margin:0;height:32px;width:32px;background-position:-363px 0px'   \/> <span class=\"head\">Recommend on Facebook<\/span><\/a><\/li><li class=\"iconOnly\"><a  rel='nofollow'  target='_blank'  title='Tweet this post : Personas, izquierdas. on Twitter'  href=\"http:\/\/twitter.com\/share?url=https%3A%2F%2Fwww.vitrubio03.es%2F%3Fp%3D6643&amp;text=Personas%2C+izquierdas.+-+\"  ><img  src='https:\/\/www.vitrubio03.es\/wp-content\/plugins\/share-and-follow\/images\/blank.gif'  height='32' width='32'  class='image-32' alt='twitter'  style='background: transparent url(https:\/\/www.vitrubio03.es\/wp-content\/plugins\/share-and-follow\/default\/32\/sprite-32.png) no-repeat;padding:0;margin:0;height:32px;width:32px;background-position:-1749px 0px'   \/> <span class=\"head\">Tweet about it<\/span><\/a><\/li><li class=\"iconOnly\"><a  rel='nofollow'  target='_self'  title='Print this post : Personas, izquierdas. for reading later'  href='javascript:window.print();'  ><img  src='https:\/\/www.vitrubio03.es\/wp-content\/plugins\/share-and-follow\/images\/blank.gif'  height='32' width='32'  class='image-32' alt='print'  style='background: transparent url(https:\/\/www.vitrubio03.es\/wp-content\/plugins\/share-and-follow\/default\/32\/sprite-32.png) no-repeat;padding:0;margin:0;height:32px;width:32px;background-position:-1386px 0px'   \/> <span class=\"head\">Print for later<\/span><\/a><\/li><li class=\"iconOnly\"><a rel=\"_self\" href=\"mailto:?subject=Reflexiones%20propias%20:%20Personas,%20izquierdas.&amp;body=Te%20adjunto%20un%20enlace%20a%20un%20art\u00edculo.%20Espero%20que%20te%20guste%20%20https:\/\/www.vitrubio03.es\/?p=6643\" title=\"Tell a friend about this post : Personas, izquierdas. \"><img loading=\"lazy\" decoding=\"async\" src=\"https:\/\/www.vitrubio03.es\/wp-content\/plugins\/share-and-follow\/images\/blank.gif\" height=\"32\"  width=\"32\" style=\"background: transparent url(https:\/\/www.vitrubio03.es\/wp-content\/plugins\/share-and-follow\/default\/32\/sprite-32.png) no-repeat;padding:0;margin:0;height:32px;width:32px;background-position:-330px 0px\" class=\"image-32\"  alt=\"email\" \/> <span class=\"head\">Tell a friend<\/span><\/a><\/li><\/ul><div class=\"clean\"><\/div> <\/div>","protected":false},"excerpt":{"rendered":"<p>Es la definici\u00f3n de aquellas personas que, bien por la naturaleza o por costumbre ha dispuesto que se distinga por su habilidad en predicar una cosa y ocultar lo que realmente desea. Propio del PSOE, defini\u00e9ndose actualmente Socialdem\u00f3crata, borrando su &hellip; <a href=\"https:\/\/www.vitrubio03.es\/?p=6643\">Sigue leyendo <span class=\"meta-nav\">&rarr;<\/span><\/a><\/p>\n","protected":false},"author":2,"featured_media":0,"comment_status":"closed","ping_status":"closed","sticky":false,"template":"","format":"standard","meta":{"footnotes":""},"categories":[54,57],"tags":[17,31],"class_list":["post-6643","post","type-post","status-publish","format-standard","hentry","category-elecciones","category-las-derechas","tag-elecciones","tag-piensa"],"_links":{"self":[{"href":"https:\/\/www.vitrubio03.es\/index.php?rest_route=\/wp\/v2\/posts\/6643","targetHints":{"allow":["GET"]}}],"collection":[{"href":"https:\/\/www.vitrubio03.es\/index.php?rest_route=\/wp\/v2\/posts"}],"about":[{"href":"https:\/\/www.vitrubio03.es\/index.php?rest_route=\/wp\/v2\/types\/post"}],"author":[{"embeddable":true,"href":"https:\/\/www.vitrubio03.es\/index.php?rest_route=\/wp\/v2\/users\/2"}],"replies":[{"embeddable":true,"href":"https:\/\/www.vitrubio03.es\/index.php?rest_route=%2Fwp%2Fv2%2Fcomments&post=6643"}],"version-history":[{"count":10,"href":"https:\/\/www.vitrubio03.es\/index.php?rest_route=\/wp\/v2\/posts\/6643\/revisions"}],"predecessor-version":[{"id":6997,"href":"https:\/\/www.vitrubio03.es\/index.php?rest_route=\/wp\/v2\/posts\/6643\/revisions\/6997"}],"wp:attachment":[{"href":"https:\/\/www.vitrubio03.es\/index.php?rest_route=%2Fwp%2Fv2%2Fmedia&parent=6643"}],"wp:term":[{"taxonomy":"category","embeddable":true,"href":"https:\/\/www.vitrubio03.es\/index.php?rest_route=%2Fwp%2Fv2%2Fcategories&post=6643"},{"taxonomy":"post_tag","embeddable":true,"href":"https:\/\/www.vitrubio03.es\/index.php?rest_route=%2Fwp%2Fv2%2Ftags&post=6643"}],"curies":[{"name":"wp","href":"https:\/\/api.w.org\/{rel}","templated":true}]}}