{"id":6835,"date":"2020-04-30T13:39:12","date_gmt":"2020-04-30T11:39:12","guid":{"rendered":"http:\/\/www.vitrubio03.es\/?p=6835"},"modified":"2020-10-13T10:10:46","modified_gmt":"2020-10-13T08:10:46","slug":"nueva-version-del-refran-el-tonto-y-la-linde","status":"publish","type":"post","link":"https:\/\/www.vitrubio03.es\/?p=6835","title":{"rendered":"Nueva versi\u00f3n del refr\u00e1n \u00abEl tonto y la linde\u00bb"},"content":{"rendered":"<p style=\"text-align: justify;\">\u00a0 \u00a0 \u00a0 \u00a0 \u00a0 \u00a0 \u00a0 \u00a0 \u00a0 \u00a0 \u00a0 \u00a0<strong> (O mejor, c\u00f3mo hacer comulgar con ruedas de molino)<\/strong><br \/>\nUn d\u00eda como hoy de 1972, nos dejaba Clara Campoamor en Lausanne. \u00bfQu\u00e9 dir\u00eda hoy, si pudiera o\u00edr a esta Derecha sucesora de Gil Robles, Calvo Sotelo y On\u00e9simo Redondo, que <a href=\"https:\/\/www.vitrubio03.es\/wp-content\/uploads\/2020\/04\/Clara-Campoamor.jpg\"><img loading=\"lazy\" decoding=\"async\" class=\"size-medium wp-image-6836 alignleft\" src=\"https:\/\/www.vitrubio03.es\/wp-content\/uploads\/2020\/04\/Clara-Campoamor-300x225.jpg\" alt=\"\" width=\"300\" height=\"225\" srcset=\"https:\/\/www.vitrubio03.es\/wp-content\/uploads\/2020\/04\/Clara-Campoamor-300x225.jpg 300w, https:\/\/www.vitrubio03.es\/wp-content\/uploads\/2020\/04\/Clara-Campoamor.jpg 480w\" sizes=\"auto, (max-width: 300px) 100vw, 300px\" \/><\/a>son m\u00e1s carro\u00f1eros que aqu\u00e9llos, al estar haciendo sangre y culpando a la manifestaci\u00f3n feminista del pasado 8 de marzo, como causante de la propagaci\u00f3n del Coronavirus en Madrid?<br \/>\nCreo que, con toda la educaci\u00f3n que caracterizaba a Campoamor, respetada por todos y rese\u00f1ada por Salvador C\u00e1novas Cervantes, director del peri\u00f3dico La Tribuna, contestar\u00eda a sus se\u00f1or\u00edas como se merecen.<!--more--><br \/>\n\u00bfAcaso no estaba ya presente en la larga fila del Cristo de Medinaceli? \u00bfEstuvieron all\u00ed la Familia Real, D\u00edaz Ayuso y Mart\u00ednez Almeida? \u00bfNo ha habido alguien que fue a Mil\u00e1n, ya en plena pandemia, y despu\u00e9s se fue a vociferar a Vistalegre?<br \/>\nParece que la COVID 19 es un virus de Perroflautas, &#8211; que incluso la RAE ha tenido que incluir el t\u00e9rmino-, y s\u00f3lo \u00e9stos son los que sufrimos y transmitimos el bichito&#8230; \u00a1Y dos huevos duros, que dijeran en \u00abUna noche en la \u00d3pera\u00bb!<br \/>\nNo es s\u00f3lo en Madrid donde los cerebros se deshacen. Catalu\u00f1a no le va a la zaga, escuchar a Torra y sus ac\u00f3litos que \u00absi el virus fuera de Banyolas, &#8211; como el famoso bosquimano exhibido en el Museo Darder-, nos ser\u00eda muy beneficioso para la econom\u00eda catalana y llegar\u00edamos a, ser independientes, financiando incluso al mes\u00edas de Waterloo, Carlitos Puigdemont, Flequillo de Oro del Ampurda\u00bb.<\/p>\n<h5 style=\"text-align: justify;\"><strong>Autor: Pedro Mayor Calvo, Administrador de IRE (Iniciativa Republicana Espa\u00f1ola)<br \/>\n<\/strong><strong style=\"font-size: 1em;\">Mi homenaje a Clara Campoamor, gran mujer, que, espero, disculpe mi iron\u00eda, sarcasmo y mala baba.<\/strong><\/h5>\n<h5 style=\"text-align: justify;\"><\/h5>\n<div class='shareinpost'><ul class=\"socialwrap row\"><li class=\"iconOnly\"><a  rel='nofollow'  target='_blank'  title='Recommend this post : Nueva versi\u00f3n del refr\u00e1n \u00abEl tonto y la linde\u00bb on Facebook'  href='http:\/\/www.facebook.com\/sharer.php?u=https%3A%2F%2Fwww.vitrubio03.es%2F%3Fp%3D6835&amp;t=Nueva+versi%C3%B3n+del+refr%C3%A1n+%C2%ABEl+tonto+y+la+linde%C2%BB'  ><img  src='https:\/\/www.vitrubio03.es\/wp-content\/plugins\/share-and-follow\/images\/blank.gif'  height='32' width='32'  class='image-32' alt='facebook'  style='background: transparent url(https:\/\/www.vitrubio03.es\/wp-content\/plugins\/share-and-follow\/default\/32\/sprite-32.png) no-repeat;padding:0;margin:0;height:32px;width:32px;background-position:-363px 0px'   \/> <span class=\"head\">Recommend on Facebook<\/span><\/a><\/li><li class=\"iconOnly\"><a  rel='nofollow'  target='_blank'  title='Tweet this post : Nueva versi\u00f3n del refr\u00e1n \u00abEl tonto y la linde\u00bb on Twitter'  href=\"http:\/\/twitter.com\/share?url=https%3A%2F%2Fwww.vitrubio03.es%2F%3Fp%3D6835&amp;text=Nueva+versi%C3%B3n+del+refr%C3%A1n+%C2%ABEl+tonto+y+la+linde%C2%BB+-+\"  ><img  src='https:\/\/www.vitrubio03.es\/wp-content\/plugins\/share-and-follow\/images\/blank.gif'  height='32' width='32'  class='image-32' alt='twitter'  style='background: transparent url(https:\/\/www.vitrubio03.es\/wp-content\/plugins\/share-and-follow\/default\/32\/sprite-32.png) no-repeat;padding:0;margin:0;height:32px;width:32px;background-position:-1749px 0px'   \/> <span class=\"head\">Tweet about it<\/span><\/a><\/li><li class=\"iconOnly\"><a  rel='nofollow'  target='_self'  title='Print this post : Nueva versi\u00f3n del refr\u00e1n \u00abEl tonto y la linde\u00bb for reading later'  href='javascript:window.print();'  ><img  src='https:\/\/www.vitrubio03.es\/wp-content\/plugins\/share-and-follow\/images\/blank.gif'  height='32' width='32'  class='image-32' alt='print'  style='background: transparent url(https:\/\/www.vitrubio03.es\/wp-content\/plugins\/share-and-follow\/default\/32\/sprite-32.png) no-repeat;padding:0;margin:0;height:32px;width:32px;background-position:-1386px 0px'   \/> <span class=\"head\">Print for later<\/span><\/a><\/li><li class=\"iconOnly\"><a rel=\"_self\" href=\"mailto:?subject=Reflexiones%20propias%20:%20Nueva%20versi\u00f3n%20del%20refr\u00e1n%20\u00abEl%20tonto%20y%20la%20linde\u00bb&amp;body=Te%20adjunto%20un%20enlace%20a%20un%20art\u00edculo.%20Espero%20que%20te%20guste%20%20https:\/\/www.vitrubio03.es\/?p=6835\" title=\"Tell a friend about this post : Nueva versi\u00f3n del refr\u00e1n \u00abEl tonto y la linde\u00bb \"><img loading=\"lazy\" decoding=\"async\" src=\"https:\/\/www.vitrubio03.es\/wp-content\/plugins\/share-and-follow\/images\/blank.gif\" height=\"32\"  width=\"32\" style=\"background: transparent url(https:\/\/www.vitrubio03.es\/wp-content\/plugins\/share-and-follow\/default\/32\/sprite-32.png) no-repeat;padding:0;margin:0;height:32px;width:32px;background-position:-330px 0px\" class=\"image-32\"  alt=\"email\" \/> <span class=\"head\">Tell a friend<\/span><\/a><\/li><\/ul><div class=\"clean\"><\/div> <\/div>","protected":false},"excerpt":{"rendered":"<p>\u00a0 \u00a0 \u00a0 \u00a0 \u00a0 \u00a0 \u00a0 \u00a0 \u00a0 \u00a0 \u00a0 \u00a0 (O mejor, c\u00f3mo hacer comulgar con ruedas de molino) Un d\u00eda como hoy de 1972, nos dejaba Clara Campoamor en Lausanne. \u00bfQu\u00e9 dir\u00eda hoy, si pudiera o\u00edr a &hellip; <a href=\"https:\/\/www.vitrubio03.es\/?p=6835\">Sigue leyendo <span class=\"meta-nav\">&rarr;<\/span><\/a><\/p>\n","protected":false},"author":2,"featured_media":0,"comment_status":"closed","ping_status":"closed","sticky":false,"template":"","format":"standard","meta":{"footnotes":""},"categories":[34,11],"tags":[32,35],"class_list":["post-6835","post","type-post","status-publish","format-standard","hentry","category-historia","category-republica","tag-los-progresistas","tag-republicanos"],"_links":{"self":[{"href":"https:\/\/www.vitrubio03.es\/index.php?rest_route=\/wp\/v2\/posts\/6835","targetHints":{"allow":["GET"]}}],"collection":[{"href":"https:\/\/www.vitrubio03.es\/index.php?rest_route=\/wp\/v2\/posts"}],"about":[{"href":"https:\/\/www.vitrubio03.es\/index.php?rest_route=\/wp\/v2\/types\/post"}],"author":[{"embeddable":true,"href":"https:\/\/www.vitrubio03.es\/index.php?rest_route=\/wp\/v2\/users\/2"}],"replies":[{"embeddable":true,"href":"https:\/\/www.vitrubio03.es\/index.php?rest_route=%2Fwp%2Fv2%2Fcomments&post=6835"}],"version-history":[{"count":4,"href":"https:\/\/www.vitrubio03.es\/index.php?rest_route=\/wp\/v2\/posts\/6835\/revisions"}],"predecessor-version":[{"id":7570,"href":"https:\/\/www.vitrubio03.es\/index.php?rest_route=\/wp\/v2\/posts\/6835\/revisions\/7570"}],"wp:attachment":[{"href":"https:\/\/www.vitrubio03.es\/index.php?rest_route=%2Fwp%2Fv2%2Fmedia&parent=6835"}],"wp:term":[{"taxonomy":"category","embeddable":true,"href":"https:\/\/www.vitrubio03.es\/index.php?rest_route=%2Fwp%2Fv2%2Fcategories&post=6835"},{"taxonomy":"post_tag","embeddable":true,"href":"https:\/\/www.vitrubio03.es\/index.php?rest_route=%2Fwp%2Fv2%2Ftags&post=6835"}],"curies":[{"name":"wp","href":"https:\/\/api.w.org\/{rel}","templated":true}]}}