{"id":6849,"date":"2020-05-17T11:49:28","date_gmt":"2020-05-17T09:49:28","guid":{"rendered":"http:\/\/www.vitrubio03.es\/?p=6849"},"modified":"2020-09-16T20:07:15","modified_gmt":"2020-09-16T18:07:15","slug":"la-ensena-como-arma","status":"publish","type":"post","link":"https:\/\/www.vitrubio03.es\/?p=6849","title":{"rendered":"LA ENSE\u00d1A COMO ARMA"},"content":{"rendered":"<p style=\"text-align: justify;\">En ciertos lugares han salido en tropel la cala\u00f1a m\u00e1s rastrera, ruin, indigna, <a href=\"https:\/\/www.vitrubio03.es\/?attachment_id=6850\" rel=\"attachment wp-att-6850\"><img loading=\"lazy\" decoding=\"async\" class=\"alignleft size-medium wp-image-6850\" src=\"https:\/\/www.vitrubio03.es\/wp-content\/uploads\/2020\/05\/mani-300x169.jpg\" alt=\"\" width=\"300\" height=\"169\" srcset=\"https:\/\/www.vitrubio03.es\/wp-content\/uploads\/2020\/05\/mani-300x169.jpg 300w, https:\/\/www.vitrubio03.es\/wp-content\/uploads\/2020\/05\/mani.jpg 559w\" sizes=\"auto, (max-width: 300px) 100vw, 300px\" \/><\/a>innoble, abyecta, miserables sin escr\u00fapulos vociferando \u00abLibertad, Libertad, Libertad\u00bb, denigrando su verdadero significado: la facultad y derecho de las personas para elegir de manera responsable su propia forma de actuar dentro de una sociedad. <!--more-->Pero esa gentuza no solo denigran su significado, lo tergiversan, porque su grito camuflado es: Vivan las caenas, grito de 1814 pidiendo el retorno del absolutismo al regresar el 2\u00ba mayor genocida espa\u00f1ol, el Borb\u00f3n Fernando VII, estos energ\u00famenos de hoy vociferaban y desean vivir con privilegios e impunidad, tal como viv\u00edan con el mayor genocida de Espa\u00f1a , el enano del Pardo, F. Franco, lo hacen envueltos en una bandera bicolor, la que nos representa a todos los espa\u00f1oles, aunque en el coraz\u00f3n de muchos y en el m\u00edo, es la Tricolor, pero ellos la enarbolan como lo que fue en 1936, el\u00a0 mismo basti\u00f3n de guerra utilizado por la Marina espa\u00f1ola en 1785 en sus enfrentamientos con otras realezas europeas para distinguirse en la lejan\u00eda, ya que todas enarbolaban estandartes blancos, y un marino espa\u00f1ol se le ocurri\u00f3 colocar la bicolor, que aparece oficialmente en todos los edificios gubernamentales desde 1908. Y que Franco tom\u00f3 en la incivil guerra, oficialmente el 30 de agosto de 1936, cuando en un principio utiliz\u00f3 la tricolor, como se puede ver en el Museo del Ejercito de Toledo, un estandarte bicolor con tres franjas iguales, y el aguilucho se coloc\u00f3 en 1938. Pero lo que m\u00e1s duele es la mala utilizaci\u00f3n de la ense\u00f1a nacional, por ello se termina repudiando y despreciando, a ella y a todos aquellos que la llevan en pulseras, colgada en el autom\u00f3vil, en mascarillas, la cadena del reloj, en la del perro, balcones y ventanas, algunos las respetamos sin aspavientos, porque es la que nos representa, pero est\u00e1 empezando a asquear por su mala utilizaci\u00f3n al enarbolarse a modo de arma y basti\u00f3n guerrero al igual que desde septiembre de 1936, no con el coraz\u00f3n como yo siento la Tricolor.<br \/>\nAs\u00ed est\u00e1n haciendo en las provocadoras manifestaciones no autorizadas convocadas por VOX, iniciada en el Barrio de Salamanca, en La Moraleja, Pozuelo de Alarc\u00f3n \u00a0de Madrid, posteriormente en otras provincias espa\u00f1ola como Salamanca, Catalu\u00f1a&#8230;, y localidades distintas, poblaciones, zonas o barrios de alto estatus social conocidos por albergar \u201cpersonajillos\u201d de una catadura moral y \u00e9tica realmente deplorable e insolidaria, estos se manifiestan con la total pasividad de las F.O., cuando estas mismas F.O., en escenas captadas por vecinos, mostraron una brutalidad fuera de lugar hacia una persona que paseaba o hac\u00eda ejercicios en estado de confinamiento. En cuanto a las personas que impunemente se manifestaron, captadas por im\u00e1genes de ellos mismos, de la prensa y supongo que de las F.O., ser\u00eda conveniente que pasaran a disposici\u00f3n judicial y las condenaran, dado que la actitud de los manifestantes era un peligro para ellos al no guardar la distancia requerida (que realmente no me preocupa si se contagian ellos) pero tambi\u00e9n pon\u00edan en peligro a las F.O. presentes, demostrando que para ellos son sus servidores, y est\u00e1n para eso para servirles y si enferman y mueren, no les importa lo m\u00e1s m\u00ednimo. Pero las imagines profusamente divulgadas por la prensa, F.O. y Redes Sociales est\u00e1n ah\u00ed, deber\u00edan de servir para presentar una denuncia ante los Juzgados y que actuaran en consecuencia contra las personas presentes, as\u00ed como al partido convocante, lo mismo que hicieron con Isa Serra, parlamentaria que estuvo presente ante un desahucio, y solo por el hecho de estar presente ha sido condenada y multada, sin poner en peligro la vida de nadie como esos provocadores y presuntos causantes de la expansi\u00f3n del COVID-19 en las F.O., con el posible colapso de los Hospitales, y los Centro de Salud de Atenci\u00f3n Primaria en un futuro pr\u00f3ximo.<\/p>\n<div class='shareinpost'><ul class=\"socialwrap row\"><li class=\"iconOnly\"><a  rel='nofollow'  target='_blank'  title='Recommend this post : LA ENSE\u00d1A COMO ARMA on Facebook'  href='http:\/\/www.facebook.com\/sharer.php?u=https%3A%2F%2Fwww.vitrubio03.es%2F%3Fp%3D6849&amp;t=LA+ENSE%C3%91A+COMO+ARMA'  ><img  src='https:\/\/www.vitrubio03.es\/wp-content\/plugins\/share-and-follow\/images\/blank.gif'  height='32' width='32'  class='image-32' alt='facebook'  style='background: transparent url(https:\/\/www.vitrubio03.es\/wp-content\/plugins\/share-and-follow\/default\/32\/sprite-32.png) no-repeat;padding:0;margin:0;height:32px;width:32px;background-position:-363px 0px'   \/> <span class=\"head\">Recommend on Facebook<\/span><\/a><\/li><li class=\"iconOnly\"><a  rel='nofollow'  target='_blank'  title='Tweet this post : LA ENSE\u00d1A COMO ARMA on Twitter'  href=\"http:\/\/twitter.com\/share?url=https%3A%2F%2Fwww.vitrubio03.es%2F%3Fp%3D6849&amp;text=LA+ENSE%C3%91A+COMO+ARMA+-+\"  ><img  src='https:\/\/www.vitrubio03.es\/wp-content\/plugins\/share-and-follow\/images\/blank.gif'  height='32' width='32'  class='image-32' alt='twitter'  style='background: transparent url(https:\/\/www.vitrubio03.es\/wp-content\/plugins\/share-and-follow\/default\/32\/sprite-32.png) no-repeat;padding:0;margin:0;height:32px;width:32px;background-position:-1749px 0px'   \/> <span class=\"head\">Tweet about it<\/span><\/a><\/li><li class=\"iconOnly\"><a  rel='nofollow'  target='_self'  title='Print this post : LA ENSE\u00d1A COMO ARMA for reading later'  href='javascript:window.print();'  ><img  src='https:\/\/www.vitrubio03.es\/wp-content\/plugins\/share-and-follow\/images\/blank.gif'  height='32' width='32'  class='image-32' alt='print'  style='background: transparent url(https:\/\/www.vitrubio03.es\/wp-content\/plugins\/share-and-follow\/default\/32\/sprite-32.png) no-repeat;padding:0;margin:0;height:32px;width:32px;background-position:-1386px 0px'   \/> <span class=\"head\">Print for later<\/span><\/a><\/li><li class=\"iconOnly\"><a rel=\"_self\" href=\"mailto:?subject=Reflexiones%20propias%20:%20LA%20ENSE\u00d1A%20COMO%20ARMA&amp;body=Te%20adjunto%20un%20enlace%20a%20un%20art\u00edculo.%20Espero%20que%20te%20guste%20%20https:\/\/www.vitrubio03.es\/?p=6849\" title=\"Tell a friend about this post : LA ENSE\u00d1A COMO ARMA \"><img loading=\"lazy\" decoding=\"async\" src=\"https:\/\/www.vitrubio03.es\/wp-content\/plugins\/share-and-follow\/images\/blank.gif\" height=\"32\"  width=\"32\" style=\"background: transparent url(https:\/\/www.vitrubio03.es\/wp-content\/plugins\/share-and-follow\/default\/32\/sprite-32.png) no-repeat;padding:0;margin:0;height:32px;width:32px;background-position:-330px 0px\" class=\"image-32\"  alt=\"email\" \/> <span class=\"head\">Tell a friend<\/span><\/a><\/li><\/ul><div class=\"clean\"><\/div> <\/div>","protected":false},"excerpt":{"rendered":"<p>En ciertos lugares han salido en tropel la cala\u00f1a m\u00e1s rastrera, ruin, indigna, innoble, abyecta, miserables sin escr\u00fapulos vociferando \u00abLibertad, Libertad, Libertad\u00bb, denigrando su verdadero significado: la facultad y derecho de las personas para elegir de manera responsable su propia &hellip; <a href=\"https:\/\/www.vitrubio03.es\/?p=6849\">Sigue leyendo <span class=\"meta-nav\">&rarr;<\/span><\/a><\/p>\n","protected":false},"author":2,"featured_media":0,"comment_status":"closed","ping_status":"closed","sticky":false,"template":"","format":"standard","meta":{"footnotes":""},"categories":[34,57],"tags":[32,35],"class_list":["post-6849","post","type-post","status-publish","format-standard","hentry","category-historia","category-las-derechas","tag-los-progresistas","tag-republicanos"],"_links":{"self":[{"href":"https:\/\/www.vitrubio03.es\/index.php?rest_route=\/wp\/v2\/posts\/6849","targetHints":{"allow":["GET"]}}],"collection":[{"href":"https:\/\/www.vitrubio03.es\/index.php?rest_route=\/wp\/v2\/posts"}],"about":[{"href":"https:\/\/www.vitrubio03.es\/index.php?rest_route=\/wp\/v2\/types\/post"}],"author":[{"embeddable":true,"href":"https:\/\/www.vitrubio03.es\/index.php?rest_route=\/wp\/v2\/users\/2"}],"replies":[{"embeddable":true,"href":"https:\/\/www.vitrubio03.es\/index.php?rest_route=%2Fwp%2Fv2%2Fcomments&post=6849"}],"version-history":[{"count":5,"href":"https:\/\/www.vitrubio03.es\/index.php?rest_route=\/wp\/v2\/posts\/6849\/revisions"}],"predecessor-version":[{"id":6855,"href":"https:\/\/www.vitrubio03.es\/index.php?rest_route=\/wp\/v2\/posts\/6849\/revisions\/6855"}],"wp:attachment":[{"href":"https:\/\/www.vitrubio03.es\/index.php?rest_route=%2Fwp%2Fv2%2Fmedia&parent=6849"}],"wp:term":[{"taxonomy":"category","embeddable":true,"href":"https:\/\/www.vitrubio03.es\/index.php?rest_route=%2Fwp%2Fv2%2Fcategories&post=6849"},{"taxonomy":"post_tag","embeddable":true,"href":"https:\/\/www.vitrubio03.es\/index.php?rest_route=%2Fwp%2Fv2%2Ftags&post=6849"}],"curies":[{"name":"wp","href":"https:\/\/api.w.org\/{rel}","templated":true}]}}