{"id":6928,"date":"2020-07-16T19:30:39","date_gmt":"2020-07-16T17:30:39","guid":{"rendered":"http:\/\/www.vitrubio03.es\/?p=6928"},"modified":"2020-08-25T11:32:26","modified_gmt":"2020-08-25T09:32:26","slug":"la-pleamar-republicana","status":"publish","type":"post","link":"https:\/\/www.vitrubio03.es\/?p=6928","title":{"rendered":"La pleamar republicana"},"content":{"rendered":"<p style=\"text-align: justify;\">El des-m\u00e9rito con sus trapicheos largamente ocultados por los partidos pol\u00edticos desde su entronamiento fascista, fue posteriormente corroborado por <a href=\"https:\/\/www.vitrubio03.es\/wp-content\/uploads\/2020\/07\/DaVinci.jpg\"><img loading=\"lazy\" decoding=\"async\" class=\"size-full wp-image-6929 alignleft\" src=\"https:\/\/www.vitrubio03.es\/wp-content\/uploads\/2020\/07\/DaVinci.jpg\" alt=\"\" width=\"236\" height=\"236\" srcset=\"https:\/\/www.vitrubio03.es\/wp-content\/uploads\/2020\/07\/DaVinci.jpg 236w, https:\/\/www.vitrubio03.es\/wp-content\/uploads\/2020\/07\/DaVinci-150x150.jpg 150w\" sizes=\"auto, (max-width: 236px) 100vw, 236px\" \/><\/a>partidos generalistas, nacionalistas y auton\u00f3micos. Todo empez\u00f3 en 1977, en una pretendida apertura a la democracia parlamentaria, incluyendo la postura del PCE de Santiago Carrillo, llegando a decir que \u00abla reivindicaci\u00f3n republicana \u00e9l ya la tiene aparcada y en v\u00edas de olvido\u00bb, despu\u00e9s del 9 de abril de 1977, que se legaliz\u00f3 al PCE, en los m\u00edtines del PCE deja de ondear la bandera republicana y Carrillo dice: \u00abLos que silban no saben que no hay color morado que valga una nueva guerra civil entre los espa\u00f1oles\u00bb. <!--more-->El 16 de abril de 1977, como secretario general del PCE, compareci\u00f3 ante los medios de comunicaci\u00f3n en compa\u00f1\u00eda de la plana mayor de su partido, para anunciar que los comunistas aceptaban la bandera roja y gualda como \u201cs\u00edmbolo del Estado\u201d. Que pronto se olvid\u00f3 de Mariana Pineda ejecutada por bordar una bandera tricolor con el lema \u00abLey, Libertad, Igualdad\u00bb. La reivindicaci\u00f3n republicana no volver\u00e1 a la boca de un dirigente del PCE hasta bien entrada la etapa Anguita.<br \/>\nEl decreto ley sobre el derecho de asociaci\u00f3n pol\u00edtica del 8 de febrero de 1977, permiti\u00f3, la inscripci\u00f3n de 103 partidos pol\u00edticos en Espa\u00f1a que pod\u00edan concurrir a las elecciones del 15 de junio. Entre esos 103 partidos ninguno de siglas netamente republicanas, ese fue el primer pacto para le legalizaci\u00f3n vergonzante protagonizado por Santiago Carrillo para la legalizaci\u00f3n del PCE, yo viv\u00ed esa trama, mi pareja y yo est\u00e1bamos en casa de un amigo en el B\u00ba de la Ventilla de Madrid hablando de organizar el fin de a\u00f1o fuera de Madrid, cuando suena el tel\u00e9fono y mi amigo al contestar, nos dice, no puedo salir de Madrid, acaba de llamarme del partido que debemos de estar disponible, el pertenec\u00eda al aparato de propaganda del PCE y del Mundo Obrero, dos d\u00edas despu\u00e9s, el 22 de diciembre de 1976, detuvieron a Santiago Carrillo en un taxi con peluca rubia. Montaje preparado para forzar la legalizaci\u00f3n, ya antes hubo contactos entre \u00e9l y Su\u00e1rez, como a\u00f1os despu\u00e9s trascendi\u00f3.<\/p>\n<p style=\"text-align: justify;\">Se celebra el refer\u00e9ndum de la Constituci\u00f3n el 6 de diciembre de 1978, m\u00e1s del 40% de abstenci\u00f3n.<br \/>\n<strong>A favor:<\/strong> 19 partidos y 5 Sindicatos<br \/>\n<strong>En contra:<\/strong> 18 partidos, algunos a\u00fan no legalizados, hay que destacar que Aznar militando en AP y miembro de FE-JONS con 16 a\u00f1os, hizo campa\u00f1a en Logro\u00f1o cuando era funcionario de Hacienda, con mofa sobre la organizaci\u00f3n de auton\u00f3mica.<br \/>\n<strong>Abstenci\u00f3n:<\/strong> 14 partidos, entre ellos ARDE (\u00fanico republicano en sus siglas, legalizado en agosto de 1977, pero sus militantes se negaron a admitir que fueron legalizados, ya que dec\u00edan \u00abla legalidad \u00e9ramos nosotros\u00bb. En octubre, el concejal del Ayuntamiento alicantino Fernando Fajardo anunci\u00f3 la constituci\u00f3n de ARDE en Alicante, en colaboraci\u00f3n con otro personaje franquista, Marhuenda (hoy director de La Raz\u00f3n).<\/p>\n<p style=\"text-align: justify;\">Ahora en el 2020, salen a la luz las borbonadas t\u00edpicas de esta saga, fechor\u00edas justificadas por numerosos partidos pol\u00edticos, al no ser condenadas o poni\u00e9ndose de perfil por el latrocinio sistem\u00e1tico que ejerc\u00eda y siempre protegido, actor dominante desde los primeros compases de la transici\u00f3n. Controlaba el poder ejecutivo y ten\u00eda bajos sus \u00f3rdenes a las Fuerzas Armadas, que le hab\u00edan jurado lealtad en tanto que sucesor del general Franco. Juan Carlos de Borb\u00f3n era el actor dominante en los primeros compases de la transici\u00f3n. Y que sistem\u00e1ticamente en la toma de posesi\u00f3n de cualquier cargo relevante de la c\u00fapula militar su juramento es de lealtad al Rey y despu\u00e9s a la Constituci\u00f3n y blindado para ejercer cualquier tipo de fechor\u00eda, seg\u00fan la Constituci\u00f3n en su T\u00edtulo II Art\u00edculo 56.3 y sinti\u00e9ndose protegido por los sables (ninguno a levantado la voz en contra), junto a una Iglesia muy de derechas, muy nacionalcat\u00f3lica, muy distinta a la Iglesia de otros pa\u00edses, esta dice que solo debe obediencia al Vaticano, pero es muy influyente en todos los estamentos pol\u00edticos y jur\u00eddicos, a trav\u00e9s de una de sus sectas, el Opus Dei. Sin olvidarnos de los medios de difusi\u00f3n a todos los niveles incluso digitales, donde es habitual la propaganda subliminal a favor del poder econ\u00f3mico, que riega profusamente con cr\u00e9ditos (muchas veces condonados) a todos los estamentos de poder, siendo ellos mismos controlados por su accionariado. Asi trabajan estos medios de difusi\u00f3n, como describi\u00f3 perfectamente Javier Valenzuela al analizar en infolibre el 15\/7\/2020, al decir \u00ablas nuevas generaciones de periodistas se les inculc\u00f3 la idea de que si alguien dice que llueve y otro dice que no, su tarea consiste en ser altavoz de las dos versiones, y no en abrir la ventana, sacar la mano y comprobar si llueve. A eso, que practica ahora TVE, como ha puesto de relieve Jaime Olmo, se le llam\u00f3 equidistancia, una cobard\u00eda y una pereza que siempre favorece a los embusteros frente a los veraces, a los verdugos frente a las v\u00edctimas. Ocurre en la televisi\u00f3n p\u00fablica, pero es en las privadas descaradamente tendenciosa y sin tapujos contra cualquier signo de progreso social que propone este gobierno de coalici\u00f3n, y con un feroz ataque a UP, principalmente contra Pablo Iglesias, Garz\u00f3n, Yolanda, Irene&#8230;.<br \/>\nPero ya empiezan a tomar posiciones con la equidistancia respecto al Borb\u00f3n, entre ellos un personaje que se destaca en todas las tertulias de Tv y art\u00edfice junto a Villarejo de la guerra sucia y en el entramado de las cloacas del Estado, colaborador de OK diario, al posicionarse de forma cr\u00edtica sobre la fortuna de Suiza, amantes y an\u00e9cdotas del des-m\u00e9rito. Dentro de poco empezar\u00e1n algunos m\u00e1s, incluso posicion\u00e1ndose frente a la forma de Estado, junto a los miles de espa\u00f1oles que ya lo est\u00e1 haciendo por las Redes Sociales. Ah\u00ed es donde debemos de tener cuidado, muchos rom\u00e1nticos reclamando como forma de Estado la Rep\u00fablica emerger\u00e1n a t\u00edtulo personal, aparecer\u00e1n algunos partidos republicanos, desconozco si hay alguno m\u00e1s al margen de ERC (este como nacionalista, no espa\u00f1ol), pero \u00fanicos partidos que se pronuncian como republicanos son IU y PODEMOS. Los del arco parlamentario tambi\u00e9n se posicionar\u00e1n, algunos con reformar la Constituci\u00f3n, limitando el poder de la Corona solamente, porque los posibles partidos republicanos empezar\u00e1n, como siempre ocurre, con diferencias de ideas del concepto republicano o los distintos tipos de Rep\u00fablica. Cuando Rep\u00fablica viene del lat\u00edn \u00abRes Publica\u00bb res de cosa y p\u00fablica de populus (pueblo). Y en eso deben de ce\u00f1irse ante el ataque de la prensa y ciertos partidos, as\u00ed como la rancia Iglesia espa\u00f1ola, que defender\u00e1n los privilegios que tiene en la actualidad, har\u00e1n llamamientos, alguno ya lo hace en la actualidad, a las Fuerzas Armadas y del Orden P\u00fablico, esas que deben de estar al servicio de la naci\u00f3n, y no para ejercer como espada de Damocles, como vienen ejerciendo desde que se crearon con Carlos I para reprimir a los Comuneros o en 1808 cuando se levant\u00f3 el pueblo contra la Invasi\u00f3n francesa, entonces los mandos superiores del Ej\u00e9rcito, de una manera u otra ayudaron en su supuesto paso de las tropas francesas a Portugal y no apoyaron al pueblo el 2 de mayo, (salvo dos o tres excepciones), o como en el 1936 cuando se sublevaron contra la Rep\u00fablica, salvo dos o tres generales o altos mandos a los que mand\u00f3 fusilar el enano del Pardo, entre ellos a su primo, en Tetu\u00e1n.<\/p>\n<p style=\"text-align: justify;\">Ahora que todo ello sale a la luz, se est\u00e1 creando un sentimiento republicano, pero en la supuesta marea republicana que se avecina, habr\u00e1 muchos rom\u00e1nticos, pero pocos partidos que quieran un sistema Republicano que se base en lo social, la separaci\u00f3n real de los poderes legislativos, depurando a franquistas comprados por el poder financiero o miembros de sectas religiosas. Para crear una REP\u00daBLICA EN DEFENSA DEL CIUDADANO COM\u00daN, sin privatizaciones de ninguna faceta p\u00fablica, sea en Educaci\u00f3n, Sanidad, Laicidad, Derechos Sociales, Atenci\u00f3n a los mayores y dependientes, por un Sueldo digno, Reforma del Agro eliminando intermediarios especuladores, control de las fuentes de Energ\u00edas, sea el\u00e9ctrica, gas o carburantes. Rep\u00fablica que no subvencione a fundaciones de partidos, sindicatos, escuelas o universidades privadas o religiosas, que elimine los aforamientos actuales y futuros. \u00danica forma de borrar los \u00faltimos 80 a\u00f1os de ignominiosa vejaci\u00f3n de los ciudadanos espa\u00f1oles, para conseguir ciudadanos libres.<\/p>\n<p><strong>Estas son mis razones y mi grito republicano<\/strong><\/p>\n<div class='shareinpost'><ul class=\"socialwrap row\"><li class=\"iconOnly\"><a  rel='nofollow'  target='_blank'  title='Recommend this post : La pleamar republicana on Facebook'  href='http:\/\/www.facebook.com\/sharer.php?u=https%3A%2F%2Fwww.vitrubio03.es%2F%3Fp%3D6928&amp;t=La+pleamar+republicana'  ><img  src='https:\/\/www.vitrubio03.es\/wp-content\/plugins\/share-and-follow\/images\/blank.gif'  height='32' width='32'  class='image-32' alt='facebook'  style='background: transparent url(https:\/\/www.vitrubio03.es\/wp-content\/plugins\/share-and-follow\/default\/32\/sprite-32.png) no-repeat;padding:0;margin:0;height:32px;width:32px;background-position:-363px 0px'   \/> <span class=\"head\">Recommend on Facebook<\/span><\/a><\/li><li class=\"iconOnly\"><a  rel='nofollow'  target='_blank'  title='Tweet this post : La pleamar republicana on Twitter'  href=\"http:\/\/twitter.com\/share?url=https%3A%2F%2Fwww.vitrubio03.es%2F%3Fp%3D6928&amp;text=La+pleamar+republicana+-+\"  ><img  src='https:\/\/www.vitrubio03.es\/wp-content\/plugins\/share-and-follow\/images\/blank.gif'  height='32' width='32'  class='image-32' alt='twitter'  style='background: transparent url(https:\/\/www.vitrubio03.es\/wp-content\/plugins\/share-and-follow\/default\/32\/sprite-32.png) no-repeat;padding:0;margin:0;height:32px;width:32px;background-position:-1749px 0px'   \/> <span class=\"head\">Tweet about it<\/span><\/a><\/li><li class=\"iconOnly\"><a  rel='nofollow'  target='_self'  title='Print this post : La pleamar republicana for reading later'  href='javascript:window.print();'  ><img  src='https:\/\/www.vitrubio03.es\/wp-content\/plugins\/share-and-follow\/images\/blank.gif'  height='32' width='32'  class='image-32' alt='print'  style='background: transparent url(https:\/\/www.vitrubio03.es\/wp-content\/plugins\/share-and-follow\/default\/32\/sprite-32.png) no-repeat;padding:0;margin:0;height:32px;width:32px;background-position:-1386px 0px'   \/> <span class=\"head\">Print for later<\/span><\/a><\/li><li class=\"iconOnly\"><a rel=\"_self\" href=\"mailto:?subject=Reflexiones%20propias%20:%20La%20pleamar%20republicana&amp;body=Te%20adjunto%20un%20enlace%20a%20un%20art\u00edculo.%20Espero%20que%20te%20guste%20%20https:\/\/www.vitrubio03.es\/?p=6928\" title=\"Tell a friend about this post : La pleamar republicana \"><img loading=\"lazy\" decoding=\"async\" src=\"https:\/\/www.vitrubio03.es\/wp-content\/plugins\/share-and-follow\/images\/blank.gif\" height=\"32\"  width=\"32\" style=\"background: transparent url(https:\/\/www.vitrubio03.es\/wp-content\/plugins\/share-and-follow\/default\/32\/sprite-32.png) no-repeat;padding:0;margin:0;height:32px;width:32px;background-position:-330px 0px\" class=\"image-32\"  alt=\"email\" \/> <span class=\"head\">Tell a friend<\/span><\/a><\/li><\/ul><div class=\"clean\"><\/div> <\/div>","protected":false},"excerpt":{"rendered":"<p>El des-m\u00e9rito con sus trapicheos largamente ocultados por los partidos pol\u00edticos desde su entronamiento fascista, fue posteriormente corroborado por partidos generalistas, nacionalistas y auton\u00f3micos. Todo empez\u00f3 en 1977, en una pretendida apertura a la democracia parlamentaria, incluyendo la postura del &hellip; <a href=\"https:\/\/www.vitrubio03.es\/?p=6928\">Sigue leyendo <span class=\"meta-nav\">&rarr;<\/span><\/a><\/p>\n","protected":false},"author":2,"featured_media":0,"comment_status":"closed","ping_status":"closed","sticky":false,"template":"","format":"standard","meta":{"footnotes":""},"categories":[34,11],"tags":[17,32],"class_list":["post-6928","post","type-post","status-publish","format-standard","hentry","category-historia","category-republica","tag-elecciones","tag-los-progresistas"],"_links":{"self":[{"href":"https:\/\/www.vitrubio03.es\/index.php?rest_route=\/wp\/v2\/posts\/6928","targetHints":{"allow":["GET"]}}],"collection":[{"href":"https:\/\/www.vitrubio03.es\/index.php?rest_route=\/wp\/v2\/posts"}],"about":[{"href":"https:\/\/www.vitrubio03.es\/index.php?rest_route=\/wp\/v2\/types\/post"}],"author":[{"embeddable":true,"href":"https:\/\/www.vitrubio03.es\/index.php?rest_route=\/wp\/v2\/users\/2"}],"replies":[{"embeddable":true,"href":"https:\/\/www.vitrubio03.es\/index.php?rest_route=%2Fwp%2Fv2%2Fcomments&post=6928"}],"version-history":[{"count":6,"href":"https:\/\/www.vitrubio03.es\/index.php?rest_route=\/wp\/v2\/posts\/6928\/revisions"}],"predecessor-version":[{"id":7129,"href":"https:\/\/www.vitrubio03.es\/index.php?rest_route=\/wp\/v2\/posts\/6928\/revisions\/7129"}],"wp:attachment":[{"href":"https:\/\/www.vitrubio03.es\/index.php?rest_route=%2Fwp%2Fv2%2Fmedia&parent=6928"}],"wp:term":[{"taxonomy":"category","embeddable":true,"href":"https:\/\/www.vitrubio03.es\/index.php?rest_route=%2Fwp%2Fv2%2Fcategories&post=6928"},{"taxonomy":"post_tag","embeddable":true,"href":"https:\/\/www.vitrubio03.es\/index.php?rest_route=%2Fwp%2Fv2%2Ftags&post=6928"}],"curies":[{"name":"wp","href":"https:\/\/api.w.org\/{rel}","templated":true}]}}