{"id":6944,"date":"2020-07-31T12:39:07","date_gmt":"2020-07-31T10:39:07","guid":{"rendered":"http:\/\/www.vitrubio03.es\/?p=6944"},"modified":"2020-08-24T21:47:01","modified_gmt":"2020-08-24T19:47:01","slug":"pancatalanismo-descubierto","status":"publish","type":"post","link":"https:\/\/www.vitrubio03.es\/?p=6944","title":{"rendered":"El Pancatalanismo al descubierto"},"content":{"rendered":"<p style=\"text-align: justify;\">El da\u00f1o realizado por la actitud catalanista de ciertos elementos que se llaman representantes del pueblo catal\u00e1n ya no tiene arreglo, su defensa a ultranza <a href=\"https:\/\/www.vitrubio03.es\/wp-content\/uploads\/2020\/07\/mugica.jpg\"><img loading=\"lazy\" decoding=\"async\" class=\"size-medium wp-image-6948 alignleft\" src=\"https:\/\/www.vitrubio03.es\/wp-content\/uploads\/2020\/07\/mugica-300x157.jpg\" alt=\"\" width=\"300\" height=\"157\" srcset=\"https:\/\/www.vitrubio03.es\/wp-content\/uploads\/2020\/07\/mugica-300x157.jpg 300w, https:\/\/www.vitrubio03.es\/wp-content\/uploads\/2020\/07\/mugica.jpg 720w\" sizes=\"auto, (max-width: 300px) 100vw, 300px\" \/><\/a>(falsa) por la Independencia, ha hecho que buena parte del resto de Espa\u00f1a tenga animadversi\u00f3n a todo lo catal\u00e1n, el catalanismo no tiene nada que ver con el pueblo catal\u00e1n, Catalu\u00f1a se engrandeci\u00f3 durante siglos con la emigraci\u00f3n de regiones de nuestra piel de toro.<!--more--><\/p>\n<p style=\"text-align: justify;\">Pero las declaraciones de ciertos elementos de esa casta son realmente deplorables, desde raza \u00fanica, a expulsi\u00f3n de los no catalanes (pureza de sangre), <strong>ver nota 1.<br \/>\n<\/strong>Los han metido en la c\u00e1rcel, actitud desmedida de la Judicatura por declarar delito la libertad de expresi\u00f3n e intentar refer\u00e9ndum, no v\u00e1lido seg\u00fan la Constituci\u00f3n, y que se podr\u00eda realizar no solo con Si o NO. Muchos espa\u00f1oles estamos sufriendo por los catalanistas al haber enaltecido y reanimado a la derecha heredera del franquismo, blanden la Rojigualda con pollo y sin \u00e9l como arma, frente a la Estelada, y ya no solo contra ella, la enarbolan para insultar y amenazar al resto de la ciudadan\u00eda, para ellos es \u00absu bandera\u00bb, <strong>ver<\/strong> <strong>nota 2,<\/strong> cuando es una bandera borb\u00f3nica y representa en la actualidad a Espa\u00f1a, aunque m\u00e1s del 70 % de la poblaci\u00f3n prefiere la Tricolor (que nos dejen votar y se ver\u00e1).<\/p>\n<p style=\"text-align: justify;\">Repasemos el origen de esos representantes y sus partidos, los que han originado tama\u00f1o desasosiego no solo en Espa\u00f1a al defender intereses de unos pocos, algunos sin querer darse cuenta y otros fehacientemente.<br \/>\n<strong>&#8211; Oriol Junqueras,<\/strong> preside ERC partido republicano socialdem\u00f3crata favorable a la independencia de Catalu\u00f1a. desde 2011, en prisi\u00f3n desde 2017, siendo el portavoz en el Congreso <strong>Gabriel Rufi\u00e1n,<\/strong> que recientemente ha asegurado que \u00abno se puede hacer la independencia contra Sabadell, Terrassa y Cornell\u00e0\u00bb, ya habr\u00e1 tiempo mejor, agregando esta otra: No, durante mucho tiempo lo que dijimos es \u00abque se ten\u00eda que votar, porque el 80% de la poblaci\u00f3n de este (su) pa\u00eds quiere votar.\u00bb<br \/>\n<strong>&#8211; Quim Torra,<\/strong> proven\u00eda de CNxR en 2009, fusi\u00f3n entre unio.cat, y el primigenio CDC. Torra actual presidente de la Generlitat, es el L\u00edder de JxCat, fundado en noviembre de 2017, en coalici\u00f3n con PDeCat y militantes de CDC. PDeCat se fund\u00f3 en 2016, con militantes de CIU creada en 1978 que ven\u00edan UDC, CDC (refundado por Pujol en 1974) coalici\u00f3n tambi\u00e9n desaparecida en 2015. Ahora Quim Torra proclama que \u00abcon un federalismo a la alemana no pedir\u00edamos la independencia, declarando que JxCat es de centro derecha.<br \/>\n<strong>&#8211; Puigdemont,<\/strong> el olvidado y defenestrado por los suyos, descubierto por Urkullu al decir que \u00e9l no quer\u00eda llegar a la Declaraci\u00f3n Unilateral de Independencia DUI y le ped\u00eda mediaci\u00f3n con Rajoy.<br \/>\n<strong>&#8211; CUP,<\/strong> organizaci\u00f3n b\u00e1sicamente anticapitalista que se extiende por los Pa\u00efsos Catalans\u00a0(concepto que suma a la Comunidad Valenciana y Baleares). Organizaci\u00f3n que no entiendo, pero se ha visto que est\u00e9 en donde est\u00e9, parece un grupo \u00abquintacolumnista\u00bb, resta votos con su voy o no voy, mejor solo o no, as\u00ed muchos de sus posibles seguidores se abstienen, ver a sus hom\u00f3logos en Galicia, Andaluc\u00eda, Valencia, personas que se dicen progresistas, pero torpedean la uni\u00f3n y al final en el Congreso restan al no lograrse una verdadera fuerza interesada en el conjunto de la ciudadan\u00eda. Los anticapitalistas reivindican acciones pol\u00edticas que rayan la utop\u00eda, se comportan en pol\u00edtica como p\u00faberes en lugar de hacerlo con madurez al ser representantes institucionales, citando a <strong>Homero \u00abLa juventud tiene el genio vivo y el juicio d\u00e9bil.\u00bb<\/strong><\/p>\n<p style=\"text-align: justify;\">Se observa que est\u00e1n todos ligados entre s\u00ed, meros ap\u00e9ndices de unas pocas familias. Al final act\u00faan como siempre, en inter\u00e9s propio y de la oligarqu\u00eda <a href=\"https:\/\/www.vitrubio03.es\/wp-content\/uploads\/2020\/07\/CORRPUCI\u00d3N.jpg\"><img loading=\"lazy\" decoding=\"async\" class=\"size-full wp-image-6945 alignleft\" src=\"https:\/\/www.vitrubio03.es\/wp-content\/uploads\/2020\/07\/CORRPUCI\u00d3N.jpg\" alt=\"\" width=\"300\" height=\"168\" \/><\/a>financiera, las familias de siempre que siempre han controlado todo el mecanismo empresarial. Cito a Joseph Roth en su obra \u00abEl profeta mudo\u00bb \u00a1Qu\u00e9 patriotismo regionalista el de este camarada!, pens\u00f3 Friedrich: \u00abAs\u00ed nace el amor a la patria. Est\u00e1 orgulloso de la comarca que lo ha elegido. Un poco m\u00e1s y empezar\u00e1 a defender a los partidos reaccionarios de su circunscripci\u00f3n electoral, consider\u00e1ndolos mejores que los de otras circunscripciones\u00bb. Familias representativas del poder desde hace siglos, que lo defini\u00f3 perfectamente <strong>Antonio Gala \u00abAl poder\u00a0le ocurre como al\u00a0nogal, no deja crecer nada bajo su sombra.\u00bb<\/strong><br \/>\nSeguir\u00e1n en la misma actitud que partidos nacionales el, la derecha proclive a la dictadura evolucion\u00f3 igualmente, desde AP, PP, afiliados fundan Cs, VOX y provinciales, pero todos apoyan la privatizando la Sanidad, Educaci\u00f3n, Servicios Sociales, Residencias de ancianos, despedir m\u00e9dicos y personal sanitario, tras la fase dura de la Pandemia y posteriormente, entregar el seguimiento de los rastreadores a una empresa privada, no fiscalizar grandes fortunas y empresas, no controlar los servicios energ\u00e9ticos esenciales, olvidar el rescate bancario, la Iglesia ni tocarla, tambi\u00e9n se ha expresado a favor de la Independencia, para eso est\u00e1 Oriol Junqueras, el defensor con su rosario desgastado en la prisi\u00f3n y los quintacolumnistas silentes ante las tropel\u00edas de todos ellos. EL PSOE se ha mantenido fiel a sus siglas, pero ha contado con verdaderos expertos en puertas giratorias fruto de la corrupci\u00f3n de las privatizaciones. En esta nueva etapa se escora hacia el Bienestar Social, con un gobierno de coalici\u00f3n, y un socio marcadamente defensor de la ciudadan\u00eda y sus derechos.<\/p>\n<p style=\"text-align: justify;\">Tras la muerte del Dictador, los partidos pol\u00edticos han evolucionado en cuanto a sus siglas, pero todos con un solo inter\u00e9s, en Catalu\u00f1a ocurre lo mismo seg\u00fan he descrito m\u00e1s arriba, los personajes saltan de un partido a otro o creando uno nuevo, pero con la misma esencia, con personajes que act\u00faan para enriquecerse, e intentando menoscabar al partido que en la actualidad defiende m\u00e1s vehementemente el Estado del Bienestar, y ellos nos mientan en sus diatribas, esa no es su meta, cuentan con muchos quintacolumnistas camuflados de dem\u00f3cratas nada m\u00e1s, individualidades sin consistencia en su discurso que arrastran a otros contra el partido que lo hace, no con aquellos cuyos dirigentes se han enriquecido durante d\u00e9cadas. Como personaje cabe destacar en Catalu\u00f1a a Jordi Pujol, ahora en la sombra e impune, pero durante 40 a\u00f1os ha manejado bien el cotarro, y tiene la llave de las fechor\u00edas de otros a nivel nacional, incluida la de la corona, la m\u00e1s corrupta. \u00bfQui\u00e9n ser\u00e1 el que destaque en los pr\u00f3ximos a\u00f1os?, ya apuesto por alguien joven en la actualidad, tal vez est\u00e9 agazapado en este momento, pero despuntar\u00e1, es la evoluci\u00f3n de la especie de los corruptos.<\/p>\n<h6 style=\"text-align: justify;\"><strong>1.- Rep\u00fablica catalana o Catalunya Tax Haven, <a href=\"https:\/\/www.vitrubio03.es\/?p=6910#more-6910\">https:\/\/www.vitrubio03.es\/?p=6910#more-6910<\/a><br \/>\n<\/strong><strong style=\"font-size: 0.9em;\">2.- La ense\u00f1a como arma, <a href=\"https:\/\/www.vitrubio03.es\/?p=6849#more-6849\">https:\/\/www.vitrubio03.es\/?p=6849#more-6849<\/a><\/strong><\/h6>\n<p style=\"text-align: justify;\">\n<div class='shareinpost'><ul class=\"socialwrap row\"><li class=\"iconOnly\"><a  rel='nofollow'  target='_blank'  title='Recommend this post : El Pancatalanismo al descubierto on Facebook'  href='http:\/\/www.facebook.com\/sharer.php?u=https%3A%2F%2Fwww.vitrubio03.es%2F%3Fp%3D6944&amp;t=El+Pancatalanismo+al+descubierto'  ><img  src='https:\/\/www.vitrubio03.es\/wp-content\/plugins\/share-and-follow\/images\/blank.gif'  height='32' width='32'  class='image-32' alt='facebook'  style='background: transparent url(https:\/\/www.vitrubio03.es\/wp-content\/plugins\/share-and-follow\/default\/32\/sprite-32.png) no-repeat;padding:0;margin:0;height:32px;width:32px;background-position:-363px 0px'   \/> <span class=\"head\">Recommend on Facebook<\/span><\/a><\/li><li class=\"iconOnly\"><a  rel='nofollow'  target='_blank'  title='Tweet this post : El Pancatalanismo al descubierto on Twitter'  href=\"http:\/\/twitter.com\/share?url=https%3A%2F%2Fwww.vitrubio03.es%2F%3Fp%3D6944&amp;text=El+Pancatalanismo+al+descubierto+-+\"  ><img  src='https:\/\/www.vitrubio03.es\/wp-content\/plugins\/share-and-follow\/images\/blank.gif'  height='32' width='32'  class='image-32' alt='twitter'  style='background: transparent url(https:\/\/www.vitrubio03.es\/wp-content\/plugins\/share-and-follow\/default\/32\/sprite-32.png) no-repeat;padding:0;margin:0;height:32px;width:32px;background-position:-1749px 0px'   \/> <span class=\"head\">Tweet about it<\/span><\/a><\/li><li class=\"iconOnly\"><a  rel='nofollow'  target='_self'  title='Print this post : El Pancatalanismo al descubierto for reading later'  href='javascript:window.print();'  ><img  src='https:\/\/www.vitrubio03.es\/wp-content\/plugins\/share-and-follow\/images\/blank.gif'  height='32' width='32'  class='image-32' alt='print'  style='background: transparent url(https:\/\/www.vitrubio03.es\/wp-content\/plugins\/share-and-follow\/default\/32\/sprite-32.png) no-repeat;padding:0;margin:0;height:32px;width:32px;background-position:-1386px 0px'   \/> <span class=\"head\">Print for later<\/span><\/a><\/li><li class=\"iconOnly\"><a rel=\"_self\" href=\"mailto:?subject=Reflexiones%20propias%20:%20El%20Pancatalanismo%20al%20descubierto&amp;body=Te%20adjunto%20un%20enlace%20a%20un%20art\u00edculo.%20Espero%20que%20te%20guste%20%20https:\/\/www.vitrubio03.es\/?p=6944\" title=\"Tell a friend about this post : El Pancatalanismo al descubierto \"><img loading=\"lazy\" decoding=\"async\" src=\"https:\/\/www.vitrubio03.es\/wp-content\/plugins\/share-and-follow\/images\/blank.gif\" height=\"32\"  width=\"32\" style=\"background: transparent url(https:\/\/www.vitrubio03.es\/wp-content\/plugins\/share-and-follow\/default\/32\/sprite-32.png) no-repeat;padding:0;margin:0;height:32px;width:32px;background-position:-330px 0px\" class=\"image-32\"  alt=\"email\" \/> <span class=\"head\">Tell a friend<\/span><\/a><\/li><\/ul><div class=\"clean\"><\/div> <\/div>","protected":false},"excerpt":{"rendered":"<p>El da\u00f1o realizado por la actitud catalanista de ciertos elementos que se llaman representantes del pueblo catal\u00e1n ya no tiene arreglo, su defensa a ultranza (falsa) por la Independencia, ha hecho que buena parte del resto de Espa\u00f1a tenga animadversi\u00f3n &hellip; <a href=\"https:\/\/www.vitrubio03.es\/?p=6944\">Sigue leyendo <span class=\"meta-nav\">&rarr;<\/span><\/a><\/p>\n","protected":false},"author":2,"featured_media":0,"comment_status":"closed","ping_status":"closed","sticky":false,"template":"","format":"standard","meta":{"footnotes":""},"categories":[10],"tags":[32,35],"class_list":["post-6944","post","type-post","status-publish","format-standard","hentry","category-nacional","tag-los-progresistas","tag-republicanos"],"_links":{"self":[{"href":"https:\/\/www.vitrubio03.es\/index.php?rest_route=\/wp\/v2\/posts\/6944","targetHints":{"allow":["GET"]}}],"collection":[{"href":"https:\/\/www.vitrubio03.es\/index.php?rest_route=\/wp\/v2\/posts"}],"about":[{"href":"https:\/\/www.vitrubio03.es\/index.php?rest_route=\/wp\/v2\/types\/post"}],"author":[{"embeddable":true,"href":"https:\/\/www.vitrubio03.es\/index.php?rest_route=\/wp\/v2\/users\/2"}],"replies":[{"embeddable":true,"href":"https:\/\/www.vitrubio03.es\/index.php?rest_route=%2Fwp%2Fv2%2Fcomments&post=6944"}],"version-history":[{"count":5,"href":"https:\/\/www.vitrubio03.es\/index.php?rest_route=\/wp\/v2\/posts\/6944\/revisions"}],"predecessor-version":[{"id":6952,"href":"https:\/\/www.vitrubio03.es\/index.php?rest_route=\/wp\/v2\/posts\/6944\/revisions\/6952"}],"wp:attachment":[{"href":"https:\/\/www.vitrubio03.es\/index.php?rest_route=%2Fwp%2Fv2%2Fmedia&parent=6944"}],"wp:term":[{"taxonomy":"category","embeddable":true,"href":"https:\/\/www.vitrubio03.es\/index.php?rest_route=%2Fwp%2Fv2%2Fcategories&post=6944"},{"taxonomy":"post_tag","embeddable":true,"href":"https:\/\/www.vitrubio03.es\/index.php?rest_route=%2Fwp%2Fv2%2Ftags&post=6944"}],"curies":[{"name":"wp","href":"https:\/\/api.w.org\/{rel}","templated":true}]}}