{"id":7925,"date":"2021-03-01T14:33:11","date_gmt":"2021-03-01T13:33:11","guid":{"rendered":"http:\/\/www.vitrubio03.es\/?p=7925"},"modified":"2021-03-01T16:01:48","modified_gmt":"2021-03-01T15:01:48","slug":"la-capilla-sixtina","status":"publish","type":"post","link":"https:\/\/www.vitrubio03.es\/?p=7925","title":{"rendered":"La Capilla Sixtina"},"content":{"rendered":"<p style=\"text-align: justify;\">La Capilla Sixtina es la capilla m\u00e1s famosa del Vaticano, en la residencia oficial del Papa, originalmente serv\u00eda como capilla de la fortaleza vaticana, con el nombre de Capilla Palatina.<br \/>\nLa Cappella Maggiore recibi\u00f3 su nombre (Capilla Magna) del hecho de que exist\u00eda otra capilla tambi\u00e9n usada por el Papa y su s\u00e9quito para el culto diario. En la \u00e9poca de Sixto IV, \u00e9sta era la capilla del papa Nicol\u00e1s V, decorada por Fra Angelico. Est\u00e1 documentado que la Cappella Maggiore exist\u00eda en 1368, seg\u00fan un comunicado de Andreas de Trebisonda a Sixto IV en el momento de su demolici\u00f3n para dar paso a la capilla actual, al encontrarse la Cappella Maggiore en estado de ruina y las paredes inclinadas. Sirvi\u00f3 para la pr\u00e1ctica lit\u00fargica, por sus dimensiones, mientras se constru\u00eda el Vaticano.<br \/>\n<a href=\"https:\/\/www.vitrubio03.es\/wp-content\/uploads\/2021\/03\/1.-Edificio.jpg\"><img loading=\"lazy\" decoding=\"async\" class=\"size-medium wp-image-7927 alignleft\" src=\"https:\/\/www.vitrubio03.es\/wp-content\/uploads\/2021\/03\/1.-Edificio-300x225.jpg\" alt=\"\" width=\"300\" height=\"225\" srcset=\"https:\/\/www.vitrubio03.es\/wp-content\/uploads\/2021\/03\/1.-Edificio-300x225.jpg 300w, https:\/\/www.vitrubio03.es\/wp-content\/uploads\/2021\/03\/1.-Edificio-1024x768.jpg 1024w, https:\/\/www.vitrubio03.es\/wp-content\/uploads\/2021\/03\/1.-Edificio-768x576.jpg 768w, https:\/\/www.vitrubio03.es\/wp-content\/uploads\/2021\/03\/1.-Edificio.jpg 1280w\" sizes=\"auto, (max-width: 300px) 100vw, 300px\" \/><\/a>Es famosa por su arquitectura, evocadora del Templo de Salom\u00f3n del Antiguo Testamento, la capilla actual fue dise\u00f1ada por Bacio Pontelli para Sixto IV, de quien toma su nombre, y construida bajo la supervisi\u00f3n del arquitecto Giovanni de Dolci entre 1477 y 1484. Las proporciones de la capilla actual parecen mantener estrechamente las de la original.<!--more--><\/p>\n<h3 style=\"text-align: justify;\"><span style=\"text-align: justify;\"><br \/>\nDecorada al fresco por los m\u00e1s grandes artistas del Renacimiento, Miguel \u00c1ngel, Rafael de Sanzio, Boticelli. Por orden del papa Julio II, Miguel \u00c1ngel decor\u00f3 la b\u00f3veda entre 1508 y 1512, la b\u00f3veda y El Juicio Final son considerados como los mayores logros de Miguel \u00c1ngel en la pintura. El z\u00f3calo tiene cortinaje pintado y tapices, por encima vida de Mois\u00e9s y Cristo. Y antes de la b\u00f3veda retratos de los papas hasta el momento.<\/span><\/h3>\n<h5><span style=\"text-align: justify;\"><br \/>\n<a href=\"https:\/\/www.vitrubio03.es\/wp-content\/uploads\/2021\/03\/2.-Zocalos-cortinas.png\"><img loading=\"lazy\" decoding=\"async\" class=\"alignnone wp-image-7928\" src=\"https:\/\/www.vitrubio03.es\/wp-content\/uploads\/2021\/03\/2.-Zocalos-cortinas-300x176.png\" alt=\"\" width=\"351\" height=\"205\" srcset=\"https:\/\/www.vitrubio03.es\/wp-content\/uploads\/2021\/03\/2.-Zocalos-cortinas-300x176.png 300w, https:\/\/www.vitrubio03.es\/wp-content\/uploads\/2021\/03\/2.-Zocalos-cortinas-1024x601.png 1024w, https:\/\/www.vitrubio03.es\/wp-content\/uploads\/2021\/03\/2.-Zocalos-cortinas-768x451.png 768w, https:\/\/www.vitrubio03.es\/wp-content\/uploads\/2021\/03\/2.-Zocalos-cortinas-1536x901.png 1536w, https:\/\/www.vitrubio03.es\/wp-content\/uploads\/2021\/03\/2.-Zocalos-cortinas.png 1600w\" sizes=\"auto, (max-width: 351px) 100vw, 351px\" \/><\/a> <a href=\"https:\/\/www.vitrubio03.es\/wp-content\/uploads\/2021\/03\/3.-Tapices-de-Rafael.jpg\"><img loading=\"lazy\" decoding=\"async\" class=\"alignnone wp-image-7929\" src=\"https:\/\/www.vitrubio03.es\/wp-content\/uploads\/2021\/03\/3.-Tapices-de-Rafael-300x229.jpg\" alt=\"\" width=\"271\" height=\"207\" srcset=\"https:\/\/www.vitrubio03.es\/wp-content\/uploads\/2021\/03\/3.-Tapices-de-Rafael-300x229.jpg 300w, https:\/\/www.vitrubio03.es\/wp-content\/uploads\/2021\/03\/3.-Tapices-de-Rafael-1024x781.jpg 1024w, https:\/\/www.vitrubio03.es\/wp-content\/uploads\/2021\/03\/3.-Tapices-de-Rafael-768x586.jpg 768w, https:\/\/www.vitrubio03.es\/wp-content\/uploads\/2021\/03\/3.-Tapices-de-Rafael.jpg 1280w\" sizes=\"auto, (max-width: 271px) 100vw, 271px\" \/><\/a><br \/>\n<\/span><span style=\"text-align: justify;\">\u00a0 \u00a0 \u00a0 \u00a0 \u00a0 \u00a0 \u00a0 \u00a0 \u00a0 \u00a0 \u00a0 \u00a0 \u00a0 \u00a0 \u00a0 \u00a0 \u00a0 \u00a0 \u00a0 \u00a0 \u00a0 \u00a0 \u00a0 \u00a0 \u00a0 \u00a0 Cortinajes\u00a0 \u00a0 \u00a0 \u00a0 \u00a0 \u00a0 \u00a0 \u00a0 \u00a0 \u00a0 \u00a0 \u00a0 \u00a0 \u00a0 \u00a0 \u00a0 \u00a0 \u00a0 \u00a0 \u00a0 \u00a0 \u00a0 \u00a0 \u00a0 \u00a0 \u00a0 \u00a0 \u00a0 \u00a0 \u00a0 \u00a0 \u00a0 \u00a0 \u00a0 \u00a0 \u00a0 \u00a0 \u00a0 \u00a0 \u00a0 \u00a0 \u00a0 \u00a0 \u00a0 \u00a0 \u00a0 \u00a0 \u00a0 <\/span><span style=\"text-align: justify;\">Tapices<\/span><\/h5>\n<p style=\"text-align: justify;\">La capilla fue construida entre 1477 y 1480\u00a0por orden del papa Sixto I, de quien toma su nombre, para restaurar la antigua Capilla Magna o Palatina. Reci\u00e9n terminadas las obras, los pintores: Botticelli, Pietro Perugino, Rosselli, Luca Signorelli, Bartolomeo della Gatta y\u00a0Ghirlandaio\u00a0pintaron una serie de paneles al fresco sobre la vida de Mois\u00e9s y la de\u00a0Jesucristo mirando hacia\u00a0El Juicio Final, acompa\u00f1adas por retratos de los Papas que hab\u00edan gobernado la Iglesia hasta entonces en la zona superior, arquitectura pintada (trampantojo). Las pinturas fueron concluidas en 1482, y en 1483 Sixto IV consagr\u00f3 la capilla a la Asunci\u00f3n de Mar\u00eda.<\/p>\n<h5><a href=\"https:\/\/www.vitrubio03.es\/wp-content\/uploads\/2021\/03\/4.-Tentaciones-de-Moises.jpg\"><img loading=\"lazy\" decoding=\"async\" class=\"alignnone wp-image-7930\" src=\"https:\/\/www.vitrubio03.es\/wp-content\/uploads\/2021\/03\/4.-Tentaciones-de-Moises-300x240.jpg\" alt=\"\" width=\"303\" height=\"242\" srcset=\"https:\/\/www.vitrubio03.es\/wp-content\/uploads\/2021\/03\/4.-Tentaciones-de-Moises-300x240.jpg 300w, https:\/\/www.vitrubio03.es\/wp-content\/uploads\/2021\/03\/4.-Tentaciones-de-Moises-768x614.jpg 768w, https:\/\/www.vitrubio03.es\/wp-content\/uploads\/2021\/03\/4.-Tentaciones-de-Moises.jpg 780w\" sizes=\"auto, (max-width: 303px) 100vw, 303px\" \/><\/a> <a href=\"https:\/\/www.vitrubio03.es\/wp-content\/uploads\/2021\/03\/5.-Castigo-de-los-rebeldes.jpg\"><img loading=\"lazy\" decoding=\"async\" class=\"alignnone wp-image-7931\" src=\"https:\/\/www.vitrubio03.es\/wp-content\/uploads\/2021\/03\/5.-Castigo-de-los-rebeldes-300x225.jpg\" alt=\"\" width=\"327\" height=\"245\" srcset=\"https:\/\/www.vitrubio03.es\/wp-content\/uploads\/2021\/03\/5.-Castigo-de-los-rebeldes-300x225.jpg 300w, https:\/\/www.vitrubio03.es\/wp-content\/uploads\/2021\/03\/5.-Castigo-de-los-rebeldes-768x576.jpg 768w, https:\/\/www.vitrubio03.es\/wp-content\/uploads\/2021\/03\/5.-Castigo-de-los-rebeldes.jpg 800w\" sizes=\"auto, (max-width: 327px) 100vw, 327px\" \/>\u00a0 <\/a><span style=\"color: #000000; font-size: 1em; text-align: justify;\">\u00a0 \u00a0 \u00a0 \u00a0 \u00a0 \u00a0 \u00a0 \u00a0 \u00a0Pruebas o Tentaciones de Mois\u00e9s\u00a0 \u00a0 \u00a0 \u00a0 \u00a0 \u00a0 \u00a0 \u00a0 \u00a0 \u00a0 \u00a0 \u00a0 \u00a0 \u00a0 \u00a0 <\/span>Castigos de rebeldes Cor\u00e9, Dat\u00e1 y Abir\u00f3n. Botticelli 1481-1482<\/h5>\n<h5><a href=\"https:\/\/www.vitrubio03.es\/wp-content\/uploads\/2021\/03\/6.-Testamento-y-muerte-de-Moises.jpg\"><img loading=\"lazy\" decoding=\"async\" class=\"alignnone wp-image-7932\" src=\"https:\/\/www.vitrubio03.es\/wp-content\/uploads\/2021\/03\/6.-Testamento-y-muerte-de-Moises-300x188.jpg\" alt=\"\" width=\"313\" height=\"196\" srcset=\"https:\/\/www.vitrubio03.es\/wp-content\/uploads\/2021\/03\/6.-Testamento-y-muerte-de-Moises-300x188.jpg 300w, https:\/\/www.vitrubio03.es\/wp-content\/uploads\/2021\/03\/6.-Testamento-y-muerte-de-Moises-1024x642.jpg 1024w, https:\/\/www.vitrubio03.es\/wp-content\/uploads\/2021\/03\/6.-Testamento-y-muerte-de-Moises-768x481.jpg 768w, https:\/\/www.vitrubio03.es\/wp-content\/uploads\/2021\/03\/6.-Testamento-y-muerte-de-Moises.jpg 1200w\" sizes=\"auto, (max-width: 313px) 100vw, 313px\" \/><\/a> <a href=\"https:\/\/www.vitrubio03.es\/wp-content\/uploads\/2021\/03\/7.-Disputa-por-el-cuerpo-de-Moises.jpg\"><img loading=\"lazy\" decoding=\"async\" class=\"alignnone wp-image-7933\" src=\"https:\/\/www.vitrubio03.es\/wp-content\/uploads\/2021\/03\/7.-Disputa-por-el-cuerpo-de-Moises-300x186.jpg\" alt=\"\" width=\"318\" height=\"197\" srcset=\"https:\/\/www.vitrubio03.es\/wp-content\/uploads\/2021\/03\/7.-Disputa-por-el-cuerpo-de-Moises-300x186.jpg 300w, https:\/\/www.vitrubio03.es\/wp-content\/uploads\/2021\/03\/7.-Disputa-por-el-cuerpo-de-Moises-1024x636.jpg 1024w, https:\/\/www.vitrubio03.es\/wp-content\/uploads\/2021\/03\/7.-Disputa-por-el-cuerpo-de-Moises-768x477.jpg 768w, https:\/\/www.vitrubio03.es\/wp-content\/uploads\/2021\/03\/7.-Disputa-por-el-cuerpo-de-Moises-1536x954.jpg 1536w, https:\/\/www.vitrubio03.es\/wp-content\/uploads\/2021\/03\/7.-Disputa-por-el-cuerpo-de-Moises-2048x1271.jpg 2048w\" sizes=\"auto, (max-width: 318px) 100vw, 318px\" \/><\/a><br \/>\n<span style=\"text-align: justify;\">\u00a0 \u00a0 \u00a0 \u00a0 \u00a0 \u00a0 \u00a0 \u00a0 \u00a0 \u00a0 \u00a0 \u00a0 Testamento y muerte de Mois\u00e9s\u00a0 \u00a0 \u00a0 \u00a0 \u00a0 \u00a0 \u00a0 \u00a0 \u00a0 \u00a0 \u00a0 \u00a0 \u00a0 \u00a0 \u00a0 \u00a0 \u00a0 \u00a0 \u00a0 \u00a0 \u00a0 \u00a0 \u00a0 \u00a0Disputa por el cuerpo de Mois\u00e9s<br \/>\n<\/span>\u00a0 \u00a0 \u00a0 \u00a0 \u00a0 \u00a0 \u00a0 \u00a0 \u00a0Signorelli y Bartolomeo della Gatta 1482\u00a0 \u00a0 \u00a0 \u00a0 \u00a0 \u00a0 \u00a0 \u00a0 \u00a0 \u00a0 \u00a0 \u00a0 \u00a0 \u00a0 \u00a0 \u00a0 \u00a0 \u00a0 \u00a0 \u00a0 \u00a0 \u00a0 \u00a0 <span style=\"font-size: 1em; text-align: justify;\">Matteo da Lecce de 1574<\/span><\/h5>\n<h4 style=\"text-align: justify;\">La Disputa por el cuerpo de Mois\u00e9s realizada por Matteo da Lecce. lo pint\u00f3 sobre el mismo tema pintado por Signorelli, que qued\u00f3 destruido en el hundimiento del alquitrabe de 1522.<\/h4>\n<h5><a href=\"https:\/\/www.vitrubio03.es\/wp-content\/uploads\/2021\/03\/8.-botticelli_cap_sixtina_tentaciones_cristo.jpg\"><img loading=\"lazy\" decoding=\"async\" class=\"alignnone wp-image-7934\" src=\"https:\/\/www.vitrubio03.es\/wp-content\/uploads\/2021\/03\/8.-botticelli_cap_sixtina_tentaciones_cristo-300x187.jpg\" alt=\"\" width=\"318\" height=\"198\" srcset=\"https:\/\/www.vitrubio03.es\/wp-content\/uploads\/2021\/03\/8.-botticelli_cap_sixtina_tentaciones_cristo-300x187.jpg 300w, https:\/\/www.vitrubio03.es\/wp-content\/uploads\/2021\/03\/8.-botticelli_cap_sixtina_tentaciones_cristo-768x478.jpg 768w, https:\/\/www.vitrubio03.es\/wp-content\/uploads\/2021\/03\/8.-botticelli_cap_sixtina_tentaciones_cristo.jpg 900w\" sizes=\"auto, (max-width: 318px) 100vw, 318px\" \/><\/a> <a href=\"https:\/\/www.vitrubio03.es\/wp-content\/uploads\/2021\/03\/9.-Entrega-de-llaves.jpg\"><img loading=\"lazy\" decoding=\"async\" class=\"alignnone wp-image-7935\" src=\"https:\/\/www.vitrubio03.es\/wp-content\/uploads\/2021\/03\/9.-Entrega-de-llaves-300x190.jpg\" alt=\"\" width=\"313\" height=\"198\" srcset=\"https:\/\/www.vitrubio03.es\/wp-content\/uploads\/2021\/03\/9.-Entrega-de-llaves-300x190.jpg 300w, https:\/\/www.vitrubio03.es\/wp-content\/uploads\/2021\/03\/9.-Entrega-de-llaves.jpg 640w\" sizes=\"auto, (max-width: 313px) 100vw, 313px\" \/><\/a><br \/>\nPruebas o Tentaciones de Cristo. Botticelli (1480-1482)\u00a0 \u00a0 \u00a0 \u00a0 \u00a0 \u00a0 \u00a0 \u00a0 \u00a0 \u00a0 \u00a0<span style=\"color: #000000; font-size: 1em;\">La entrega de llaves. Perugino (1481-1482)<\/span><\/h5>\n<h4 style=\"text-align: justify;\">La arquitectura del cuadro \u00abLa entrega de llaves\u00bb, fue copiada por Rafael en \u00abEl desposorio de la Virgen (1503)\u00bb y por Perugino en otra obra \u00abEl desposorio de la Virgen (1502)\u00bb<\/h4>\n<h5><a href=\"https:\/\/www.vitrubio03.es\/wp-content\/uploads\/2021\/03\/10.-Bautismo-de-Cristo.jpg\"><img loading=\"lazy\" decoding=\"async\" class=\"alignnone wp-image-7936\" src=\"https:\/\/www.vitrubio03.es\/wp-content\/uploads\/2021\/03\/10.-Bautismo-de-Cristo-300x209.jpg\" alt=\"\" width=\"328\" height=\"229\" srcset=\"https:\/\/www.vitrubio03.es\/wp-content\/uploads\/2021\/03\/10.-Bautismo-de-Cristo-300x209.jpg 300w, https:\/\/www.vitrubio03.es\/wp-content\/uploads\/2021\/03\/10.-Bautismo-de-Cristo.jpg 564w\" sizes=\"auto, (max-width: 328px) 100vw, 328px\" \/> <\/a><a href=\"https:\/\/www.vitrubio03.es\/wp-content\/uploads\/2021\/03\/21.-La-ultima-cena.jpg\"><img loading=\"lazy\" decoding=\"async\" class=\"alignnone wp-image-7937\" src=\"https:\/\/www.vitrubio03.es\/wp-content\/uploads\/2021\/03\/21.-La-ultima-cena-300x225.jpg\" alt=\"\" width=\"307\" height=\"230\" srcset=\"https:\/\/www.vitrubio03.es\/wp-content\/uploads\/2021\/03\/21.-La-ultima-cena-300x225.jpg 300w, https:\/\/www.vitrubio03.es\/wp-content\/uploads\/2021\/03\/21.-La-ultima-cena-768x576.jpg 768w, https:\/\/www.vitrubio03.es\/wp-content\/uploads\/2021\/03\/21.-La-ultima-cena.jpg 800w\" sizes=\"auto, (max-width: 307px) 100vw, 307px\" \/><\/a><br \/>\n<span style=\"text-align: justify;\">\u00a0 \u00a0 Bautismo de Cristo. Perugino y Pinturicchio (1481-1483)\u00a0 \u00a0 \u00a0 \u00a0 \u00a0 \u00a0 \u00a0 \u00a0 \u00a0 \u00a0 \u00a0 \u00a0 \u00a0<\/span><span style=\"text-align: justify;\">La \u00faltima cena. Rosselli (1481-1482)<\/span><\/h5>\n<h5><a href=\"https:\/\/www.vitrubio03.es\/wp-content\/uploads\/2021\/03\/12.-Sermon-de-la-montana.jpg\"><img loading=\"lazy\" decoding=\"async\" class=\"alignnone wp-image-7938\" src=\"https:\/\/www.vitrubio03.es\/wp-content\/uploads\/2021\/03\/12.-Sermon-de-la-montana-300x205.jpg\" alt=\"\" width=\"325\" height=\"222\" srcset=\"https:\/\/www.vitrubio03.es\/wp-content\/uploads\/2021\/03\/12.-Sermon-de-la-montana-300x205.jpg 300w, https:\/\/www.vitrubio03.es\/wp-content\/uploads\/2021\/03\/12.-Sermon-de-la-montana-1024x701.jpg 1024w, https:\/\/www.vitrubio03.es\/wp-content\/uploads\/2021\/03\/12.-Sermon-de-la-montana-768x526.jpg 768w, https:\/\/www.vitrubio03.es\/wp-content\/uploads\/2021\/03\/12.-Sermon-de-la-montana-1536x1052.jpg 1536w, https:\/\/www.vitrubio03.es\/wp-content\/uploads\/2021\/03\/12.-Sermon-de-la-montana-2048x1402.jpg 2048w\" sizes=\"auto, (max-width: 325px) 100vw, 325px\" \/><\/a> <a href=\"https:\/\/www.vitrubio03.es\/wp-content\/uploads\/2021\/03\/13.-Vocacion-de-los-primeros-apostoles.jpg\"><img loading=\"lazy\" decoding=\"async\" class=\"alignnone wp-image-7939\" src=\"https:\/\/www.vitrubio03.es\/wp-content\/uploads\/2021\/03\/13.-Vocacion-de-los-primeros-apostoles-300x220.jpg\" alt=\"\" width=\"304\" height=\"223\" srcset=\"https:\/\/www.vitrubio03.es\/wp-content\/uploads\/2021\/03\/13.-Vocacion-de-los-primeros-apostoles-300x220.jpg 300w, https:\/\/www.vitrubio03.es\/wp-content\/uploads\/2021\/03\/13.-Vocacion-de-los-primeros-apostoles-1024x750.jpg 1024w, https:\/\/www.vitrubio03.es\/wp-content\/uploads\/2021\/03\/13.-Vocacion-de-los-primeros-apostoles-768x562.jpg 768w, https:\/\/www.vitrubio03.es\/wp-content\/uploads\/2021\/03\/13.-Vocacion-de-los-primeros-apostoles-1536x1124.jpg 1536w, https:\/\/www.vitrubio03.es\/wp-content\/uploads\/2021\/03\/13.-Vocacion-de-los-primeros-apostoles-2048x1499.jpg 2048w\" sizes=\"auto, (max-width: 304px) 100vw, 304px\" \/><\/a><span style=\"text-align: justify;\">Serm\u00f3n de la monta\u00f1a y cura del leproso. Rosselli (1481-1482)\u00a0 Vocaci\u00f3n de los primeros Ap\u00f3stoles. Ghirlandaio (1482)<\/span><\/h5>\n<h5 style=\"text-align: center;\"><a href=\"https:\/\/www.vitrubio03.es\/wp-content\/uploads\/2021\/03\/14.-Resurreccion-de-Cristo.jpg\"><img loading=\"lazy\" decoding=\"async\" class=\"alignnone wp-image-7940\" src=\"https:\/\/www.vitrubio03.es\/wp-content\/uploads\/2021\/03\/14.-Resurreccion-de-Cristo-300x179.jpg\" alt=\"\" width=\"626\" height=\"374\" srcset=\"https:\/\/www.vitrubio03.es\/wp-content\/uploads\/2021\/03\/14.-Resurreccion-de-Cristo-300x179.jpg 300w, https:\/\/www.vitrubio03.es\/wp-content\/uploads\/2021\/03\/14.-Resurreccion-de-Cristo.jpg 320w\" sizes=\"auto, (max-width: 626px) 100vw, 626px\" \/><\/a><br \/>\n<span style=\"text-align: justify;\">Resurrecci\u00f3n de Cristo obra de H. Van de Broeck de 1572<br \/>\n<\/span>Sobre el mismo tema que pint\u00f3 Ghirlandaio, destruido en el hundimiento del alquitrabe de 1522<\/h5>\n<p style=\"text-align: justify;\">Desde la \u00e9poca de Sixto IV, la capilla ha servido como lugar de diversas actividades papales, hoy es la sede del C\u00f3nclave (reuni\u00f3n en la que los cardenales eligen a un nuevo Papa). Y para la pr\u00e1ctica lit\u00fargica, por sus dimensiones, mientras se terminaba de construir el Vaticano. Primero decorada por Vasari y posteriormente por Miguel \u00c1ngel<\/p>\n<h5 style=\"text-align: justify;\"><a href=\"https:\/\/www.vitrubio03.es\/wp-content\/uploads\/2021\/03\/15.-Capilla-Sixtina-decorada-por-Vasari.jpg\"><img loading=\"lazy\" decoding=\"async\" class=\"alignnone wp-image-7941\" src=\"https:\/\/www.vitrubio03.es\/wp-content\/uploads\/2021\/03\/15.-Capilla-Sixtina-decorada-por-Vasari-300x212.jpg\" alt=\"\" width=\"295\" height=\"208\" srcset=\"https:\/\/www.vitrubio03.es\/wp-content\/uploads\/2021\/03\/15.-Capilla-Sixtina-decorada-por-Vasari-300x212.jpg 300w, https:\/\/www.vitrubio03.es\/wp-content\/uploads\/2021\/03\/15.-Capilla-Sixtina-decorada-por-Vasari.jpg 604w\" sizes=\"auto, (max-width: 295px) 100vw, 295px\" \/><\/a> <a href=\"https:\/\/www.vitrubio03.es\/wp-content\/uploads\/2021\/03\/16.-Capilla-Sixtina-actual.jpg\"><img loading=\"lazy\" decoding=\"async\" class=\"alignnone wp-image-7942\" src=\"https:\/\/www.vitrubio03.es\/wp-content\/uploads\/2021\/03\/16.-Capilla-Sixtina-actual-300x187.jpg\" alt=\"\" width=\"337\" height=\"210\" srcset=\"https:\/\/www.vitrubio03.es\/wp-content\/uploads\/2021\/03\/16.-Capilla-Sixtina-actual-300x187.jpg 300w, https:\/\/www.vitrubio03.es\/wp-content\/uploads\/2021\/03\/16.-Capilla-Sixtina-actual-1024x640.jpg 1024w, https:\/\/www.vitrubio03.es\/wp-content\/uploads\/2021\/03\/16.-Capilla-Sixtina-actual-768x480.jpg 768w, https:\/\/www.vitrubio03.es\/wp-content\/uploads\/2021\/03\/16.-Capilla-Sixtina-actual.jpg 1140w\" sizes=\"auto, (max-width: 337px) 100vw, 337px\" \/><\/a><br \/>\nCapilla Sixtina de Vasari\u00a0 \u00a0 \u00a0 \u00a0 \u00a0 \u00a0 \u00a0 \u00a0 \u00a0 \u00a0 \u00a0 \u00a0 \u00a0 \u00a0 \u00a0 \u00a0 \u00a0 \u00a0 \u00a0 \u00a0 \u00a0 \u00a0 \u00a0 \u00a0 \u00a0 \u00a0 \u00a0 \u00a0 \u00a0 \u00a0Capilla Sixtina por Miguel \u00c1ngel<\/h5>\n<h5 style=\"text-align: justify;\"><a href=\"https:\/\/www.vitrubio03.es\/wp-content\/uploads\/2021\/03\/17.-Parte-del-techo.jpg\"><img loading=\"lazy\" decoding=\"async\" class=\"alignnone wp-image-7943\" src=\"https:\/\/www.vitrubio03.es\/wp-content\/uploads\/2021\/03\/17.-Parte-del-techo-300x199.jpg\" alt=\"\" width=\"288\" height=\"191\" srcset=\"https:\/\/www.vitrubio03.es\/wp-content\/uploads\/2021\/03\/17.-Parte-del-techo-300x199.jpg 300w, https:\/\/www.vitrubio03.es\/wp-content\/uploads\/2021\/03\/17.-Parte-del-techo.jpg 630w\" sizes=\"auto, (max-width: 288px) 100vw, 288px\" \/> <\/a><a href=\"https:\/\/www.vitrubio03.es\/wp-content\/uploads\/2021\/03\/18.-Creacion-Adan-en-el-centro-del-techo.jpg\"><img loading=\"lazy\" decoding=\"async\" class=\"alignnone wp-image-7944\" src=\"https:\/\/www.vitrubio03.es\/wp-content\/uploads\/2021\/03\/18.-Creacion-Adan-en-el-centro-del-techo-300x171.jpg\" alt=\"\" width=\"341\" height=\"194\" srcset=\"https:\/\/www.vitrubio03.es\/wp-content\/uploads\/2021\/03\/18.-Creacion-Adan-en-el-centro-del-techo-300x171.jpg 300w, https:\/\/www.vitrubio03.es\/wp-content\/uploads\/2021\/03\/18.-Creacion-Adan-en-el-centro-del-techo-1024x585.jpg 1024w, https:\/\/www.vitrubio03.es\/wp-content\/uploads\/2021\/03\/18.-Creacion-Adan-en-el-centro-del-techo-768x439.jpg 768w, https:\/\/www.vitrubio03.es\/wp-content\/uploads\/2021\/03\/18.-Creacion-Adan-en-el-centro-del-techo-1536x878.jpg 1536w, https:\/\/www.vitrubio03.es\/wp-content\/uploads\/2021\/03\/18.-Creacion-Adan-en-el-centro-del-techo-2048x1171.jpg 2048w\" sizes=\"auto, (max-width: 341px) 100vw, 341px\" \/>\u00a0 <\/a>\u00a0 \u00a0 \u00a0 \u00a0 \u00a0 \u00a0 \u00a0 \u00a0 \u00a0 \u00a0 \u00a0 \u00a0 \u00a0 \u00a0 \u00a0 \u00a0Fragmento del techo\u00a0 \u00a0 \u00a0 \u00a0 \u00a0 \u00a0 \u00a0 \u00a0 \u00a0 \u00a0 \u00a0 \u00a0 \u00a0 \u00a0 \u00a0 \u00a0 \u00a0 \u00a0 \u00a0 \u00a0 \u00a0 \u00a0 \u00a0 \u00a0 \u00a0 \u00a0 \u00a0 \u00a0 \u00a0 \u00a0 \u00a0 \u00a0 \u00a0 \u00a0 \u00a0 La creaci\u00f3n de Ad\u00e1n<\/h5>\n<p style=\"text-align: justify;\">La creaci\u00f3n de Ad\u00e1n es posible la obra m\u00e1s admirada de la b\u00f3veda y situada en el centro. La pintura de Miguel \u00c1ngel es una escultura pintada, y la Arquitectura del techo es fingida, llamada \u00abTrampantojo\u00bb.<\/p>\n<p>Entre abril de 1535 y octubre de 1541 Miguel \u00c1ngel realiza una de sus obras maestras: el Juicio Final, fresco de enormes dimensiones, incluye casi 400 figuras de las que se han identificado aproximadamente 50.<br \/>\nA los pies de Cristo se sit\u00faan dos santos que ocupan un lugar privilegiado: San Lorenzo, que porta la parrilla de su martirio, y San Bartolom\u00e9, con una piel que alude a su muerte, apreci\u00e1ndose en la piel un autorretrato del pintor.<\/p>\n<h5><a href=\"https:\/\/www.vitrubio03.es\/wp-content\/uploads\/2021\/03\/21.-Juicio-Final.jpg\"><img loading=\"lazy\" decoding=\"async\" class=\"alignnone wp-image-7947\" src=\"https:\/\/www.vitrubio03.es\/wp-content\/uploads\/2021\/03\/21.-Juicio-Final-283x300.jpg\" alt=\"\" width=\"355\" height=\"376\" srcset=\"https:\/\/www.vitrubio03.es\/wp-content\/uploads\/2021\/03\/21.-Juicio-Final-283x300.jpg 283w, https:\/\/www.vitrubio03.es\/wp-content\/uploads\/2021\/03\/21.-Juicio-Final.jpg 602w\" sizes=\"auto, (max-width: 355px) 100vw, 355px\" \/><\/a><a href=\"https:\/\/www.vitrubio03.es\/wp-content\/uploads\/2021\/03\/20.-San-Bartolome-en-el-frontal.jpg\">\u00a0<img loading=\"lazy\" decoding=\"async\" class=\"alignnone wp-image-7945\" src=\"https:\/\/www.vitrubio03.es\/wp-content\/uploads\/2021\/03\/20.-San-Bartolome-en-el-frontal-219x300.jpg\" alt=\"\" width=\"274\" height=\"375\" srcset=\"https:\/\/www.vitrubio03.es\/wp-content\/uploads\/2021\/03\/20.-San-Bartolome-en-el-frontal-219x300.jpg 219w, https:\/\/www.vitrubio03.es\/wp-content\/uploads\/2021\/03\/20.-San-Bartolome-en-el-frontal.jpg 725w\" sizes=\"auto, (max-width: 274px) 100vw, 274px\" \/><\/a><br \/>\n<span style=\"text-align: justify;\">El Juicio Final, frontal de la Capilla Sixtina\u00a0 Miguel \u00c1ngel 1537-1541.\u00a0 \u00a0 \u00a0 \u00a0 San Bartolom\u00e9 mostrando su piel desollada\u00a0 \u00a0 \u00a0 \u00a0 \u00a0 \u00a0 \u00a0 \u00a0 \u00a0 \u00a0 \u00a0 \u00a0 \u00a0 \u00a0 \u00a0 \u00a0 \u00a0 \u00a0 \u00a0 \u00a0 \u00a0 \u00a0 \u00a0 \u00a0 \u00a0 \u00a0 \u00a0 \u00a0 \u00a0 \u00a0 \u00a0 \u00a0 \u00a0 \u00a0 \u00a0 \u00a0 \u00a0 \u00a0 \u00a0 \u00a0 \u00a0 \u00a0 \u00a0 \u00a0 \u00a0 \u00a0 \u00a0 \u00a0 \u00a0 \u00a0 \u00a0 \u00a0 \u00a0 \u00a0 \u00a0 \u00a0 \u00a0 \u00a0 \u00a0 \u00a0 \u00a0 \u00a0 \u00a0 \u00a0 \u00a0 \u00a0 \u00a0 \u00a0 \u00a0 \u00a0 \u00a0 \u00a0 (autorretrato de Miguel \u00c1ngel en el pellejo)<\/span><\/h5>\n<p style=\"text-align: justify;\">La zona superior de la composici\u00f3n, m\u00e1s de la mitad de la pared, est\u00e1 ocupada por el mundo celestial, presidido por Cristo como juez, en el centro de la escena, inicialmente desnudo y en una postura escorzada, levantando el brazo derecho en se\u00f1al de impartir justicia y cierto temor de los resucitados. A su lado, la Virgen Mar\u00eda, rodeadas ambas figuras por un conjunto de santos, ap\u00f3stoles y patriarcas que constituyen el primer grupo circular. A ambos lados de este grupo central diferentes m\u00e1rtires, v\u00edrgenes, bienaventurados y confesores de la Iglesia forman una segunda corona. En los lunetos superiores aparecen dos grupos de \u00e1ngeles que portan los s\u00edmbolos de la Pasi\u00f3n: la corona de espinas, la cruz y la columna, ofreciendo las m\u00e1s variadas posturas, reforzando la sensaci\u00f3n general de movimiento.<\/p>\n<p style=\"text-align: justify;\">En la zona intermedia podemos encontrar tres grupos; en la izquierda, los juzgados que ascienden al Cielo mientras que en la parte contraria se ubican los condenados que caen al Infierno, ocupando los \u00e1ngeles trompeteros el centro para despertar a los muertos de la zona inferior que se desarrolla en el espacio izquierdo de este \u00faltimo tramo. En la zona inferior derecha hallamos el traslado de los muertos en la barca de Caronte ante el juez infernal Minos, (figura de la esquina con serpientes enrolladas alrededor de su cuerpo), y la boca de Leviat\u00e1n.<br \/>\nLa escena se desarrolla sin ninguna obra arquitect\u00f3nica ni elemento de referencia, emergiendo las figuras de un azulado cielo donde flotan con una energ\u00eda y seguridad dif\u00edcilmente igualables.<\/p>\n<p style=\"text-align: justify;\"><strong>\u00a0<\/strong><\/p>\n<div class='shareinpost'><ul class=\"socialwrap row\"><li class=\"iconOnly\"><a  rel='nofollow'  target='_blank'  title='Recommend this post : La Capilla Sixtina on Facebook'  href='http:\/\/www.facebook.com\/sharer.php?u=https%3A%2F%2Fwww.vitrubio03.es%2F%3Fp%3D7925&amp;t=La+Capilla+Sixtina'  ><img  src='https:\/\/www.vitrubio03.es\/wp-content\/plugins\/share-and-follow\/images\/blank.gif'  height='32' width='32'  class='image-32' alt='facebook'  style='background: transparent url(https:\/\/www.vitrubio03.es\/wp-content\/plugins\/share-and-follow\/default\/32\/sprite-32.png) no-repeat;padding:0;margin:0;height:32px;width:32px;background-position:-363px 0px'   \/> <span class=\"head\">Recommend on Facebook<\/span><\/a><\/li><li class=\"iconOnly\"><a  rel='nofollow'  target='_blank'  title='Tweet this post : La Capilla Sixtina on Twitter'  href=\"http:\/\/twitter.com\/share?url=https%3A%2F%2Fwww.vitrubio03.es%2F%3Fp%3D7925&amp;text=La+Capilla+Sixtina+-+\"  ><img  src='https:\/\/www.vitrubio03.es\/wp-content\/plugins\/share-and-follow\/images\/blank.gif'  height='32' width='32'  class='image-32' alt='twitter'  style='background: transparent url(https:\/\/www.vitrubio03.es\/wp-content\/plugins\/share-and-follow\/default\/32\/sprite-32.png) no-repeat;padding:0;margin:0;height:32px;width:32px;background-position:-1749px 0px'   \/> <span class=\"head\">Tweet about it<\/span><\/a><\/li><li class=\"iconOnly\"><a  rel='nofollow'  target='_self'  title='Print this post : La Capilla Sixtina for reading later'  href='javascript:window.print();'  ><img  src='https:\/\/www.vitrubio03.es\/wp-content\/plugins\/share-and-follow\/images\/blank.gif'  height='32' width='32'  class='image-32' alt='print'  style='background: transparent url(https:\/\/www.vitrubio03.es\/wp-content\/plugins\/share-and-follow\/default\/32\/sprite-32.png) no-repeat;padding:0;margin:0;height:32px;width:32px;background-position:-1386px 0px'   \/> <span class=\"head\">Print for later<\/span><\/a><\/li><li class=\"iconOnly\"><a rel=\"_self\" href=\"mailto:?subject=Reflexiones%20propias%20:%20La%20Capilla%20Sixtina&amp;body=Te%20adjunto%20un%20enlace%20a%20un%20art\u00edculo.%20Espero%20que%20te%20guste%20%20https:\/\/www.vitrubio03.es\/?p=7925\" title=\"Tell a friend about this post : La Capilla Sixtina \"><img loading=\"lazy\" decoding=\"async\" src=\"https:\/\/www.vitrubio03.es\/wp-content\/plugins\/share-and-follow\/images\/blank.gif\" height=\"32\"  width=\"32\" style=\"background: transparent url(https:\/\/www.vitrubio03.es\/wp-content\/plugins\/share-and-follow\/default\/32\/sprite-32.png) no-repeat;padding:0;margin:0;height:32px;width:32px;background-position:-330px 0px\" class=\"image-32\"  alt=\"email\" \/> <span class=\"head\">Tell a friend<\/span><\/a><\/li><\/ul><div class=\"clean\"><\/div> <\/div>","protected":false},"excerpt":{"rendered":"<p>La Capilla Sixtina es la capilla m\u00e1s famosa del Vaticano, en la residencia oficial del Papa, originalmente serv\u00eda como capilla de la fortaleza vaticana, con el nombre de Capilla Palatina. La Cappella Maggiore recibi\u00f3 su nombre (Capilla Magna) del hecho &hellip; <a href=\"https:\/\/www.vitrubio03.es\/?p=7925\">Sigue leyendo <span class=\"meta-nav\">&rarr;<\/span><\/a><\/p>\n","protected":false},"author":2,"featured_media":0,"comment_status":"closed","ping_status":"closed","sticky":false,"template":"","format":"standard","meta":{"footnotes":""},"categories":[34,6],"tags":[],"class_list":["post-7925","post","type-post","status-publish","format-standard","hentry","category-historia","category-iglesia"],"_links":{"self":[{"href":"https:\/\/www.vitrubio03.es\/index.php?rest_route=\/wp\/v2\/posts\/7925","targetHints":{"allow":["GET"]}}],"collection":[{"href":"https:\/\/www.vitrubio03.es\/index.php?rest_route=\/wp\/v2\/posts"}],"about":[{"href":"https:\/\/www.vitrubio03.es\/index.php?rest_route=\/wp\/v2\/types\/post"}],"author":[{"embeddable":true,"href":"https:\/\/www.vitrubio03.es\/index.php?rest_route=\/wp\/v2\/users\/2"}],"replies":[{"embeddable":true,"href":"https:\/\/www.vitrubio03.es\/index.php?rest_route=%2Fwp%2Fv2%2Fcomments&post=7925"}],"version-history":[{"count":8,"href":"https:\/\/www.vitrubio03.es\/index.php?rest_route=\/wp\/v2\/posts\/7925\/revisions"}],"predecessor-version":[{"id":7954,"href":"https:\/\/www.vitrubio03.es\/index.php?rest_route=\/wp\/v2\/posts\/7925\/revisions\/7954"}],"wp:attachment":[{"href":"https:\/\/www.vitrubio03.es\/index.php?rest_route=%2Fwp%2Fv2%2Fmedia&parent=7925"}],"wp:term":[{"taxonomy":"category","embeddable":true,"href":"https:\/\/www.vitrubio03.es\/index.php?rest_route=%2Fwp%2Fv2%2Fcategories&post=7925"},{"taxonomy":"post_tag","embeddable":true,"href":"https:\/\/www.vitrubio03.es\/index.php?rest_route=%2Fwp%2Fv2%2Ftags&post=7925"}],"curies":[{"name":"wp","href":"https:\/\/api.w.org\/{rel}","templated":true}]}}