{"id":7964,"date":"2021-03-24T12:03:35","date_gmt":"2021-03-24T11:03:35","guid":{"rendered":"http:\/\/www.vitrubio03.es\/?p=7964"},"modified":"2021-03-24T12:05:12","modified_gmt":"2021-03-24T11:05:12","slug":"todos-contra-uno","status":"publish","type":"post","link":"https:\/\/www.vitrubio03.es\/?p=7964","title":{"rendered":"Todos contra uno"},"content":{"rendered":"<p style=\"text-align: justify;\">Se abri\u00f3 la \u00abCaja de Pandora\u00bb contra Pablo Iglesias, un vicepresidente de gobierno con <a href=\"https:\/\/www.vitrubio03.es\/wp-content\/uploads\/2021\/03\/Ser-radical.jpg\"><img loading=\"lazy\" decoding=\"async\" class=\"size-medium wp-image-7965 alignleft\" src=\"https:\/\/www.vitrubio03.es\/wp-content\/uploads\/2021\/03\/Ser-radical-240x300.jpg\" alt=\"\" width=\"240\" height=\"300\" srcset=\"https:\/\/www.vitrubio03.es\/wp-content\/uploads\/2021\/03\/Ser-radical-240x300.jpg 240w, https:\/\/www.vitrubio03.es\/wp-content\/uploads\/2021\/03\/Ser-radical.jpg 720w\" sizes=\"auto, (max-width: 240px) 100vw, 240px\" \/><\/a>poco apego al cargo que renuncia para presentarse como candidato de la Comunidad de Madrid por PODEMOS. L\u00f3gico que saltara la banda de corruptos que han hecho de Madrid el epicentro de la corrupci\u00f3n de Espa\u00f1a, que ahora est\u00e1 en los Tribunales con las declaraciones de B\u00e1rcenas, esa derecha claramente no democr\u00e1tica ha saltado como un resorte, ante el temor de perder su pastel m\u00e1s codiciado. Pero lo que no llego a comprender es al sector menos escorado a la derecha con el pusil\u00e1nime de Gabilondo a la cabeza, y las declaraciones de que Pablo Iglesias le quita el sue\u00f1o, dos d\u00edas despu\u00e9s de presentarse como candidato, por ser radical, dado que pide regular los alquileres,<!--more--> acabar con las subvenciones privadas en Educaci\u00f3n, Sanidad, Residencias de ancianos, reforzar los empleados sanitarios, la Atenci\u00f3n Primaria, subir impuestos a los m\u00e1s ricos y repartir la ayuda que a\u00fan tiene retenida la IDA (Ayuso), para Pymes y Aut\u00f3nomos desde el principio de la Pandemia. <strong>Por lo que se ve, los dos a\u00f1os del des-gobierno de la IDA (Ayuso) ha sido una larga siesta pol\u00edtica,<\/strong> porque no se le ha visto siquiera refunfu\u00f1ar, el peso de la oposici\u00f3n en la Asamblea de Madrid, lo ha llevado M\u00e1s Madrid y PODEMOS con su portavoz Isa Serra, que no encabeza la lista al estar en enjuiciada (y pretenden inhabilitar para el ejercicio pol\u00edtico), todo por participar contra un desahucio de la vivienda a un hombre de 54 a\u00f1os aquejado de una enfermedad cr\u00f3nica, por proferir supuestos insultos a la polic\u00eda (hay que considerar que las F.O. est\u00e1n entre las cerca de 400.000 personas con aforamiento, y su palabra predomina sobre cualquiera), <strong>recordemos Linares,<\/strong> un padre y su hija de 14 a\u00f1os, apaleados y los responsables libres, mientras que las v\u00edctimas han sido encausadas). Pero m\u00e1s tristeza me supone que Mas Madrid con Errej\u00f3n a la cabeza tambi\u00e9n se postule contra PODEMOS, ya se olvid\u00f3 de que PODEMOS no se present\u00f3 a la Alcald\u00eda de Madrid para no romper el voto progresista), incluso tambi\u00e9n habla qui\u00e9n m\u00e1s debe de callar, la andaluza Teresa Rodr\u00edguez al decir que tiene serias dificultades para comprometerse al 100% con las tareas que quiere asumir, la anticapitalista que se encumbr\u00f3 con PODEMOS y que pregonaba no participar en el gobierno de la Junta de Andaluc\u00eda, \u00e9sta igual que Errej\u00f3n representan los m\u00e1ximos exponentes de egocentrismo. Pablo pretende que los llamados partidos progresistas consigan los votos necesarios para <strong>acabar con la corrupci\u00f3n generalizada del PP en la Comunidad de Madrid los \u00faltimos 25 a\u00f1os<\/strong> <strong>y su proyecci\u00f3n a todas las comunidades.<\/strong> Pero lo que colma el vaso del desprop\u00f3sito es que tanto Gabilondo, como Errej\u00f3n tiendan la mano a Ciudadanos para gobernar en lugar de PODEMOS, ese partido donde muchos de sus representantes pol\u00edticos tienen un concepto de la \u00e9tica un tanto extra\u00f1a, presentan mociones de censura que son fallidas por venderse algunos desvergonzados, igual a como ocurri\u00f3 hace 18 a\u00f1os con el \u00abtamayazo\u00bb. Como dir\u00eda mi madre <strong>\u00abCiudadanos es m\u00e1s falso que 1\u20ac de madera\u00bb, <\/strong>y sin embargo PSOE y M\u00e1s Madrid a esos quieren de socios. Est\u00e1n haciendo el caldo de cultivo a la derecha menos democr\u00e1tica de Europa, dado que esas posturas desmovilizan al electorado normal porque la derecha siempre vota, son fieles, no preguntan, no se averg\u00fcenza de que roben, solo quieren mantener sus privilegios.<\/p>\n<div class='shareinpost'><ul class=\"socialwrap row\"><li class=\"iconOnly\"><a  rel='nofollow'  target='_blank'  title='Recommend this post : Todos contra uno on Facebook'  href='http:\/\/www.facebook.com\/sharer.php?u=https%3A%2F%2Fwww.vitrubio03.es%2F%3Fp%3D7964&amp;t=Todos+contra+uno'  ><img  src='https:\/\/www.vitrubio03.es\/wp-content\/plugins\/share-and-follow\/images\/blank.gif'  height='32' width='32'  class='image-32' alt='facebook'  style='background: transparent url(https:\/\/www.vitrubio03.es\/wp-content\/plugins\/share-and-follow\/default\/32\/sprite-32.png) no-repeat;padding:0;margin:0;height:32px;width:32px;background-position:-363px 0px'   \/> <span class=\"head\">Recommend on Facebook<\/span><\/a><\/li><li class=\"iconOnly\"><a  rel='nofollow'  target='_blank'  title='Tweet this post : Todos contra uno on Twitter'  href=\"http:\/\/twitter.com\/share?url=https%3A%2F%2Fwww.vitrubio03.es%2F%3Fp%3D7964&amp;text=Todos+contra+uno+-+\"  ><img  src='https:\/\/www.vitrubio03.es\/wp-content\/plugins\/share-and-follow\/images\/blank.gif'  height='32' width='32'  class='image-32' alt='twitter'  style='background: transparent url(https:\/\/www.vitrubio03.es\/wp-content\/plugins\/share-and-follow\/default\/32\/sprite-32.png) no-repeat;padding:0;margin:0;height:32px;width:32px;background-position:-1749px 0px'   \/> <span class=\"head\">Tweet about it<\/span><\/a><\/li><li class=\"iconOnly\"><a  rel='nofollow'  target='_self'  title='Print this post : Todos contra uno for reading later'  href='javascript:window.print();'  ><img  src='https:\/\/www.vitrubio03.es\/wp-content\/plugins\/share-and-follow\/images\/blank.gif'  height='32' width='32'  class='image-32' alt='print'  style='background: transparent url(https:\/\/www.vitrubio03.es\/wp-content\/plugins\/share-and-follow\/default\/32\/sprite-32.png) no-repeat;padding:0;margin:0;height:32px;width:32px;background-position:-1386px 0px'   \/> <span class=\"head\">Print for later<\/span><\/a><\/li><li class=\"iconOnly\"><a rel=\"_self\" href=\"mailto:?subject=Reflexiones%20propias%20:%20Todos%20contra%20uno&amp;body=Te%20adjunto%20un%20enlace%20a%20un%20art\u00edculo.%20Espero%20que%20te%20guste%20%20https:\/\/www.vitrubio03.es\/?p=7964\" title=\"Tell a friend about this post : Todos contra uno \"><img loading=\"lazy\" decoding=\"async\" src=\"https:\/\/www.vitrubio03.es\/wp-content\/plugins\/share-and-follow\/images\/blank.gif\" height=\"32\"  width=\"32\" style=\"background: transparent url(https:\/\/www.vitrubio03.es\/wp-content\/plugins\/share-and-follow\/default\/32\/sprite-32.png) no-repeat;padding:0;margin:0;height:32px;width:32px;background-position:-330px 0px\" class=\"image-32\"  alt=\"email\" \/> <span class=\"head\">Tell a friend<\/span><\/a><\/li><\/ul><div class=\"clean\"><\/div> <\/div>","protected":false},"excerpt":{"rendered":"<p>Se abri\u00f3 la \u00abCaja de Pandora\u00bb contra Pablo Iglesias, un vicepresidente de gobierno con poco apego al cargo que renuncia para presentarse como candidato de la Comunidad de Madrid por PODEMOS. L\u00f3gico que saltara la banda de corruptos que han &hellip; <a href=\"https:\/\/www.vitrubio03.es\/?p=7964\">Sigue leyendo <span class=\"meta-nav\">&rarr;<\/span><\/a><\/p>\n","protected":false},"author":2,"featured_media":0,"comment_status":"closed","ping_status":"closed","sticky":false,"template":"","format":"standard","meta":{"footnotes":""},"categories":[58,54],"tags":[],"class_list":["post-7964","post","type-post","status-publish","format-standard","hentry","category-15-m","category-elecciones"],"_links":{"self":[{"href":"https:\/\/www.vitrubio03.es\/index.php?rest_route=\/wp\/v2\/posts\/7964","targetHints":{"allow":["GET"]}}],"collection":[{"href":"https:\/\/www.vitrubio03.es\/index.php?rest_route=\/wp\/v2\/posts"}],"about":[{"href":"https:\/\/www.vitrubio03.es\/index.php?rest_route=\/wp\/v2\/types\/post"}],"author":[{"embeddable":true,"href":"https:\/\/www.vitrubio03.es\/index.php?rest_route=\/wp\/v2\/users\/2"}],"replies":[{"embeddable":true,"href":"https:\/\/www.vitrubio03.es\/index.php?rest_route=%2Fwp%2Fv2%2Fcomments&post=7964"}],"version-history":[{"count":1,"href":"https:\/\/www.vitrubio03.es\/index.php?rest_route=\/wp\/v2\/posts\/7964\/revisions"}],"predecessor-version":[{"id":7966,"href":"https:\/\/www.vitrubio03.es\/index.php?rest_route=\/wp\/v2\/posts\/7964\/revisions\/7966"}],"wp:attachment":[{"href":"https:\/\/www.vitrubio03.es\/index.php?rest_route=%2Fwp%2Fv2%2Fmedia&parent=7964"}],"wp:term":[{"taxonomy":"category","embeddable":true,"href":"https:\/\/www.vitrubio03.es\/index.php?rest_route=%2Fwp%2Fv2%2Fcategories&post=7964"},{"taxonomy":"post_tag","embeddable":true,"href":"https:\/\/www.vitrubio03.es\/index.php?rest_route=%2Fwp%2Fv2%2Ftags&post=7964"}],"curies":[{"name":"wp","href":"https:\/\/api.w.org\/{rel}","templated":true}]}}